{"id":11550,"date":"2023-01-24T10:12:44","date_gmt":"2023-01-24T15:12:44","guid":{"rendered":"https:\/\/pembrokediocese.com\/?p=11550"},"modified":"2023-01-24T10:14:52","modified_gmt":"2023-01-24T15:14:52","slug":"bulletin-hebdomadaire-le-24-janvier-2023-st-francois-de-sales-eveque-et-docteur-de-leglise","status":"publish","type":"post","link":"https:\/\/pembrokediocese.com\/fr\/article\/bulletin-hebdomadaire-le-24-janvier-2023-st-francois-de-sales-eveque-et-docteur-de-leglise\/","title":{"rendered":"BULLETIN HEBDOMADAIRE  &#8211; le 24 janvier 2023 (St Fran\u00e7ois de Sales, \u00c9v\u00eaque et Docteur de l&rsquo;\u00c9glise)"},"content":{"rendered":"\n<hr class=\"wp-block-separator has-alpha-channel-opacity\"\/>\n\n\n\n<h4 class=\"wp-block-heading\"><strong><i><a href=\"mailto:reception@pembrokediocese.com?subject=Abonnez-vous au bulletin hebdomadaire&amp;amp;body=Bonjour, je souhaite m'abonner au Bulletin Hebdomadaire s'il vous plait. Merci.\"><img loading=\"lazy\" decoding=\"async\" class=\"alignright wp-image-8004\" src=\"https:\/\/pembrokediocese.com\/wp-content\/uploads\/subscribe-banner-fr-200x205.png\" alt=\"\" width=\"124\" height=\"127\" srcset=\"https:\/\/pembrokediocese.com\/wp-content\/uploads\/subscribe-banner-fr-200x205.png 200w, https:\/\/pembrokediocese.com\/wp-content\/uploads\/subscribe-banner-fr-768x785.png 768w, https:\/\/pembrokediocese.com\/wp-content\/uploads\/subscribe-banner-fr.png 840w\" sizes=\"(max-width: 124px) 100vw, 124px\" \/><\/a><\/i><\/strong><\/h4>\n\n\n\n<h1 class=\"wp-block-heading\"><strong><em>Celui qui fait la volont\u00e9 de Dieu, celui-l\u00e0 est pour moi un fr\u00e8re, une soeur, une m\u00e8re.<\/em><\/strong><\/h1>\n\n\n\n<h3 class=\"wp-block-heading\"><strong>(Mc 3, 31-35)<\/strong><\/h3>\n\n\n\n<hr class=\"wp-block-separator has-alpha-channel-opacity\"\/>\n\n\n\n<h2 class=\"wp-block-heading\"><strong>DU DIOC\u00c8SE<\/strong><\/h2>\n\n\n\n<h3 class=\"wp-block-heading\"><strong>Pri\u00e8res<\/strong><\/h3>\n\n\n\n<p>Pour le repos de l&rsquo;\u00e2me de Mme Betty Margaret Barrett, m\u00e8re du diacre Christopher Barrett, d\u00e9c\u00e9d\u00e9e le lundi 16 janvier \u00e0 l\u2019\u00e2ge de 93 ans.<\/p>\n\n\n\n<hr class=\"wp-block-separator has-alpha-channel-opacity\"\/>\n\n\n\n<h2 class=\"wp-block-heading\"><strong>DE LA CECC<\/strong><\/h2>\n\n\n\n<h3 class=\"wp-block-heading\"><strong>Semaine de pri\u00e8re pour l\u2019unit\u00e9 des chr\u00e9tiens 2023 \u2013 mardi le 17 janvier 2023&nbsp;<\/strong><\/h3>\n\n\n\n<p>La&nbsp;<strong><a href=\"https:\/\/www.weekofprayer.ca\/fr\">Semaine de pri\u00e8re pour l\u2019unit\u00e9 des chr\u00e9tiens<\/a><\/strong>&nbsp;sera c\u00e9l\u00e9br\u00e9e du 18 au 25 janvier. Inaugur\u00e9e en 1908, la semaine est maintenant c\u00e9l\u00e9br\u00e9e annuellement dans le monde entier. <a href=\"https:\/\/www.cecc.ca\/communique-de-presse\/semaine-de-priere-pour-lunite-des-chretiens-2023\/\">(Lire la suite\u2026)<\/a><\/p>\n\n\n\n<h3 class=\"wp-block-heading\"><strong><strong>Message du pape Fran\u00e7ois pour la 31<sup>\u00e8me<\/sup> Journ\u00e9e Mondiale du Malade (11 f\u00e9vrier 2023)&nbsp;<\/strong><\/strong><\/h3>\n\n\n\n<p>En d\u00e9but de semaine derni\u00e8re, le Vatican a publi\u00e9&nbsp;<strong><u><a href=\"https:\/\/www.vatican.va\/content\/francesco\/fr\/messages\/sick\/documents\/20230110-giornata-malato.html\">le message du pape Fran\u00e7ois pour la 31<sup>e<\/sup>&nbsp;Journ\u00e9e mondiale du malade<\/a><\/u><\/strong>, c\u00e9l\u00e9br\u00e9e chaque ann\u00e9e le 11 f\u00e9vrier, m\u00e9moire liturgique de Notre-Dame de Lourdes. Le message du Saint-P\u00e8re s\u2019intitule : <strong>\u00ab<\/strong>&nbsp;<strong>Prends soin de lui&nbsp;\u00bb \u2013 La compassion comme exercice synodal de gu\u00e9rison. <\/strong>\u00c0 la lumi\u00e8re du parcours synodal de l\u2019\u00c9glise, le pape Fran\u00e7ois nous invite \u00ab&nbsp;\u00e0 r\u00e9fl\u00e9chir sur le fait que c\u2019est pr\u00e9cis\u00e9ment \u00e0 travers l\u2019exp\u00e9rience de la fragilit\u00e9 et de la maladie que nous pouvons apprendre \u00e0 marcher ensemble selon le style de Dieu, qui est proximit\u00e9, compassion et tendresse&nbsp;\u00bb. <a href=\"https:\/\/www.cecc.ca\/communique-de-presse\/message-du-pape-francois-pour-la-31eme-journee-mondiale-du-malade-11-fevrier-2023\/\">(Lire la suite\u2026)<\/a><\/p>\n\n\n\n<hr class=\"wp-block-separator has-alpha-channel-opacity\"\/>\n\n\n\n<h2 class=\"wp-block-heading\"><strong>V\u00c9RIT\u00c9 ET R\u00c9CONCILIATION<\/strong><\/h2>\n\n\n\n<h3 class=\"wp-block-heading\"><strong>Conseils pour la r\u00e9conciliation&nbsp;&nbsp;<\/strong><\/h3>\n\n\n\n<p>\u00ab\u00a0L&rsquo;art indig\u00e8ne est convoit\u00e9 depuis le contact des Europ\u00e9ens avec les peuples indig\u00e8nes. Les explorateurs avaient pour instruction de collecter des \u00ab\u00a0curiosit\u00e9s exotiques\u00a0\u00bb telles que des insignes c\u00e9r\u00e9moniels, des v\u00eatements et des outils. Le d\u00e9sir de poss\u00e9der une pi\u00e8ce d&rsquo;art \u00ab\u00a0sauvage\u00a0\u00bb ou \u00ab\u00a0exotique\u00a0\u00bb a malheureusement conduit \u00e0 la manipulation de situations, voire au pillage pur et simple de communaut\u00e9s, parfois au moment o\u00f9 elles \u00e9taient le plus vuln\u00e9rables et luttaient contre des \u00e9pid\u00e9mies, la famine ou la pauvret\u00e9&#8230;\u00a0\u00bb<em> Chef Robert Joseph<\/em><\/p>\n\n\n\n<p>Pour soutenir les artistes indig\u00e8nes, il faut s&rsquo;adresser \u00e0 des marchands de bonne r\u00e9putation, qui doivent disposer d&rsquo;informations sur l&rsquo;artiste, sa communaut\u00e9 et l&rsquo;ensemble de son \u0153uvre.<\/p>\n\n\n\n<p>Au Canada, les ventes d&rsquo;\u0153uvres d&rsquo;art sont tr\u00e8s nombreuses et ne soutiennent en aucun cas les artistes locaux.<\/p>\n\n\n\n<hr class=\"wp-block-separator has-alpha-channel-opacity\"\/>\n\n\n\n<h2 class=\"wp-block-heading\"><strong>L\u2019\u00c9QUIPE D\u2019\u00c9VANG\u00c9LISATION<\/strong><\/h2>\n\n\n\n<h3 class=\"wp-block-heading\"><strong>Orientations pastorales pour le renouveau et la croissance des paroisses (derni\u00e8re partie)<\/strong><\/h3>\n\n\n\n<p><em>Par Pierre-Alain Giffard, directeur de la pastorale dioc\u00e9saine<\/em><\/p>\n\n\n\n<p>Ceci est la derni\u00e8re partie de l\u2019article&nbsp;<a href=\"https:\/\/pembrokediocese.com\/fr\/article\/orientations-pastorales\/\">Orientations pastorales pour le renouvellement et la croissance des paroisses<\/a>, qui traite des principes qui caract\u00e9risent les paroisses missionnaires. Dans celle-ci, nous pr\u00e9sentons les principes dix-sept \u00e0 dix-neuf<em>.<\/em> <a href=\"https:\/\/pembrokediocese.com\/fr\/article\/renouveau-et-la-croissance-des-paroisses-derniere-partie\/\">(Lire la suite\u2026)<\/a><\/p>\n\n\n\n<hr class=\"wp-block-separator has-alpha-channel-opacity\"\/>\n\n\n\n<h2 class=\"wp-block-heading\"><strong>AUTRES \u00c9V\u00c9NEMENTS CATHOLIQUES<\/strong><\/h2>\n\n\n\n<h3 class=\"wp-block-heading\"><strong>Conf\u00e9rence<\/strong><\/h3>\n\n\n\n<p>Le CDEVS (Centre Dominicain d&rsquo;\u00c9thique et de Vie Spirituelle) propose des cycles de conf\u00e9rences gratuites en ligne. Le deuxi\u00e8me cycle de \u00ab&nbsp;Vivre son dernier souffle&nbsp;: Fin de vie et aide m\u00e9dicale \u00e0 mourir&nbsp;\u00bb sera <strong>le mardi 24 janvier 2023 \u00e0 19h30 <\/strong>sur \u00ab&nbsp;Mourir \u00e0 l\u2019aube de la vie&nbsp;: Soins palliatifs et aide m\u00e9dicale \u00e0 mourir chez les enfants&nbsp;\u00bbpar Michelle Dabrowski. Inscriptions sur <a href=\"mailto:cdevs@udominicaine.ca\">cdevs@udominicaine.ca<\/a>. Un lien Zoom vous sera envoy\u00e9 apr\u00e8s l\u2019inscription. Pour connaitre toute la programmation de CDEVS, rendez-vous sur&nbsp;: <a href=\"http:\/\/www.udominicaine.ca\/cdevs\">www.udominicaine.ca\/cdevs<\/a>.<\/p>\n","protected":false},"excerpt":{"rendered":"<p>Celui qui fait la volont\u00e9 de Dieu, celui-l\u00e0 est pour moi un fr\u00e8re, une soeur, une m\u00e8re. (Mc 3, 31-35) DU DIOC\u00c8SE Pri\u00e8res Pour le repos de l&rsquo;\u00e2me de Mme Betty Margaret Barrett, m\u00e8re du diacre Christopher Barrett, d\u00e9c\u00e9d\u00e9e le lundi 16 janvier \u00e0 l\u2019\u00e2ge de 93 ans. DE LA CECC Semaine de pri\u00e8re pour l\u2019unit\u00e9 des chr\u00e9tiens 2023 \u2013 mardi le 17 janvier 2023&nbsp; La&nbsp;Semaine de pri\u00e8re pour l\u2019unit\u00e9 des chr\u00e9tiens&nbsp;sera c\u00e9l\u00e9br\u00e9e du 18 au 25 janvier. Inaugur\u00e9e en 1908, la semaine est maintenant c\u00e9l\u00e9br\u00e9e annuellement dans le monde entier. (Lire la suite\u2026) Message du pape Fran\u00e7ois pour la 31\u00e8me Journ\u00e9e Mondiale du Malade (11 f\u00e9vrier 2023)&nbsp; En d\u00e9but de semaine derni\u00e8re, le Vatican a publi\u00e9&nbsp;le message du pape Fran\u00e7ois pour la 31e&nbsp;Journ\u00e9e mondiale du malade, c\u00e9l\u00e9br\u00e9e chaque ann\u00e9e le 11 f\u00e9vrier, m\u00e9moire liturgique de Notre-Dame de Lourdes. Le message du Saint-P\u00e8re s\u2019intitule : \u00ab&nbsp;Prends soin de lui&nbsp;\u00bb \u2013 La compassion comme exercice synodal de gu\u00e9rison. \u00c0 la lumi\u00e8re du parcours synodal de l\u2019\u00c9glise, le pape Fran\u00e7ois nous invite \u00ab&nbsp;\u00e0 r\u00e9fl\u00e9chir sur le fait que c\u2019est pr\u00e9cis\u00e9ment \u00e0 travers l\u2019exp\u00e9rience de la fragilit\u00e9 et de la maladie que nous pouvons apprendre \u00e0 marcher ensemble selon le style de Dieu, qui est proximit\u00e9, compassion et tendresse&nbsp;\u00bb. (Lire la suite\u2026) V\u00c9RIT\u00c9 ET R\u00c9CONCILIATION Conseils pour la r\u00e9conciliation&nbsp;&nbsp; \u00ab\u00a0L&rsquo;art indig\u00e8ne est convoit\u00e9 depuis le contact des Europ\u00e9ens avec les peuples indig\u00e8nes. Les explorateurs avaient pour instruction de collecter des \u00ab\u00a0curiosit\u00e9s exotiques\u00a0\u00bb telles que des insignes c\u00e9r\u00e9moniels, des v\u00eatements et des outils. Le d\u00e9sir de poss\u00e9der une pi\u00e8ce d&rsquo;art \u00ab\u00a0sauvage\u00a0\u00bb ou \u00ab\u00a0exotique\u00a0\u00bb a malheureusement conduit \u00e0 la manipulation de situations, voire au pillage pur et simple de communaut\u00e9s, parfois au moment o\u00f9 elles \u00e9taient le plus vuln\u00e9rables et luttaient contre des \u00e9pid\u00e9mies, la famine ou la pauvret\u00e9&#8230;\u00a0\u00bb Chef Robert Joseph Pour soutenir les artistes indig\u00e8nes, il faut s&rsquo;adresser \u00e0 des marchands de bonne r\u00e9putation, qui doivent disposer d&rsquo;informations sur l&rsquo;artiste, sa communaut\u00e9 et l&rsquo;ensemble de son \u0153uvre. Au Canada, les ventes d&rsquo;\u0153uvres d&rsquo;art sont tr\u00e8s nombreuses et ne soutiennent en aucun cas les artistes locaux. L\u2019\u00c9QUIPE D\u2019\u00c9VANG\u00c9LISATION Orientations pastorales pour le renouveau et la croissance des paroisses (derni\u00e8re partie) Par Pierre-Alain Giffard, directeur de la pastorale dioc\u00e9saine Ceci est la derni\u00e8re partie de l\u2019article&nbsp;Orientations pastorales pour le renouvellement et la croissance des paroisses, qui traite des principes qui caract\u00e9risent les paroisses missionnaires. Dans celle-ci, nous pr\u00e9sentons les principes dix-sept \u00e0 dix-neuf. (Lire la suite\u2026) AUTRES \u00c9V\u00c9NEMENTS CATHOLIQUES Conf\u00e9rence Le CDEVS (Centre Dominicain d&rsquo;\u00c9thique et de Vie Spirituelle) propose des cycles de conf\u00e9rences gratuites en ligne. Le deuxi\u00e8me cycle de \u00ab&nbsp;Vivre son dernier souffle&nbsp;: Fin de vie et aide m\u00e9dicale \u00e0 mourir&nbsp;\u00bb sera le mardi 24 janvier 2023 \u00e0 19h30 sur \u00ab&nbsp;Mourir \u00e0 l\u2019aube de la vie&nbsp;: Soins palliatifs et aide m\u00e9dicale \u00e0 mourir chez les enfants&nbsp;\u00bbpar Michelle Dabrowski. Inscriptions sur cdevs@udominicaine.ca. Un lien Zoom vous sera envoy\u00e9 apr\u00e8s l\u2019inscription. Pour connaitre toute la programmation de CDEVS, rendez-vous sur&nbsp;: www.udominicaine.ca\/cdevs.<\/p>\n","protected":false},"author":10,"featured_media":3815,"comment_status":"closed","ping_status":"closed","sticky":false,"template":"","format":"standard","meta":{"_monsterinsights_skip_tracking":false,"_monsterinsights_sitenote_active":false,"_monsterinsights_sitenote_note":"","_monsterinsights_sitenote_category":0,"footnotes":"","_links_to":"","_links_to_target":""},"categories":[83,113],"tags":[],"class_list":["post-11550","post","type-post","status-publish","format-standard","has-post-thumbnail","hentry","category-article","category-bulletin"],"post_mailing_queue_ids":[],"_links":{"self":[{"href":"https:\/\/pembrokediocese.com\/fr\/wp-json\/wp\/v2\/posts\/11550","targetHints":{"allow":["GET"]}}],"collection":[{"href":"https:\/\/pembrokediocese.com\/fr\/wp-json\/wp\/v2\/posts"}],"about":[{"href":"https:\/\/pembrokediocese.com\/fr\/wp-json\/wp\/v2\/types\/post"}],"author":[{"embeddable":true,"href":"https:\/\/pembrokediocese.com\/fr\/wp-json\/wp\/v2\/users\/10"}],"replies":[{"embeddable":true,"href":"https:\/\/pembrokediocese.com\/fr\/wp-json\/wp\/v2\/comments?post=11550"}],"version-history":[{"count":2,"href":"https:\/\/pembrokediocese.com\/fr\/wp-json\/wp\/v2\/posts\/11550\/revisions"}],"predecessor-version":[{"id":11552,"href":"https:\/\/pembrokediocese.com\/fr\/wp-json\/wp\/v2\/posts\/11550\/revisions\/11552"}],"wp:featuredmedia":[{"embeddable":true,"href":"https:\/\/pembrokediocese.com\/fr\/wp-json\/wp\/v2\/media\/3815"}],"wp:attachment":[{"href":"https:\/\/pembrokediocese.com\/fr\/wp-json\/wp\/v2\/media?parent=11550"}],"wp:term":[{"taxonomy":"category","embeddable":true,"href":"https:\/\/pembrokediocese.com\/fr\/wp-json\/wp\/v2\/categories?post=11550"},{"taxonomy":"post_tag","embeddable":true,"href":"https:\/\/pembrokediocese.com\/fr\/wp-json\/wp\/v2\/tags?post=11550"}],"curies":[{"name":"wp","href":"https:\/\/api.w.org\/{rel}","templated":true}]}}