{"id":11661,"date":"2023-02-07T10:31:57","date_gmt":"2023-02-07T15:31:57","guid":{"rendered":"https:\/\/pembrokediocese.com\/?p=11661"},"modified":"2023-02-07T10:31:58","modified_gmt":"2023-02-07T15:31:58","slug":"bulletin-hebdomadaire-le-7-fevrier-2023-ferie","status":"publish","type":"post","link":"https:\/\/pembrokediocese.com\/fr\/article\/bulletin-hebdomadaire-le-7-fevrier-2023-ferie\/","title":{"rendered":"BULLETIN HEBDOMADAIRE  &#8211; le 7 f\u00e9vrier 2023 (F\u00e9rie)"},"content":{"rendered":"\n<hr class=\"wp-block-separator has-alpha-channel-opacity\"\/>\n\n\n\n<h4 class=\"wp-block-heading\"><strong><i><a href=\"mailto:reception@pembrokediocese.com?subject=Abonnez-vous au bulletin hebdomadaire&amp;amp;body=Bonjour, je souhaite m'abonner au Bulletin Hebdomadaire s'il vous plait. Merci.\"><img loading=\"lazy\" decoding=\"async\" class=\"alignright wp-image-8004\" src=\"https:\/\/pembrokediocese.com\/wp-content\/uploads\/subscribe-banner-fr-200x205.png\" alt=\"\" width=\"124\" height=\"127\" srcset=\"https:\/\/pembrokediocese.com\/wp-content\/uploads\/subscribe-banner-fr-200x205.png 200w, https:\/\/pembrokediocese.com\/wp-content\/uploads\/subscribe-banner-fr-768x785.png 768w, https:\/\/pembrokediocese.com\/wp-content\/uploads\/subscribe-banner-fr.png 840w\" sizes=\"(max-width: 124px) 100vw, 124px\" \/><\/a><\/i><\/strong><\/h4>\n\n\n\n<h1 class=\"wp-block-heading\"><strong><em>Vous laissez de c\u00f4t\u00e9 le commandement de Dieu, pour vous attacher \u00e0 la tradition des hommes.<\/em><\/strong><\/h1>\n\n\n\n<h3 class=\"wp-block-heading\"><strong>(Mc 7, 1-13)<\/strong><\/h3>\n\n\n\n<hr class=\"wp-block-separator has-alpha-channel-opacity\"\/>\n\n\n\n<h2 class=\"wp-block-heading\"><strong>MESSAGE DE L\u2019\u00c9V\u00caQUE<\/strong><\/h2>\n\n\n\n<h3 class=\"wp-block-heading\"><strong><strong>Vous \u00eates le sel de la terre (\u2026) la lumi\u00e8re du monde!<\/strong><\/strong><\/h3>\n\n\n\n<p>Chers amis, le week-end dernier, notre Seigneur J\u00e9sus a utilis\u00e9 le symbolisme du sel et de la lumi\u00e8re pour nous aider \u00e0 comprendre la nature divine de la mission qu&rsquo;il confie \u00e0 ceux qui d\u00e9cident de le suivre. Il n&rsquo;a pas dit : \u00ab\u00a0Vous \u00eates comme le sel de la terre (&#8230;) vous \u00eates comme la lumi\u00e8re du monde.\u00a0\u00bb Il a d\u00e9clar\u00e9 volontairement : \u00ab\u00a0Vous \u00eates le sel de la terre (&#8230;) vous \u00eates la lumi\u00e8re du monde.\u00a0\u00bb Voil\u00e0 ce que nous sommes vraiment en tant que chr\u00e9tiens, en tant que disciples aimants du Christ. Alors, regardons de plus pr\u00e8s cette r\u00e9alit\u00e9 pour mieux comprendre la nature de la mission \u00e9vang\u00e9lisatrice que J\u00e9sus confie \u00e0 chacun d&rsquo;entre nous aujourd&rsquo;hui, que nous soyons fid\u00e8les la\u00efcs, clercs ou religieux. <a href=\"https:\/\/pembrokediocese.com\/fr\/article\/vous-etes-le-sel-de-la-terre-la-lumiere-du-monde\/\">(Lire la suite\u2026)<\/a>.<\/p>\n\n\n\n<hr class=\"wp-block-separator has-alpha-channel-opacity\"\/>\n\n\n\n<h2 class=\"wp-block-heading\"><strong>DE LA CECC<\/strong><\/h2>\n\n\n\n<h3 class=\"wp-block-heading\"><strong><strong>Message du pape Fran\u00e7ois pour la 31<sup>\u00e8me<\/sup> Journ\u00e9e Mondiale du Malade (11 f\u00e9vrier 2023)&nbsp;<\/strong><\/strong><\/h3>\n\n\n\n<p>En d\u00e9but de semaine derni\u00e8re, le Vatican a publi\u00e9&nbsp;<strong><u><a href=\"https:\/\/www.vatican.va\/content\/francesco\/fr\/messages\/sick\/documents\/20230110-giornata-malato.html\">le message du pape Fran\u00e7ois pour la 31<sup>e<\/sup>&nbsp;Journ\u00e9e mondiale du malade<\/a><\/u><\/strong>, c\u00e9l\u00e9br\u00e9e chaque ann\u00e9e le 11 f\u00e9vrier, m\u00e9moire liturgique de Notre-Dame de Lourdes. Le message du Saint-P\u00e8re s\u2019intitule : <strong>\u00ab<\/strong>&nbsp;<strong>Prends soin de lui&nbsp;\u00bb \u2013 La compassion comme exercice synodal de gu\u00e9rison. <\/strong>\u00c0 la lumi\u00e8re du parcours synodal de l\u2019\u00c9glise, le pape Fran\u00e7ois nous invite \u00ab&nbsp;\u00e0 r\u00e9fl\u00e9chir sur le fait que c\u2019est pr\u00e9cis\u00e9ment \u00e0 travers l\u2019exp\u00e9rience de la fragilit\u00e9 et de la maladie que nous pouvons apprendre \u00e0 marcher ensemble selon le style de Dieu, qui est proximit\u00e9, compassion et tendresse&nbsp;\u00bb. <a href=\"https:\/\/www.cecc.ca\/communique-de-presse\/message-du-pape-francois-pour-la-31eme-journee-mondiale-du-malade-11-fevrier-2023\/\">(Lire la suite\u2026)<\/a><\/p>\n\n\n\n<hr class=\"wp-block-separator has-alpha-channel-opacity\"\/>\n\n\n\n<h2 class=\"wp-block-heading\"><strong>V\u00c9RIT\u00c9 ET R\u00c9CONCILIATION<\/strong><\/h2>\n\n\n\n<h3 class=\"wp-block-heading\"><strong>M\u00e9ditations d&rsquo;un Ojibway&nbsp;&nbsp;<\/strong><\/h3>\n\n\n\n<p>Il y a quelque chose que la plupart des gens ne comprennent pas au sujet de mon peuple&nbsp;: lorsque nous nous levons dans des actes de r\u00e9sistance aux choses qui menacent notre bien-\u00eatre spirituel, physique, \u00e9motionnel et intellectuel, ce n&rsquo;est pas parce que nous d\u00e9testons ce qui est devant nous ; c&rsquo;est parce que nous aimons ce qui est derri\u00e8re nous. Nous aimons nos foyers, nos familles, nos communaut\u00e9s, nos nations, nos c\u00e9r\u00e9monies, nos enseignements, nos modes culturels, nos histoires et la terre d&rsquo;o\u00f9 proviennent ces choses. En cela, nous sommes comme tous ceux qui, tout au long de l&rsquo;histoire humaine, se sont oppos\u00e9s \u00e0 l&rsquo;injustice. Restez marron !<em> Richard Wagamese, EMBERS Une m\u00e9ditation d&rsquo;Ojibway<\/em><\/p>\n\n\n\n<hr class=\"wp-block-separator has-alpha-channel-opacity\"\/>\n\n\n\n<h2 class=\"wp-block-heading\"><strong>L\u2019\u00c9QUIPE D\u2019\u00c9VANG\u00c9LISATION<\/strong><\/h2>\n\n\n\n<h3 class=\"wp-block-heading\"><strong><strong>Qu\u2019est-ce qu\u2019une paroisse missionnaire?<\/strong><\/strong><\/h3>\n\n\n\n<p><em>Par Pierre-Alain Giffard, directeur de la pastorale dioc\u00e9saine<\/em><\/p>\n\n\n\n<p>En termes simples, une paroisse missionnaire est une communaut\u00e9 chr\u00e9tienne d\u00e9di\u00e9e \u00e0 la mission de l\u2019\u00c9glise d\u2019aller vers ceux et celles qui ne connaissent pas le Christ ou ne le suivent pas et de les conduire \u00e0 devenir des disciples de J\u00e9sus-Christ et des membres responsables de son \u00c9glise. <a href=\"https:\/\/pembrokediocese.com\/fr\/article\/article-quest-ce-quune-paroisse-missionnaire\/\">(Lire la suite\u2026)<\/a><\/p>\n\n\n\n<hr class=\"wp-block-separator has-alpha-channel-opacity\"\/>\n\n\n\n<h2 class=\"wp-block-heading\"><strong>LE SAINT-SI\u00c8GE<\/strong><\/h2>\n\n\n\n<h3 class=\"wp-block-heading\"><strong>Intention de pri\u00e8re du Saint-P\u00e8re pour le mois de f\u00e9vrier 2023\u00a0<\/strong><\/h3>\n\n\n\n<p><strong>Pour les paroisses <\/strong>\u2013 Prions pour que, en vivant une vraie communion, les paroisses soient de plus en plus des communaut\u00e9s de foi, de fraternit\u00e9 et d\u2019accueil envers les plus d\u00e9munis.<\/p>\n\n\n\n<hr class=\"wp-block-separator has-alpha-channel-opacity\"\/>\n\n\n\n<h2 class=\"wp-block-heading\"><strong>MARIAGE, FAMILLE, JEUNESSE ET JEUNES ADULTES<\/strong><\/h2>\n\n\n\n<h3 class=\"wp-block-heading\"><strong>Carrefour intervocationnel pr\u00e9sente \u2013 Journ\u00e9e mondiale du mariage\u00a0<\/strong><\/h3>\n\n\n\n<p>En lien avec les vocations, la Journ\u00e9e mondiale du mariage aura lieu <strong>le 12 f\u00e9vrier 2023<\/strong>. Nous avons une page d\u00e9di\u00e9e avec de nombreux outils en ligne et activit\u00e9s annonc\u00e9es: <a rel=\"noreferrer noopener\" href=\"https:\/\/www.carrefourintervocationnel.ca\/fr\/journee-mondiale-du-mariage\" target=\"_blank\">https:\/\/www.carrefourintervocationnel.ca\/fr\/journee-mondiale-du-mariage<\/a>. Veuillez noter que nous pouvons ajouter vos activit\u00e9s afin de les annoncer.<\/p>\n\n\n\n<p>Nous avons aussi une autre page d\u00e9di\u00e9e \u00e0 la vocation du mariage chr\u00e9tien pour ceux et celles qui se posent des questions : <a rel=\"noreferrer noopener\" href=\"https:\/\/www.carrefourintervocationnel.ca\/fr\/mariage-chretien\" target=\"_blank\">https:\/\/www.carrefourintervocationnel.ca\/fr\/mariage-chretien<\/a>.<\/p>\n\n\n\n<h3 class=\"wp-block-heading\"><strong>Atelier r\u00e9seau \u2013 \u00ab\u00a0Accompagner la prochaine g\u00e9n\u00e9ration\u00a0\u00bb\u00a0<\/strong><\/h3>\n\n\n\n<p>Nous avons le plaisir de partager avec vous que nous accueillerons Isabel Correa, Directrice du Bureau de la Pastorale des Jeunes, Archidioc\u00e8se de Montr\u00e9al, et Coordinatrice de la D\u00e9l\u00e9gation Canadienne des Journ\u00e9es Mondiales de la Jeunesse pour notre prochain Atelier du RESEAU EN LIGNE intitul\u00e9 \u00ab\u00a0Accompagner la prochaine g\u00e9n\u00e9ration\u00a0\u00bb. Cet atelier explorera des sujets pratiques et perspicaces qui sont utiles pour le minist\u00e8re avec les jeunes d&rsquo;aujourd&rsquo;hui, surtout en ce qui concerne l&rsquo;invitation \u00e0 accompagner nos jeunes dans la vie et dans leur vie avec J\u00e9sus-Christ. L&rsquo;atelier aura lieu <strong>le jeudi 16 f\u00e9vrier. 19h00 &#8211; 21h00 heure de l&rsquo;EST, et disponible \u00e0 nouveau 19h00 &#8211; 21h00 heure de la MONTAGNE (si un nombre suffisant d&rsquo;inscriptions).<\/strong> Pr\u00e9voyez de vous joindre \u00e0 nous. Veuillez consulter le prospectus pour plus d&rsquo;informations. Frais\u00a0: 15 $ par personne, payables \u00e0 l&rsquo;inscription. Inscrivez-vous sur\u00a0: <a href=\"https:\/\/www.surveymonkey.com\/r\/NETWORK-WORKSHOPS\">https:\/\/www.surveymonkey.com\/r\/NETWORK-WORKSHOPS<\/a>.<\/p>\n\n\n\n<p><em>* Cet atelier se d\u00e9roulera en anglais. Une traduction en fran\u00e7ais et en espagnol sera disponible sur inscription pr\u00e9alable.<\/em><\/p>\n\n\n\n<hr class=\"wp-block-separator has-alpha-channel-opacity\"\/>\n\n\n\n<h2 class=\"wp-block-heading\"><strong>AUTRES \u00c9V\u00c9NEMENTS CATHOLIQUES<\/strong><\/h2>\n\n\n\n<h3 class=\"wp-block-heading\"><strong>Conf\u00e9rence<\/strong><\/h3>\n\n\n\n<p>Le CDEVS (Centre Dominicain d&rsquo;\u00c9thique et de Vie Spirituelle) propose des cycles de conf\u00e9rences gratuites en ligne. Le troisi\u00e8me cycle de \u00ab&nbsp;Raviver le premier souffle&nbsp;: La gu\u00e9rison spirituelle&nbsp;\u00bb sera <strong>le mardi 14 f\u00e9vrier 2023 \u00e0 19h30 <\/strong>sur \u00ab&nbsp;Salut et gu\u00e9rison&nbsp;\u00bbpar Thomas de Gabory, o.p. Inscriptions sur <a href=\"mailto:cdevs@udominicaine.ca\">cdevs@udominicaine.ca<\/a>. Un lien Zoom vous sera envoy\u00e9 apr\u00e8s l\u2019inscription. Pour connaitre toute la programmation de CDEVS, rendez-vous sur&nbsp;: <a href=\"http:\/\/www.udominicaine.ca\/cdevs\">www.udominicaine.ca\/cdevs<\/a>.<\/p>\n","protected":false},"excerpt":{"rendered":"<p>Vous laissez de c\u00f4t\u00e9 le commandement de Dieu, pour vous attacher \u00e0 la tradition des hommes. (Mc 7, 1-13) MESSAGE DE L\u2019\u00c9V\u00caQUE Vous \u00eates le sel de la terre (\u2026) la lumi\u00e8re du monde! Chers amis, le week-end dernier, notre Seigneur J\u00e9sus a utilis\u00e9 le symbolisme du sel et de la lumi\u00e8re pour nous aider \u00e0 comprendre la nature divine de la mission qu&rsquo;il confie \u00e0 ceux qui d\u00e9cident de le suivre. Il n&rsquo;a pas dit : \u00ab\u00a0Vous \u00eates comme le sel de la terre (&#8230;) vous \u00eates comme la lumi\u00e8re du monde.\u00a0\u00bb Il a d\u00e9clar\u00e9 volontairement : \u00ab\u00a0Vous \u00eates le sel de la terre (&#8230;) vous \u00eates la lumi\u00e8re du monde.\u00a0\u00bb Voil\u00e0 ce que nous sommes vraiment en tant que chr\u00e9tiens, en tant que disciples aimants du Christ. Alors, regardons de plus pr\u00e8s cette r\u00e9alit\u00e9 pour mieux comprendre la nature de la mission \u00e9vang\u00e9lisatrice que J\u00e9sus confie \u00e0 chacun d&rsquo;entre nous aujourd&rsquo;hui, que nous soyons fid\u00e8les la\u00efcs, clercs ou religieux. (Lire la suite\u2026). DE LA CECC Message du pape Fran\u00e7ois pour la 31\u00e8me Journ\u00e9e Mondiale du Malade (11 f\u00e9vrier 2023)&nbsp; En d\u00e9but de semaine derni\u00e8re, le Vatican a publi\u00e9&nbsp;le message du pape Fran\u00e7ois pour la 31e&nbsp;Journ\u00e9e mondiale du malade, c\u00e9l\u00e9br\u00e9e chaque ann\u00e9e le 11 f\u00e9vrier, m\u00e9moire liturgique de Notre-Dame de Lourdes. Le message du Saint-P\u00e8re s\u2019intitule : \u00ab&nbsp;Prends soin de lui&nbsp;\u00bb \u2013 La compassion comme exercice synodal de gu\u00e9rison. \u00c0 la lumi\u00e8re du parcours synodal de l\u2019\u00c9glise, le pape Fran\u00e7ois nous invite \u00ab&nbsp;\u00e0 r\u00e9fl\u00e9chir sur le fait que c\u2019est pr\u00e9cis\u00e9ment \u00e0 travers l\u2019exp\u00e9rience de la fragilit\u00e9 et de la maladie que nous pouvons apprendre \u00e0 marcher ensemble selon le style de Dieu, qui est proximit\u00e9, compassion et tendresse&nbsp;\u00bb. (Lire la suite\u2026) V\u00c9RIT\u00c9 ET R\u00c9CONCILIATION M\u00e9ditations d&rsquo;un Ojibway&nbsp;&nbsp; Il y a quelque chose que la plupart des gens ne comprennent pas au sujet de mon peuple&nbsp;: lorsque nous nous levons dans des actes de r\u00e9sistance aux choses qui menacent notre bien-\u00eatre spirituel, physique, \u00e9motionnel et intellectuel, ce n&rsquo;est pas parce que nous d\u00e9testons ce qui est devant nous ; c&rsquo;est parce que nous aimons ce qui est derri\u00e8re nous. Nous aimons nos foyers, nos familles, nos communaut\u00e9s, nos nations, nos c\u00e9r\u00e9monies, nos enseignements, nos modes culturels, nos histoires et la terre d&rsquo;o\u00f9 proviennent ces choses. En cela, nous sommes comme tous ceux qui, tout au long de l&rsquo;histoire humaine, se sont oppos\u00e9s \u00e0 l&rsquo;injustice. Restez marron ! Richard Wagamese, EMBERS Une m\u00e9ditation d&rsquo;Ojibway L\u2019\u00c9QUIPE D\u2019\u00c9VANG\u00c9LISATION Qu\u2019est-ce qu\u2019une paroisse missionnaire? Par Pierre-Alain Giffard, directeur de la pastorale dioc\u00e9saine En termes simples, une paroisse missionnaire est une communaut\u00e9 chr\u00e9tienne d\u00e9di\u00e9e \u00e0 la mission de l\u2019\u00c9glise d\u2019aller vers ceux et celles qui ne connaissent pas le Christ ou ne le suivent pas et de les conduire \u00e0 devenir des disciples de J\u00e9sus-Christ et des membres responsables de son \u00c9glise. (Lire la suite\u2026) LE SAINT-SI\u00c8GE Intention de pri\u00e8re du Saint-P\u00e8re pour le mois de f\u00e9vrier 2023\u00a0 Pour les paroisses \u2013 Prions pour que, en vivant une vraie communion, les paroisses soient de plus en plus des communaut\u00e9s de foi, de fraternit\u00e9 et d\u2019accueil envers les plus d\u00e9munis. MARIAGE, FAMILLE, JEUNESSE ET JEUNES ADULTES Carrefour [&hellip;]<\/p>\n","protected":false},"author":10,"featured_media":3815,"comment_status":"closed","ping_status":"closed","sticky":false,"template":"","format":"standard","meta":{"_monsterinsights_skip_tracking":false,"_monsterinsights_sitenote_active":false,"_monsterinsights_sitenote_note":"","_monsterinsights_sitenote_category":0,"footnotes":"","_links_to":"","_links_to_target":""},"categories":[114,83,84,113],"tags":[],"class_list":["post-11661","post","type-post","status-publish","format-standard","has-post-thumbnail","hentry","category-bulletin","category-article"],"post_mailing_queue_ids":[],"_links":{"self":[{"href":"https:\/\/pembrokediocese.com\/fr\/wp-json\/wp\/v2\/posts\/11661","targetHints":{"allow":["GET"]}}],"collection":[{"href":"https:\/\/pembrokediocese.com\/fr\/wp-json\/wp\/v2\/posts"}],"about":[{"href":"https:\/\/pembrokediocese.com\/fr\/wp-json\/wp\/v2\/types\/post"}],"author":[{"embeddable":true,"href":"https:\/\/pembrokediocese.com\/fr\/wp-json\/wp\/v2\/users\/10"}],"replies":[{"embeddable":true,"href":"https:\/\/pembrokediocese.com\/fr\/wp-json\/wp\/v2\/comments?post=11661"}],"version-history":[{"count":1,"href":"https:\/\/pembrokediocese.com\/fr\/wp-json\/wp\/v2\/posts\/11661\/revisions"}],"predecessor-version":[{"id":11663,"href":"https:\/\/pembrokediocese.com\/fr\/wp-json\/wp\/v2\/posts\/11661\/revisions\/11663"}],"wp:featuredmedia":[{"embeddable":true,"href":"https:\/\/pembrokediocese.com\/fr\/wp-json\/wp\/v2\/media\/3815"}],"wp:attachment":[{"href":"https:\/\/pembrokediocese.com\/fr\/wp-json\/wp\/v2\/media?parent=11661"}],"wp:term":[{"taxonomy":"category","embeddable":true,"href":"https:\/\/pembrokediocese.com\/fr\/wp-json\/wp\/v2\/categories?post=11661"},{"taxonomy":"post_tag","embeddable":true,"href":"https:\/\/pembrokediocese.com\/fr\/wp-json\/wp\/v2\/tags?post=11661"}],"curies":[{"name":"wp","href":"https:\/\/api.w.org\/{rel}","templated":true}]}}