{"id":11681,"date":"2023-02-09T09:26:22","date_gmt":"2023-02-09T14:26:22","guid":{"rendered":"https:\/\/pembrokediocese.com\/?p=11681"},"modified":"2023-02-09T09:27:16","modified_gmt":"2023-02-09T14:27:16","slug":"125eme-anniversaire-du-diocese-de-pembroke","status":"publish","type":"post","link":"https:\/\/pembrokediocese.com\/fr\/lettres-pastorale\/125eme-anniversaire-du-diocese-de-pembroke\/","title":{"rendered":"125\u00e8me anniversaire du dioc\u00e8se de Pembroke"},"content":{"rendered":"<p style=\"text-align: center;\"><img loading=\"lazy\" decoding=\"async\" class=\"aligncenter wp-image-3870\" src=\"https:\/\/pembrokediocese.com\/wp-content\/uploads\/DesrochersGuy_Arms-small-262x300.png\" alt=\"\" width=\"175\" height=\"200\" srcset=\"https:\/\/pembrokediocese.com\/wp-content\/uploads\/DesrochersGuy_Arms-small-262x300.png 262w, https:\/\/pembrokediocese.com\/wp-content\/uploads\/DesrochersGuy_Arms-small.png 500w\" sizes=\"(max-width: 175px) 100vw, 175px\" \/><br \/>\nLe 7 f\u00e9vrier, 2023<\/p>\n<hr>\n<div id=\"attachment_3779\" style=\"width: 210px\" class=\"wp-caption alignright\"><img loading=\"lazy\" decoding=\"async\" aria-describedby=\"caption-attachment-3779\" class=\"wp-image-3779\" src=\"https:\/\/pembrokediocese.com\/wp-content\/uploads\/Bishop-Desrochers-Blue-Background-with-Choir-Dress-e1588782523962-274x300.jpg\" alt=\"\" width=\"200\" height=\"219\" srcset=\"https:\/\/pembrokediocese.com\/wp-content\/uploads\/Bishop-Desrochers-Blue-Background-with-Choir-Dress-e1588782523962-274x300.jpg 274w, https:\/\/pembrokediocese.com\/wp-content\/uploads\/Bishop-Desrochers-Blue-Background-with-Choir-Dress-e1588782523962.jpg 320w\" sizes=\"(max-width: 200px) 100vw, 200px\" \/><p id=\"caption-attachment-3779\" class=\"wp-caption-text\"><a href=\"https:\/\/pembrokediocese.com\/fr\/eveque\/\">Biographie<\/a><\/p><\/div>\n<p>Chers Fr\u00e8res et Soeurs dans le Christ,<\/p>\n<p>En 2023, nous c\u00e9l\u00e9brons avec fiert\u00e9 et joie le 125\u00e8me anniversaire du dioc\u00e8se de Pembroke. Ce jalon historique nous offre l&rsquo;opportunit\u00e9 de remercier l&rsquo;Esprit Saint pour son action et de reconna\u00eetre la gr\u00e2ce continuelle de Dieu dans la vie de notre dioc\u00e8se.<\/p>\n<p>En 1898, lorsque le Saint-Si\u00e8ge a \u00e9lev\u00e9 le Vicariat du Pontiac au rang de Dioc\u00e8se de Pembroke, Mgr. Lorrain \u0153uvrait d\u00e9j\u00e0 sans rel\u00e2che dans ce vaste territoire de mission, malgr\u00e9 les d\u00e9fis \u00e9normes et les ressources limit\u00e9es. \u00c0 l&rsquo;occasion de son ordination \u00e9piscopale, Mgr. Lorrain a adopt\u00e9 la devise de saint Martin de Tours, \u00ab\u00a0Non recuso laborem\u00a0\u00bb, qui signifie \u00ab\u00a0Je ne refuse pas le travail\u00a0\u00bb, tout en encourageant les fid\u00e8les, les religieux et le clerg\u00e9 \u00e0 \u0153uvrer pour la mission de l\u2019\u00c9glise. Alors que nous c\u00e9l\u00e9brons cet anniversaire important, les temps et les circonstances peuvent \u00eatre tr\u00e8s diff\u00e9rents, mais la mission d\u2019\u00e9vang\u00e9lisation demeure.<\/p>\n<p>Pour souligner ce m\u00e9morable jalon de 125 ans, je vous invite, vous tous fid\u00e8les, religieux et clerg\u00e9 du dioc\u00e8se, \u00e0 une messe d\u2019action gr\u00e2ce en la cath\u00e9drale Saint-Columbkille de Pembroke le jeudi 4 mai 2023 \u00e0 10 heures. Une r\u00e9ception suivra au sous-sol dans la salle paroissiale de la cath\u00e9drale. Cet \u00e9v\u00e9nement marquera la date exacte de la cr\u00e9ation du dioc\u00e8se de Pembroke par le pape L\u00e9on XIII en 1898.<\/p>\n<p>En prenant le temps de remercier notre Seigneur et de regarder vers l&rsquo;avenir, j&rsquo;invoque l&rsquo;intercession de notre patron dioc\u00e9sain, saint Columba, le grand moine et missionnaire, pour nous aider \u00e0 poursuivre notre t\u00e2che d\u2019\u00e9vang\u00e9lisation. \u00c0 l&rsquo;exemple de l&rsquo;\u00e9v\u00eaque Lorrain et de toutes les g\u00e9n\u00e9rations qui l&rsquo;ont suivi, nous devons relever avec courage le d\u00e9fi de notre mission actuelle en \u00ab&nbsp;ne refusant pas le travail&nbsp;\u00bb.<\/p>\n<p>Que l&rsquo;Esprit Saint se serve de cet anniversaire pour enflammer notre dioc\u00e8se, nos paroisses, nos \u00e9coles, nos foyers et nos c\u0153urs, afin d&rsquo;en faire un nouveau territoire fertile o\u00f9 pourra germer la Bonne Nouvelle du Seigneur ressuscit\u00e9 et son \u00c9glise.<\/p>\n<p>Sinc\u00e8rement v\u00f4tre dans le Christ R\u00e9dempteur,<\/p>\n<p class=\"p2\"><img loading=\"lazy\" decoding=\"async\" class=\"alignnone wp-image-3767 \" src=\"https:\/\/pembrokediocese.com\/wp-content\/uploads\/Bishop-Desrochers-HandSig.png\" alt=\"\" width=\"289\" height=\"70\" srcset=\"https:\/\/pembrokediocese.com\/wp-content\/uploads\/Bishop-Desrochers-HandSig.png 620w, https:\/\/pembrokediocese.com\/wp-content\/uploads\/Bishop-Desrochers-HandSig-300x73.png 300w\" sizes=\"(max-width: 289px) 100vw, 289px\" \/><br \/>\n\u2020 Guy Desrochers, C.Ss.R.<br \/>\n\u00c9v\u00eaque de Pembroke<\/p>\n","protected":false},"excerpt":{"rendered":"<p>Le 7 f\u00e9vrier, 2023 Chers Fr\u00e8res et Soeurs dans le Christ, En 2023, nous c\u00e9l\u00e9brons avec fiert\u00e9 et joie le 125\u00e8me anniversaire du dioc\u00e8se de Pembroke. Ce jalon historique nous offre l&rsquo;opportunit\u00e9 de remercier l&rsquo;Esprit Saint pour son action et de reconna\u00eetre la gr\u00e2ce continuelle de Dieu dans la vie de notre dioc\u00e8se. En 1898, lorsque le Saint-Si\u00e8ge a \u00e9lev\u00e9 le Vicariat du Pontiac au rang de Dioc\u00e8se de Pembroke, Mgr. Lorrain \u0153uvrait d\u00e9j\u00e0 sans rel\u00e2che dans ce vaste territoire de mission, malgr\u00e9 les d\u00e9fis \u00e9normes et les ressources limit\u00e9es. \u00c0 l&rsquo;occasion de son ordination \u00e9piscopale, Mgr. Lorrain a adopt\u00e9 la devise de saint Martin de Tours, \u00ab\u00a0Non recuso laborem\u00a0\u00bb, qui signifie \u00ab\u00a0Je ne refuse pas le travail\u00a0\u00bb, tout en encourageant les fid\u00e8les, les religieux et le clerg\u00e9 \u00e0 \u0153uvrer pour la mission de l\u2019\u00c9glise. Alors que nous c\u00e9l\u00e9brons cet anniversaire important, les temps et les circonstances peuvent \u00eatre tr\u00e8s diff\u00e9rents, mais la mission d\u2019\u00e9vang\u00e9lisation demeure. Pour souligner ce m\u00e9morable jalon de 125 ans, je vous invite, vous tous fid\u00e8les, religieux et clerg\u00e9 du dioc\u00e8se, \u00e0 une messe d\u2019action gr\u00e2ce en la cath\u00e9drale Saint-Columbkille de Pembroke le jeudi 4 mai 2023 \u00e0 10 heures. Une r\u00e9ception suivra au sous-sol dans la salle paroissiale de la cath\u00e9drale. Cet \u00e9v\u00e9nement marquera la date exacte de la cr\u00e9ation du dioc\u00e8se de Pembroke par le pape L\u00e9on XIII en 1898. En prenant le temps de remercier notre Seigneur et de regarder vers l&rsquo;avenir, j&rsquo;invoque l&rsquo;intercession de notre patron dioc\u00e9sain, saint Columba, le grand moine et missionnaire, pour nous aider \u00e0 poursuivre notre t\u00e2che d\u2019\u00e9vang\u00e9lisation. \u00c0 l&rsquo;exemple de l&rsquo;\u00e9v\u00eaque Lorrain et de toutes les g\u00e9n\u00e9rations qui l&rsquo;ont suivi, nous devons relever avec courage le d\u00e9fi de notre mission actuelle en \u00ab&nbsp;ne refusant pas le travail&nbsp;\u00bb. Que l&rsquo;Esprit Saint se serve de cet anniversaire pour enflammer notre dioc\u00e8se, nos paroisses, nos \u00e9coles, nos foyers et nos c\u0153urs, afin d&rsquo;en faire un nouveau territoire fertile o\u00f9 pourra germer la Bonne Nouvelle du Seigneur ressuscit\u00e9 et son \u00c9glise. Sinc\u00e8rement v\u00f4tre dans le Christ R\u00e9dempteur, \u2020 Guy Desrochers, C.Ss.R. \u00c9v\u00eaque de Pembroke<\/p>\n","protected":false},"author":10,"featured_media":3886,"comment_status":"closed","ping_status":"closed","sticky":false,"template":"","format":"standard","meta":{"_monsterinsights_skip_tracking":false,"_monsterinsights_sitenote_active":false,"_monsterinsights_sitenote_note":"","_monsterinsights_sitenote_category":0,"footnotes":"","_links_to":"","_links_to_target":""},"categories":[80,83],"tags":[],"class_list":["post-11681","post","type-post","status-publish","format-standard","has-post-thumbnail","hentry","category-lettres-pastorale","category-article"],"post_mailing_queue_ids":[],"_links":{"self":[{"href":"https:\/\/pembrokediocese.com\/fr\/wp-json\/wp\/v2\/posts\/11681","targetHints":{"allow":["GET"]}}],"collection":[{"href":"https:\/\/pembrokediocese.com\/fr\/wp-json\/wp\/v2\/posts"}],"about":[{"href":"https:\/\/pembrokediocese.com\/fr\/wp-json\/wp\/v2\/types\/post"}],"author":[{"embeddable":true,"href":"https:\/\/pembrokediocese.com\/fr\/wp-json\/wp\/v2\/users\/10"}],"replies":[{"embeddable":true,"href":"https:\/\/pembrokediocese.com\/fr\/wp-json\/wp\/v2\/comments?post=11681"}],"version-history":[{"count":2,"href":"https:\/\/pembrokediocese.com\/fr\/wp-json\/wp\/v2\/posts\/11681\/revisions"}],"predecessor-version":[{"id":11683,"href":"https:\/\/pembrokediocese.com\/fr\/wp-json\/wp\/v2\/posts\/11681\/revisions\/11683"}],"wp:featuredmedia":[{"embeddable":true,"href":"https:\/\/pembrokediocese.com\/fr\/wp-json\/wp\/v2\/media\/3886"}],"wp:attachment":[{"href":"https:\/\/pembrokediocese.com\/fr\/wp-json\/wp\/v2\/media?parent=11681"}],"wp:term":[{"taxonomy":"category","embeddable":true,"href":"https:\/\/pembrokediocese.com\/fr\/wp-json\/wp\/v2\/categories?post=11681"},{"taxonomy":"post_tag","embeddable":true,"href":"https:\/\/pembrokediocese.com\/fr\/wp-json\/wp\/v2\/tags?post=11681"}],"curies":[{"name":"wp","href":"https:\/\/api.w.org\/{rel}","templated":true}]}}