{"id":11732,"date":"2023-02-14T11:19:12","date_gmt":"2023-02-14T16:19:12","guid":{"rendered":"https:\/\/pembrokediocese.com\/?p=11732"},"modified":"2023-02-14T11:21:42","modified_gmt":"2023-02-14T16:21:42","slug":"bulletin-hebdomadaire-le-14-fevrier-2023-sts-cyrille-moine-et-methode-eveque","status":"publish","type":"post","link":"https:\/\/pembrokediocese.com\/fr\/article\/bulletin-hebdomadaire-le-14-fevrier-2023-sts-cyrille-moine-et-methode-eveque\/","title":{"rendered":"BULLETIN HEBDOMADAIRE  &#8211; le 14 f\u00e9vrier 2023 (Sts Cyrille, Moine, et M\u00e9thode, \u00c9v\u00eaque)"},"content":{"rendered":"\n<hr class=\"wp-block-separator has-alpha-channel-opacity\"\/>\n\n\n\n<h4 class=\"wp-block-heading\"><strong><i><a href=\"mailto:reception@pembrokediocese.com?subject=Abonnez-vous au bulletin hebdomadaire&amp;amp;body=Bonjour, je souhaite m'abonner au Bulletin Hebdomadaire s'il vous plait. Merci.\"><img loading=\"lazy\" decoding=\"async\" class=\"alignright wp-image-8004\" src=\"https:\/\/pembrokediocese.com\/wp-content\/uploads\/subscribe-banner-fr-200x205.png\" alt=\"\" width=\"124\" height=\"127\" srcset=\"https:\/\/pembrokediocese.com\/wp-content\/uploads\/subscribe-banner-fr-200x205.png 200w, https:\/\/pembrokediocese.com\/wp-content\/uploads\/subscribe-banner-fr-768x785.png 768w, https:\/\/pembrokediocese.com\/wp-content\/uploads\/subscribe-banner-fr.png 840w\" sizes=\"(max-width: 124px) 100vw, 124px\" \/><\/a><\/i><\/strong><\/h4>\n\n\n\n<h1 class=\"wp-block-heading\"><strong><em>Prenez garde au levain des pharisiens et au levain d&rsquo;H\u00e9rode.<\/em><\/strong><\/h1>\n\n\n\n<h3 class=\"wp-block-heading\"><strong>(Mc 8, 14-21)<\/strong><\/h3>\n\n\n\n<hr class=\"wp-block-separator has-alpha-channel-opacity\"\/>\n\n\n\n<h2 class=\"wp-block-heading\"><strong>MESSAGE DE L\u2019\u00c9V\u00caQUE<\/strong><\/h2>\n\n\n\n<h3 class=\"wp-block-heading\"><strong>125<sup>\u00e8me<\/sup> anniversaire du dioc\u00e8se de Pembroke&nbsp;<\/strong><\/h3>\n\n\n\n<p>Chers Fr\u00e8res et S\u0153urs dans le Christ,<\/p>\n\n\n\n<p>En 2023, nous c\u00e9l\u00e9brons avec fiert\u00e9 et joie le 125\u00e8me anniversaire du dioc\u00e8se de Pembroke. Ce jalon historique nous offre l&rsquo;opportunit\u00e9 de remercier l&rsquo;Esprit Saint pour son action et de reconna\u00eetre la gr\u00e2ce continuelle de Dieu dans la vie de notre dioc\u00e8se. <a href=\"https:\/\/pembrokediocese.com\/fr\/lettres-pastorale\/125eme-anniversaire-du-diocese-de-pembroke\/\">(Lire la suite\u2026)<\/a><\/p>\n\n\n\n<hr class=\"wp-block-separator has-alpha-channel-opacity\"\/>\n\n\n\n<h2 class=\"wp-block-heading\"><strong>DU DIOC\u00c8SE<\/strong><\/h2>\n\n\n\n<h3 class=\"wp-block-heading\"><strong>Tremblement de terre en Turquie et en Syrie&nbsp;<\/strong><\/h3>\n\n\n\n<p>Des gens se demandent comment ils peuvent aider les victimes du tremblement de terre en Turquie et en Syrie. Voici des liens vers deux organisations d&rsquo;aide catholiques :&nbsp;<\/p>\n\n\n\n<p>D\u00e9veloppement et Paix \u2013 Caritas Canada : <a href=\"https:\/\/www.devp.org\/fr\/\">https:\/\/www.devp.org\/fr\/<\/a><em>&nbsp;<\/em><\/p>\n\n\n\n<p>L&rsquo;Association catholique de bien-\u00eatre du Proche-Orient : <a href=\"https:\/\/cnewa.org\/fr\/\">https:\/\/cnewa.org\/fr\/<\/a>&nbsp;<\/p>\n\n\n\n<h3 class=\"wp-block-heading\"><strong>Journ\u00e9e de la famille&nbsp;<\/strong><\/h3>\n\n\n\n<p>Veuillez noter que les bureaux dioc\u00e9sains seront ferm\u00e9s le lundi 20 f\u00e9vrier et rouvriront le mardi 21 f\u00e9vrier \u00e0 8h30.<\/p>\n\n\n\n<h3 class=\"wp-block-heading\"><strong>Changement d&rsquo;adresse&nbsp;<\/strong><\/h3>\n\n\n\n<p>Veuillez noter que la nouvelle adresse postale des bureaux dioc\u00e9sains, qui entrera <strong>en vigueur le 22 mars 2023<\/strong>, sera la suivante&nbsp;: 284, chemin Trafalgar, Pembroke, ON K8A 5A8.<\/p>\n\n\n\n<hr class=\"wp-block-separator has-alpha-channel-opacity\"\/>\n\n\n\n<h2 class=\"wp-block-heading\"><strong>DE LA CECC<\/strong><\/h2>\n\n\n\n<h3 class=\"wp-block-heading\"><strong>Renonciation et nomination \u00e9piscopales pour l\u2019archidioc\u00e8se de Toronto \u2013 samedi, f\u00e9vrier 11, 2023&nbsp;<\/strong><\/h3>\n\n\n\n<p>Sa Saintet\u00e9 le pape Fran\u00e7ois a nomm\u00e9&nbsp; Mgr Frank Leo comme onzi\u00e8me archev\u00eaque de Toronto. Au moment de sa nomination, Mgr Leo \u00e9tait \u00e9v\u00eaque auxiliaire \u00e0 l\u2019archidioc\u00e8se de Montr\u00e9al. Il succ\u00e8de au cardinal Thomas Collins, dont la d\u00e9mission a \u00e9t\u00e9 accept\u00e9e par le pape Fran\u00e7ois. Le cardinal Collins a exerc\u00e9 la responsabilit\u00e9 pastorale de l\u2019archidioc\u00e8se de Toronto en tant qu\u2019archev\u00eaque depuis 2007. <a href=\"https:\/\/www.cecc.ca\/annonce\/renonciation-et-nomination-episcopales-pour-larchidiocese-de-toronto\/\">(Lire la suite\u2026)<\/a><\/p>\n\n\n\n<h3 class=\"wp-block-heading\"><strong>Les \u00e9v\u00eaques et les organismes catholiques du Canada lancent une campagne d\u2019aide d\u2019urgence aux victimes du tremblement de terre en Turquie et Syrie \u2013 vendredi le 10 f\u00e9vrier 2023&nbsp;<\/strong><\/h3>\n\n\n\n<p>Avec le soutien de la Conf\u00e9rence des \u00e9v\u00eaques catholiques du Canada (CECC), d\u2019Aide \u00e0 l\u2019\u00c9glise en d\u00e9tresse (AED), de Canadian Jesuits International (CJI), de l\u2019Association catholique d\u2019aide \u00e0 l\u2019Orient (CNEWA) Canada et de D\u00e9veloppement et Paix \u2013 Caritas Canada (OCCDP) lancent une campagne d\u2019aide d\u2019urgence en r\u00e9ponse au tremblement de terre destructeur qui a frapp\u00e9 la Turquie et la Syrie lundi. Ils se sont engag\u00e9s \u00e0 verser la somme totale de pr\u00e8s d\u2019un million de dollars canadiens. <a href=\"https:\/\/www.cecc.ca\/communique-de-presse\/les-eveques-et-les-organismes-catholiques-du-canada-lancent-une-campagne-daide-durgence-aux-victimes-du-tremblement-de-terre-en-turquie-et-en-syrie\/\">(Lire la suite\u2026)<\/a><\/p>\n\n\n\n<h3 class=\"wp-block-heading\"><strong>Les \u00e9v\u00eaques du Qu\u00e9bec offrent leurs pri\u00e8res et leurs condol\u00e9ances aux victimes de l\u2019accident d\u2019autobus \u00e0 Laval \u2013 jeudi le 09 f\u00e9vrier 2023&nbsp;<\/strong><\/h3>\n\n\n\n<p>Mgr Christian Rodembourg, \u00c9v\u00eaque de Saint-Hyacinthe et Pr\u00e9sident de l\u2019Assembl\u00e9e des \u00c9v\u00eaques catholiques du Qu\u00e9bec, a \u00e9mis un communiqu\u00e9 pour exprimer la tristesse des \u00c9v\u00eaques du Qu\u00e9bec suite au tragique accident d\u2019autobus survenu dans une garderie \u00e0 Laval le 8 f\u00e9vrier dernier et pour inviter \u00e0 la pri\u00e8re pour les victimes et leurs familles.<\/p>\n\n\n\n<p><strong><u><a rel=\"noreferrer noopener\" href=\"https:\/\/www.cecc.ca\/wp-content\/uploads\/2023\/02\/2023-02-09_Communique_DrameSteRose-002.pdf\" target=\"_blank\">Version PDF<\/a><\/u><\/strong><\/p>\n\n\n\n<h3 class=\"wp-block-heading\"><strong>La CECC invite les peuples autochtones \u00e0 continuer de marcher ensemble sur le chemin de la v\u00e9rit\u00e9, de la justice, de la gu\u00e9rison, de la r\u00e9conciliation et de l\u2019esp\u00e9rance \u2013 mercredi, f\u00e9vrier 8, 2023&nbsp;<\/strong><\/h3>\n\n\n\n<p>Dans une s\u00e9rie de lettres pastorales adress\u00e9es aux&nbsp;<strong><a rel=\"noreferrer noopener\" href=\"https:\/\/www.cecc.ca\/wp-content\/uploads\/2023\/02\/Lettre-pastorale-aux-Premieres-Nations_Pour-pouvoir-marcher-ensemble_fevrier-2023.pdf\" target=\"_blank\">Premi\u00e8res Nations<\/a><\/strong>, aux&nbsp;<strong><a rel=\"noreferrer noopener\" href=\"https:\/\/www.cecc.ca\/wp-content\/uploads\/2023\/02\/Lettre-pastorale-aux-Inuits-du-Canada_Pour-pouvoir-marcher-ensemble_fevrier-2023.pdf\" target=\"_blank\">Inuits<\/a><\/strong>, aux&nbsp;<strong><a rel=\"noreferrer noopener\" href=\"https:\/\/www.cecc.ca\/wp-content\/uploads\/2023\/02\/Lettre-pastorale-aux-Metis_Pour-pouvoir-marcher-ensemble_fevrier-2023.pdf\" target=\"_blank\">M\u00e9tis<\/a><\/strong>&nbsp;et au&nbsp;<strong><a rel=\"noreferrer noopener\" href=\"https:\/\/www.cecc.ca\/wp-content\/uploads\/2023\/02\/Lettre-pastorale-au-Peuple-de-Dieu-du-Canada_Pour-pouvoir-marcher-ensemble_fevrier-2023.pdf\" target=\"_blank\">Peuple de Dieu du Canada<\/a><\/strong>, la Conf\u00e9rence des \u00e9v\u00eaques catholiques du Canada (CECC) a affirm\u00e9 son engagement continu \u00e0 renouveler et \u00e0 renforcer les relations avec les peuples autochtones aux niveaux national, r\u00e9gional et surtout local<em>.<\/em> <a href=\"https:\/\/www.cecc.ca\/annonce\/la-cecc-invite-les-peuples-autochtones-a-continuer-de-marcher-ensemble-sur-le-chemin-de-la-verite-de-la-justice-de-la-guerison-de-la-reconciliation-et-de-lespoir\/\">(Lire la suite\u2026)<\/a><\/p>\n\n\n\n<hr class=\"wp-block-separator has-alpha-channel-opacity\"\/>\n\n\n\n<h2 class=\"wp-block-heading\"><strong>V\u00c9RIT\u00c9 ET R\u00c9CONCILIATION<\/strong><\/h2>\n\n\n\n<h3 class=\"wp-block-heading\"><strong><strong>Publication de quatre lettres pastorales de la CECC&nbsp;<\/strong><\/strong><\/h3>\n\n\n\n<p>La CECC a publi\u00e9 quatre lettres pastorales sur la r\u00e9conciliation avec les peuples autochtones : les Premi\u00e8res nations, les Inuits, les M\u00e9tis et le Peuple de Dieu au Canada.<\/p>\n\n\n\n<p>Ces lettres pastorales, adopt\u00e9es par les membres de la CECC en session pl\u00e9ni\u00e8re en septembre dernier, sont destin\u00e9es \u00e0 \u00eatre introduites par l&rsquo;Ordinaire du lieu dans son dioc\u00e8se\/\u00e9parchie et \u00e0 servir de cadre pour inspirer les efforts locaux de r\u00e9conciliation.<\/p>\n\n\n\n<p>Vous pouvez consulter les lettres sur le site Internet de la CECC&nbsp;: <a href=\"https:\/\/www.cecc.ca\/peuples-autochtones\/pour-pouvoir-marcher-ensemble-serie-de-lettres-pastorals-2023\/\">https:\/\/www.cecc.ca\/peuples-autochtones\/pour-pouvoir-marcher-ensemble-serie-de-lettres-pastorals-2023\/<\/a><\/p>\n\n\n\n<p>Pour plus de d\u00e9tails, veuillez consulter l&rsquo;annonce dans la section Quoi de neuf du site web de la CECC&nbsp;: <a href=\"https:\/\/na01.safelinks.protection.outlook.com\/?url=https%3A%2F%2Fwww.cecc.ca%2Fannonce%2Fla-cecc-invite-les-peuples-autochtones-a-continuer-de-marcher-ensemble-sur-le-chemin-de-la-verite-de-la-justice-de-la-guerison-de-la-reconciliation-et-de-lespoir%2F&amp;data=05%7C01%7C%7C3bcd5bbe031e4ccbfa5008db0a0859ec%7C84df9e7fe9f640afb435aaaaaaaaaaaa%7C1%7C0%7C638114803204362387%7CUnknown%7CTWFpbGZsb3d8eyJWIjoiMC4wLjAwMDAiLCJQIjoiV2luMzIiLCJBTiI6Ik1haWwiLCJXVCI6Mn0%3D%7C3000%7C%7C%7C&amp;sdata=lJ1UlKlDt9k4MQ2s8SRz5MQEN%2BgBT8EmGkZJFFugOK0%3D&amp;reserved=0\">https:\/\/www.cecc.ca\/annonce\/la-cecc-invite-les-peuples-autochtones-a-continuer-de-marcher-ensemble-sur-le-chemin-de-la-verite-de-la-justice-de-la-guerison-de-la-reconciliation-et-de-lespoir\/<\/a><\/p>\n\n\n\n<h3 class=\"wp-block-heading\"><strong>\u00ab&nbsp;Half-breed&nbsp;\u00bb et autres noms<\/strong><\/h3>\n\n\n\n<p>&nbsp;Les individus et les communaut\u00e9s m\u00e9tis ont \u00e9galement \u00e9t\u00e9 connus sous d&rsquo;autres noms au fil des ans.<\/p>\n\n\n\n<p>Ces noms apparaissent fr\u00e9quemment dans les documents historiques des Grands Lacs sup\u00e9rieurs, de certaines parties de l&rsquo;Ontario et des Prairies. On trouve m\u00eame quelques formes du mot \u00ab&nbsp;M\u00e9tis&nbsp;\u00bb dans les documents historiques du secteur sup\u00e9rieur des Grands Lacs et de certaines parties de l&rsquo;Ontario, notamment \u00ab&nbsp;Metif&nbsp;\u00bb, \u00ab&nbsp;Metiff&nbsp;\u00bb, \u00ab&nbsp;Metis&nbsp;\u00bb et \u00ab&nbsp;Metes&nbsp;\u00bb.<\/p>\n\n\n\n<p>Le terme raciale \u00ab&nbsp;half-breed&nbsp;\u00bb se retrouve abondamment dans les documents historiques de l&rsquo;Ontario, faisant r\u00e9f\u00e9rence \u00e0 la fois aux individus et aux communaut\u00e9s. En 1846, le lieutenant-colonel Richard Henry Bonnycastle a \u00e9crit qu&rsquo;\u00e0 Penetanguishene, \u00ab&nbsp;on voit d&rsquo;abord les half-breeds, les descendants des Blancs et des Rouges, qui ont toutes les mauvaises qualit\u00e9s des deux et tr\u00e8s peu des bonnes, sauf dans de rares circonstances.&nbsp;\u00bb Le terme \u00ab&nbsp;half-breed&nbsp;\u00bb est aujourd&rsquo;hui consid\u00e9r\u00e9 comme d\u00e9suet et offensant, surtout lorsqu&rsquo;il est utilis\u00e9 par des individus non m\u00e9tis.<\/p>\n\n\n\n<p><em>Dylan Miner, Rivers of Resistance.&nbsp;<\/em><\/p>\n\n\n\n<p><em>Canadian Geographic, Vol. 147 #5<\/em><\/p>\n\n\n\n<hr class=\"wp-block-separator has-alpha-channel-opacity\"\/>\n\n\n\n<h2 class=\"wp-block-heading\"><strong>L\u2019\u00c9QUIPE D\u2019\u00c9VANG\u00c9LISATION<\/strong><\/h2>\n\n\n\n<h3 class=\"wp-block-heading\"><strong><strong>Qu\u2019est-ce qu\u2019une paroisse missionnaire?<\/strong><\/strong> <strong>(2<sup>\u00e8me <\/sup>partie)<\/strong><\/h3>\n\n\n\n<p><em>Par Pierre-Alain Giffard, directeur de la pastorale dioc\u00e9saine<\/em><\/p>\n\n\n\n<p>Afin d\u2019atteindre les personnes qui ne sont pas chr\u00e9tiennes ou qui ne cheminent pas en \u00e9glise, les paroisses missionnaires poursuivent 4 buts&nbsp;:<em> <\/em><a href=\"https:\/\/pembrokediocese.com\/fr\/article\/article-quest-ce-quune-paroisse-missionnaire-2eme-partie\/\">(Lire la suite\u2026)<\/a><\/p>\n\n\n\n<hr class=\"wp-block-separator has-alpha-channel-opacity\"\/>\n\n\n\n<h2 class=\"wp-block-heading\"><strong>L&rsquo;\u00c9DUCATION DE LA FOI<\/strong><\/h2>\n\n\n\n<h3 class=\"wp-block-heading\"><strong><strong>Annonce importante \u2013 \u00ab&nbsp;\u00c9vang\u00e9liser avec Alpha&nbsp;\u00bb&nbsp;<\/strong><\/strong><\/h3>\n\n\n\n<p>Journ\u00e9e spirituelle pour la communaut\u00e9 francophone<strong>, le 11 mars 2023<\/strong> au Salle des Chevaliers de Colomb, 525 rue Baume, Fort-Coulonge. Inscription \u00e0 9h00. La journ\u00e9e finira \u00e0 13h30. Notre conf\u00e9rencier pour la journ\u00e9e est le P\u00e8re Jean-Hubert Thieffry de Montr\u00e9al Qu\u00e9bec. Co\u00fbt&nbsp;: 15,00$ <strong>(d\u00eener et rafra\u00eechissements sont inclus)<\/strong>. Pour s\u2019inscrire, veuillez contacter le diacre Adrien Chaput au 613 732-7933, poste 206, ou par courriel au <a href=\"mailto:dcadrienchaput@pembrokediocese.com\">dcadrienchaput@pembrokediocese.com<\/a> <strong>avant le 9 mars 2023<\/strong>.<\/p>\n\n\n\n<hr class=\"wp-block-separator has-alpha-channel-opacity\"\/>\n\n\n\n<h2 class=\"wp-block-heading\"><strong>MARIAGE, FAMILLE, JEUNESSE ET JEUNES ADULTES<\/strong><\/h2>\n\n\n\n<h3 class=\"wp-block-heading\"><strong>Atelier r\u00e9seau \u2013 \u00ab&nbsp;Accompagner la prochaine g\u00e9n\u00e9ration&nbsp;\u00bb&nbsp;<\/strong><\/h3>\n\n\n\n<p>Nous avons le plaisir de partager avec vous que nous accueillerons Isabel Correa, Directrice du Bureau de la Pastorale des Jeunes, Archidioc\u00e8se de Montr\u00e9al, et Coordinatrice de la D\u00e9l\u00e9gation Canadienne des Journ\u00e9es Mondiales de la Jeunesse pour notre prochain Atelier du RESEAU EN LIGNE intitul\u00e9 \u00ab\u00a0Accompagner la prochaine g\u00e9n\u00e9ration\u00a0\u00bb. Cet atelier explorera des sujets pratiques et perspicaces qui sont utiles pour le minist\u00e8re avec les jeunes d&rsquo;aujourd&rsquo;hui, surtout en ce qui concerne l&rsquo;invitation \u00e0 accompagner nos jeunes dans la vie et dans leur vie avec J\u00e9sus-Christ. L&rsquo;atelier aura lieu <strong>le jeudi 16 f\u00e9vrier. 19h00 &#8211; 21h00 heure de l&rsquo;EST, et disponible \u00e0 nouveau 19h00 &#8211; 21h00 heure de la MONTAGNE (si un nombre suffisant d&rsquo;inscriptions).<\/strong> Pr\u00e9voyez de vous joindre \u00e0 nous. Veuillez consulter le prospectus pour plus d&rsquo;informations. Frais&nbsp;: 15 $ par personne, payables \u00e0 l&rsquo;inscription. Inscrivez-vous sur&nbsp;: <a href=\"https:\/\/www.surveymonkey.com\/r\/NETWORK-WORKSHOPS\">https:\/\/www.surveymonkey.com\/r\/NETWORK-WORKSHOPS<\/a>.<\/p>\n\n\n\n<p><em>* Cet atelier se d\u00e9roulera en anglais. Une traduction en fran\u00e7ais et en espagnol sera disponible sur inscription pr\u00e9alable.<\/em><\/p>\n\n\n\n<hr class=\"wp-block-separator has-alpha-channel-opacity\"\/>\n\n\n\n<h2 class=\"wp-block-heading\"><strong>AUTRES \u00c9V\u00c9NEMENTS CATHOLIQUES<\/strong><\/h2>\n\n\n\n<h3 class=\"wp-block-heading\"><strong>Conf\u00e9rence<\/strong><\/h3>\n\n\n\n<p>Le CDEVS (Centre Dominicain d&rsquo;\u00c9thique et de Vie Spirituelle) propose des cycles de conf\u00e9rences gratuites en ligne. Le troisi\u00e8me cycle de \u00ab&nbsp;Raviver le premier souffle&nbsp;: La gu\u00e9rison spirituelle&nbsp;\u00bb sera <strong>le mardi 14 f\u00e9vrier 2023 \u00e0 19h30 <\/strong>sur \u00ab&nbsp;Salut et gu\u00e9rison&nbsp;\u00bbpar Thomas de Gabory, o.p. Inscriptions sur <a href=\"mailto:cdevs@udominicaine.ca\">cdevs@udominicaine.ca<\/a>. Un lien Zoom vous sera envoy\u00e9 apr\u00e8s l\u2019inscription. Pour connaitre toute la programmation de CDEVS, rendez-vous sur&nbsp;: <a href=\"http:\/\/www.udominicaine.ca\/cdevs\">www.udominicaine.ca\/cdevs<\/a>.<\/p>\n","protected":false},"excerpt":{"rendered":"<p>Prenez garde au levain des pharisiens et au levain d&rsquo;H\u00e9rode. (Mc 8, 14-21) MESSAGE DE L\u2019\u00c9V\u00caQUE 125\u00e8me anniversaire du dioc\u00e8se de Pembroke&nbsp; Chers Fr\u00e8res et S\u0153urs dans le Christ, En 2023, nous c\u00e9l\u00e9brons avec fiert\u00e9 et joie le 125\u00e8me anniversaire du dioc\u00e8se de Pembroke. Ce jalon historique nous offre l&rsquo;opportunit\u00e9 de remercier l&rsquo;Esprit Saint pour son action et de reconna\u00eetre la gr\u00e2ce continuelle de Dieu dans la vie de notre dioc\u00e8se. (Lire la suite\u2026) DU DIOC\u00c8SE Tremblement de terre en Turquie et en Syrie&nbsp; Des gens se demandent comment ils peuvent aider les victimes du tremblement de terre en Turquie et en Syrie. Voici des liens vers deux organisations d&rsquo;aide catholiques :&nbsp; D\u00e9veloppement et Paix \u2013 Caritas Canada : https:\/\/www.devp.org\/fr\/&nbsp; L&rsquo;Association catholique de bien-\u00eatre du Proche-Orient : https:\/\/cnewa.org\/fr\/&nbsp; Journ\u00e9e de la famille&nbsp; Veuillez noter que les bureaux dioc\u00e9sains seront ferm\u00e9s le lundi 20 f\u00e9vrier et rouvriront le mardi 21 f\u00e9vrier \u00e0 8h30. Changement d&rsquo;adresse&nbsp; Veuillez noter que la nouvelle adresse postale des bureaux dioc\u00e9sains, qui entrera en vigueur le 22 mars 2023, sera la suivante&nbsp;: 284, chemin Trafalgar, Pembroke, ON K8A 5A8. DE LA CECC Renonciation et nomination \u00e9piscopales pour l\u2019archidioc\u00e8se de Toronto \u2013 samedi, f\u00e9vrier 11, 2023&nbsp; Sa Saintet\u00e9 le pape Fran\u00e7ois a nomm\u00e9&nbsp; Mgr Frank Leo comme onzi\u00e8me archev\u00eaque de Toronto. Au moment de sa nomination, Mgr Leo \u00e9tait \u00e9v\u00eaque auxiliaire \u00e0 l\u2019archidioc\u00e8se de Montr\u00e9al. Il succ\u00e8de au cardinal Thomas Collins, dont la d\u00e9mission a \u00e9t\u00e9 accept\u00e9e par le pape Fran\u00e7ois. Le cardinal Collins a exerc\u00e9 la responsabilit\u00e9 pastorale de l\u2019archidioc\u00e8se de Toronto en tant qu\u2019archev\u00eaque depuis 2007. (Lire la suite\u2026) Les \u00e9v\u00eaques et les organismes catholiques du Canada lancent une campagne d\u2019aide d\u2019urgence aux victimes du tremblement de terre en Turquie et Syrie \u2013 vendredi le 10 f\u00e9vrier 2023&nbsp; Avec le soutien de la Conf\u00e9rence des \u00e9v\u00eaques catholiques du Canada (CECC), d\u2019Aide \u00e0 l\u2019\u00c9glise en d\u00e9tresse (AED), de Canadian Jesuits International (CJI), de l\u2019Association catholique d\u2019aide \u00e0 l\u2019Orient (CNEWA) Canada et de D\u00e9veloppement et Paix \u2013 Caritas Canada (OCCDP) lancent une campagne d\u2019aide d\u2019urgence en r\u00e9ponse au tremblement de terre destructeur qui a frapp\u00e9 la Turquie et la Syrie lundi. Ils se sont engag\u00e9s \u00e0 verser la somme totale de pr\u00e8s d\u2019un million de dollars canadiens. (Lire la suite\u2026) Les \u00e9v\u00eaques du Qu\u00e9bec offrent leurs pri\u00e8res et leurs condol\u00e9ances aux victimes de l\u2019accident d\u2019autobus \u00e0 Laval \u2013 jeudi le 09 f\u00e9vrier 2023&nbsp; Mgr Christian Rodembourg, \u00c9v\u00eaque de Saint-Hyacinthe et Pr\u00e9sident de l\u2019Assembl\u00e9e des \u00c9v\u00eaques catholiques du Qu\u00e9bec, a \u00e9mis un communiqu\u00e9 pour exprimer la tristesse des \u00c9v\u00eaques du Qu\u00e9bec suite au tragique accident d\u2019autobus survenu dans une garderie \u00e0 Laval le 8 f\u00e9vrier dernier et pour inviter \u00e0 la pri\u00e8re pour les victimes et leurs familles. Version PDF La CECC invite les peuples autochtones \u00e0 continuer de marcher ensemble sur le chemin de la v\u00e9rit\u00e9, de la justice, de la gu\u00e9rison, de la r\u00e9conciliation et de l\u2019esp\u00e9rance \u2013 mercredi, f\u00e9vrier 8, 2023&nbsp; Dans une s\u00e9rie de lettres pastorales adress\u00e9es aux&nbsp;Premi\u00e8res Nations, aux&nbsp;Inuits, aux&nbsp;M\u00e9tis&nbsp;et au&nbsp;Peuple de Dieu du Canada, la Conf\u00e9rence des \u00e9v\u00eaques catholiques du Canada (CECC) a affirm\u00e9 son engagement continu \u00e0 renouveler et \u00e0 renforcer les [&hellip;]<\/p>\n","protected":false},"author":10,"featured_media":3815,"comment_status":"closed","ping_status":"closed","sticky":false,"template":"","format":"standard","meta":{"_monsterinsights_skip_tracking":false,"_monsterinsights_sitenote_active":false,"_monsterinsights_sitenote_note":"","_monsterinsights_sitenote_category":0,"footnotes":"","_links_to":"","_links_to_target":""},"categories":[83,113],"tags":[],"class_list":["post-11732","post","type-post","status-publish","format-standard","has-post-thumbnail","hentry","category-article","category-bulletin"],"post_mailing_queue_ids":[],"_links":{"self":[{"href":"https:\/\/pembrokediocese.com\/fr\/wp-json\/wp\/v2\/posts\/11732","targetHints":{"allow":["GET"]}}],"collection":[{"href":"https:\/\/pembrokediocese.com\/fr\/wp-json\/wp\/v2\/posts"}],"about":[{"href":"https:\/\/pembrokediocese.com\/fr\/wp-json\/wp\/v2\/types\/post"}],"author":[{"embeddable":true,"href":"https:\/\/pembrokediocese.com\/fr\/wp-json\/wp\/v2\/users\/10"}],"replies":[{"embeddable":true,"href":"https:\/\/pembrokediocese.com\/fr\/wp-json\/wp\/v2\/comments?post=11732"}],"version-history":[{"count":2,"href":"https:\/\/pembrokediocese.com\/fr\/wp-json\/wp\/v2\/posts\/11732\/revisions"}],"predecessor-version":[{"id":11734,"href":"https:\/\/pembrokediocese.com\/fr\/wp-json\/wp\/v2\/posts\/11732\/revisions\/11734"}],"wp:featuredmedia":[{"embeddable":true,"href":"https:\/\/pembrokediocese.com\/fr\/wp-json\/wp\/v2\/media\/3815"}],"wp:attachment":[{"href":"https:\/\/pembrokediocese.com\/fr\/wp-json\/wp\/v2\/media?parent=11732"}],"wp:term":[{"taxonomy":"category","embeddable":true,"href":"https:\/\/pembrokediocese.com\/fr\/wp-json\/wp\/v2\/categories?post=11732"},{"taxonomy":"post_tag","embeddable":true,"href":"https:\/\/pembrokediocese.com\/fr\/wp-json\/wp\/v2\/tags?post=11732"}],"curies":[{"name":"wp","href":"https:\/\/api.w.org\/{rel}","templated":true}]}}