{"id":11849,"date":"2023-02-21T11:42:00","date_gmt":"2023-02-21T16:42:00","guid":{"rendered":"https:\/\/pembrokediocese.com\/?p=11849"},"modified":"2023-02-21T11:43:25","modified_gmt":"2023-02-21T16:43:25","slug":"bulletin-hebdomadaire-le-21-fevrier-2023-ferie","status":"publish","type":"post","link":"https:\/\/pembrokediocese.com\/fr\/article\/bulletin-hebdomadaire-le-21-fevrier-2023-ferie\/","title":{"rendered":"BULLETIN HEBDOMADAIRE  &#8211; le 21 f\u00e9vrier 2023 (F\u00e9rie)"},"content":{"rendered":"\n<hr class=\"wp-block-separator has-alpha-channel-opacity\"\/>\n\n\n\n<h4 class=\"wp-block-heading\"><strong><i><a href=\"mailto:reception@pembrokediocese.com?subject=Abonnez-vous au bulletin hebdomadaire&amp;amp;body=Bonjour, je souhaite m'abonner au Bulletin Hebdomadaire s'il vous plait. Merci.\"><img loading=\"lazy\" decoding=\"async\" class=\"alignright wp-image-8004\" src=\"https:\/\/pembrokediocese.com\/wp-content\/uploads\/subscribe-banner-fr-200x205.png\" alt=\"\" width=\"124\" height=\"127\" srcset=\"https:\/\/pembrokediocese.com\/wp-content\/uploads\/subscribe-banner-fr-200x205.png 200w, https:\/\/pembrokediocese.com\/wp-content\/uploads\/subscribe-banner-fr-768x785.png 768w, https:\/\/pembrokediocese.com\/wp-content\/uploads\/subscribe-banner-fr.png 840w\" sizes=\"(max-width: 124px) 100vw, 124px\" \/><\/a><\/i><\/strong><\/h4>\n\n\n\n<h1 class=\"wp-block-heading\"><strong><em>Le Fils de l&rsquo;homme est livr\u00e9. Si quelqu&rsquo;un veut \u00eatre le premier, qu&rsquo;il soit le dernier de tous.<\/em><\/strong><\/h1>\n\n\n\n<h3 class=\"wp-block-heading\"><strong>(Mc 9, 30-37)<\/strong><\/h3>\n\n\n\n<hr class=\"wp-block-separator has-alpha-channel-opacity\"\/>\n\n\n\n<h2 class=\"wp-block-heading\"><strong>MESSAGE DE L\u2019\u00c9V\u00caQUE<\/strong><\/h2>\n\n\n\n<h3 class=\"wp-block-heading\"><strong>125<sup>\u00e8me<\/sup> anniversaire du dioc\u00e8se de Pembroke&nbsp;<\/strong><\/h3>\n\n\n\n<p>Chers Fr\u00e8res et S\u0153urs dans le Christ,<\/p>\n\n\n\n<p>En 2023, nous c\u00e9l\u00e9brons avec fiert\u00e9 et joie le 125\u00e8me anniversaire du dioc\u00e8se de Pembroke. Ce jalon historique nous offre l&rsquo;opportunit\u00e9 de remercier l&rsquo;Esprit Saint pour son action et de reconna\u00eetre la gr\u00e2ce continuelle de Dieu dans la vie de notre dioc\u00e8se. <a href=\"https:\/\/pembrokediocese.com\/fr\/lettres-pastorale\/125eme-anniversaire-du-diocese-de-pembroke\/\">(Lire la suite\u2026)<\/a><\/p>\n\n\n\n<hr class=\"wp-block-separator has-alpha-channel-opacity\"\/>\n\n\n\n<h2 class=\"wp-block-heading\"><strong>DU DIOC\u00c8SE<\/strong><\/h2>\n\n\n\n<h3 class=\"wp-block-heading\"><strong>Tremblement de terre en Turquie et en Syrie&nbsp;<\/strong><\/h3>\n\n\n\n<p>Des gens se demandent comment ils peuvent aider les victimes du tremblement de terre en Turquie et en Syrie. Voici des liens vers deux organisations d&rsquo;aide catholiques :&nbsp;<\/p>\n\n\n\n<p>D\u00e9veloppement et Paix \u2013 Caritas Canada : <a href=\"https:\/\/www.devp.org\/fr\/\">https:\/\/www.devp.org\/fr\/<\/a><em>&nbsp;<\/em><\/p>\n\n\n\n<p>L&rsquo;Association catholique de bien-\u00eatre du Proche-Orient : <a href=\"https:\/\/cnewa.org\/fr\/\">https:\/\/cnewa.org\/fr\/<\/a>&nbsp;<\/p>\n\n\n\n<h3 class=\"wp-block-heading\"><strong>Changement d&rsquo;adresse&nbsp;<\/strong><\/h3>\n\n\n\n<p>Veuillez noter que la nouvelle adresse postale des bureaux dioc\u00e9sains, qui entrera <strong>en vigueur le 22 mars 2023<\/strong>, sera la suivante&nbsp;: 284, chemin Trafalgar, Pembroke, ON K8A 5A8.<\/p>\n\n\n\n<hr class=\"wp-block-separator has-alpha-channel-opacity\"\/>\n\n\n\n<h2 class=\"wp-block-heading\"><strong>DE LA CECC<\/strong><\/h2>\n\n\n\n<h3 class=\"wp-block-heading\"><strong>Renonciation et nomination \u00e9piscopales pour l\u2019archidioc\u00e8se de Toronto&nbsp;<\/strong><\/h3>\n\n\n\n<p>Sa Saintet\u00e9 le pape Fran\u00e7ois a nomm\u00e9&nbsp; Mgr Frank Leo comme onzi\u00e8me archev\u00eaque de Toronto. Au moment de sa nomination, Mgr Leo \u00e9tait \u00e9v\u00eaque auxiliaire \u00e0 l\u2019archidioc\u00e8se de Montr\u00e9al. Il succ\u00e8de au cardinal Thomas Collins, dont la d\u00e9mission a \u00e9t\u00e9 accept\u00e9e par le pape Fran\u00e7ois. Le cardinal Collins a exerc\u00e9 la responsabilit\u00e9 pastorale de l\u2019archidioc\u00e8se de Toronto en tant qu\u2019archev\u00eaque depuis 2007. <a href=\"https:\/\/www.cecc.ca\/annonce\/renonciation-et-nomination-episcopales-pour-larchidiocese-de-toronto\/\">(Lire la suite\u2026)<\/a><\/p>\n\n\n\n<h3 class=\"wp-block-heading\"><strong>Les \u00e9v\u00eaques et les organismes catholiques du Canada lancent une campagne d\u2019aide d\u2019urgence aux victimes du tremblement de terre en Turquie et Syrie &nbsp;<\/strong><\/h3>\n\n\n\n<p>Avec le soutien de la Conf\u00e9rence des \u00e9v\u00eaques catholiques du Canada (CECC), d\u2019Aide \u00e0 l\u2019\u00c9glise en d\u00e9tresse (AED), de Canadian Jesuits International (CJI), de l\u2019Association catholique d\u2019aide \u00e0 l\u2019Orient (CNEWA) Canada et de D\u00e9veloppement et Paix \u2013 Caritas Canada (OCCDP) lancent une campagne d\u2019aide d\u2019urgence en r\u00e9ponse au tremblement de terre destructeur qui a frapp\u00e9 la Turquie et la Syrie lundi. Ils se sont engag\u00e9s \u00e0 verser la somme totale de pr\u00e8s d\u2019un million de dollars canadiens. <a href=\"https:\/\/www.cecc.ca\/communique-de-presse\/les-eveques-et-les-organismes-catholiques-du-canada-lancent-une-campagne-daide-durgence-aux-victimes-du-tremblement-de-terre-en-turquie-et-en-syrie\/\">(Lire la suite\u2026)<\/a><\/p>\n\n\n\n<h3 class=\"wp-block-heading\"><strong>La CECC invite les peuples autochtones \u00e0 continuer de marcher ensemble sur le chemin de la v\u00e9rit\u00e9, de la justice, de la gu\u00e9rison, de la r\u00e9conciliation et de l\u2019esp\u00e9rance &nbsp;<\/strong><\/h3>\n\n\n\n<p>Dans une s\u00e9rie de lettres pastorales adress\u00e9es aux&nbsp;<strong><a rel=\"noreferrer noopener\" href=\"https:\/\/www.cecc.ca\/wp-content\/uploads\/2023\/02\/Lettre-pastorale-aux-Premieres-Nations_Pour-pouvoir-marcher-ensemble_fevrier-2023.pdf\" target=\"_blank\">Premi\u00e8res Nations<\/a><\/strong>, aux&nbsp;<strong><a rel=\"noreferrer noopener\" href=\"https:\/\/www.cecc.ca\/wp-content\/uploads\/2023\/02\/Lettre-pastorale-aux-Inuits-du-Canada_Pour-pouvoir-marcher-ensemble_fevrier-2023.pdf\" target=\"_blank\">Inuits<\/a><\/strong>, aux&nbsp;<strong><a rel=\"noreferrer noopener\" href=\"https:\/\/www.cecc.ca\/wp-content\/uploads\/2023\/02\/Lettre-pastorale-aux-Metis_Pour-pouvoir-marcher-ensemble_fevrier-2023.pdf\" target=\"_blank\">M\u00e9tis<\/a><\/strong>&nbsp;et au&nbsp;<strong><a rel=\"noreferrer noopener\" href=\"https:\/\/www.cecc.ca\/wp-content\/uploads\/2023\/02\/Lettre-pastorale-au-Peuple-de-Dieu-du-Canada_Pour-pouvoir-marcher-ensemble_fevrier-2023.pdf\" target=\"_blank\">Peuple de Dieu du Canada<\/a><\/strong>, la Conf\u00e9rence des \u00e9v\u00eaques catholiques du Canada (CECC) a affirm\u00e9 son engagement continu \u00e0 renouveler et \u00e0 renforcer les relations avec les peuples autochtones aux niveaux national, r\u00e9gional et surtout local<em>.<\/em> <a href=\"https:\/\/www.cecc.ca\/annonce\/la-cecc-invite-les-peuples-autochtones-a-continuer-de-marcher-ensemble-sur-le-chemin-de-la-verite-de-la-justice-de-la-guerison-de-la-reconciliation-et-de-lespoir\/\">(Lire la suite\u2026)<\/a><\/p>\n\n\n\n<hr class=\"wp-block-separator has-alpha-channel-opacity\"\/>\n\n\n\n<h2 class=\"wp-block-heading\"><strong>V\u00c9RIT\u00c9 ET R\u00c9CONCILIATION<\/strong><\/h2>\n\n\n\n<h3 class=\"wp-block-heading\"><strong>Pri\u00e8res algonquines&nbsp;<\/strong><\/h3>\n\n\n\n<p class=\"has-text-align-center\"><strong>Ch\u00ecbay\u00e0tigokewin<\/strong><\/p>\n\n\n\n<p class=\"has-text-align-center\">Le signe de la Croix<\/p>\n\n\n\n<p class=\"has-text-align-center\"><strong>Od\u2019ijinik\u00e0zowining Wekwisisich<\/strong><\/p>\n\n\n\n<p class=\"has-text-align-center\">Au nom du P\u00e8re<\/p>\n\n\n\n<p class=\"has-text-align-center\"><strong>Kaye Weyosich<\/strong><\/p>\n\n\n\n<p class=\"has-text-align-center\">Et du Fils<\/p>\n\n\n\n<p class=\"has-text-align-center\"><strong>Kaye Mino Manido. Kegona k\u00ec ing\u00ec<\/strong><\/p>\n\n\n\n<p class=\"has-text-align-center\">Et du Saint-Esprit.&nbsp; Amen.<\/p>\n\n\n\n<h3 class=\"wp-block-heading\"><strong><strong>Publication de quatre lettres pastorales de la CECC&nbsp;<\/strong><\/strong><\/h3>\n\n\n\n<p>La CECC a publi\u00e9 quatre lettres pastorales sur la r\u00e9conciliation avec les peuples autochtones : les Premi\u00e8res nations, les Inuits, les M\u00e9tis et le Peuple de Dieu au Canada.<\/p>\n\n\n\n<p>Ces lettres pastorales, adopt\u00e9es par les membres de la CECC en session pl\u00e9ni\u00e8re en septembre dernier, sont destin\u00e9es \u00e0 \u00eatre introduites par l&rsquo;Ordinaire du lieu dans son dioc\u00e8se\/\u00e9parchie et \u00e0 servir de cadre pour inspirer les efforts locaux de r\u00e9conciliation.<\/p>\n\n\n\n<p>Vous pouvez consulter les lettres sur le site Internet de la CECC&nbsp;: <a href=\"https:\/\/www.cecc.ca\/peuples-autochtones\/pour-pouvoir-marcher-ensemble-serie-de-lettres-pastorals-2023\/\">https:\/\/www.cecc.ca\/peuples-autochtones\/pour-pouvoir-marcher-ensemble-serie-de-lettres-pastorals-2023\/<\/a><\/p>\n\n\n\n<p>Pour plus de d\u00e9tails, veuillez consulter l&rsquo;annonce dans la section Quoi de neuf du site web de la CECC&nbsp;: <a href=\"https:\/\/na01.safelinks.protection.outlook.com\/?url=https%3A%2F%2Fwww.cecc.ca%2Fannonce%2Fla-cecc-invite-les-peuples-autochtones-a-continuer-de-marcher-ensemble-sur-le-chemin-de-la-verite-de-la-justice-de-la-guerison-de-la-reconciliation-et-de-lespoir%2F&amp;data=05%7C01%7C%7C3bcd5bbe031e4ccbfa5008db0a0859ec%7C84df9e7fe9f640afb435aaaaaaaaaaaa%7C1%7C0%7C638114803204362387%7CUnknown%7CTWFpbGZsb3d8eyJWIjoiMC4wLjAwMDAiLCJQIjoiV2luMzIiLCJBTiI6Ik1haWwiLCJXVCI6Mn0%3D%7C3000%7C%7C%7C&amp;sdata=lJ1UlKlDt9k4MQ2s8SRz5MQEN%2BgBT8EmGkZJFFugOK0%3D&amp;reserved=0\">https:\/\/www.cecc.ca\/annonce\/la-cecc-invite-les-peuples-autochtones-a-continuer-de-marcher-ensemble-sur-le-chemin-de-la-verite-de-la-justice-de-la-guerison-de-la-reconciliation-et-de-lespoir\/<\/a><\/p>\n\n\n\n<hr class=\"wp-block-separator has-alpha-channel-opacity\"\/>\n\n\n\n<h2 class=\"wp-block-heading\"><strong>L\u2019\u00c9QUIPE D\u2019\u00c9VANG\u00c9LISATION<\/strong><\/h2>\n\n\n\n<h3 class=\"wp-block-heading\"><strong>Mise \u00e0 jour de l&rsquo;initiative de pri\u00e8re des Fleurs \u00e9toil\u00e9es de la bienheureuse Catherine&nbsp;<\/strong><\/h3>\n\n\n\n<p>Comme on l&rsquo;a dit, \u00ab&nbsp;Aucune \u0153uvre d&rsquo;\u00e9vang\u00e9lisation ne peut r\u00e9ussir sans une base solide de pri\u00e8re&nbsp;\u00bb. C&rsquo;est vrai, et cela a \u00e9t\u00e9 pris tr\u00e8s au s\u00e9rieux par beaucoup dans tout le dioc\u00e8se. En fait, pr\u00e8s de 300 membres des Fleurs \u00e9toil\u00e9es de la bienheureuse Catherine&nbsp;sont maintenant inscrits sur le site internet du dioc\u00e8se. La plupart de ces membres prient en priv\u00e9, tandis que d&rsquo;autres prient r\u00e9guli\u00e8rement en groupe. Certains groupes se r\u00e9unissent apr\u00e8s la messe dominicale. D&rsquo;autres se r\u00e9unissent une fois par mois et pr\u00e9voient des moments de convivialit\u00e9. Tout cela fait qu\u2019il y a beaucoup de pri\u00e8re !<\/p>\n\n\n\n<p>Allons de l&rsquo;avant avec l&rsquo;espoir et l&rsquo;attente que beaucoup seront amen\u00e9s \u00e0 se rapprocher du Christ et de son \u00c9glise.<\/p>\n\n\n\n<p>Pour beaucoup, la \u00ab&nbsp;Litanie des saints patrons des paroisses du dioc\u00e8se&nbsp;\u00bb, que l&rsquo;on trouve dans le livret de pri\u00e8res, est un favori. Ils seront heureux d&rsquo;apprendre que cette litanie est en cours d&rsquo;impression dans un format \u00e0 deux volets et qu&rsquo;elle sera bient\u00f4t distribu\u00e9e aux paroisses du dioc\u00e8se pour \u00eatre utilis\u00e9e par tous.<\/p>\n\n\n\n<p>Si vous n&rsquo;\u00eates pas encore membre des Fleurs \u00e9toil\u00e9es et que vous souhaitez le devenir, ou si vous avez des questions concernant l&rsquo;initiative de pri\u00e8re, veuillez communiquer avec le bureau de votre paroisse, ou avec Lucile Tourigny (fran\u00e7ais et anglais) au 613 735-0506&nbsp;<a rel=\"noreferrer noopener\" href=\"mailto:toulax@aol.com\" target=\"_blank\">toulux@aol.com<\/a>, ou Mary Doyle (anglais) au 613 756-6643&nbsp;<a rel=\"noreferrer noopener\" href=\"mailto:gmdoyle@gmail.com\" target=\"_blank\">gmdoyle@gmail.com<\/a>.<\/p>\n\n\n\n<hr class=\"wp-block-separator has-alpha-channel-opacity\"\/>\n\n\n\n<h2 class=\"wp-block-heading\"><strong>CAR\u00caME<\/strong><\/h2>\n\n\n\n<h3 class=\"wp-block-heading\"><strong>Chemin de la croix de Marie pour le Car\u00eame \u2013 Un voyage de Car\u00eame \u00e0 travers les yeux de Marie&nbsp;<\/strong><\/h3>\n\n\n\n<p>Ce chemin nous fait traverser le Car\u00eame jusqu\u2019\u00e0 P\u00e2ques. Il commence dans les centres et entre dans le d\u00e9sert de nos vides. Mais notre voyage se poursuit sers la Vie nouvelle et tout le vide se remplit d\u2019Esprit, commen\u00e7ant le 24 f\u00e9vrier \u00e0 18h45.<\/p>\n\n\n\n<p><strong>Zoom: <\/strong><a href=\"https:\/\/us02web.zoom.us\/j\/86321925761?pwd=aVlOdzFoZzJHWjZoaFlTODRVTEwxdz09\">https:\/\/us02web.zoom.us\/j\/86321925761?pwd=aVlOdzFoZzJHWjZoaFlTODRVTEwxdz09<\/a>. Pour plus d&rsquo;informations, veuillez contacter Mike Budge \u00e0 <a href=\"mailto:mike.budge@bell.net\">mike.budge@bell.net<\/a>.<\/p>\n\n\n\n<hr class=\"wp-block-separator has-alpha-channel-opacity\"\/>\n\n\n\n<h2 class=\"wp-block-heading\"><strong>L&rsquo;\u00c9DUCATION DE LA FOI<\/strong><\/h2>\n\n\n\n<h3 class=\"wp-block-heading\"><strong><strong>Annonce importante \u2013 \u00ab&nbsp;\u00c9vang\u00e9liser avec Alpha&nbsp;\u00bb&nbsp;<\/strong><\/strong><\/h3>\n\n\n\n<p>Journ\u00e9e spirituelle pour la communaut\u00e9 francophone<strong>, le 11 mars 2023<\/strong> au Salle des Chevaliers de Colomb, 525 rue Baume, Fort-Coulonge. Inscription \u00e0 9h00. La journ\u00e9e finira \u00e0 13h30. Notre conf\u00e9rencier pour la journ\u00e9e est le P\u00e8re Jean-Hubert Thieffry de Montr\u00e9al Qu\u00e9bec. Co\u00fbt&nbsp;: 15,00$ <strong>(d\u00eener et rafra\u00eechissements sont inclus)<\/strong>. Pour s\u2019inscrire, veuillez contacter le diacre Adrien Chaput au 613 732-7933, poste 206, ou par courriel au <a href=\"mailto:dcadrienchaput@pembrokediocese.com\">dcadrienchaput@pembrokediocese.com<\/a> <strong>avant le 9 mars 2023<\/strong>.<\/p>\n\n\n\n<hr class=\"wp-block-separator has-alpha-channel-opacity\"\/>\n\n\n\n<h2 class=\"wp-block-heading\"><strong>AUTRES \u00c9V\u00c9NEMENTS CATHOLIQUES<\/strong><\/h2>\n\n\n\n<h3 class=\"wp-block-heading\"><strong>La dignit\u00e9 restaur\u00e9e&nbsp;<\/strong><\/h3>\n\n\n\n<p>La crise des abus interpelle vivement nos contemporains sur les itin\u00e9raires possibles de restauration des dignit\u00e9s bafou\u00e9es.<\/p>\n\n\n\n<p>C&rsquo;est pourquoi <strong>le<\/strong> <strong>Centre dominicain d&rsquo;\u00e9thique et de vie spirituelle (et sa chaire \u00c9vangile, th\u00e9ologie et vie) en collaboration avec la Facult\u00e9 de th\u00e9ologie de l&rsquo;Universit\u00e9 de Fribourg (et sa chaire de th\u00e9ologie dogmatique), propose un cycle de conf\u00e9rences gratuites et en ligne <\/strong>ui entend explorer certaines de ces pistes, \u00e0 la crois\u00e9e entre exp\u00e9riences v\u00e9cues, textes bibliques et perspectives th\u00e9ologiques.<\/p>\n\n\n\n<p>La prochaine conf\u00e9rence aura lieu le <strong>samedi 25 f\u00e9vrier 2023 \u00e0 13h30<\/strong> (heure du Qu\u00e9bec et de l&rsquo;Ontario). Elle sera donn\u00e9e par <strong>Michel Gourgues<\/strong>, dominicain, ex\u00e9g\u00e8te du Nouveau Testament, professeur au Coll\u00e8ge Universitaire Dominicain d&rsquo;Ottawa (Canada). Elle aura pour th\u00e8me&nbsp;: \u00ab&nbsp;<strong>Tant\u00f4t au f\u00e9minin, tant\u00f4t au masculin : deux parcours vers la dignit\u00e9 retrouv\u00e9e dans l\u2019\u00e9vangile de Luc.&nbsp;\u00bb<\/strong><\/p>\n\n\n\n<p>Si vous avez d\u00e9j\u00e0 le lien Zoom (le m\u00eame lien pour toutes les conf\u00e9rences du CDEVS), alors il n&rsquo;est pas n\u00e9cessaire de vous inscrire.<\/p>\n\n\n\n<p>Si vous n&rsquo;avez pas le lien Zoom, envoyez tout simplement un courriel \u00e0 <a rel=\"noreferrer noopener\" href=\"mailto:cdevs@udominicaine.ca\" target=\"_blank\">cdevs@udominicaine.ca<\/a> pour le demander.<\/p>\n\n\n\n<h3 class=\"wp-block-heading\"><strong>Conf\u00e9rence<\/strong><\/h3>\n\n\n\n<p>Le CDEVS (Centre Dominicain d&rsquo;\u00c9thique et de Vie Spirituelle) propose des cycles de conf\u00e9rences gratuites en ligne. Le quatri\u00e8me cycle de \u00ab&nbsp;Vivre son dernier souffle&nbsp;: Fin de vie et aide m\u00e9dicale \u00e0 mourir&nbsp;\u00bb sera <strong>le mardi 7 mars 2023 \u00e0 19h30 <\/strong>sur \u00ab&nbsp;Mort de fatigue\u2026 de vivre&nbsp;: Un nouveau crit\u00e8re pour l\u2019aide m\u00e9dicale \u00e0 mourir ?&nbsp;\u00bbpar Didier Caenepeel, o.p. Inscriptions sur <a href=\"mailto:cdevs@udominicaine.ca\">cdevs@udominicaine.ca<\/a>. Un lien Zoom vous sera envoy\u00e9 apr\u00e8s l\u2019inscription. Pour connaitre toute la programmation de CDEVS, rendez-vous sur&nbsp;: <a href=\"http:\/\/www.udominicaine.ca\/cdevs\">www.udominicaine.ca\/cdevs<\/a>.<\/p>\n","protected":false},"excerpt":{"rendered":"<p>Le Fils de l&rsquo;homme est livr\u00e9. Si quelqu&rsquo;un veut \u00eatre le premier, qu&rsquo;il soit le dernier de tous. (Mc 9, 30-37) MESSAGE DE L\u2019\u00c9V\u00caQUE 125\u00e8me anniversaire du dioc\u00e8se de Pembroke&nbsp; Chers Fr\u00e8res et S\u0153urs dans le Christ, En 2023, nous c\u00e9l\u00e9brons avec fiert\u00e9 et joie le 125\u00e8me anniversaire du dioc\u00e8se de Pembroke. Ce jalon historique nous offre l&rsquo;opportunit\u00e9 de remercier l&rsquo;Esprit Saint pour son action et de reconna\u00eetre la gr\u00e2ce continuelle de Dieu dans la vie de notre dioc\u00e8se. (Lire la suite\u2026) DU DIOC\u00c8SE Tremblement de terre en Turquie et en Syrie&nbsp; Des gens se demandent comment ils peuvent aider les victimes du tremblement de terre en Turquie et en Syrie. Voici des liens vers deux organisations d&rsquo;aide catholiques :&nbsp; D\u00e9veloppement et Paix \u2013 Caritas Canada : https:\/\/www.devp.org\/fr\/&nbsp; L&rsquo;Association catholique de bien-\u00eatre du Proche-Orient : https:\/\/cnewa.org\/fr\/&nbsp; Changement d&rsquo;adresse&nbsp; Veuillez noter que la nouvelle adresse postale des bureaux dioc\u00e9sains, qui entrera en vigueur le 22 mars 2023, sera la suivante&nbsp;: 284, chemin Trafalgar, Pembroke, ON K8A 5A8. DE LA CECC Renonciation et nomination \u00e9piscopales pour l\u2019archidioc\u00e8se de Toronto&nbsp; Sa Saintet\u00e9 le pape Fran\u00e7ois a nomm\u00e9&nbsp; Mgr Frank Leo comme onzi\u00e8me archev\u00eaque de Toronto. Au moment de sa nomination, Mgr Leo \u00e9tait \u00e9v\u00eaque auxiliaire \u00e0 l\u2019archidioc\u00e8se de Montr\u00e9al. Il succ\u00e8de au cardinal Thomas Collins, dont la d\u00e9mission a \u00e9t\u00e9 accept\u00e9e par le pape Fran\u00e7ois. Le cardinal Collins a exerc\u00e9 la responsabilit\u00e9 pastorale de l\u2019archidioc\u00e8se de Toronto en tant qu\u2019archev\u00eaque depuis 2007. (Lire la suite\u2026) Les \u00e9v\u00eaques et les organismes catholiques du Canada lancent une campagne d\u2019aide d\u2019urgence aux victimes du tremblement de terre en Turquie et Syrie &nbsp; Avec le soutien de la Conf\u00e9rence des \u00e9v\u00eaques catholiques du Canada (CECC), d\u2019Aide \u00e0 l\u2019\u00c9glise en d\u00e9tresse (AED), de Canadian Jesuits International (CJI), de l\u2019Association catholique d\u2019aide \u00e0 l\u2019Orient (CNEWA) Canada et de D\u00e9veloppement et Paix \u2013 Caritas Canada (OCCDP) lancent une campagne d\u2019aide d\u2019urgence en r\u00e9ponse au tremblement de terre destructeur qui a frapp\u00e9 la Turquie et la Syrie lundi. Ils se sont engag\u00e9s \u00e0 verser la somme totale de pr\u00e8s d\u2019un million de dollars canadiens. (Lire la suite\u2026) La CECC invite les peuples autochtones \u00e0 continuer de marcher ensemble sur le chemin de la v\u00e9rit\u00e9, de la justice, de la gu\u00e9rison, de la r\u00e9conciliation et de l\u2019esp\u00e9rance &nbsp; Dans une s\u00e9rie de lettres pastorales adress\u00e9es aux&nbsp;Premi\u00e8res Nations, aux&nbsp;Inuits, aux&nbsp;M\u00e9tis&nbsp;et au&nbsp;Peuple de Dieu du Canada, la Conf\u00e9rence des \u00e9v\u00eaques catholiques du Canada (CECC) a affirm\u00e9 son engagement continu \u00e0 renouveler et \u00e0 renforcer les relations avec les peuples autochtones aux niveaux national, r\u00e9gional et surtout local. (Lire la suite\u2026) V\u00c9RIT\u00c9 ET R\u00c9CONCILIATION Pri\u00e8res algonquines&nbsp; Ch\u00ecbay\u00e0tigokewin Le signe de la Croix Od\u2019ijinik\u00e0zowining Wekwisisich Au nom du P\u00e8re Kaye Weyosich Et du Fils Kaye Mino Manido. Kegona k\u00ec ing\u00ec Et du Saint-Esprit.&nbsp; Amen. Publication de quatre lettres pastorales de la CECC&nbsp; La CECC a publi\u00e9 quatre lettres pastorales sur la r\u00e9conciliation avec les peuples autochtones : les Premi\u00e8res nations, les Inuits, les M\u00e9tis et le Peuple de Dieu au Canada. Ces lettres pastorales, adopt\u00e9es par les membres de la CECC en session pl\u00e9ni\u00e8re en septembre dernier, sont destin\u00e9es \u00e0 \u00eatre introduites par l&rsquo;Ordinaire du lieu [&hellip;]<\/p>\n","protected":false},"author":10,"featured_media":3815,"comment_status":"closed","ping_status":"closed","sticky":false,"template":"","format":"standard","meta":{"_monsterinsights_skip_tracking":false,"_monsterinsights_sitenote_active":false,"_monsterinsights_sitenote_note":"","_monsterinsights_sitenote_category":0,"footnotes":"","_links_to":"","_links_to_target":""},"categories":[83,113],"tags":[],"class_list":["post-11849","post","type-post","status-publish","format-standard","has-post-thumbnail","hentry","category-article","category-bulletin"],"post_mailing_queue_ids":[],"_links":{"self":[{"href":"https:\/\/pembrokediocese.com\/fr\/wp-json\/wp\/v2\/posts\/11849","targetHints":{"allow":["GET"]}}],"collection":[{"href":"https:\/\/pembrokediocese.com\/fr\/wp-json\/wp\/v2\/posts"}],"about":[{"href":"https:\/\/pembrokediocese.com\/fr\/wp-json\/wp\/v2\/types\/post"}],"author":[{"embeddable":true,"href":"https:\/\/pembrokediocese.com\/fr\/wp-json\/wp\/v2\/users\/10"}],"replies":[{"embeddable":true,"href":"https:\/\/pembrokediocese.com\/fr\/wp-json\/wp\/v2\/comments?post=11849"}],"version-history":[{"count":2,"href":"https:\/\/pembrokediocese.com\/fr\/wp-json\/wp\/v2\/posts\/11849\/revisions"}],"predecessor-version":[{"id":11851,"href":"https:\/\/pembrokediocese.com\/fr\/wp-json\/wp\/v2\/posts\/11849\/revisions\/11851"}],"wp:featuredmedia":[{"embeddable":true,"href":"https:\/\/pembrokediocese.com\/fr\/wp-json\/wp\/v2\/media\/3815"}],"wp:attachment":[{"href":"https:\/\/pembrokediocese.com\/fr\/wp-json\/wp\/v2\/media?parent=11849"}],"wp:term":[{"taxonomy":"category","embeddable":true,"href":"https:\/\/pembrokediocese.com\/fr\/wp-json\/wp\/v2\/categories?post=11849"},{"taxonomy":"post_tag","embeddable":true,"href":"https:\/\/pembrokediocese.com\/fr\/wp-json\/wp\/v2\/tags?post=11849"}],"curies":[{"name":"wp","href":"https:\/\/api.w.org\/{rel}","templated":true}]}}