{"id":11953,"date":"2023-02-28T10:53:42","date_gmt":"2023-02-28T15:53:42","guid":{"rendered":"https:\/\/pembrokediocese.com\/?p=11953"},"modified":"2023-02-28T10:56:47","modified_gmt":"2023-02-28T15:56:47","slug":"bulletin-hebdomadaire-le-28-fevrier-2023-ferie","status":"publish","type":"post","link":"https:\/\/pembrokediocese.com\/fr\/article\/bulletin-hebdomadaire-le-28-fevrier-2023-ferie\/","title":{"rendered":"BULLETIN HEBDOMADAIRE  &#8211; le 28 f\u00e9vrier 2023 (F\u00e9rie)"},"content":{"rendered":"\n<hr class=\"wp-block-separator has-alpha-channel-opacity\"\/>\n\n\n\n<h4 class=\"wp-block-heading\"><strong><i><a href=\"mailto:reception@pembrokediocese.com?subject=Abonnez-vous au bulletin hebdomadaire&amp;amp;body=Bonjour, je souhaite m'abonner au Bulletin Hebdomadaire s'il vous plait. Merci.\"><img loading=\"lazy\" decoding=\"async\" class=\"alignright wp-image-8004\" src=\"https:\/\/pembrokediocese.com\/wp-content\/uploads\/subscribe-banner-fr-200x205.png\" alt=\"\" width=\"124\" height=\"127\" srcset=\"https:\/\/pembrokediocese.com\/wp-content\/uploads\/subscribe-banner-fr-200x205.png 200w, https:\/\/pembrokediocese.com\/wp-content\/uploads\/subscribe-banner-fr-768x785.png 768w, https:\/\/pembrokediocese.com\/wp-content\/uploads\/subscribe-banner-fr.png 840w\" sizes=\"(max-width: 124px) 100vw, 124px\" \/><\/a><\/i><\/strong><\/h4>\n\n\n\n<h1 class=\"wp-block-heading\"><strong><em>Vous donc, priez ainsi.<\/em><\/strong><\/h1>\n\n\n\n<h3 class=\"wp-block-heading\"><strong>(Mt 6, 7-15)<\/strong><\/h3>\n\n\n\n<hr class=\"wp-block-separator has-alpha-channel-opacity\"\/>\n\n\n\n<h2 class=\"wp-block-heading\"><strong>MESSAGE DE L\u2019\u00c9V\u00caQUE<\/strong><\/h2>\n\n\n\n<h3 class=\"wp-block-heading\"><strong>125<sup>\u00e8me<\/sup> anniversaire du dioc\u00e8se de Pembroke&nbsp;<\/strong><\/h3>\n\n\n\n<p>Chers Fr\u00e8res et S\u0153urs dans le Christ,<\/p>\n\n\n\n<p>En 2023, nous c\u00e9l\u00e9brons avec fiert\u00e9 et joie le 125\u00e8me anniversaire du dioc\u00e8se de Pembroke. Ce jalon historique nous offre l&rsquo;opportunit\u00e9 de remercier l&rsquo;Esprit Saint pour son action et de reconna\u00eetre la gr\u00e2ce continuelle de Dieu dans la vie de notre dioc\u00e8se. <a href=\"https:\/\/pembrokediocese.com\/fr\/lettres-pastorale\/125eme-anniversaire-du-diocese-de-pembroke\/\">(Lire la suite\u2026)<\/a><\/p>\n\n\n\n<hr class=\"wp-block-separator has-alpha-channel-opacity\"\/>\n\n\n\n<h2 class=\"wp-block-heading\"><strong>DU DIOC\u00c8SE<\/strong><\/h2>\n\n\n\n<h3 class=\"wp-block-heading\"><strong>Tremblement de terre en Turquie et en Syrie&nbsp;<\/strong><\/h3>\n\n\n\n<p>Des gens se demandent comment ils peuvent aider les victimes du tremblement de terre en Turquie et en Syrie. Voici des liens vers deux organisations d&rsquo;aide catholiques :&nbsp;<\/p>\n\n\n\n<p>D\u00e9veloppement et Paix \u2013 Caritas Canada : <a href=\"https:\/\/www.devp.org\/fr\/\">https:\/\/www.devp.org\/fr\/<\/a><em>&nbsp;<\/em><\/p>\n\n\n\n<p>L&rsquo;Association catholique de bien-\u00eatre du Proche-Orient : <a href=\"https:\/\/cnewa.org\/fr\/\">https:\/\/cnewa.org\/fr\/<\/a>&nbsp;<\/p>\n\n\n\n<h3 class=\"wp-block-heading\"><strong>Changement d&rsquo;adresse&nbsp;<\/strong><\/h3>\n\n\n\n<p>Veuillez noter que la nouvelle adresse postale des bureaux dioc\u00e9sains, qui entrera <strong>en vigueur le 22 mars 2023<\/strong>, sera la suivante&nbsp;: 284, chemin Trafalgar, Pembroke, ON K8A 5A8.<\/p>\n\n\n\n<hr class=\"wp-block-separator has-alpha-channel-opacity\"\/>\n\n\n\n<h2 class=\"wp-block-heading\"><strong>DE LA CECC<\/strong><\/h2>\n\n\n\n<h3 class=\"wp-block-heading\"><strong><strong>L\u2019\u00e9quipe continentale de r\u00e9daction de la CECC et de l\u2019USCCB \u00e9labore le document final pour le \u00ab&nbsp;Synode sur la synodalit\u00e9&nbsp;\u00bb lors d\u2019une session de retraite \u00e0 Orlando \u2013 mardi le 21 f\u00e9vrier 2023&nbsp;<\/strong><\/strong><\/h3>\n\n\n\n<p>\u00c0 Orlando, en Floride, dans le cadre du cheminement synodal en Am\u00e9rique du Nord, une \u00e9quipe de r\u00e9daction mixte form\u00e9e de personnes qui ont \u00e9t\u00e9 nomm\u00e9es par la Conf\u00e9rence des \u00e9v\u00eaques catholiques du Canada (CECC) et la Conf\u00e9rence des \u00e9v\u00eaques catholiques des \u00c9tats-Unis (USCCB) a travaill\u00e9 en commun sur le&nbsp;document final pour l\u2019Am\u00e9rique du Nord&nbsp;de l\u2019\u00e9tape continentale. <a href=\"https:\/\/www.cecc.ca\/communique-de-presse\/lequipe-continentale-de-redaction-de-la-cecc-et-de-lusccb-elabore-le-document-final-pour-le-synode-sur-la-synodalite-lors-dune-session-de-retraite-a-orlando\/\">(Lire la suite\u2026)<\/a><\/p>\n\n\n\n<h3 class=\"wp-block-heading\"><strong>Les \u00e9v\u00eaques concluent la retraite de l\u2019\u00e9quipe de r\u00e9daction continentale pour l\u2019Am\u00e9rique du Nord&nbsp;: porter dans son pri\u00e8re la communion eccl\u00e9siale \u2013 mercredi le 22 f\u00e9vrier 2023&nbsp;<\/strong><\/h3>\n\n\n\n<p>WASHINGTON \u2013 Le vendredi 17 f\u00e9vrier 2023, l\u2019\u00e9quipe synodale nord-am\u00e9ricaine, men\u00e9e par des \u00e9v\u00eaques du Canada et des \u00c9tats-Unis, a conclu une retraite d\u2019une semaine tenue pour prier, discerner et synth\u00e9tiser les r\u00e9flexions et les contributions entendues pendant l\u2019\u00e9tape continentale nord-am\u00e9ricaine du Synode sur la synodalit\u00e9 2021-2024. Les membres de l\u2019\u00e9quipe synodale nord-am\u00e9ricaine, form\u00e9e de 8 \u00e9v\u00eaques, 3 femmes et 2 hommes la\u00efcs, 2 pr\u00eatres et 2 religieuses, se sont r\u00e9unis \u00e0 Orlando en Floride, pour synth\u00e9tiser la r\u00e9ponse du Peuple de Dieu des \u00c9tats-Unis et du Canada au&nbsp;<strong><u><a href=\"https:\/\/www.synod.va\/content\/dam\/synod\/common\/phases\/continental-stage\/dcs\/Documento-Tappa-Continentale-FR.pdf\">Document de travail pour l\u2019\u00e9tape continentale<\/a><\/u><\/strong>&nbsp;publi\u00e9 en octobre 2022 par le Secr\u00e9tariat g\u00e9n\u00e9ral du Synode du Saint-Si\u00e8ge. <a href=\"https:\/\/www.cecc.ca\/communique-de-presse\/les-eveques-concluent-la-retraite-de-lequipe-de-redaction-continentale-pour-lamerique-du-nord-porter-dans-notre-priere-la-communion-ecclesiale\/\">(Lire la suite\u2026)<\/a><\/p>\n\n\n\n<h3 class=\"wp-block-heading\"><strong>Renonciation et nomination \u00e9piscopale pour le dioc\u00e8se de Gasp\u00e9 \u2013 jeudi, f\u00e9vrier 23, 2023&nbsp;&nbsp;<\/strong><\/h3>\n\n\n\n<p>Sa Saintet\u00e9 le pape Fran\u00e7ois a nomm\u00e9 M. l\u2019Abb\u00e9 Claude Lamoureux comme dixi\u00e8me \u00e9v\u00eaque de Gasp\u00e9. Au moment de sa nomination, l\u2019\u00e9v\u00eaque-\u00e9lu \u00e9tait le vicaire g\u00e9n\u00e9ral et mod\u00e9rateur du dioc\u00e8se de Saint-Hyacinthe. Il succ\u00e8de \u00e0 Mgr Ga\u00e9tan Proulx, O.S.M., dont la renonciation a \u00e9t\u00e9 accept\u00e9e par le pape Fran\u00e7ois. Mgr Proulx exer\u00e7ait la responsabilit\u00e9 pastorale du dioc\u00e8se de Gasp\u00e9 depuis 2016. <a href=\"https:\/\/www.cecc.ca\/annonce\/renonciation-et-nomination-episcopale-pour-le-diocese-de-gaspe\/\">(Lire la suite\u2026)<\/a><\/p>\n\n\n\n<hr class=\"wp-block-separator has-alpha-channel-opacity\"\/>\n\n\n\n<h2 class=\"wp-block-heading\"><strong>V\u00c9RIT\u00c9 ET R\u00c9CONCILIATION<\/strong><\/h2>\n\n\n\n<h3 class=\"wp-block-heading\"><strong>Pri\u00e8res algonquines&nbsp;<\/strong><\/h3>\n\n\n\n<p class=\"has-text-align-center\"><strong><em>Kije Manido Weyosimindj<\/em><\/strong><\/p>\n\n\n\n<p class=\"has-text-align-center\"><em>Le Notre P\u00e8re<\/em><\/p>\n\n\n\n<p class=\"has-text-align-center\"><strong><em>Wenidj\u00e0nisimiyang, w\u00e0kwing eb\u00ecyen, kegona kichitw\u00e0w\u00ecdjig\u00e0dek kid-ijinik\u00e0zowin,<\/em><\/strong><\/p>\n\n\n\n<p class=\"has-text-align-center\"><em>Notre P\u00e8re, qui est aux cieux, que Ton Nom soit sanctifi\u00e9<\/em><\/p>\n\n\n\n<p class=\"has-text-align-center\"><strong>Kegona p\u00ecdj-ij\u00e0magak k\u00ec-tibeningewin, kegona iji-pabamit\u00e0gon aking ing\u00ec w\u00e0kwing.<\/strong><\/p>\n\n\n\n<p class=\"has-text-align-center\"><em>Que Ton r\u00e8gne vienne, que Ta volont\u00e9 soit faite sur la terre comme au ciel.<\/em><\/p>\n\n\n\n<p class=\"has-text-align-center\"><strong>Ni-pakwejiganimin\u00e0n neningok\u00ecjik<\/strong><\/p>\n\n\n\n<p class=\"has-text-align-center\"><em>Notre pain chaque jour,<\/em><\/p>\n\n\n\n<p class=\"has-text-align-center\"><strong>Eji-manes\u00ecyang m\u00ecjishin\u00e0m nongom ong\u00e0jigak.<\/strong><\/p>\n\n\n\n<p class=\"has-text-align-center\"><em>Ce qui nous manque nous donne ce jour.<\/em><\/p>\n\n\n\n<p class=\"has-text-align-center\"><strong>Kaye iji-wanisitamawishin\u00e0m inigik eji-wanisitamwangidj<\/strong><\/p>\n\n\n\n<p class=\"has-text-align-center\"><em>Et nous enlever tout ce que nous avons retenu<\/em><\/p>\n\n\n\n<p class=\"has-text-align-center\"><strong>Aw\u00ecya k\u00e0-nishk\u00ecyamindjin.<\/strong><\/p>\n\n\n\n<p class=\"has-text-align-center\"><em>De quelqu\u2019un qui nous a mis en col\u00e8re.<\/em><\/p>\n\n\n\n<p class=\"has-text-align-center\"><strong>Kaye k\u00e0win pagidenimishkangen kegon w\u00e0-pajiwinigoyangin;<\/strong><\/p>\n\n\n\n<p class=\"has-text-align-center\"><em>Et ne nous soumet pas \u00e0 la tentation<\/em><\/p>\n\n\n\n<p class=\"has-text-align-center\"><strong>Tayagodj adjich-inimanawishin\u00e0m may\u00e0n\u00e0dak. Kegona k\u00ec-ing\u00ec.<\/strong><\/p>\n\n\n\n<p class=\"has-text-align-center\"><em>Mais d\u00e9livre-nous du mal. Amen.<\/em><\/p>\n\n\n\n<hr class=\"wp-block-separator has-alpha-channel-opacity\"\/>\n\n\n\n<h2 class=\"wp-block-heading\"><strong>L\u2019\u00c9QUIPE D\u2019\u00c9VANG\u00c9LISATION<\/strong><\/h2>\n\n\n\n<h3 class=\"wp-block-heading\"><strong>Sous le couvert des t\u00e9n\u00e8bres, une force puissante est \u00e0 l\u2019\u0153uvre<\/strong><\/h3>\n\n\n\n<p><em>Par Pierre-Alain Giffard, directeur de la pastorale dioc\u00e9saine&nbsp;<\/em><\/p>\n\n\n\n<p>Le Car\u00eame est une p\u00e9riode de 40 jours traditionnellement marqu\u00e9e par le je\u00fbne, la pri\u00e8re et l\u2019aum\u00f4ne. C\u2019est un temps de r\u00e9flexion sur le sacrifice de J\u00e9sus Christ et de pr\u00e9paration spirituelle \u00e0 la c\u00e9l\u00e9bration de Sa r\u00e9surrection. Cependant, le Car\u00eame est \u00e9galement un temps de combat spirituel.<em> <\/em><a href=\"https:\/\/pembrokediocese.com\/fr\/article\/une-force-puissante-est-a-loeuvre\/\">(Lire la suite\u2026)<\/a><\/p>\n\n\n\n<h3 class=\"wp-block-heading\"><strong>Mise \u00e0 jour de l&rsquo;initiative de pri\u00e8re des Fleurs \u00e9toil\u00e9es de la bienheureuse Catherine&nbsp;<\/strong><\/h3>\n\n\n\n<p>Comme on l&rsquo;a dit, \u00ab&nbsp;Aucune \u0153uvre d&rsquo;\u00e9vang\u00e9lisation ne peut r\u00e9ussir sans une base solide de pri\u00e8re&nbsp;\u00bb. C&rsquo;est vrai, et cela a \u00e9t\u00e9 pris tr\u00e8s au s\u00e9rieux par beaucoup dans tout le dioc\u00e8se. En fait, pr\u00e8s de 300 membres des Fleurs \u00e9toil\u00e9es de la bienheureuse Catherine&nbsp;sont maintenant inscrits sur le site internet du dioc\u00e8se. La plupart de ces membres prient en priv\u00e9, tandis que d&rsquo;autres prient r\u00e9guli\u00e8rement en groupe. Certains groupes se r\u00e9unissent apr\u00e8s la messe dominicale. D&rsquo;autres se r\u00e9unissent une fois par mois et pr\u00e9voient des moments de convivialit\u00e9. Tout cela fait qu\u2019il y a beaucoup de pri\u00e8re !<\/p>\n\n\n\n<p>Allons de l&rsquo;avant avec l&rsquo;espoir et l&rsquo;attente que beaucoup seront amen\u00e9s \u00e0 se rapprocher du Christ et de son \u00c9glise.<\/p>\n\n\n\n<p>Pour beaucoup, la \u00ab&nbsp;Litanie des saints patrons des paroisses du dioc\u00e8se&nbsp;\u00bb, que l&rsquo;on trouve dans le livret de pri\u00e8res, est un favori. Ils seront heureux d&rsquo;apprendre que cette litanie est en cours d&rsquo;impression dans un format \u00e0 deux volets et qu&rsquo;elle sera bient\u00f4t distribu\u00e9e aux paroisses du dioc\u00e8se pour \u00eatre utilis\u00e9e par tous.<\/p>\n\n\n\n<p>Si vous n&rsquo;\u00eates pas encore membre des Fleurs \u00e9toil\u00e9es et que vous souhaitez le devenir, ou si vous avez des questions concernant l&rsquo;initiative de pri\u00e8re, veuillez communiquer avec le bureau de votre paroisse, ou avec Lucile Tourigny (fran\u00e7ais et anglais) au 613 735-0506&nbsp;<a rel=\"noreferrer noopener\" href=\"mailto:toulax@aol.com\" target=\"_blank\">toulux@aol.com<\/a>, ou Mary Doyle (anglais) au 613 756-6643&nbsp;<a rel=\"noreferrer noopener\" href=\"mailto:gmdoyle@gmail.com\" target=\"_blank\">gmdoyle@gmail.com<\/a>.<\/p>\n\n\n\n<hr class=\"wp-block-separator has-alpha-channel-opacity\"\/>\n\n\n\n<h2 class=\"wp-block-heading\"><strong>CAR\u00caME<\/strong><\/h2>\n\n\n\n<h3 class=\"wp-block-heading\"><strong>La CECC pr\u00e9sente \u00ab&nbsp;Cheminer ensemble durant le temps de Car\u00eame 2023&nbsp;\u00bb&nbsp;<\/strong><\/h3>\n\n\n\n<p>En ce Mercredi des cendres, une r\u00e9flexion sur l\u2019entr\u00e9e en car\u00eame comme une invitation \u00e0 se joindre au projet du Christ, o\u00f9 l\u2019amour est le principal moteur de la conversion.<\/p>\n\n\n\n<p>En ce premier dimanche, une r\u00e9flexion sur la fr\u00e9quentation de la Parole de Dieu comme source \u00e0 laquelle puiser la force de r\u00e9sister aux tentations.<\/p>\n\n\n\n<p>Les vid\u00e9os peuvent \u00eatre consult\u00e9es <a href=\"https:\/\/www.cecc.ca\/evangelisation-catechese-et-education\/ressources-video\/cheminer-ensemble-durant-le-temps-du-careme-2023\/\">ici<\/a>.<\/p>\n\n\n\n<h3 class=\"wp-block-heading\"><strong>Chemin de la croix de Marie pour le Car\u00eame \u2013 Un voyage de Car\u00eame \u00e0 travers les yeux de Marie&nbsp;<\/strong><\/h3>\n\n\n\n<p>Ce chemin nous fait traverser le Car\u00eame jusqu\u2019\u00e0 P\u00e2ques. Il commence dans les centres et entre dans le d\u00e9sert de nos vides. Mais notre voyage se poursuit sers la Vie nouvelle et tout le vide se remplit d\u2019Esprit.  <strong>Prochaine date&nbsp;: vendredi &nbsp;le 3 mars \u00e0 18h45.<\/strong><\/p>\n\n\n\n<p><strong>Zoom: <\/strong><a href=\"https:\/\/us02web.zoom.us\/j\/86321925761?pwd=aVlOdzFoZzJHWjZoaFlTODRVTEwxdz09\">https:\/\/us02web.zoom.us\/j\/86321925761?pwd=aVlOdzFoZzJHWjZoaFlTODRVTEwxdz09<\/a>. Pour plus d&rsquo;informations, veuillez contacter Mike Budge \u00e0 <a href=\"mailto:mike.budge@bell.net\">mike.budge@bell.net<\/a>.<\/p>\n\n\n\n<hr class=\"wp-block-separator has-alpha-channel-opacity\"\/>\n\n\n\n<h2 class=\"wp-block-heading\"><strong>L&rsquo;\u00c9DUCATION DE LA FOI<\/strong><\/h2>\n\n\n\n<h3 class=\"wp-block-heading\"><strong>ANNONCE IMPORTANTE&nbsp;<\/strong><\/h3>\n\n\n\n<p>La journ\u00e9e spirituelle \u00ab&nbsp;\u00c9vang\u00e9liser avec Alpha&nbsp;\u00bb pour la communaut\u00e9 francophone est malheureusement <strong>annul\u00e9e<\/strong>. Nous esp\u00e9rons nous r\u00e9unir \u00e0 nouveau dans le futur. Pour plus d&rsquo;informations, vous pouvez contacter le diacre Adrien Chaput au 613 732-7933, poste 206 ou par courriel \u00e0 l&rsquo;adresse suivante <a href=\"mailto:dcadrienchaput@pembrokediocese.com\">dcadrienchaput@pembrokediocese.com<\/a>. Nous vous remercions de votre compr\u00e9hension.<\/p>\n\n\n\n<hr class=\"wp-block-separator has-alpha-channel-opacity\"\/>\n\n\n\n<h2 class=\"wp-block-heading\"><strong>AUTRES \u00c9V\u00c9NEMENTS CATHOLIQUES<\/strong><\/h2>\n\n\n\n<h3 class=\"wp-block-heading\"><strong>La dignit\u00e9 restaur\u00e9e&nbsp;<\/strong><\/h3>\n\n\n\n<p>La crise des abus interpelle vivement nos contemporains sur les itin\u00e9raires possibles de restauration des dignit\u00e9s bafou\u00e9es.<\/p>\n\n\n\n<p>C&rsquo;est pourquoi <strong>le<\/strong> <strong>Centre dominicain d&rsquo;\u00e9thique et de vie spirituelle (et sa chaire \u00c9vangile, th\u00e9ologie et vie) en collaboration avec la Facult\u00e9 de th\u00e9ologie de l&rsquo;Universit\u00e9 de Fribourg (et sa chaire de th\u00e9ologie dogmatique), propose un cycle de conf\u00e9rences gratuites et en ligne <\/strong>ui entend explorer certaines de ces pistes, \u00e0 la crois\u00e9e entre exp\u00e9riences v\u00e9cues, textes bibliques et perspectives th\u00e9ologiques.<\/p>\n\n\n\n<p>La prochaine conf\u00e9rence aura lieu le <strong>samedi 18 mars 2023 \u00e0 13h30<\/strong> (heure du Qu\u00e9bec et de l&rsquo;Ontario). Elle sera donn\u00e9e par Marie de Lovinfosse (Li\u00e8ge). Elle aura pour th\u00e8me&nbsp;: <strong>\u00ab&nbsp;Me reconnaitre digne de confiance : le t\u00e9moignage de Paul.&nbsp;\u00bb<\/strong><\/p>\n\n\n\n<p>Si vous avez d\u00e9j\u00e0 le lien Zoom (le m\u00eame lien pour toutes les conf\u00e9rences du CDEVS), alors il n&rsquo;est pas n\u00e9cessaire de vous inscrire.<\/p>\n\n\n\n<p>Si vous n&rsquo;avez pas le lien Zoom, envoyez tout simplement un courriel \u00e0 <a rel=\"noreferrer noopener\" href=\"mailto:cdevs@udominicaine.ca\" target=\"_blank\">cdevs@udominicaine.ca<\/a> pour le demander.<\/p>\n\n\n\n<h3 class=\"wp-block-heading\"><strong>Conf\u00e9rence<\/strong><\/h3>\n\n\n\n<p>Le CDEVS (Centre Dominicain d&rsquo;\u00c9thique et de Vie Spirituelle) propose des cycles de conf\u00e9rences gratuites en ligne. Le quatri\u00e8me cycle de \u00ab&nbsp;Vivre son dernier souffle&nbsp;: Fin de vie et aide m\u00e9dicale \u00e0 mourir&nbsp;\u00bb sera <strong>le mardi 7 mars 2023 \u00e0 19h30 <\/strong>sur \u00ab&nbsp;Mort de fatigue\u2026 de vivre&nbsp;: Un nouveau crit\u00e8re pour l\u2019aide m\u00e9dicale \u00e0 mourir ?&nbsp;\u00bbpar Didier Caenepeel, o.p. Inscriptions sur <a href=\"mailto:cdevs@udominicaine.ca\">cdevs@udominicaine.ca<\/a>. Un lien Zoom vous sera envoy\u00e9 apr\u00e8s l\u2019inscription. Pour connaitre toute la programmation de CDEVS, rendez-vous sur&nbsp;: <a href=\"http:\/\/www.udominicaine.ca\/cdevs\">www.udominicaine.ca\/cdevs<\/a>.<\/p>\n\n\n\n<hr class=\"wp-block-separator has-alpha-channel-opacity\"\/>\n\n\n\n<h2 class=\"wp-block-heading\"><strong>AUTRES<\/strong><\/h2>\n\n\n\n<h3 class=\"wp-block-heading\"><strong>Un an apr\u00e8s l&rsquo;invasion russe, les Canadiens ont fait don de plus de 5,8 millions de dollars \u00e0 CNEWA Canada&nbsp;<\/strong><\/h3>\n\n\n\n<p>Il y a un an, l&rsquo;invasion russe de l&rsquo;Ukraine a transform\u00e9 le pays, affectant profond\u00e9ment les personnes qui y vivent. Gr\u00e2ce \u00e0 la g\u00e9n\u00e9rosit\u00e9 des Canadiens, la Catholic Near East Welfare Association (CNEWA Canada) et ses partenaires sur le terrain en Ukraine ont contribu\u00e9 \u00e0 prot\u00e9ger et \u00e0 aider les familles ukrainiennes.<\/p>\n\n\n\n<p>Les partenaires de CNEWA sur le terrain ont pu fournir des services d&rsquo;urgence et un soutien humanitaire et pastoral aux Ukrainiens en offrant des soins, des fournitures m\u00e9dicales, de la nourriture, des v\u00eatements et des abris aux personnes d\u00e9plac\u00e9es, aux personnes \u00e2g\u00e9es et aux malades, ainsi que des programmes \u00e9ducatifs et un soutien aux pr\u00eatres locaux.<\/p>\n\n\n\n<p>Veuillez lire le communiqu\u00e9 de presse<a href=\"https:\/\/cnewa.org\/fr\/activites\/ukraine\/\"> ici<\/a>.<\/p>\n\n\n\n<p>Le rapport complet de la campagne est disponible en anglais ici : <a href=\"https:\/\/bit.ly\/3KvjeeC\">https:\/\/bit.ly\/3KvjeeC<\/a>.<\/p>\n","protected":false},"excerpt":{"rendered":"<p>Vous donc, priez ainsi. (Mt 6, 7-15) MESSAGE DE L\u2019\u00c9V\u00caQUE 125\u00e8me anniversaire du dioc\u00e8se de Pembroke&nbsp; Chers Fr\u00e8res et S\u0153urs dans le Christ, En 2023, nous c\u00e9l\u00e9brons avec fiert\u00e9 et joie le 125\u00e8me anniversaire du dioc\u00e8se de Pembroke. Ce jalon historique nous offre l&rsquo;opportunit\u00e9 de remercier l&rsquo;Esprit Saint pour son action et de reconna\u00eetre la gr\u00e2ce continuelle de Dieu dans la vie de notre dioc\u00e8se. (Lire la suite\u2026) DU DIOC\u00c8SE Tremblement de terre en Turquie et en Syrie&nbsp; Des gens se demandent comment ils peuvent aider les victimes du tremblement de terre en Turquie et en Syrie. Voici des liens vers deux organisations d&rsquo;aide catholiques :&nbsp; D\u00e9veloppement et Paix \u2013 Caritas Canada : https:\/\/www.devp.org\/fr\/&nbsp; L&rsquo;Association catholique de bien-\u00eatre du Proche-Orient : https:\/\/cnewa.org\/fr\/&nbsp; Changement d&rsquo;adresse&nbsp; Veuillez noter que la nouvelle adresse postale des bureaux dioc\u00e9sains, qui entrera en vigueur le 22 mars 2023, sera la suivante&nbsp;: 284, chemin Trafalgar, Pembroke, ON K8A 5A8. DE LA CECC L\u2019\u00e9quipe continentale de r\u00e9daction de la CECC et de l\u2019USCCB \u00e9labore le document final pour le \u00ab&nbsp;Synode sur la synodalit\u00e9&nbsp;\u00bb lors d\u2019une session de retraite \u00e0 Orlando \u2013 mardi le 21 f\u00e9vrier 2023&nbsp; \u00c0 Orlando, en Floride, dans le cadre du cheminement synodal en Am\u00e9rique du Nord, une \u00e9quipe de r\u00e9daction mixte form\u00e9e de personnes qui ont \u00e9t\u00e9 nomm\u00e9es par la Conf\u00e9rence des \u00e9v\u00eaques catholiques du Canada (CECC) et la Conf\u00e9rence des \u00e9v\u00eaques catholiques des \u00c9tats-Unis (USCCB) a travaill\u00e9 en commun sur le&nbsp;document final pour l\u2019Am\u00e9rique du Nord&nbsp;de l\u2019\u00e9tape continentale. (Lire la suite\u2026) Les \u00e9v\u00eaques concluent la retraite de l\u2019\u00e9quipe de r\u00e9daction continentale pour l\u2019Am\u00e9rique du Nord&nbsp;: porter dans son pri\u00e8re la communion eccl\u00e9siale \u2013 mercredi le 22 f\u00e9vrier 2023&nbsp; WASHINGTON \u2013 Le vendredi 17 f\u00e9vrier 2023, l\u2019\u00e9quipe synodale nord-am\u00e9ricaine, men\u00e9e par des \u00e9v\u00eaques du Canada et des \u00c9tats-Unis, a conclu une retraite d\u2019une semaine tenue pour prier, discerner et synth\u00e9tiser les r\u00e9flexions et les contributions entendues pendant l\u2019\u00e9tape continentale nord-am\u00e9ricaine du Synode sur la synodalit\u00e9 2021-2024. Les membres de l\u2019\u00e9quipe synodale nord-am\u00e9ricaine, form\u00e9e de 8 \u00e9v\u00eaques, 3 femmes et 2 hommes la\u00efcs, 2 pr\u00eatres et 2 religieuses, se sont r\u00e9unis \u00e0 Orlando en Floride, pour synth\u00e9tiser la r\u00e9ponse du Peuple de Dieu des \u00c9tats-Unis et du Canada au&nbsp;Document de travail pour l\u2019\u00e9tape continentale&nbsp;publi\u00e9 en octobre 2022 par le Secr\u00e9tariat g\u00e9n\u00e9ral du Synode du Saint-Si\u00e8ge. (Lire la suite\u2026) Renonciation et nomination \u00e9piscopale pour le dioc\u00e8se de Gasp\u00e9 \u2013 jeudi, f\u00e9vrier 23, 2023&nbsp;&nbsp; Sa Saintet\u00e9 le pape Fran\u00e7ois a nomm\u00e9 M. l\u2019Abb\u00e9 Claude Lamoureux comme dixi\u00e8me \u00e9v\u00eaque de Gasp\u00e9. Au moment de sa nomination, l\u2019\u00e9v\u00eaque-\u00e9lu \u00e9tait le vicaire g\u00e9n\u00e9ral et mod\u00e9rateur du dioc\u00e8se de Saint-Hyacinthe. Il succ\u00e8de \u00e0 Mgr Ga\u00e9tan Proulx, O.S.M., dont la renonciation a \u00e9t\u00e9 accept\u00e9e par le pape Fran\u00e7ois. Mgr Proulx exer\u00e7ait la responsabilit\u00e9 pastorale du dioc\u00e8se de Gasp\u00e9 depuis 2016. (Lire la suite\u2026) V\u00c9RIT\u00c9 ET R\u00c9CONCILIATION Pri\u00e8res algonquines&nbsp; Kije Manido Weyosimindj Le Notre P\u00e8re Wenidj\u00e0nisimiyang, w\u00e0kwing eb\u00ecyen, kegona kichitw\u00e0w\u00ecdjig\u00e0dek kid-ijinik\u00e0zowin, Notre P\u00e8re, qui est aux cieux, que Ton Nom soit sanctifi\u00e9 Kegona p\u00ecdj-ij\u00e0magak k\u00ec-tibeningewin, kegona iji-pabamit\u00e0gon aking ing\u00ec w\u00e0kwing. Que Ton r\u00e8gne vienne, que Ta volont\u00e9 soit faite sur la terre comme au ciel. Ni-pakwejiganimin\u00e0n neningok\u00ecjik Notre pain chaque jour, Eji-manes\u00ecyang m\u00ecjishin\u00e0m [&hellip;]<\/p>\n","protected":false},"author":10,"featured_media":3815,"comment_status":"closed","ping_status":"closed","sticky":false,"template":"","format":"standard","meta":{"_monsterinsights_skip_tracking":false,"_monsterinsights_sitenote_active":false,"_monsterinsights_sitenote_note":"","_monsterinsights_sitenote_category":0,"footnotes":"","_links_to":"","_links_to_target":""},"categories":[83,113],"tags":[],"class_list":["post-11953","post","type-post","status-publish","format-standard","has-post-thumbnail","hentry","category-article","category-bulletin"],"post_mailing_queue_ids":[],"_links":{"self":[{"href":"https:\/\/pembrokediocese.com\/fr\/wp-json\/wp\/v2\/posts\/11953","targetHints":{"allow":["GET"]}}],"collection":[{"href":"https:\/\/pembrokediocese.com\/fr\/wp-json\/wp\/v2\/posts"}],"about":[{"href":"https:\/\/pembrokediocese.com\/fr\/wp-json\/wp\/v2\/types\/post"}],"author":[{"embeddable":true,"href":"https:\/\/pembrokediocese.com\/fr\/wp-json\/wp\/v2\/users\/10"}],"replies":[{"embeddable":true,"href":"https:\/\/pembrokediocese.com\/fr\/wp-json\/wp\/v2\/comments?post=11953"}],"version-history":[{"count":3,"href":"https:\/\/pembrokediocese.com\/fr\/wp-json\/wp\/v2\/posts\/11953\/revisions"}],"predecessor-version":[{"id":11956,"href":"https:\/\/pembrokediocese.com\/fr\/wp-json\/wp\/v2\/posts\/11953\/revisions\/11956"}],"wp:featuredmedia":[{"embeddable":true,"href":"https:\/\/pembrokediocese.com\/fr\/wp-json\/wp\/v2\/media\/3815"}],"wp:attachment":[{"href":"https:\/\/pembrokediocese.com\/fr\/wp-json\/wp\/v2\/media?parent=11953"}],"wp:term":[{"taxonomy":"category","embeddable":true,"href":"https:\/\/pembrokediocese.com\/fr\/wp-json\/wp\/v2\/categories?post=11953"},{"taxonomy":"post_tag","embeddable":true,"href":"https:\/\/pembrokediocese.com\/fr\/wp-json\/wp\/v2\/tags?post=11953"}],"curies":[{"name":"wp","href":"https:\/\/api.w.org\/{rel}","templated":true}]}}