{"id":11996,"date":"2023-03-07T13:40:44","date_gmt":"2023-03-07T18:40:44","guid":{"rendered":"https:\/\/pembrokediocese.com\/?p=11996"},"modified":"2023-03-07T13:43:36","modified_gmt":"2023-03-07T18:43:36","slug":"bulletin-hebdomadaire-le-7-mars-2023-ferie","status":"publish","type":"post","link":"https:\/\/pembrokediocese.com\/fr\/article\/bulletin-hebdomadaire-le-7-mars-2023-ferie\/","title":{"rendered":"BULLETIN HEBDOMADAIRE  &#8211; le 7 mars 2023 (F\u00e9rie)"},"content":{"rendered":"\n<hr class=\"wp-block-separator has-alpha-channel-opacity\"\/>\n\n\n\n<h4 class=\"wp-block-heading\"><strong><i><a href=\"mailto:reception@pembrokediocese.com?subject=Abonnez-vous au bulletin hebdomadaire&amp;amp;body=Bonjour, je souhaite m'abonner au Bulletin Hebdomadaire s'il vous plait. Merci.\"><img loading=\"lazy\" decoding=\"async\" class=\"alignright wp-image-8004\" src=\"https:\/\/pembrokediocese.com\/wp-content\/uploads\/subscribe-banner-fr-200x205.png\" alt=\"\" width=\"124\" height=\"127\" srcset=\"https:\/\/pembrokediocese.com\/wp-content\/uploads\/subscribe-banner-fr-200x205.png 200w, https:\/\/pembrokediocese.com\/wp-content\/uploads\/subscribe-banner-fr-768x785.png 768w, https:\/\/pembrokediocese.com\/wp-content\/uploads\/subscribe-banner-fr.png 840w\" sizes=\"(max-width: 124px) 100vw, 124px\" \/><\/a><\/i><\/strong><\/h4>\n\n\n\n<h1 class=\"wp-block-heading\"><strong><em>Ils disent et ne font pas.<\/em><\/strong><\/h1>\n\n\n\n<h3 class=\"wp-block-heading\"><strong>(Mt 23, 1-12)<\/strong><\/h3>\n\n\n\n<hr class=\"wp-block-separator has-alpha-channel-opacity\"\/>\n\n\n\n<h2 class=\"wp-block-heading\"><strong>DU DIOC\u00c8SE<\/strong><\/h2>\n\n\n\n<h3 class=\"wp-block-heading\"><strong>Changement d&rsquo;adresse&nbsp;<\/strong><\/h3>\n\n\n\n<p>Veuillez noter que la nouvelle adresse postale des bureaux dioc\u00e9sains, qui entrera <strong>en vigueur le 22 mars 2023<\/strong>, sera la suivante&nbsp;: 284, chemin Trafalgar, Pembroke, ON K8A 5A8.<\/p>\n\n\n\n<hr class=\"wp-block-separator has-alpha-channel-opacity\"\/>\n\n\n\n<h2 class=\"wp-block-heading\"><strong>DE LA CECC<\/strong><\/h2>\n\n\n\n<h3 class=\"wp-block-heading\"><strong>Les \u00e9v\u00eaques concluent la retraite de l\u2019\u00e9quipe de r\u00e9daction continentale pour l\u2019Am\u00e9rique du Nord&nbsp;: porter dans son pri\u00e8re la communion eccl\u00e9siale&nbsp;<\/strong><\/h3>\n\n\n\n<p>WASHINGTON \u2013 Le vendredi 17 f\u00e9vrier 2023, l\u2019\u00e9quipe synodale nord-am\u00e9ricaine, men\u00e9e par des \u00e9v\u00eaques du Canada et des \u00c9tats-Unis, a conclu une retraite d\u2019une semaine tenue pour prier, discerner et synth\u00e9tiser les r\u00e9flexions et les contributions entendues pendant l\u2019\u00e9tape continentale nord-am\u00e9ricaine du Synode sur la synodalit\u00e9 2021-2024. Les membres de l\u2019\u00e9quipe synodale nord-am\u00e9ricaine, form\u00e9e de 8 \u00e9v\u00eaques, 3 femmes et 2 hommes la\u00efcs, 2 pr\u00eatres et 2 religieuses, se sont r\u00e9unis \u00e0 Orlando en Floride, pour synth\u00e9tiser la r\u00e9ponse du Peuple de Dieu des \u00c9tats-Unis et du Canada au&nbsp;<strong><u><a href=\"https:\/\/www.synod.va\/content\/dam\/synod\/common\/phases\/continental-stage\/dcs\/Documento-Tappa-Continentale-FR.pdf\">Document de travail pour l\u2019\u00e9tape continentale<\/a><\/u><\/strong>&nbsp;publi\u00e9 en octobre 2022 par le Secr\u00e9tariat g\u00e9n\u00e9ral du Synode du Saint-Si\u00e8ge. <a href=\"https:\/\/www.cecc.ca\/communique-de-presse\/les-eveques-concluent-la-retraite-de-lequipe-de-redaction-continentale-pour-lamerique-du-nord-porter-dans-notre-priere-la-communion-ecclesiale\/\">(Lire la suite\u2026)<\/a><\/p>\n\n\n\n<hr class=\"wp-block-separator has-alpha-channel-opacity\"\/>\n\n\n\n<h2 class=\"wp-block-heading\"><strong>V\u00c9RIT\u00c9 ET R\u00c9CONCILIATION<\/strong><\/h2>\n\n\n\n<h3 class=\"wp-block-heading\"><strong>Pri\u00e8res algonquines&nbsp;<\/strong><\/h3>\n\n\n\n<p class=\"has-text-align-center\"><strong><em>Anamikaw\u00e0d\u00e0 Kitchitw\u00e0-M\u00e0n\u00ec<\/em><\/strong><\/p>\n\n\n\n<p class=\"has-text-align-center\"><em>Salue Marie<\/em><\/p>\n\n\n\n<p class=\"has-text-align-center\"><strong><em>Kid-anamikon M\u00e0n\u00ec, mweshkineshk\u00e0goyan kichitw\u00e0 onijish\u00ecwewin,<\/em><\/strong><\/p>\n\n\n\n<p class=\"has-text-align-center\"><em>Salue, Marie, pleine de gr\u00e2ce,<\/em><\/p>\n\n\n\n<p class=\"has-text-align-center\"><strong><em>Kiji Manido ke-m\u00e0maw\u00echidim;<\/em><\/strong><\/p>\n\n\n\n<p class=\"has-text-align-center\"><em>Le Seigneur est avec vous<\/em><\/p>\n\n\n\n<p class=\"has-text-align-center\"><strong><em>Kakina endachiw\u00e0dj ikwewag k\u00ecn awashamenj ki-kichitw\u00e0w\u00ecnigo,<\/em><\/strong><\/p>\n\n\n\n<p class=\"has-text-align-center\"><em>Vous \u00eates b\u00e9nie entre toutes les femmes,<\/em><\/p>\n\n\n\n<p class=\"has-text-align-center\"><strong><em>Kaye kichitw\u00e0w\u00ecn\u00e0 Jesos k\u00e0 anishin\u00e0bew\u00ecdizodj k\u00ec-wiyawing,<\/em><\/strong><\/p>\n\n\n\n<p class=\"has-text-align-center\"><em>Et Jesus, le fruit de vos entrailles, est b\u00e9ni.<\/em><\/p>\n\n\n\n<p class=\"has-text-align-center\"><strong><em>Kichitw\u00e0-M\u00e0n\u00ec, Kije Manido wekwisisimadj<\/em><\/strong><\/p>\n\n\n\n<p class=\"has-text-align-center\"><em>Sainte Marie, m\u00e8re de Dieu,<\/em><\/p>\n\n\n\n<p class=\"has-text-align-center\"><strong><em>Gaganodamawishin\u00e0m net\u00e0-p\u00e0t\u00e0diyang<\/em><\/strong><\/p>\n\n\n\n<p class=\"has-text-align-center\"><em>Priez pour nous, p\u00e9cheurs,<\/em><\/p>\n\n\n\n<p class=\"has-text-align-center\"><strong><em>Nongom kaye w\u00ec-niboyang, gaganodamawishin\u00e0m. Kegona k\u00ec-ing\u00ec.<\/em><\/strong><\/p>\n\n\n\n<p class=\"has-text-align-center\"><em>Maintenant et \u00e0 notre mort.<\/em><em> Amen.<\/em><\/p>\n\n\n\n<hr class=\"wp-block-separator has-alpha-channel-opacity\"\/>\n\n\n\n<h2 class=\"wp-block-heading\"><strong>L\u2019\u00c9QUIPE D\u2019\u00c9VANG\u00c9LISATION<\/strong><\/h2>\n\n\n\n<h3 class=\"wp-block-heading\"><strong>Vivre une vie d\u2019amour&nbsp;: Le\u00e7ons du Nouveau Testament<\/strong><\/h3>\n\n\n\n<p><em>Par Pierre-Alain Giffard, directeur de la pastorale dioc\u00e9saine&nbsp;<\/em><\/p>\n\n\n\n<p>Le Nouveau Testament est la parole de Dieu et renferme un tr\u00e9sor de sagesse et de conseils. Il nous enseigne que l\u2019amour est un choix qui consiste \u00e0 traiter les autres avec gentillesse, compassion et respect. Aimer signifie que nous reconnaissons la valeur et la dignit\u00e9 intrins\u00e8ques de chaque individu, quelle que soit son origine ou sa croyance, et que nous agissons en cons\u00e9quence. En aimant ainsi, nous d\u00e9montrons la nature m\u00eame de Dieu et notre volont\u00e9 d\u2019\u00e9tablir des relations solides et significatives avec les autres.<em> <\/em><a href=\"https:\/\/pembrokediocese.com\/fr\/article\/article-evangeliser-avec-amour-et-pour-lamour\/\">(Lire la suite\u2026)<\/a>.<\/p>\n\n\n\n<hr class=\"wp-block-separator has-alpha-channel-opacity\"\/>\n\n\n\n<h2 class=\"wp-block-heading\"><strong>LE SAINT-SI\u00c8GE<\/strong><\/h2>\n\n\n\n<h3 class=\"wp-block-heading\"><strong>Intention de pri\u00e8re du Saint-P\u00e8re pour le mois de mars 2023&nbsp;<\/strong><\/h3>\n\n\n\n<p><strong>Pour les victimes d\u2019abus <\/strong>\u2013 Prions pour tous ceux qui souffrent \u00e0 cause du mal subi par des membres de la communaut\u00e9 eccl\u00e9siale&nbsp;: afin qu\u2019ils puissent trouver dans l\u2019\u00c9glise elle-m\u00eame une r\u00e9ponse concr\u00e8te \u00e0 leur douleur et \u00e0 leur souffrance.<\/p>\n\n\n\n<hr class=\"wp-block-separator has-alpha-channel-opacity\"\/>\n\n\n\n<h2 class=\"wp-block-heading\"><strong>CAR\u00caME<\/strong><\/h2>\n\n\n\n<h3 class=\"wp-block-heading\"><strong>La CECC pr\u00e9sente \u00ab&nbsp;Cheminer ensemble durant le temps de Car\u00eame 2023&nbsp;\u00bb&nbsp;<\/strong><\/h3>\n\n\n\n<p>En ce deuxi\u00e8me dimanche&nbsp;: une invitation \u00e0 quitter notre zone de confort et \u00e0 discerner l\u2019essentiel de notre vie de foi, en nous mettant \u00e0 l\u2019\u00e9coute de celui qui a fait resplendir la vie et l\u2019immortalit\u00e9.<\/p>\n\n\n\n<p>Les vid\u00e9os peuvent \u00eatre consult\u00e9es <a href=\"https:\/\/www.cecc.ca\/evangelisation-catechese-et-education\/ressources-video\/cheminer-ensemble-durant-le-temps-du-careme-2023\/\">ici<\/a>.<\/p>\n\n\n\n<h3 class=\"wp-block-heading\"><strong>Chemin de la croix de Marie pour le Car\u00eame \u2013 Un voyage de Car\u00eame \u00e0 travers les yeux de Marie&nbsp;<\/strong><\/h3>\n\n\n\n<p>Ce chemin nous fait traverser le Car\u00eame jusqu\u2019\u00e0 P\u00e2ques. Il commence dans les centres et entre dans le d\u00e9sert de nos vides. Mais notre voyage se poursuit sers la Vie nouvelle et tout le vide se remplit d\u2019Esprit.  <strong>Prochaine date&nbsp;: vendredi &nbsp;le 10 mars \u00e0 18h45.<\/strong><\/p>\n\n\n\n<p><strong>Zoom: <\/strong><a href=\"https:\/\/us02web.zoom.us\/j\/86321925761?pwd=aVlOdzFoZzJHWjZoaFlTODRVTEwxdz09\">https:\/\/us02web.zoom.us\/j\/86321925761?pwd=aVlOdzFoZzJHWjZoaFlTODRVTEwxdz09<\/a>. Pour plus d&rsquo;informations, veuillez contacter Mike Budge \u00e0 <a href=\"mailto:mike.budge@bell.net\">mike.budge@bell.net<\/a>.<\/p>\n\n\n\n<hr class=\"wp-block-separator has-alpha-channel-opacity\"\/>\n\n\n\n<h2 class=\"wp-block-heading\"><strong>L&rsquo;\u00c9DUCATION DE LA FOI<\/strong><\/h2>\n\n\n\n<h3 class=\"wp-block-heading\"><strong>ANNONCE IMPORTANTE&nbsp;<\/strong><\/h3>\n\n\n\n<p>La journ\u00e9e spirituelle \u00ab&nbsp;\u00c9vang\u00e9liser avec Alpha&nbsp;\u00bb pour la communaut\u00e9 francophone est malheureusement <strong>annul\u00e9e<\/strong>. Nous esp\u00e9rons nous r\u00e9unir \u00e0 nouveau dans le futur. Pour plus d&rsquo;informations, vous pouvez contacter le diacre Adrien Chaput au 613 732-7933, poste 206 ou par courriel \u00e0 l&rsquo;adresse suivante <a href=\"mailto:dcadrienchaput@pembrokediocese.com\">dcadrienchaput@pembrokediocese.com<\/a>. Nous vous remercions de votre compr\u00e9hension.<\/p>\n\n\n\n<hr class=\"wp-block-separator has-alpha-channel-opacity\"\/>\n\n\n\n<h2 class=\"wp-block-heading\"><strong>AUTRES \u00c9V\u00c9NEMENTS CATHOLIQUES<\/strong><\/h2>\n\n\n\n<h3 class=\"wp-block-heading\"><strong>La dignit\u00e9 restaur\u00e9e&nbsp;<\/strong><\/h3>\n\n\n\n<p>La crise des abus interpelle vivement nos contemporains sur les itin\u00e9raires possibles de restauration des dignit\u00e9s bafou\u00e9es.<\/p>\n\n\n\n<p>C&rsquo;est pourquoi <strong>le<\/strong> <strong>Centre dominicain d&rsquo;\u00e9thique et de vie spirituelle (et sa chaire \u00c9vangile, th\u00e9ologie et vie) en collaboration avec la Facult\u00e9 de th\u00e9ologie de l&rsquo;Universit\u00e9 de Fribourg (et sa chaire de th\u00e9ologie dogmatique), propose un cycle de conf\u00e9rences gratuites et en ligne <\/strong>ui entend explorer certaines de ces pistes, \u00e0 la crois\u00e9e entre exp\u00e9riences v\u00e9cues, textes bibliques et perspectives th\u00e9ologiques.<\/p>\n\n\n\n<p>La prochaine conf\u00e9rence aura lieu le <strong>samedi 18 mars 2023 \u00e0 13h30<\/strong> (heure du Qu\u00e9bec et de l&rsquo;Ontario). Elle sera donn\u00e9e par Marie de Lovinfosse (Li\u00e8ge). Elle aura pour th\u00e8me&nbsp;: <strong>\u00ab&nbsp;Me reconnaitre digne de confiance : le t\u00e9moignage de Paul.&nbsp;\u00bb<\/strong><\/p>\n\n\n\n<p>Si vous avez d\u00e9j\u00e0 le lien Zoom (le m\u00eame lien pour toutes les conf\u00e9rences du CDEVS), alors il n&rsquo;est pas n\u00e9cessaire de vous inscrire.<\/p>\n\n\n\n<p>Si vous n&rsquo;avez pas le lien Zoom, envoyez tout simplement un courriel \u00e0 <a rel=\"noreferrer noopener\" href=\"mailto:cdevs@udominicaine.ca\" target=\"_blank\">cdevs@udominicaine.ca<\/a> pour le demander.<\/p>\n\n\n\n<h3 class=\"wp-block-heading\"><strong>Conf\u00e9rence<\/strong><\/h3>\n\n\n\n<p>Le CDEVS (Centre Dominicain d&rsquo;\u00c9thique et de Vie Spirituelle) propose des cycles de conf\u00e9rences gratuites en ligne. Le quatri\u00e8me cycle de \u00ab&nbsp;Vivre son dernier souffle&nbsp;: Fin de vie et aide m\u00e9dicale \u00e0 mourir&nbsp;\u00bb sera <strong>le mardi 7 mars 2023 \u00e0 19h30 <\/strong>sur \u00ab&nbsp;Mort de fatigue\u2026 de vivre&nbsp;: Un nouveau crit\u00e8re pour l\u2019aide m\u00e9dicale \u00e0 mourir ?&nbsp;\u00bbpar Didier Caenepeel, o.p. Inscriptions sur <a href=\"mailto:cdevs@udominicaine.ca\">cdevs@udominicaine.ca<\/a>. Un lien Zoom vous sera envoy\u00e9 apr\u00e8s l\u2019inscription. Pour connaitre toute la programmation de CDEVS, rendez-vous sur&nbsp;: <a href=\"http:\/\/www.udominicaine.ca\/cdevs\">www.udominicaine.ca\/cdevs<\/a>.<\/p>\n\n\n\n<hr class=\"wp-block-separator has-alpha-channel-opacity\"\/>\n\n\n\n<h2 class=\"wp-block-heading\"><strong>AUTRES<\/strong><\/h2>\n\n\n\n<h3 class=\"wp-block-heading\"><strong>Un an apr\u00e8s l&rsquo;invasion russe, les Canadiens ont fait don de plus de 5,8 millions de dollars \u00e0 CNEWA Canada&nbsp;<\/strong><\/h3>\n\n\n\n<p>Il y a un an, l&rsquo;invasion russe de l&rsquo;Ukraine a transform\u00e9 le pays, affectant profond\u00e9ment les personnes qui y vivent. Gr\u00e2ce \u00e0 la g\u00e9n\u00e9rosit\u00e9 des Canadiens, la Catholic Near East Welfare Association (CNEWA Canada) et ses partenaires sur le terrain en Ukraine ont contribu\u00e9 \u00e0 prot\u00e9ger et \u00e0 aider les familles ukrainiennes.<\/p>\n\n\n\n<p>Les partenaires de CNEWA sur le terrain ont pu fournir des services d&rsquo;urgence et un soutien humanitaire et pastoral aux Ukrainiens en offrant des soins, des fournitures m\u00e9dicales, de la nourriture, des v\u00eatements et des abris aux personnes d\u00e9plac\u00e9es, aux personnes \u00e2g\u00e9es et aux malades, ainsi que des programmes \u00e9ducatifs et un soutien aux pr\u00eatres locaux.<\/p>\n\n\n\n<p>Veuillez lire le communiqu\u00e9 de presse<a href=\"https:\/\/cnewa.org\/fr\/activites\/ukraine\/\"> ici<\/a>.<\/p>\n\n\n\n<p>Le rapport complet de la campagne est disponible en anglais ici : <a href=\"https:\/\/bit.ly\/3KvjeeC\">https:\/\/bit.ly\/3KvjeeC<\/a>.<\/p>\n","protected":false},"excerpt":{"rendered":"<p>Ils disent et ne font pas. (Mt 23, 1-12) DU DIOC\u00c8SE Changement d&rsquo;adresse&nbsp; Veuillez noter que la nouvelle adresse postale des bureaux dioc\u00e9sains, qui entrera en vigueur le 22 mars 2023, sera la suivante&nbsp;: 284, chemin Trafalgar, Pembroke, ON K8A 5A8. DE LA CECC Les \u00e9v\u00eaques concluent la retraite de l\u2019\u00e9quipe de r\u00e9daction continentale pour l\u2019Am\u00e9rique du Nord&nbsp;: porter dans son pri\u00e8re la communion eccl\u00e9siale&nbsp; WASHINGTON \u2013 Le vendredi 17 f\u00e9vrier 2023, l\u2019\u00e9quipe synodale nord-am\u00e9ricaine, men\u00e9e par des \u00e9v\u00eaques du Canada et des \u00c9tats-Unis, a conclu une retraite d\u2019une semaine tenue pour prier, discerner et synth\u00e9tiser les r\u00e9flexions et les contributions entendues pendant l\u2019\u00e9tape continentale nord-am\u00e9ricaine du Synode sur la synodalit\u00e9 2021-2024. Les membres de l\u2019\u00e9quipe synodale nord-am\u00e9ricaine, form\u00e9e de 8 \u00e9v\u00eaques, 3 femmes et 2 hommes la\u00efcs, 2 pr\u00eatres et 2 religieuses, se sont r\u00e9unis \u00e0 Orlando en Floride, pour synth\u00e9tiser la r\u00e9ponse du Peuple de Dieu des \u00c9tats-Unis et du Canada au&nbsp;Document de travail pour l\u2019\u00e9tape continentale&nbsp;publi\u00e9 en octobre 2022 par le Secr\u00e9tariat g\u00e9n\u00e9ral du Synode du Saint-Si\u00e8ge. (Lire la suite\u2026) V\u00c9RIT\u00c9 ET R\u00c9CONCILIATION Pri\u00e8res algonquines&nbsp; Anamikaw\u00e0d\u00e0 Kitchitw\u00e0-M\u00e0n\u00ec Salue Marie Kid-anamikon M\u00e0n\u00ec, mweshkineshk\u00e0goyan kichitw\u00e0 onijish\u00ecwewin, Salue, Marie, pleine de gr\u00e2ce, Kiji Manido ke-m\u00e0maw\u00echidim; Le Seigneur est avec vous Kakina endachiw\u00e0dj ikwewag k\u00ecn awashamenj ki-kichitw\u00e0w\u00ecnigo, Vous \u00eates b\u00e9nie entre toutes les femmes, Kaye kichitw\u00e0w\u00ecn\u00e0 Jesos k\u00e0 anishin\u00e0bew\u00ecdizodj k\u00ec-wiyawing, Et Jesus, le fruit de vos entrailles, est b\u00e9ni. Kichitw\u00e0-M\u00e0n\u00ec, Kije Manido wekwisisimadj Sainte Marie, m\u00e8re de Dieu, Gaganodamawishin\u00e0m net\u00e0-p\u00e0t\u00e0diyang Priez pour nous, p\u00e9cheurs, Nongom kaye w\u00ec-niboyang, gaganodamawishin\u00e0m. Kegona k\u00ec-ing\u00ec. Maintenant et \u00e0 notre mort. Amen. L\u2019\u00c9QUIPE D\u2019\u00c9VANG\u00c9LISATION Vivre une vie d\u2019amour&nbsp;: Le\u00e7ons du Nouveau Testament Par Pierre-Alain Giffard, directeur de la pastorale dioc\u00e9saine&nbsp; Le Nouveau Testament est la parole de Dieu et renferme un tr\u00e9sor de sagesse et de conseils. Il nous enseigne que l\u2019amour est un choix qui consiste \u00e0 traiter les autres avec gentillesse, compassion et respect. Aimer signifie que nous reconnaissons la valeur et la dignit\u00e9 intrins\u00e8ques de chaque individu, quelle que soit son origine ou sa croyance, et que nous agissons en cons\u00e9quence. En aimant ainsi, nous d\u00e9montrons la nature m\u00eame de Dieu et notre volont\u00e9 d\u2019\u00e9tablir des relations solides et significatives avec les autres. (Lire la suite\u2026). LE SAINT-SI\u00c8GE Intention de pri\u00e8re du Saint-P\u00e8re pour le mois de mars 2023&nbsp; Pour les victimes d\u2019abus \u2013 Prions pour tous ceux qui souffrent \u00e0 cause du mal subi par des membres de la communaut\u00e9 eccl\u00e9siale&nbsp;: afin qu\u2019ils puissent trouver dans l\u2019\u00c9glise elle-m\u00eame une r\u00e9ponse concr\u00e8te \u00e0 leur douleur et \u00e0 leur souffrance. CAR\u00caME La CECC pr\u00e9sente \u00ab&nbsp;Cheminer ensemble durant le temps de Car\u00eame 2023&nbsp;\u00bb&nbsp; En ce deuxi\u00e8me dimanche&nbsp;: une invitation \u00e0 quitter notre zone de confort et \u00e0 discerner l\u2019essentiel de notre vie de foi, en nous mettant \u00e0 l\u2019\u00e9coute de celui qui a fait resplendir la vie et l\u2019immortalit\u00e9. Les vid\u00e9os peuvent \u00eatre consult\u00e9es ici. Chemin de la croix de Marie pour le Car\u00eame \u2013 Un voyage de Car\u00eame \u00e0 travers les yeux de Marie&nbsp; Ce chemin nous fait traverser le Car\u00eame jusqu\u2019\u00e0 P\u00e2ques. Il commence dans les centres et entre dans le d\u00e9sert de nos vides. Mais notre voyage se poursuit sers la Vie nouvelle [&hellip;]<\/p>\n","protected":false},"author":10,"featured_media":3815,"comment_status":"closed","ping_status":"closed","sticky":false,"template":"","format":"standard","meta":{"_monsterinsights_skip_tracking":false,"_monsterinsights_sitenote_active":false,"_monsterinsights_sitenote_note":"","_monsterinsights_sitenote_category":0,"footnotes":"","_links_to":"","_links_to_target":""},"categories":[83,113],"tags":[],"class_list":["post-11996","post","type-post","status-publish","format-standard","has-post-thumbnail","hentry","category-article","category-bulletin"],"post_mailing_queue_ids":[],"_links":{"self":[{"href":"https:\/\/pembrokediocese.com\/fr\/wp-json\/wp\/v2\/posts\/11996","targetHints":{"allow":["GET"]}}],"collection":[{"href":"https:\/\/pembrokediocese.com\/fr\/wp-json\/wp\/v2\/posts"}],"about":[{"href":"https:\/\/pembrokediocese.com\/fr\/wp-json\/wp\/v2\/types\/post"}],"author":[{"embeddable":true,"href":"https:\/\/pembrokediocese.com\/fr\/wp-json\/wp\/v2\/users\/10"}],"replies":[{"embeddable":true,"href":"https:\/\/pembrokediocese.com\/fr\/wp-json\/wp\/v2\/comments?post=11996"}],"version-history":[{"count":3,"href":"https:\/\/pembrokediocese.com\/fr\/wp-json\/wp\/v2\/posts\/11996\/revisions"}],"predecessor-version":[{"id":11999,"href":"https:\/\/pembrokediocese.com\/fr\/wp-json\/wp\/v2\/posts\/11996\/revisions\/11999"}],"wp:featuredmedia":[{"embeddable":true,"href":"https:\/\/pembrokediocese.com\/fr\/wp-json\/wp\/v2\/media\/3815"}],"wp:attachment":[{"href":"https:\/\/pembrokediocese.com\/fr\/wp-json\/wp\/v2\/media?parent=11996"}],"wp:term":[{"taxonomy":"category","embeddable":true,"href":"https:\/\/pembrokediocese.com\/fr\/wp-json\/wp\/v2\/categories?post=11996"},{"taxonomy":"post_tag","embeddable":true,"href":"https:\/\/pembrokediocese.com\/fr\/wp-json\/wp\/v2\/tags?post=11996"}],"curies":[{"name":"wp","href":"https:\/\/api.w.org\/{rel}","templated":true}]}}