{"id":12025,"date":"2023-03-14T09:52:12","date_gmt":"2023-03-14T13:52:12","guid":{"rendered":"https:\/\/pembrokediocese.com\/?p=12025"},"modified":"2023-03-14T09:53:59","modified_gmt":"2023-03-14T13:53:59","slug":"bulletin-hebdomadaire-le-14-mars-2023-ferie","status":"publish","type":"post","link":"https:\/\/pembrokediocese.com\/fr\/article\/bulletin-hebdomadaire-le-14-mars-2023-ferie\/","title":{"rendered":"BULLETIN HEBDOMADAIRE  &#8211; le 14 mars 2023 (F\u00e9rie)"},"content":{"rendered":"\n<hr class=\"wp-block-separator has-alpha-channel-opacity\"\/>\n\n\n\n<h4 class=\"wp-block-heading\"><strong><i><a href=\"mailto:reception@pembrokediocese.com?subject=Abonnez-vous au bulletin hebdomadaire&amp;amp;body=Bonjour, je souhaite m'abonner au Bulletin Hebdomadaire s'il vous plait. Merci.\"><img loading=\"lazy\" decoding=\"async\" class=\"alignright wp-image-8004\" src=\"https:\/\/pembrokediocese.com\/wp-content\/uploads\/subscribe-banner-fr-200x205.png\" alt=\"\" width=\"124\" height=\"127\" srcset=\"https:\/\/pembrokediocese.com\/wp-content\/uploads\/subscribe-banner-fr-200x205.png 200w, https:\/\/pembrokediocese.com\/wp-content\/uploads\/subscribe-banner-fr-768x785.png 768w, https:\/\/pembrokediocese.com\/wp-content\/uploads\/subscribe-banner-fr.png 840w\" sizes=\"(max-width: 124px) 100vw, 124px\" \/><\/a><\/i><\/strong><\/h4>\n\n\n\n<h1 class=\"wp-block-heading\"><strong><em>C&rsquo;est ainsi que mon P\u00e8re du ciel vous traitera, si chacun de vous ne pardonne pas \u00e0 son fr\u00e8re.<\/em><\/strong><\/h1>\n\n\n\n<h3 class=\"wp-block-heading\"><strong>(Mt 18, 21-35)<\/strong><\/h3>\n\n\n\n<hr class=\"wp-block-separator has-alpha-channel-opacity\"\/>\n\n\n\n<h2 class=\"wp-block-heading\"><strong>DU DIOC\u00c8SE<\/strong><\/h2>\n\n\n\n<h3 class=\"wp-block-heading\"><strong>Changement d&rsquo;adresse&nbsp;<\/strong><\/h3>\n\n\n\n<p>Veuillez noter que la nouvelle adresse postale des bureaux dioc\u00e9sains, qui entrera <strong>en vigueur le 22 mars 2023<\/strong>, sera la suivante&nbsp;: 284, chemin Trafalgar, Pembroke, ON K8A 5A8.<\/p>\n\n\n\n<hr class=\"wp-block-separator has-alpha-channel-opacity\"\/>\n\n\n\n<h2 class=\"wp-block-heading\"><strong>DE LA CECC<\/strong><\/h2>\n\n\n\n<h3 class=\"wp-block-heading\"><strong>Nomination de Son \u00c9minence M. le cardinal G\u00e9rald Cyprien Lacroix au Conseil des cardinaux reconstitu\u00e9 du Saint-Si\u00e8ge \u2013 jeudi, mars 9, 2023&nbsp;<\/strong><\/h3>\n\n\n\n<p>Dans un communiqu\u00e9 de presse publi\u00e9 le mardi 7 mars 2023, le Saint-Si\u00e8ge a annonc\u00e9 que Sa Saintet\u00e9 le Pape Fran\u00e7ois a reconstitu\u00e9 le Conseil des cardinaux du Saint-Si\u00e8ge. Son \u00c9minence M.&nbsp;le cardinal G\u00e9rald Cyprien Lacroix, archev\u00eaque de Qu\u00e9bec et primat du Canada, a \u00e9t\u00e9 nomm\u00e9 comme l\u2019un des neuf membres du nouveau Conseil des cardinaux.<\/p>\n\n\n\n<p>Le Conseil des cardinaux a \u00e9t\u00e9 cr\u00e9\u00e9 par le pape Fran\u00e7ois en 2013 pour conseiller le Saint-P\u00e8re sur la mani\u00e8re de gouverner l\u2019\u00c9glise. Il est compos\u00e9 du Pape et de neuf cardinaux. Le Conseil a \u00e9galement \u00e9t\u00e9 fond\u00e9 dans le but, notamment, de r\u00e9viser la Curie romaine, ce qui a \u00e9t\u00e9 accompli avec la nouvelle Constitution apostolique \u00ab&nbsp;Praedicate Evangelium&nbsp;\u00bb publi\u00e9e le 19 mars de l\u2019ann\u00e9e derni\u00e8re.<\/p>\n\n\n\n<p>Pour \u00e0 savoir davantage sur cette nomination, voir l\u2019article publi\u00e9 par&nbsp;Vatican News&nbsp;(<strong><a href=\"https:\/\/www.vaticannews.va\/fr\/pape\/news\/2023-03\/le-pape-renouvelle-le-conseil-des-cardinaux.html\">https:\/\/www.vaticannews.va\/fr\/pape\/news\/2023-03\/le-pape-renouvelle-le-conseil-des-cardinaux.html<\/a><\/strong>).<\/p>\n\n\n\n<hr class=\"wp-block-separator has-alpha-channel-opacity\"\/>\n\n\n\n<h2 class=\"wp-block-heading\"><strong>V\u00c9RIT\u00c9 ET R\u00c9CONCILIATION<\/strong><\/h2>\n\n\n\n<h3 class=\"wp-block-heading\"><strong>Spiritualit\u00e9 autochtone&nbsp;<\/strong><\/h3>\n\n\n\n<p>Moi&nbsp;:&nbsp;&nbsp;&nbsp;&nbsp;&nbsp;&nbsp;&nbsp;&nbsp;&nbsp;&nbsp;&nbsp;&nbsp;&nbsp;&nbsp;&nbsp;&nbsp;&nbsp;&nbsp;Comment puis-je trouver le cr\u00e9ateur ?<\/p>\n\n\n\n<p>Vieille femme&nbsp;:&nbsp; Vous devenez ce que vous cherchez<\/p>\n\n\n\n<p>Moi&nbsp;: &nbsp;&nbsp;&nbsp;&nbsp;&nbsp;&nbsp;&nbsp;&nbsp;&nbsp;&nbsp;&nbsp;&nbsp;&nbsp;&nbsp;&nbsp;&nbsp;&nbsp;Je ne comprends pas.<\/p>\n\n\n\n<p>Vieille femme&nbsp;: C&rsquo;est vous qui d\u00e9cidez ce qu&rsquo;est le Cr\u00e9ateur. Si vous d\u00e9cidez qu\u2019<\/p>\n\n\n\n<p>Elle est la paix, l&rsquo;amour, l&rsquo;humilit\u00e9 et l&rsquo;absence de jugement,<\/p>\n\n\n\n<p>tu d\u00e9cides de travailler \u00e0 incarner ces qualit\u00e9s<\/p>\n\n\n\n<p>dans vos d\u00e9placements dans le monde. Plus vous<\/p>\n\n\n\n<p>vous rapprochez de ces qualit\u00e9s, plus vous vous rapprochez du Cr\u00e9ateur.<\/p>\n\n\n\n<p>C&rsquo;est \u00e0 cela que servent nos c\u00e9r\u00e9monies. Pour vous apprendre<\/p>\n\n\n\n<p>que la Cr\u00e9atrice est en vous, qu&rsquo;elle a toujours \u00e9t\u00e9<\/p>\n\n\n\n<p>et qu&rsquo;elle le sera toujours<\/p>\n\n\n\n<p><em>D&rsquo;apr\u00e8s : EMBERS par Richard Wagamese<\/em><\/p>\n\n\n\n<hr class=\"wp-block-separator has-alpha-channel-opacity\"\/>\n\n\n\n<h2 class=\"wp-block-heading\"><strong>L\u2019\u00c9QUIPE D\u2019\u00c9VANG\u00c9LISATION<\/strong><\/h2>\n\n\n\n<h3 class=\"wp-block-heading\"><strong>Vivre une vie d\u2019amour&nbsp;: L\u2019h\u00e9ritage de M\u00e8re Teresa<\/strong><\/h3>\n\n\n\n<p><em>Par Pierre-Alain Giffard, directeur de la pastorale dioc\u00e9saine&nbsp;<\/em><\/p>\n\n\n\n<p>Sainte M\u00e8re Teresa a consacr\u00e9 sa vie \u00e0 aider les pauvres et les n\u00e9cessiteux. Elle croyait que servir les plus d\u00e9munis \u00e9tait l\u2019une des plus grandes expressions d\u2019amour et encourageait tout le monde \u00e0 trouver des moyens de faire de m\u00eame dans leur communaut\u00e9 en \u00e9tant compatissant envers ceux et celles qui les entourent. <a href=\"https:\/\/pembrokediocese.com\/fr\/article\/article-vivre-une-vie-damour-lheritage-de-mere-teresa\/\">(Lire la suite\u2026)<\/a><\/p>\n\n\n\n<hr class=\"wp-block-separator has-alpha-channel-opacity\"\/>\n\n\n\n<h2 class=\"wp-block-heading\"><strong>LE SAINT-SI\u00c8GE<\/strong><\/h2>\n\n\n\n<h3 class=\"wp-block-heading\"><strong>Un Ave Maria pour les 10 ans du pontificat de Fran\u00e7ois&nbsp;<\/strong><\/h3>\n\n\n\n<p>L&rsquo;initiative a \u00e9t\u00e9 lanc\u00e9 par le Synode num\u00e9rique un mois avant l&rsquo;anniversaire de l\u2019\u00e9lection du Pape Fran\u00e7ois, le 13 mars&nbsp;: <a href=\"https:\/\/www.vaticannews.va\/fr\/eglise\/news\/2023-02\/ave-maria-10-ans-pontificat-pape-francois.html\">https:\/\/www.vaticannews.va\/fr\/eglise\/news\/2023-02\/ave-maria-10-ans-pontificat-pape-francois.html<\/a>.<\/p>\n\n\n\n<hr class=\"wp-block-separator has-alpha-channel-opacity\"\/>\n\n\n\n<h2 class=\"wp-block-heading\"><strong>CAR\u00caME<\/strong><\/h2>\n\n\n\n<h3 class=\"wp-block-heading\"><strong>La CECC pr\u00e9sente \u00ab&nbsp;Cheminer ensemble durant le temps de Car\u00eame 2023&nbsp;\u00bb&nbsp;<\/strong><\/h3>\n\n\n\n<p>En ce troisi\u00e8me dimanche, une r\u00e9flexion sur la fa\u00e7on dont la Parole du Christ ouvre la voie \u00e0 nos soifs d\u2019amour et nos d\u00e9sirs d\u2019une vie qui a du sens.<\/p>\n\n\n\n<p>Les vid\u00e9os peuvent \u00eatre consult\u00e9es <a href=\"https:\/\/www.cecc.ca\/evangelisation-catechese-et-education\/ressources-video\/cheminer-ensemble-durant-le-temps-du-careme-2023\/\">ici<\/a>.<\/p>\n\n\n\n<h3 class=\"wp-block-heading\"><strong>Chemin de la croix de Marie pour le Car\u00eame \u2013 Un voyage de Car\u00eame \u00e0 travers les yeux de Marie&nbsp;<\/strong><\/h3>\n\n\n\n<p>Ce chemin nous fait traverser le Car\u00eame jusqu\u2019\u00e0 P\u00e2ques. Il commence dans les centres et entre dans le d\u00e9sert de nos vides. Mais notre voyage se poursuit sers la Vie nouvelle et tout le vide se remplit d\u2019Esprit.  <strong>Prochaine date&nbsp;: vendredi &nbsp;le 17 mars \u00e0 18h45.<\/strong><\/p>\n\n\n\n<p><strong>Zoom: <\/strong><a href=\"https:\/\/us02web.zoom.us\/j\/86321925761?pwd=aVlOdzFoZzJHWjZoaFlTODRVTEwxdz09\">https:\/\/us02web.zoom.us\/j\/86321925761?pwd=aVlOdzFoZzJHWjZoaFlTODRVTEwxdz09<\/a>. Pour plus d&rsquo;informations, veuillez contacter Mike Budge \u00e0 <a href=\"mailto:mike.budge@bell.net\">mike.budge@bell.net<\/a>.<\/p>\n\n\n\n<hr class=\"wp-block-separator has-alpha-channel-opacity\"\/>\n\n\n\n<h2 class=\"wp-block-heading\"><strong>L&rsquo;\u00c9DUCATION DE LA FOI<\/strong><\/h2>\n\n\n\n<h3 class=\"wp-block-heading\"><strong>ANNONCE IMPORTANTE&nbsp;<\/strong><\/h3>\n\n\n\n<p>La journ\u00e9e spirituelle \u00ab&nbsp;\u00c9vang\u00e9liser avec Alpha&nbsp;\u00bb pour la communaut\u00e9 francophone est malheureusement <strong>annul\u00e9e<\/strong>. Nous esp\u00e9rons nous r\u00e9unir \u00e0 nouveau dans le futur. Pour plus d&rsquo;informations, vous pouvez contacter le diacre Adrien Chaput au 613 732-7933, poste 206 ou par courriel \u00e0 l&rsquo;adresse suivante <a href=\"mailto:dcadrienchaput@pembrokediocese.com\">dcadrienchaput@pembrokediocese.com<\/a>. Nous vous remercions de votre compr\u00e9hension.<\/p>\n\n\n\n<hr class=\"wp-block-separator has-alpha-channel-opacity\"\/>\n\n\n\n<h2 class=\"wp-block-heading\"><strong>AUTRES \u00c9V\u00c9NEMENTS CATHOLIQUES<\/strong><\/h2>\n\n\n\n<h3 class=\"wp-block-heading\"><strong>La dignit\u00e9 restaur\u00e9e&nbsp;<\/strong><\/h3>\n\n\n\n<p>La crise des abus interpelle vivement nos contemporains sur les itin\u00e9raires possibles de restauration des dignit\u00e9s bafou\u00e9es.<\/p>\n\n\n\n<p>C&rsquo;est pourquoi <strong>le<\/strong> <strong>Centre dominicain d&rsquo;\u00e9thique et de vie spirituelle (et sa chaire \u00c9vangile, th\u00e9ologie et vie) en collaboration avec la Facult\u00e9 de th\u00e9ologie de l&rsquo;Universit\u00e9 de Fribourg (et sa chaire de th\u00e9ologie dogmatique), propose un cycle de conf\u00e9rences gratuites et en ligne <\/strong>ui entend explorer certaines de ces pistes, \u00e0 la crois\u00e9e entre exp\u00e9riences v\u00e9cues, textes bibliques et perspectives th\u00e9ologiques.<\/p>\n\n\n\n<p>La prochaine conf\u00e9rence aura lieu le <strong>samedi 18 mars 2023 \u00e0 13h30<\/strong> (heure du Qu\u00e9bec et de l&rsquo;Ontario). Elle sera donn\u00e9e par Marie de Lovinfosse (Li\u00e8ge). Elle aura pour th\u00e8me&nbsp;: <strong>\u00ab&nbsp;Me reconnaitre digne de confiance : le t\u00e9moignage de Paul.&nbsp;\u00bb<\/strong><\/p>\n\n\n\n<p>Si vous avez d\u00e9j\u00e0 le lien Zoom (le m\u00eame lien pour toutes les conf\u00e9rences du CDEVS), alors il n&rsquo;est pas n\u00e9cessaire de vous inscrire.<\/p>\n\n\n\n<p>Si vous n&rsquo;avez pas le lien Zoom, envoyez tout simplement un courriel \u00e0 <a rel=\"noreferrer noopener\" href=\"mailto:cdevs@udominicaine.ca\" target=\"_blank\">cdevs@udominicaine.ca<\/a> pour le demander.<\/p>\n\n\n\n<h3 class=\"wp-block-heading\"><strong>Conf\u00e9rence<\/strong><\/h3>\n\n\n\n<p>Le CDEVS (Centre Dominicain d&rsquo;\u00c9thique et de Vie Spirituelle) propose des cycles de conf\u00e9rences gratuites en ligne. Le quatri\u00e8me cycle de \u00ab&nbsp;Raviver le premier souffle&nbsp;: La gu\u00e9rison spirituelle&nbsp;\u00bb sera <strong>le mardi 28 mars 2023 \u00e0 19h30 <\/strong>sur \u00ab&nbsp;La gu\u00e9rison chez Hildegarde de Bingen&nbsp;\u00bbpar Catherine Aubin, o.p. Inscriptions sur <a href=\"mailto:cdevs@udominicaine.ca\">cdevs@udominicaine.ca<\/a>. Un lien Zoom vous sera envoy\u00e9 apr\u00e8s l\u2019inscription. Pour connaitre toute la programmation de CDEVS, rendez-vous sur&nbsp;: <a href=\"http:\/\/www.udominicaine.ca\/cdevs\">www.udominicaine.ca\/cdevs<\/a>.<\/p>\n\n\n\n<hr class=\"wp-block-separator has-alpha-channel-opacity\"\/>\n\n\n\n<h2 class=\"wp-block-heading\"><strong>AUTRES<\/strong><\/h2>\n\n\n\n<h3 class=\"wp-block-heading\"><strong>Un an apr\u00e8s l&rsquo;invasion russe, les Canadiens ont fait don de plus de 5,8 millions de dollars \u00e0 CNEWA Canada&nbsp;<\/strong><\/h3>\n\n\n\n<p>Il y a un an, l&rsquo;invasion russe de l&rsquo;Ukraine a transform\u00e9 le pays, affectant profond\u00e9ment les personnes qui y vivent. Gr\u00e2ce \u00e0 la g\u00e9n\u00e9rosit\u00e9 des Canadiens, la Catholic Near East Welfare Association (CNEWA Canada) et ses partenaires sur le terrain en Ukraine ont contribu\u00e9 \u00e0 prot\u00e9ger et \u00e0 aider les familles ukrainiennes.<\/p>\n\n\n\n<p>Les partenaires de CNEWA sur le terrain ont pu fournir des services d&rsquo;urgence et un soutien humanitaire et pastoral aux Ukrainiens en offrant des soins, des fournitures m\u00e9dicales, de la nourriture, des v\u00eatements et des abris aux personnes d\u00e9plac\u00e9es, aux personnes \u00e2g\u00e9es et aux malades, ainsi que des programmes \u00e9ducatifs et un soutien aux pr\u00eatres locaux.<\/p>\n\n\n\n<p>Veuillez lire le communiqu\u00e9 de presse<a href=\"https:\/\/cnewa.org\/fr\/activites\/ukraine\/\"> ici<\/a>.<\/p>\n\n\n\n<p>Le rapport complet de la campagne est disponible en anglais ici : <a href=\"https:\/\/bit.ly\/3KvjeeC\">https:\/\/bit.ly\/3KvjeeC<\/a>.<\/p>\n","protected":false},"excerpt":{"rendered":"<p>C&rsquo;est ainsi que mon P\u00e8re du ciel vous traitera, si chacun de vous ne pardonne pas \u00e0 son fr\u00e8re. (Mt 18, 21-35) DU DIOC\u00c8SE Changement d&rsquo;adresse&nbsp; Veuillez noter que la nouvelle adresse postale des bureaux dioc\u00e9sains, qui entrera en vigueur le 22 mars 2023, sera la suivante&nbsp;: 284, chemin Trafalgar, Pembroke, ON K8A 5A8. DE LA CECC Nomination de Son \u00c9minence M. le cardinal G\u00e9rald Cyprien Lacroix au Conseil des cardinaux reconstitu\u00e9 du Saint-Si\u00e8ge \u2013 jeudi, mars 9, 2023&nbsp; Dans un communiqu\u00e9 de presse publi\u00e9 le mardi 7 mars 2023, le Saint-Si\u00e8ge a annonc\u00e9 que Sa Saintet\u00e9 le Pape Fran\u00e7ois a reconstitu\u00e9 le Conseil des cardinaux du Saint-Si\u00e8ge. Son \u00c9minence M.&nbsp;le cardinal G\u00e9rald Cyprien Lacroix, archev\u00eaque de Qu\u00e9bec et primat du Canada, a \u00e9t\u00e9 nomm\u00e9 comme l\u2019un des neuf membres du nouveau Conseil des cardinaux. Le Conseil des cardinaux a \u00e9t\u00e9 cr\u00e9\u00e9 par le pape Fran\u00e7ois en 2013 pour conseiller le Saint-P\u00e8re sur la mani\u00e8re de gouverner l\u2019\u00c9glise. Il est compos\u00e9 du Pape et de neuf cardinaux. Le Conseil a \u00e9galement \u00e9t\u00e9 fond\u00e9 dans le but, notamment, de r\u00e9viser la Curie romaine, ce qui a \u00e9t\u00e9 accompli avec la nouvelle Constitution apostolique \u00ab&nbsp;Praedicate Evangelium&nbsp;\u00bb publi\u00e9e le 19 mars de l\u2019ann\u00e9e derni\u00e8re. Pour \u00e0 savoir davantage sur cette nomination, voir l\u2019article publi\u00e9 par&nbsp;Vatican News&nbsp;(https:\/\/www.vaticannews.va\/fr\/pape\/news\/2023-03\/le-pape-renouvelle-le-conseil-des-cardinaux.html). V\u00c9RIT\u00c9 ET R\u00c9CONCILIATION Spiritualit\u00e9 autochtone&nbsp; Moi&nbsp;:&nbsp;&nbsp;&nbsp;&nbsp;&nbsp;&nbsp;&nbsp;&nbsp;&nbsp;&nbsp;&nbsp;&nbsp;&nbsp;&nbsp;&nbsp;&nbsp;&nbsp;&nbsp;Comment puis-je trouver le cr\u00e9ateur ? Vieille femme&nbsp;:&nbsp; Vous devenez ce que vous cherchez Moi&nbsp;: &nbsp;&nbsp;&nbsp;&nbsp;&nbsp;&nbsp;&nbsp;&nbsp;&nbsp;&nbsp;&nbsp;&nbsp;&nbsp;&nbsp;&nbsp;&nbsp;&nbsp;Je ne comprends pas. Vieille femme&nbsp;: C&rsquo;est vous qui d\u00e9cidez ce qu&rsquo;est le Cr\u00e9ateur. Si vous d\u00e9cidez qu\u2019 Elle est la paix, l&rsquo;amour, l&rsquo;humilit\u00e9 et l&rsquo;absence de jugement, tu d\u00e9cides de travailler \u00e0 incarner ces qualit\u00e9s dans vos d\u00e9placements dans le monde. Plus vous vous rapprochez de ces qualit\u00e9s, plus vous vous rapprochez du Cr\u00e9ateur. C&rsquo;est \u00e0 cela que servent nos c\u00e9r\u00e9monies. Pour vous apprendre que la Cr\u00e9atrice est en vous, qu&rsquo;elle a toujours \u00e9t\u00e9 et qu&rsquo;elle le sera toujours D&rsquo;apr\u00e8s : EMBERS par Richard Wagamese L\u2019\u00c9QUIPE D\u2019\u00c9VANG\u00c9LISATION Vivre une vie d\u2019amour&nbsp;: L\u2019h\u00e9ritage de M\u00e8re Teresa Par Pierre-Alain Giffard, directeur de la pastorale dioc\u00e9saine&nbsp; Sainte M\u00e8re Teresa a consacr\u00e9 sa vie \u00e0 aider les pauvres et les n\u00e9cessiteux. Elle croyait que servir les plus d\u00e9munis \u00e9tait l\u2019une des plus grandes expressions d\u2019amour et encourageait tout le monde \u00e0 trouver des moyens de faire de m\u00eame dans leur communaut\u00e9 en \u00e9tant compatissant envers ceux et celles qui les entourent. (Lire la suite\u2026) LE SAINT-SI\u00c8GE Un Ave Maria pour les 10 ans du pontificat de Fran\u00e7ois&nbsp; L&rsquo;initiative a \u00e9t\u00e9 lanc\u00e9 par le Synode num\u00e9rique un mois avant l&rsquo;anniversaire de l\u2019\u00e9lection du Pape Fran\u00e7ois, le 13 mars&nbsp;: https:\/\/www.vaticannews.va\/fr\/eglise\/news\/2023-02\/ave-maria-10-ans-pontificat-pape-francois.html. CAR\u00caME La CECC pr\u00e9sente \u00ab&nbsp;Cheminer ensemble durant le temps de Car\u00eame 2023&nbsp;\u00bb&nbsp; En ce troisi\u00e8me dimanche, une r\u00e9flexion sur la fa\u00e7on dont la Parole du Christ ouvre la voie \u00e0 nos soifs d\u2019amour et nos d\u00e9sirs d\u2019une vie qui a du sens. Les vid\u00e9os peuvent \u00eatre consult\u00e9es ici. Chemin de la croix de Marie pour le Car\u00eame \u2013 Un voyage de Car\u00eame \u00e0 travers les yeux de Marie&nbsp; Ce chemin nous fait traverser le Car\u00eame jusqu\u2019\u00e0 P\u00e2ques. Il commence dans les centres et entre dans le d\u00e9sert de nos vides. Mais notre [&hellip;]<\/p>\n","protected":false},"author":10,"featured_media":3815,"comment_status":"closed","ping_status":"closed","sticky":false,"template":"","format":"standard","meta":{"_monsterinsights_skip_tracking":false,"_monsterinsights_sitenote_active":false,"_monsterinsights_sitenote_note":"","_monsterinsights_sitenote_category":0,"footnotes":"","_links_to":"","_links_to_target":""},"categories":[83,113],"tags":[],"class_list":["post-12025","post","type-post","status-publish","format-standard","has-post-thumbnail","hentry","category-article","category-bulletin"],"post_mailing_queue_ids":[],"_links":{"self":[{"href":"https:\/\/pembrokediocese.com\/fr\/wp-json\/wp\/v2\/posts\/12025","targetHints":{"allow":["GET"]}}],"collection":[{"href":"https:\/\/pembrokediocese.com\/fr\/wp-json\/wp\/v2\/posts"}],"about":[{"href":"https:\/\/pembrokediocese.com\/fr\/wp-json\/wp\/v2\/types\/post"}],"author":[{"embeddable":true,"href":"https:\/\/pembrokediocese.com\/fr\/wp-json\/wp\/v2\/users\/10"}],"replies":[{"embeddable":true,"href":"https:\/\/pembrokediocese.com\/fr\/wp-json\/wp\/v2\/comments?post=12025"}],"version-history":[{"count":2,"href":"https:\/\/pembrokediocese.com\/fr\/wp-json\/wp\/v2\/posts\/12025\/revisions"}],"predecessor-version":[{"id":12027,"href":"https:\/\/pembrokediocese.com\/fr\/wp-json\/wp\/v2\/posts\/12025\/revisions\/12027"}],"wp:featuredmedia":[{"embeddable":true,"href":"https:\/\/pembrokediocese.com\/fr\/wp-json\/wp\/v2\/media\/3815"}],"wp:attachment":[{"href":"https:\/\/pembrokediocese.com\/fr\/wp-json\/wp\/v2\/media?parent=12025"}],"wp:term":[{"taxonomy":"category","embeddable":true,"href":"https:\/\/pembrokediocese.com\/fr\/wp-json\/wp\/v2\/categories?post=12025"},{"taxonomy":"post_tag","embeddable":true,"href":"https:\/\/pembrokediocese.com\/fr\/wp-json\/wp\/v2\/tags?post=12025"}],"curies":[{"name":"wp","href":"https:\/\/api.w.org\/{rel}","templated":true}]}}