{"id":12108,"date":"2023-03-28T11:20:19","date_gmt":"2023-03-28T15:20:19","guid":{"rendered":"https:\/\/pembrokediocese.com\/?p=12108"},"modified":"2023-03-28T11:22:59","modified_gmt":"2023-03-28T15:22:59","slug":"bulletin-hebdomadaire-le-28-mars-2023-ferie","status":"publish","type":"post","link":"https:\/\/pembrokediocese.com\/fr\/article\/bulletin-hebdomadaire-le-28-mars-2023-ferie\/","title":{"rendered":"BULLETIN HEBDOMADAIRE  &#8211; le 28 mars 2023 (F\u00e9rie)"},"content":{"rendered":"\n<hr class=\"wp-block-separator has-alpha-channel-opacity\"\/>\n\n\n\n<h4 class=\"wp-block-heading\"><strong><i><a href=\"mailto:reception@pembrokediocese.com?subject=Abonnez-vous au bulletin hebdomadaire&amp;amp;body=Bonjour, je souhaite m'abonner au Bulletin Hebdomadaire s'il vous plait. Merci.\"><img loading=\"lazy\" decoding=\"async\" class=\"alignright wp-image-8004\" src=\"https:\/\/pembrokediocese.com\/wp-content\/uploads\/subscribe-banner-fr-200x205.png\" alt=\"\" width=\"124\" height=\"127\" srcset=\"https:\/\/pembrokediocese.com\/wp-content\/uploads\/subscribe-banner-fr-200x205.png 200w, https:\/\/pembrokediocese.com\/wp-content\/uploads\/subscribe-banner-fr-768x785.png 768w, https:\/\/pembrokediocese.com\/wp-content\/uploads\/subscribe-banner-fr.png 840w\" sizes=\"(max-width: 124px) 100vw, 124px\" \/><\/a><\/i><\/strong><\/h4>\n\n\n\n<h1 class=\"wp-block-heading\"><strong><em>Quand vous aurez \u00e9lev\u00e9 le Fils de l&rsquo;homme, alors vous comprendrez que moi, JE SUIS.<\/em><\/strong><\/h1>\n\n\n\n<h3 class=\"wp-block-heading\"><strong>(Jn 8, 1-11)<\/strong><\/h3>\n\n\n\n<hr class=\"wp-block-separator has-alpha-channel-opacity\"\/>\n\n\n\n<h2 class=\"wp-block-heading\"><strong>DU DIOC\u00c8SE<\/strong><\/h2>\n\n\n\n<h3 class=\"wp-block-heading\"><strong>Changement d&rsquo;adresse&nbsp;<\/strong><\/h3>\n\n\n\n<p>Veuillez noter que la nouvelle adresse postale des bureaux dioc\u00e9sains, est&nbsp;: 284, chemin Trafalgar, Pembroke, ON K8A 5A8. &nbsp;<\/p>\n\n\n\n<h3 class=\"wp-block-heading\"><strong>Pri\u00e8res<\/strong><\/h3>\n\n\n\n<p>Pour le repos de l&rsquo;\u00e2me du R\u00e9v. Roch Gagnon, d\u00e9c\u00e9d\u00e9 le lundi 20 mars \u00e0 l&rsquo;\u00e2ge de 93 ans, et qui \u00e9tait dans sa 64<sup>e<\/sup> ann\u00e9e de pr\u00eatrise.<\/p>\n\n\n\n<h3 class=\"wp-block-heading\"><strong>Messe chrismale&nbsp;<\/strong><\/h3>\n\n\n\n<p>\u00c0 la cath\u00e9drale St Columbkille <strong>le mardi 4 avril 2023 \u00e0 10h30<\/strong>. Une r\u00e9ception suivra la messe \u00e0 la salle de la cath\u00e9drale. Tout le monde est le bienvenu !<\/p>\n\n\n\n<hr class=\"wp-block-separator has-alpha-channel-opacity\"\/>\n\n\n\n<h2 class=\"wp-block-heading\"><strong>LE SAINT-SI\u00c8GE<\/strong><\/h2>\n\n\n\n<h3 class=\"wp-block-heading\"><strong>Intention de pri\u00e8re du Saint-P\u00e8re pour le mois d\u2019avril 2023&nbsp;<\/strong><\/h3>\n\n\n\n<p><strong>Pour une culture de la non-violence <\/strong>\u2013 Prions pour une plus grande diffusion d\u2019une culture de la non-violence, qui signifie un recours moindre aux armes de la part des \u00c9tats comme des citoyens.<\/p>\n\n\n\n<hr class=\"wp-block-separator has-alpha-channel-opacity\"\/>\n\n\n\n<h2 class=\"wp-block-heading\"><strong>V\u00c9RIT\u00c9 ET R\u00c9CONCILIATION<\/strong><\/h2>\n\n\n\n<h3 class=\"wp-block-heading\"><strong>Droits des peuples autochtones \u2013 Article 2<\/strong><\/h3>\n\n\n\n<p>Les peuples et individus autochtones sont libres et \u00e9gaux \u00e0 tous les autres peuples et individus et ont le droit de ne faire l&rsquo;objet d&rsquo;aucune discrimination, quelle qu&rsquo;elle soit, dans l&rsquo;exercice de leurs droits, en particulier celle fond\u00e9e sur leur origine ou identit\u00e9 autochtone.<\/p>\n\n\n\n<p><em>(D\u00e9claration des Nations unies sur les droits des peuples autochtones)<\/em><\/p>\n\n\n\n<hr class=\"wp-block-separator has-alpha-channel-opacity\"\/>\n\n\n\n<h2 class=\"wp-block-heading\"><strong>L\u2019\u00c9QUIPE D\u2019\u00c9VANG\u00c9LISATION<\/strong><\/h2>\n\n\n\n<h3 class=\"wp-block-heading\"><strong>Tu es le Seigneur qui me gu\u00e9rit<\/strong><\/h3>\n\n\n\n<p><em>Par Pierre-Alain Giffard, directeur de la pastorale dioc\u00e9saine&nbsp;<\/em><\/p>\n\n\n\n<p>Tout au long des \u00c9vangiles, le minist\u00e8re de J\u00e9sus d\u00e9montre le d\u00e9sir de Dieu de nous gu\u00e9rir. J\u00e9sus gu\u00e9rissait les malades, chassait les d\u00e9mons et ressuscitait les morts, montrant ainsi sa puissance et son autorit\u00e9 sur la maladie et le mal. <a href=\"https:\/\/pembrokediocese.com\/fr\/article\/une-priere-bibique-pour-la-guerison\/\">(Lire la suite\u2026)<\/a><\/p>\n\n\n\n<hr class=\"wp-block-separator has-alpha-channel-opacity\"\/>\n\n\n\n<h2 class=\"wp-block-heading\"><strong>CAR\u00caME<\/strong><\/h2>\n\n\n\n<h3 class=\"wp-block-heading\"><strong>La CECC pr\u00e9sente \u00ab&nbsp;Cheminer ensemble durant le temps de Car\u00eame 2023&nbsp;\u00bb&nbsp;<\/strong><\/h3>\n\n\n\n<p>En ce cinqui\u00e8me dimanche&nbsp;: une r\u00e9flexion sur le Christ qui partage profond\u00e9ment nos \u00e9motions face aux drames humains, lui dont le c\u0153ur b\u00e9ant ouvert sur la croix est refuge et r\u00e9confort pour toute larme.<\/p>\n\n\n\n<p>Les vid\u00e9os peuvent \u00eatre consult\u00e9es <a href=\"https:\/\/www.cecc.ca\/evangelisation-catechese-et-education\/ressources-video\/cheminer-ensemble-durant-le-temps-du-careme-2023\/\">ici<\/a>.<\/p>\n\n\n\n<h3 class=\"wp-block-heading\"><strong>Chemin de la croix de Marie pour le Car\u00eame \u2013 Un voyage de Car\u00eame \u00e0 travers les yeux de Marie&nbsp;<\/strong><\/h3>\n\n\n\n<p>Ce chemin nous fait traverser le Car\u00eame jusqu\u2019\u00e0 P\u00e2ques. Il commence dans les centres et entre dans le d\u00e9sert de nos vides. Mais notre voyage se poursuit sers la Vie nouvelle et tout le vide se remplit d\u2019Esprit.  <strong>Prochaine date&nbsp;: vendredi &nbsp;le 31 mars \u00e0 18h45.<\/strong><\/p>\n\n\n\n<p>Pour le lien Zoom ou pour plus d&rsquo;informations, veuillez contacter Mike Budge \u00e0 <a href=\"mailto:mike.budge@bell.net\">mike.budge@bell.net<\/a>.<\/p>\n\n\n\n<hr class=\"wp-block-separator has-alpha-channel-opacity\"\/>\n\n\n\n<h2 class=\"wp-block-heading\"><strong>AUTRES \u00c9V\u00c9NEMENTS CATHOLIQUES<\/strong><\/h2>\n\n\n\n<h3 class=\"wp-block-heading\"><strong>La dignit\u00e9 restaur\u00e9e&nbsp;<\/strong><\/h3>\n\n\n\n<p>La crise des abus interpelle vivement nos contemporains sur les itin\u00e9raires possibles de restauration des dignit\u00e9s bafou\u00e9es.<\/p>\n\n\n\n<p>C&rsquo;est pourquoi <strong>le<\/strong> <strong>Centre dominicain d&rsquo;\u00e9thique et de vie spirituelle (et sa chaire \u00c9vangile, th\u00e9ologie et vie) en collaboration avec la Facult\u00e9 de th\u00e9ologie de l&rsquo;Universit\u00e9 de Fribourg (et sa chaire de th\u00e9ologie dogmatique), propose un cycle de conf\u00e9rences gratuites et en ligne <\/strong>ui entend explorer certaines de ces pistes, \u00e0 la crois\u00e9e entre exp\u00e9riences v\u00e9cues, textes bibliques et perspectives th\u00e9ologiques.<\/p>\n\n\n\n<p>La prochaine conf\u00e9rence aura lieu le <strong>samedi 15 avril 2023 \u00e0 13h30<\/strong> (heure du Qu\u00e9bec et de l&rsquo;Ontario). Elle sera donn\u00e9e par Luca Castiglioni (Milan). Elle aura pour th\u00e8me&nbsp;: <strong>\u00ab&nbsp;La dignit\u00e9 restaur\u00e9e, \u00e0 l\u2019\u00e9coute du cri des femmes.&nbsp;\u00bb<\/strong><\/p>\n\n\n\n<p>Si vous avez d\u00e9j\u00e0 le lien Zoom (le m\u00eame lien pour toutes les conf\u00e9rences du CDEVS), alors il n&rsquo;est pas n\u00e9cessaire de vous inscrire.<\/p>\n\n\n\n<p>Si vous n&rsquo;avez pas le lien Zoom, envoyez tout simplement un courriel \u00e0 <a rel=\"noreferrer noopener\" href=\"mailto:cdevs@udominicaine.ca\" target=\"_blank\">cdevs@udominicaine.ca<\/a> pour le demander.<\/p>\n\n\n\n<h3 class=\"wp-block-heading\"><strong>Conf\u00e9rence<\/strong><\/h3>\n\n\n\n<p>Le CDEVS (Centre Dominicain d&rsquo;\u00c9thique et de Vie Spirituelle) propose des cycles de conf\u00e9rences gratuites en ligne. Le quatri\u00e8me cycle de \u00ab&nbsp;Raviver le premier souffle&nbsp;: La gu\u00e9rison spirituelle&nbsp;\u00bb sera <strong>le mardi 28 mars 2023 \u00e0 19h30 <\/strong>sur \u00ab&nbsp;La gu\u00e9rison chez Hildegarde de Bingen&nbsp;\u00bbpar Catherine Aubin, o.p. Inscriptions sur <a href=\"mailto:cdevs@udominicaine.ca\">cdevs@udominicaine.ca<\/a>. Un lien Zoom vous sera envoy\u00e9 apr\u00e8s l\u2019inscription. Pour connaitre toute la programmation de CDEVS, rendez-vous sur&nbsp;: <a href=\"http:\/\/www.udominicaine.ca\/cdevs\">www.udominicaine.ca\/cdevs<\/a>.<\/p>\n\n\n\n<hr class=\"wp-block-separator has-alpha-channel-opacity\"\/>\n","protected":false},"excerpt":{"rendered":"<p>Quand vous aurez \u00e9lev\u00e9 le Fils de l&rsquo;homme, alors vous comprendrez que moi, JE SUIS. (Jn 8, 1-11) DU DIOC\u00c8SE Changement d&rsquo;adresse&nbsp; Veuillez noter que la nouvelle adresse postale des bureaux dioc\u00e9sains, est&nbsp;: 284, chemin Trafalgar, Pembroke, ON K8A 5A8. &nbsp; Pri\u00e8res Pour le repos de l&rsquo;\u00e2me du R\u00e9v. Roch Gagnon, d\u00e9c\u00e9d\u00e9 le lundi 20 mars \u00e0 l&rsquo;\u00e2ge de 93 ans, et qui \u00e9tait dans sa 64e ann\u00e9e de pr\u00eatrise. Messe chrismale&nbsp; \u00c0 la cath\u00e9drale St Columbkille le mardi 4 avril 2023 \u00e0 10h30. Une r\u00e9ception suivra la messe \u00e0 la salle de la cath\u00e9drale. Tout le monde est le bienvenu ! LE SAINT-SI\u00c8GE Intention de pri\u00e8re du Saint-P\u00e8re pour le mois d\u2019avril 2023&nbsp; Pour une culture de la non-violence \u2013 Prions pour une plus grande diffusion d\u2019une culture de la non-violence, qui signifie un recours moindre aux armes de la part des \u00c9tats comme des citoyens. V\u00c9RIT\u00c9 ET R\u00c9CONCILIATION Droits des peuples autochtones \u2013 Article 2 Les peuples et individus autochtones sont libres et \u00e9gaux \u00e0 tous les autres peuples et individus et ont le droit de ne faire l&rsquo;objet d&rsquo;aucune discrimination, quelle qu&rsquo;elle soit, dans l&rsquo;exercice de leurs droits, en particulier celle fond\u00e9e sur leur origine ou identit\u00e9 autochtone. (D\u00e9claration des Nations unies sur les droits des peuples autochtones) L\u2019\u00c9QUIPE D\u2019\u00c9VANG\u00c9LISATION Tu es le Seigneur qui me gu\u00e9rit Par Pierre-Alain Giffard, directeur de la pastorale dioc\u00e9saine&nbsp; Tout au long des \u00c9vangiles, le minist\u00e8re de J\u00e9sus d\u00e9montre le d\u00e9sir de Dieu de nous gu\u00e9rir. J\u00e9sus gu\u00e9rissait les malades, chassait les d\u00e9mons et ressuscitait les morts, montrant ainsi sa puissance et son autorit\u00e9 sur la maladie et le mal. (Lire la suite\u2026) CAR\u00caME La CECC pr\u00e9sente \u00ab&nbsp;Cheminer ensemble durant le temps de Car\u00eame 2023&nbsp;\u00bb&nbsp; En ce cinqui\u00e8me dimanche&nbsp;: une r\u00e9flexion sur le Christ qui partage profond\u00e9ment nos \u00e9motions face aux drames humains, lui dont le c\u0153ur b\u00e9ant ouvert sur la croix est refuge et r\u00e9confort pour toute larme. Les vid\u00e9os peuvent \u00eatre consult\u00e9es ici. Chemin de la croix de Marie pour le Car\u00eame \u2013 Un voyage de Car\u00eame \u00e0 travers les yeux de Marie&nbsp; Ce chemin nous fait traverser le Car\u00eame jusqu\u2019\u00e0 P\u00e2ques. Il commence dans les centres et entre dans le d\u00e9sert de nos vides. Mais notre voyage se poursuit sers la Vie nouvelle et tout le vide se remplit d\u2019Esprit. Prochaine date&nbsp;: vendredi &nbsp;le 31 mars \u00e0 18h45. Pour le lien Zoom ou pour plus d&rsquo;informations, veuillez contacter Mike Budge \u00e0 mike.budge@bell.net. AUTRES \u00c9V\u00c9NEMENTS CATHOLIQUES La dignit\u00e9 restaur\u00e9e&nbsp; La crise des abus interpelle vivement nos contemporains sur les itin\u00e9raires possibles de restauration des dignit\u00e9s bafou\u00e9es. C&rsquo;est pourquoi le Centre dominicain d&rsquo;\u00e9thique et de vie spirituelle (et sa chaire \u00c9vangile, th\u00e9ologie et vie) en collaboration avec la Facult\u00e9 de th\u00e9ologie de l&rsquo;Universit\u00e9 de Fribourg (et sa chaire de th\u00e9ologie dogmatique), propose un cycle de conf\u00e9rences gratuites et en ligne ui entend explorer certaines de ces pistes, \u00e0 la crois\u00e9e entre exp\u00e9riences v\u00e9cues, textes bibliques et perspectives th\u00e9ologiques. La prochaine conf\u00e9rence aura lieu le samedi 15 avril 2023 \u00e0 13h30 (heure du Qu\u00e9bec et de l&rsquo;Ontario). Elle sera donn\u00e9e par Luca Castiglioni (Milan). Elle aura pour th\u00e8me&nbsp;: \u00ab&nbsp;La dignit\u00e9 restaur\u00e9e, [&hellip;]<\/p>\n","protected":false},"author":10,"featured_media":3815,"comment_status":"closed","ping_status":"closed","sticky":false,"template":"","format":"standard","meta":{"_monsterinsights_skip_tracking":false,"_monsterinsights_sitenote_active":false,"_monsterinsights_sitenote_note":"","_monsterinsights_sitenote_category":0,"footnotes":"","_links_to":"","_links_to_target":""},"categories":[83,113],"tags":[],"class_list":["post-12108","post","type-post","status-publish","format-standard","has-post-thumbnail","hentry","category-article","category-bulletin"],"post_mailing_queue_ids":[],"_links":{"self":[{"href":"https:\/\/pembrokediocese.com\/fr\/wp-json\/wp\/v2\/posts\/12108","targetHints":{"allow":["GET"]}}],"collection":[{"href":"https:\/\/pembrokediocese.com\/fr\/wp-json\/wp\/v2\/posts"}],"about":[{"href":"https:\/\/pembrokediocese.com\/fr\/wp-json\/wp\/v2\/types\/post"}],"author":[{"embeddable":true,"href":"https:\/\/pembrokediocese.com\/fr\/wp-json\/wp\/v2\/users\/10"}],"replies":[{"embeddable":true,"href":"https:\/\/pembrokediocese.com\/fr\/wp-json\/wp\/v2\/comments?post=12108"}],"version-history":[{"count":2,"href":"https:\/\/pembrokediocese.com\/fr\/wp-json\/wp\/v2\/posts\/12108\/revisions"}],"predecessor-version":[{"id":12110,"href":"https:\/\/pembrokediocese.com\/fr\/wp-json\/wp\/v2\/posts\/12108\/revisions\/12110"}],"wp:featuredmedia":[{"embeddable":true,"href":"https:\/\/pembrokediocese.com\/fr\/wp-json\/wp\/v2\/media\/3815"}],"wp:attachment":[{"href":"https:\/\/pembrokediocese.com\/fr\/wp-json\/wp\/v2\/media?parent=12108"}],"wp:term":[{"taxonomy":"category","embeddable":true,"href":"https:\/\/pembrokediocese.com\/fr\/wp-json\/wp\/v2\/categories?post=12108"},{"taxonomy":"post_tag","embeddable":true,"href":"https:\/\/pembrokediocese.com\/fr\/wp-json\/wp\/v2\/tags?post=12108"}],"curies":[{"name":"wp","href":"https:\/\/api.w.org\/{rel}","templated":true}]}}