{"id":12478,"date":"2023-05-23T10:35:49","date_gmt":"2023-05-23T14:35:49","guid":{"rendered":"https:\/\/pembrokediocese.com\/?p=12478"},"modified":"2023-05-23T10:37:54","modified_gmt":"2023-05-23T14:37:54","slug":"bulletin-hebdomadaire-le-23-mai-2023-ferie","status":"publish","type":"post","link":"https:\/\/pembrokediocese.com\/fr\/article\/bulletin-hebdomadaire-le-23-mai-2023-ferie\/","title":{"rendered":"BULLETIN HEBDOMADAIRE  &#8211; le 23 mai 2023 (F\u00e9rie)"},"content":{"rendered":"<hr class=\"wp-block-separator has-alpha-channel-opacity\" \/>\r\n\r\n\r\n<h4 class=\"wp-block-heading\"><strong><i><a href=\"mailto:reception@pembrokediocese.com?subject=Abonnez-vous au bulletin hebdomadaire&amp;amp;body=Bonjour, je souhaite m'abonner au Bulletin Hebdomadaire s'il vous plait. Merci.\"><img loading=\"lazy\" decoding=\"async\" class=\"alignright wp-image-8004\" src=\"https:\/\/pembrokediocese.com\/wp-content\/uploads\/subscribe-banner-fr-200x205.png\" alt=\"\" width=\"124\" height=\"127\" srcset=\"https:\/\/pembrokediocese.com\/wp-content\/uploads\/subscribe-banner-fr-200x205.png 200w, https:\/\/pembrokediocese.com\/wp-content\/uploads\/subscribe-banner-fr-768x785.png 768w, https:\/\/pembrokediocese.com\/wp-content\/uploads\/subscribe-banner-fr.png 840w\" sizes=\"(max-width: 124px) 100vw, 124px\" \/><\/a><\/i><\/strong><\/h4>\r\n\r\n\r\n\r\n<h1 class=\"wp-block-heading\"><em><strong>P\u00e8re, glorifie ton Fils.<\/strong><\/em><\/h1>\r\n\r\n\r\n\r\n<h3 class=\"wp-block-heading\"><strong>(Jn 17, 1-11a)<\/strong><\/h3>\r\n\r\n\r\n<hr class=\"wp-block-separator has-alpha-channel-opacity\" \/>\r\n\r\n\r\n\r\n\r\n\r\n\r\n\r\n\r\n<h2 class=\"wp-block-heading\"><strong>DU DIOC\u00c8SE<\/strong><\/h2>\r\n\r\n\r\n\r\n\r\n\r\n\r\n\r\n<h3 class=\"wp-block-heading\"><strong>Ordination au diaconat transitoire &#8211; M. Lukas \u010casta\u00a0<\/strong><\/h3>\r\n\r\n\r\n\r\n<p>C&rsquo;est avec une grande joie que nous annon\u00e7ons l&rsquo;ordination au diaconat de M. Lukas \u010casta, originaire de la paroisse St. Hedwig, Barry&rsquo;s Bay, en la solennit\u00e9 de St. Columbkille, le 9 juin 2023, \u00e0 19 heures, \u00e0 la cath\u00e9drale St. Columbkille. Tous sont les bienvenus !<\/p>\r\n\r\n\r\n\r\n<h3 class=\"wp-block-heading\"><strong>Eccl\u00e9sia<\/strong><\/h3>\r\n\r\n\r\n\r\n<p>L&rsquo;\u00e9dition d&rsquo;Eccl\u00e9sia du printemps 2023 est maintenant disponible dans les paroisses ou peut \u00eatre consult\u00e9e <a href=\"https:\/\/pembrokediocese.com\/wp-content\/uploads\/Ecclesia-Spring-2023-FR.pdf\">ici<\/a>.<\/p>\r\n\r\n\r\n\r\n<h3 class=\"wp-block-heading\"><strong>Page Facebook officielle\u00a0<\/strong><\/h3>\r\n\r\n\r\n\r\n<p>SVP \u00ab\u00a0aimez\u00a0\u00bb et \u00ab\u00a0suivez\u00a0\u00bb notre (nouvelle) page Facebook officielle\u00a0: <a href=\"https:\/\/www.facebook.com\/DiocesePembroke\">https:\/\/www.facebook.com\/DiocesePembroke<\/a>\u00a0\u00a0<\/p>\r\n\r\n\r\n\r\n\r\n\r\n\r\n\r\n\r\n\r\n\r\n<hr class=\"wp-block-separator has-alpha-channel-opacity\" \/>\r\n\r\n\r\n<h2 class=\"wp-block-heading\"><strong>DE LA CECC<\/strong><\/h2>\r\n\r\n\r\n\r\n\r\n\r\n\r\n\r\n<h3 class=\"wp-block-heading\"><strong>\u00ab\u00a0Il y a toujours de l\u2019espoir\u00a0\u00bb &#8211; La CECC publie deux d\u00e9clarations sur la maladie mentale et l\u2019euthanasie\/suicide assist\u00e9\u00a0<\/strong><\/h3>\r\n\r\n\r\n\r\n<ul>\r\n<li><a href=\"https:\/\/www.cecc.ca\/wp-content\/uploads\/2023\/05\/2023-05-05-Message-aux-fideles-catholiques_lAMM-final.pdf\">Message du Conseil permanent aux fid\u00e8les catholiques sur la permission accord\u00e9e aux personnes atteintes de maladies mentales d\u2019avoir acc\u00e8s \u00e0 l\u2019euthanasie et au suicide assist\u00e9 (2023);<\/a><\/li>\r\n<li><a href=\"https:\/\/www.cecc.ca\/wp-content\/uploads\/2023\/05\/2023-05-05-Lettre-ouverte-au-gouvernement-du-Canada_lAMM-final.pdf\">Lettre ouverte du Conseil permanent au gouvernement f\u00e9d\u00e9ral sur la permission accord\u00e9e aux personnes atteintes de maladies mentales d\u2019avoir acc\u00e8s \u00e0 l\u2019euthanasie et au suicide assist\u00e9 (2023).<\/a><\/li>\r\n<\/ul>\r\n\r\n\r\n\r\n\r\n\r\n\r\n<hr class=\"wp-block-separator has-alpha-channel-opacity\" \/>\r\n\r\n\r\n<h2 class=\"wp-block-heading\"><strong>V\u00c9RIT\u00c9 ET R\u00c9CONCILIATION<\/strong><\/h2>\r\n\r\n\r\n\r\n\r\n\r\n<h3 class=\"wp-block-heading\"><strong>Droits des peuples autochtones <\/strong><\/h3>\r\n<p class=\"wp-block-heading\">Les autochtones, peuples et individus, ont le droit d\u2019appartenir \u00e0 une communaut\u00e9 ou \u00e0 une nation autochtone, conform\u00e9ment aux traditions et coutumes de la communaut\u00e9 ou de la nation consid\u00e9r\u00e9e. Aucune discrimination quelle qu\u2019elle soit ne saurait r\u00e9sulter de l\u2019exercice de ce droit.<\/p>\r\n\r\n\r\n\r\n<p><em>Article 9 &#8211; D\u00e9claration des Nations unies sur les droits des peuples autochtones.<\/em><\/p>\r\n\r\n\r\n<hr class=\"wp-block-separator has-alpha-channel-opacity\" \/>\r\n\r\n\r\n<h2 class=\"wp-block-heading\"><strong>L\u2019\u00c9QUIPE D\u2019\u00c9VANG\u00c9LISATION<\/strong><\/h2>\r\n\r\n\r\n\r\n<h3 class=\"wp-block-heading\"><strong>Merci ! <\/strong><\/h3>\r\n\r\n\r\n\r\n<p>Un grand merci \u00e0 tous les cur\u00e9s de paroisse qui ont c\u00e9l\u00e9br\u00e9 des messes pour les intentions des membres des Fleurs \u00e9toil\u00e9es de la bienheureuse Catherine. Un deuxi\u00e8me grand merci \u00e0 ceux qui ont c\u00e9l\u00e9br\u00e9 la f\u00eate de la Bienheureuse Catherine de Saint-Augustin, le 8 mai, avec une messe et des pr\u00e9sentations sur la Bienheureuse Catherine et l&rsquo;initiative de pri\u00e8re des fleurs \u00e9toil\u00e9es. Un troisi\u00e8me grand merci \u00e0 toutes les paroisses qui prient la Litanie des Patrons du Dioc\u00e8se, que ce soit de mani\u00e8re hebdomadaire ou mensuelle. Votre engagement est grandement appr\u00e9ci\u00e9. La pri\u00e8re est la fondation du succ\u00e8s des efforts d&rsquo;\u00e9vang\u00e9lisation d\u00e9ploy\u00e9s dans tout le dioc\u00e8se.<\/p>\r\n\r\n\r\n\r\n<h3 class=\"wp-block-heading\"><strong>Le langage de la croix\u00a0: La voix de l\u2019\u00e9vang\u00e9lisation <\/strong><\/h3>\r\n\r\n\r\n\r\n<p><em>Par Pierre-Alain Giffard, directeur de la pastorale dioc\u00e9saine\u00a0<\/em><\/p>\r\n\r\n\r\n\r\n<p>Dans le Nouveau Testament, Saint Paul explique que le Christ l\u2019a charg\u00e9 de proclamer l\u2019\u00c9vangile en utilisant le langage de la croix et que ce langage est la puissance m\u00eame de Dieu. (1 Corinthiens 1,17-18).\u00a0<a href=\"https:\/\/pembrokediocese.com\/fr\/article\/le-langage-de-la-croix-la-voix-de-levangelisation\/\">(Lire la suite\u2026)<\/a><\/p>\r\n\r\n\r\n<hr class=\"wp-block-separator has-alpha-channel-opacity\" \/>\r\n\r\n\r\n<h2 class=\"wp-block-heading\"><strong>PRO-VIE<\/strong><\/h2>\r\n\r\n\r\n\r\n\r\n\r\n\r\n\r\n<h3 class=\"wp-block-heading\"><strong>Campagne de financement \u201cBiberon\u201d First Step Options 2023\u00a0<\/strong><\/h3>\r\n\r\n\r\n\r\n<p><strong>Du 14 mai au 18 juin<\/strong>. Remplissez notre biberon virtuel et apportez de l&rsquo;espoir. Les dons de 20 $ ou plus recevront un re\u00e7u. Virements \u00e9lectroniques, ch\u00e8ques ou dons mensuels accept\u00e9s Pour de plus amples renseignements, veuillez consulter le site Web \u00e0 l&rsquo;adresse <a href=\"http:\/\/www.firststepoptions.com\">www.firststepoptions.com<\/a>, composer le 613 635-7440 ou envoyer un courriel \u00e0 l&rsquo;adresse <a href=\"mailto:fsocentre@gmail.com\">fsocentre@gmail.com<\/a>.<\/p>\r\n\r\n\r\n<hr class=\"wp-block-separator has-alpha-channel-opacity\" \/>\r\n\r\n\r\n<h2 class=\"wp-block-heading\"><strong>AUTRES \u00c9V\u00c9NEMENTS CATHOLIQUES<\/strong><\/h2>\r\n\r\n\r\n\r\n\r\n\r\n\r\n\r\n\r\n\r\n\r\n\r\n\r\n\r\n\r\n\r\n<h3 class=\"wp-block-heading\"><strong><strong>149<sup>e<\/sup> p\u00e8lerinage annuel &#8211; Ste-Anne-de-Beaupr\u00e9 et Notre-Dame-du-Cap du 12-13 ao\u00fbt 2023\u00a0<\/strong><\/strong><\/h3>\r\n\r\n\r\n\r\n<p>Les autobus partiront des dioc\u00e8ses d&rsquo;Ottawa-Cornwall, de Gatineau, de Pembroke, de Mont-Laurier\/St-J\u00e9r\u00f4me et de Kingston le <strong>12 ao\u00fbt 2023<\/strong>. Pour obtenir les lieux de d\u00e9part, les co\u00fbts et d&rsquo;autres renseignements, veuillez communiquer avec Mike Budge au 613 224-8110 ou \u00e0 l&rsquo;adresse suivante\u00a0: <a href=\"mailto:mike.budge@bell.net\">mike.budge@bell.net<\/a>.<\/p>\r\n<h3><strong>P\u00e8lerinage marial\u00a0<\/strong><\/h3>\r\n<p>P\u00e8re R\u00e9al Ouellette a le plaisir et l&rsquo;honneur d&rsquo;accompagner un p\u00e8lerinage marial \u00e0 Lourdes (France), Compostelle (Espagne), et Fatima et Lisbonne (Portugal) <strong>du 25 octobre au 6 novembre 2023.<\/strong> Pour plus d&rsquo;information\u00a0: <a href=\"https:\/\/spiritours.com\/produit\/france-espagne-portugal-acn\/\">https:\/\/spiritours.com\/produit\/france-espagne-portugal-acn\/<\/a>.<\/p>\r\n\r\n\r\n<hr class=\"wp-block-separator has-alpha-channel-opacity\" \/>","protected":false},"excerpt":{"rendered":"<p>P\u00e8re, glorifie ton Fils. (Jn 17, 1-11a) DU DIOC\u00c8SE Ordination au diaconat transitoire &#8211; M. Lukas \u010casta\u00a0 C&rsquo;est avec une grande joie que nous annon\u00e7ons l&rsquo;ordination au diaconat de M. Lukas \u010casta, originaire de la paroisse St. Hedwig, Barry&rsquo;s Bay, en la solennit\u00e9 de St. Columbkille, le 9 juin 2023, \u00e0 19 heures, \u00e0 la cath\u00e9drale St. Columbkille. Tous sont les bienvenus ! Eccl\u00e9sia L&rsquo;\u00e9dition d&rsquo;Eccl\u00e9sia du printemps 2023 est maintenant disponible dans les paroisses ou peut \u00eatre consult\u00e9e ici. Page Facebook officielle\u00a0 SVP \u00ab\u00a0aimez\u00a0\u00bb et \u00ab\u00a0suivez\u00a0\u00bb notre (nouvelle) page Facebook officielle\u00a0: https:\/\/www.facebook.com\/DiocesePembroke\u00a0\u00a0 DE LA CECC \u00ab\u00a0Il y a toujours de l\u2019espoir\u00a0\u00bb &#8211; La CECC publie deux d\u00e9clarations sur la maladie mentale et l\u2019euthanasie\/suicide assist\u00e9\u00a0 Message du Conseil permanent aux fid\u00e8les catholiques sur la permission accord\u00e9e aux personnes atteintes de maladies mentales d\u2019avoir acc\u00e8s \u00e0 l\u2019euthanasie et au suicide assist\u00e9 (2023); Lettre ouverte du Conseil permanent au gouvernement f\u00e9d\u00e9ral sur la permission accord\u00e9e aux personnes atteintes de maladies mentales d\u2019avoir acc\u00e8s \u00e0 l\u2019euthanasie et au suicide assist\u00e9 (2023). V\u00c9RIT\u00c9 ET R\u00c9CONCILIATION Droits des peuples autochtones Les autochtones, peuples et individus, ont le droit d\u2019appartenir \u00e0 une communaut\u00e9 ou \u00e0 une nation autochtone, conform\u00e9ment aux traditions et coutumes de la communaut\u00e9 ou de la nation consid\u00e9r\u00e9e. Aucune discrimination quelle qu\u2019elle soit ne saurait r\u00e9sulter de l\u2019exercice de ce droit. Article 9 &#8211; D\u00e9claration des Nations unies sur les droits des peuples autochtones. L\u2019\u00c9QUIPE D\u2019\u00c9VANG\u00c9LISATION Merci ! Un grand merci \u00e0 tous les cur\u00e9s de paroisse qui ont c\u00e9l\u00e9br\u00e9 des messes pour les intentions des membres des Fleurs \u00e9toil\u00e9es de la bienheureuse Catherine. Un deuxi\u00e8me grand merci \u00e0 ceux qui ont c\u00e9l\u00e9br\u00e9 la f\u00eate de la Bienheureuse Catherine de Saint-Augustin, le 8 mai, avec une messe et des pr\u00e9sentations sur la Bienheureuse Catherine et l&rsquo;initiative de pri\u00e8re des fleurs \u00e9toil\u00e9es. Un troisi\u00e8me grand merci \u00e0 toutes les paroisses qui prient la Litanie des Patrons du Dioc\u00e8se, que ce soit de mani\u00e8re hebdomadaire ou mensuelle. Votre engagement est grandement appr\u00e9ci\u00e9. La pri\u00e8re est la fondation du succ\u00e8s des efforts d&rsquo;\u00e9vang\u00e9lisation d\u00e9ploy\u00e9s dans tout le dioc\u00e8se. Le langage de la croix\u00a0: La voix de l\u2019\u00e9vang\u00e9lisation Par Pierre-Alain Giffard, directeur de la pastorale dioc\u00e9saine\u00a0 Dans le Nouveau Testament, Saint Paul explique que le Christ l\u2019a charg\u00e9 de proclamer l\u2019\u00c9vangile en utilisant le langage de la croix et que ce langage est la puissance m\u00eame de Dieu. (1 Corinthiens 1,17-18).\u00a0(Lire la suite\u2026) PRO-VIE Campagne de financement \u201cBiberon\u201d First Step Options 2023\u00a0 Du 14 mai au 18 juin. Remplissez notre biberon virtuel et apportez de l&rsquo;espoir. Les dons de 20 $ ou plus recevront un re\u00e7u. Virements \u00e9lectroniques, ch\u00e8ques ou dons mensuels accept\u00e9s Pour de plus amples renseignements, veuillez consulter le site Web \u00e0 l&rsquo;adresse www.firststepoptions.com, composer le 613 635-7440 ou envoyer un courriel \u00e0 l&rsquo;adresse fsocentre@gmail.com. AUTRES \u00c9V\u00c9NEMENTS CATHOLIQUES 149e p\u00e8lerinage annuel &#8211; Ste-Anne-de-Beaupr\u00e9 et Notre-Dame-du-Cap du 12-13 ao\u00fbt 2023\u00a0 Les autobus partiront des dioc\u00e8ses d&rsquo;Ottawa-Cornwall, de Gatineau, de Pembroke, de Mont-Laurier\/St-J\u00e9r\u00f4me et de Kingston le 12 ao\u00fbt 2023. Pour obtenir les lieux de d\u00e9part, les co\u00fbts et d&rsquo;autres renseignements, veuillez communiquer avec Mike Budge au 613 224-8110 ou \u00e0 l&rsquo;adresse suivante\u00a0: mike.budge@bell.net. P\u00e8lerinage marial\u00a0 P\u00e8re [&hellip;]<\/p>\n","protected":false},"author":10,"featured_media":3815,"comment_status":"closed","ping_status":"closed","sticky":false,"template":"","format":"standard","meta":{"_monsterinsights_skip_tracking":false,"_monsterinsights_sitenote_active":false,"_monsterinsights_sitenote_note":"","_monsterinsights_sitenote_category":0,"footnotes":"","_links_to":"","_links_to_target":""},"categories":[114,84],"tags":[],"class_list":["post-12478","post","type-post","status-publish","format-standard","has-post-thumbnail","hentry","category-bulletin","category-article"],"post_mailing_queue_ids":[],"_links":{"self":[{"href":"https:\/\/pembrokediocese.com\/fr\/wp-json\/wp\/v2\/posts\/12478","targetHints":{"allow":["GET"]}}],"collection":[{"href":"https:\/\/pembrokediocese.com\/fr\/wp-json\/wp\/v2\/posts"}],"about":[{"href":"https:\/\/pembrokediocese.com\/fr\/wp-json\/wp\/v2\/types\/post"}],"author":[{"embeddable":true,"href":"https:\/\/pembrokediocese.com\/fr\/wp-json\/wp\/v2\/users\/10"}],"replies":[{"embeddable":true,"href":"https:\/\/pembrokediocese.com\/fr\/wp-json\/wp\/v2\/comments?post=12478"}],"version-history":[{"count":2,"href":"https:\/\/pembrokediocese.com\/fr\/wp-json\/wp\/v2\/posts\/12478\/revisions"}],"predecessor-version":[{"id":12480,"href":"https:\/\/pembrokediocese.com\/fr\/wp-json\/wp\/v2\/posts\/12478\/revisions\/12480"}],"wp:featuredmedia":[{"embeddable":true,"href":"https:\/\/pembrokediocese.com\/fr\/wp-json\/wp\/v2\/media\/3815"}],"wp:attachment":[{"href":"https:\/\/pembrokediocese.com\/fr\/wp-json\/wp\/v2\/media?parent=12478"}],"wp:term":[{"taxonomy":"category","embeddable":true,"href":"https:\/\/pembrokediocese.com\/fr\/wp-json\/wp\/v2\/categories?post=12478"},{"taxonomy":"post_tag","embeddable":true,"href":"https:\/\/pembrokediocese.com\/fr\/wp-json\/wp\/v2\/tags?post=12478"}],"curies":[{"name":"wp","href":"https:\/\/api.w.org\/{rel}","templated":true}]}}