{"id":12518,"date":"2023-05-30T10:47:01","date_gmt":"2023-05-30T14:47:01","guid":{"rendered":"https:\/\/pembrokediocese.com\/?p=12518"},"modified":"2023-05-30T10:53:44","modified_gmt":"2023-05-30T14:53:44","slug":"bulletin-hebdomadaire-le-30-mai-2023-ferie","status":"publish","type":"post","link":"https:\/\/pembrokediocese.com\/fr\/article\/bulletin-hebdomadaire-le-30-mai-2023-ferie\/","title":{"rendered":"BULLETIN HEBDOMADAIRE  &#8211; le 30 mai 2023 (F\u00e9rie)"},"content":{"rendered":"\n<hr class=\"wp-block-separator has-alpha-channel-opacity\"\/>\n\n\n\n<h4 class=\"wp-block-heading\"><strong><i><a href=\"mailto:reception@pembrokediocese.com?subject=Abonnez-vous au bulletin hebdomadaire&amp;amp;body=Bonjour, je souhaite m'abonner au Bulletin Hebdomadaire s'il vous plait. Merci.\"><img loading=\"lazy\" decoding=\"async\" class=\"alignright wp-image-8004\" src=\"https:\/\/pembrokediocese.com\/wp-content\/uploads\/subscribe-banner-fr-200x205.png\" alt=\"\" width=\"124\" height=\"127\" srcset=\"https:\/\/pembrokediocese.com\/wp-content\/uploads\/subscribe-banner-fr-200x205.png 200w, https:\/\/pembrokediocese.com\/wp-content\/uploads\/subscribe-banner-fr-768x785.png 768w, https:\/\/pembrokediocese.com\/wp-content\/uploads\/subscribe-banner-fr.png 840w\" sizes=\"(max-width: 124px) 100vw, 124px\" \/><\/a><\/i><\/strong><\/h4>\n\n\n\n<h1 class=\"wp-block-heading\"><em><strong>Vous recevrez, en ce temps d\u00e9j\u00e0, le centuple, avec des pers\u00e9cutions, et, dans le monde \u00e0 venir, la vie \u00e9ternelle.<\/strong><\/em><\/h1>\n\n\n\n<h3 class=\"wp-block-heading\"><strong>(Mc 10, 28-31)<\/strong><\/h3>\n\n\n\n<hr class=\"wp-block-separator has-alpha-channel-opacity\"\/>\n\n\n\n\n\n\n\n<p><\/p>\n\n\n\n<h2 class=\"wp-block-heading\"><strong>DU DIOC\u00c8SE<\/strong><\/h2>\n\n\n\n\n\n<p><\/p>\n\n\n\n<h3 class=\"wp-block-heading\"><strong>Ordination au diaconat transitoire &#8211; M. Lukas \u010casta&nbsp;<\/strong><\/h3>\n\n\n\n<p>C&rsquo;est avec une grande joie que nous annon\u00e7ons l&rsquo;ordination au diaconat de M. Lukas \u010casta, originaire de la paroisse St. Hedwig, Barry&rsquo;s Bay, en la solennit\u00e9 de St. Columbkille, le 9 juin 2023, \u00e0 19 heures, \u00e0 la cath\u00e9drale St. Columbkille. Tous sont les bienvenus !<\/p>\n\n\n\n<h3 class=\"wp-block-heading\"><strong>Pri\u00e8res<\/strong><\/h3>\n\n\n\n<p>Pour le repos de l&rsquo;\u00e2me du P\u00e8re Roy Boucher, O.M.I., d\u00e9c\u00e9d\u00e9 le vendredi 26 mai dans sa 84<sup>e <\/sup>ann\u00e9e. La messe de fun\u00e9railles aura lieu le samedi 3 juin, \u00e0 11 heures, \u00e0 la paroisse Saint-Joseph, 174, rue Wilbrod, Ottawa.<\/p>\n\n\n\n\n\n\n\n<p><\/p>\n\n\n\n\n\n<p><\/p>\n\n\n\n<hr class=\"wp-block-separator has-alpha-channel-opacity\"\/>\n\n\n\n<h2 class=\"wp-block-heading\"><strong>DE LA CECC<\/strong><\/h2>\n\n\n\n\n\n<p><\/p>\n\n\n\n<h3 class=\"wp-block-heading\"><strong>La consultation th\u00e9ologique entre orthodoxes et catholiques termine sa 101<sup>e<\/sup> r\u00e9union \u2013 mercredi le 24 mai 2023&nbsp;<\/strong><\/h3>\n\n\n\n<p>TORONTO \u2013 La Consultation th\u00e9ologique entre orthodoxes et catholiques d\u2019Am\u00e9rique du Nord s\u2019est r\u00e9unie du 16 au 18 mai 2023 au&nbsp;St. Augustine\u2019s Seminary, \u00e0 Toronto. La Conf\u00e9rence des \u00e9v\u00eaques catholiques du Canada a accueilli la 101<sup>e<\/sup> r\u00e9union. <a href=\"https:\/\/www.cecc.ca\/communique-de-presse\/la-consultation-theologique-entre-orthodoxes-et-catholiques-termine-sa-101e-reunion\/\">(Lire la suite\u2026)<\/a><\/p>\n\n\n\n\n\n<p><\/p>\n\n\n\n<hr class=\"wp-block-separator has-alpha-channel-opacity\"\/>\n\n\n\n<h2 class=\"wp-block-heading\"><strong>V\u00c9RIT\u00c9 ET R\u00c9CONCILIATION<\/strong><\/h2>\n\n\n\n\n\n<h3 class=\"wp-block-heading\"><strong>Droits des peuples autochtones <\/strong><\/h3>\r\n<p>Les peuples autochtones ne peuvent \u00eatre enlev\u00e9s de force \u00e0 leurs terres ou territoires. Aucune r\u00e9installation ne peut avoir lieu sans le consentement pr\u00e9alable \u2013 donn\u00e9 librement et en connaissance de cause \u2013 des peuples autochtones concern\u00e9s et un accord sur une indemnisation juste et \u00e9quitable et, lorsque cela est possible, la facult\u00e9 de retour.<\/p>\n\n\n\n<p><em>Article 10 &#8211; D\u00e9claration des Nations unies sur les droits des peuples autochtones.<\/em><\/p>\n\n\n\n<hr class=\"wp-block-separator has-alpha-channel-opacity\"\/>\n\n\n\n<h2 class=\"wp-block-heading\"><strong>L\u2019\u00c9QUIPE D\u2019\u00c9VANG\u00c9LISATION<\/strong><\/h2>\n\n\n\n<h3 class=\"wp-block-heading\"><strong>Nouvelles de l\u2019\u00e9quipe d\u2019\u00e9vang\u00e9lisation&nbsp;<\/strong><\/h3>\n\n\n\n<p>L\u2019\u00e9quipe d\u2019\u00e9vang\u00e9lisation du dioc\u00e8se de Pembroke se consacre pleinement \u00e0 sa mission premi\u00e8re, qui consiste \u00e0 aider les paroisses, les communaut\u00e9s et les autres groupes catholiques du dioc\u00e8se \u00e0 atteindre ceux et celles qui n\u2019ont pas la foi ou qui l\u2019ont abandonn\u00e9e. <a href=\"https:\/\/pembrokediocese.com\/fr\/article\/nouvelles-de-lequipe-devangelisation\/\">(Lire la suite\u2026)<\/a><\/p>\n\n\n\n<h3 class=\"wp-block-heading\"><strong>Pri\u00e8re pour recevoir les dons spirituels du Saint Esprit <\/strong><\/h3>\n\n\n\n<p><em>Par Pierre-Alain Giffard, directeur de la pastorale dioc\u00e9saine&nbsp;<\/em><\/p>\n\n\n\n<p>P\u00e8re c\u00e9leste, Tu es la source de tout don parfait et de toute gr\u00e2ce excellente. Devant toi je viens avec humilit\u00e9, reconnaissant de ton amour infini envers moi. <a href=\"https:\/\/pembrokediocese.com\/fr\/article\/priere-pour-recevoir-les-dons-spirituels-du-saint-esprit\/\">(Lire la suite\u2026)<\/a><\/p>\n\n\n\n<hr class=\"wp-block-separator has-alpha-channel-opacity\"\/>\n\n\n\n<h2 class=\"wp-block-heading\"><strong>LE SAINT-SI\u00c8GE<\/strong><\/h2>\n\n\n\n<h3 class=\"wp-block-heading\"><strong>Intention de pri\u00e8re du Saint-P\u00e8re pour le mois de juin 2023<\/strong><\/h3>\n\n\n\n<p><strong>&nbsp;Pour l\u2019abolition de la torture <\/strong>\u2013 Prions pour que la communaut\u00e9 internationale s\u2019engage concr\u00e8tement dans l\u2019abolition de la torture et assure un soutien aux victimes ainsi qu\u2019\u00e0 leurs familles.<\/p>\n\n\n\n<hr class=\"wp-block-separator has-alpha-channel-opacity\"\/>\n\n\n\n<h2 class=\"wp-block-heading\"><strong>PRO-VIE<\/strong><\/h2>\n\n\n\n<p><strong>Campagne de financement \u201cBiberon\u201d First Step Options 2023&nbsp;<\/strong><\/p>\n\n\n\n<p><strong>Du 14 mai au 18 juin<\/strong>. Remplissez notre biberon virtuel et apportez de l&rsquo;espoir. Les dons de 20 $ ou plus recevront un re\u00e7u. Virements \u00e9lectroniques, ch\u00e8ques ou dons mensuels accept\u00e9s Pour de plus amples renseignements, veuillez consulter le site Web \u00e0 l&rsquo;adresse <a href=\"http:\/\/www.firststepoptions.com\">www.firststepoptions.com<\/a>, composer le 613 635-7440 ou envoyer un courriel \u00e0 l&rsquo;adresse <a href=\"mailto:fsocentre@gmail.com\">fsocentre@gmail.com<\/a>.<\/p>\n\n\n\n<hr class=\"wp-block-separator has-alpha-channel-opacity\"\/>\n\n\n\n<h2 class=\"wp-block-heading\"><strong>AUTRES \u00c9V\u00c9NEMENTS CATHOLIQUES<\/strong><\/h2>\n\n\n\n\n\n<p><\/p>\n\n\n\n<p><\/p>\n\n\n\n<p><\/p>\n\n\n\n<p><\/p>\n\n\n\n<p><\/p>\n\n\n\n<h3 class=\"wp-block-heading\"><strong><strong>149<sup>e<\/sup> p\u00e8lerinage annuel &#8211; Ste-Anne-de-Beaupr\u00e9 et Notre-Dame-du-Cap du 12-13 ao\u00fbt 2023&nbsp;<\/strong><\/strong><\/h3>\n\n\n\n<p><p>Les autobus partiront des dioc\u00e8ses d&rsquo;Ottawa-Cornwall, de Gatineau, de Pembroke, de Mont-Laurier\/St-J\u00e9r\u00f4me et de Kingston le <strong>12 ao\u00fbt 2023<\/strong>. Pour obtenir les lieux de d\u00e9part, les co\u00fbts et d&rsquo;autres renseignements, veuillez communiquer avec Mike Budge au 613 224-8110 ou \u00e0 l&rsquo;adresse suivante&nbsp;: <a href=\"mailto:mike.budge@bell.net\">mike.budge@bell.net<\/a>.<\/p>\n<h3><strong>P\u00e8lerinage marial&nbsp;<\/strong><\/h3>\n<p>P\u00e8re R\u00e9al Ouellette a le plaisir et l&rsquo;honneur d&rsquo;accompagner un p\u00e8lerinage marial \u00e0 Lourdes (France), Compostelle (Espagne), et Fatima et Lisbonne (Portugal) <strong>du 25 octobre au 6 novembre 2023.<\/strong> Pour plus d&rsquo;information&nbsp;: <a href=\"https:\/\/spiritours.com\/produit\/france-espagne-portugal-acn\/\">https:\/\/spiritours.com\/produit\/france-espagne-portugal-acn\/<\/a>.<\/p><\/p>\n\n\n\n<hr class=\"wp-block-separator has-alpha-channel-opacity\"\/>\n","protected":false},"excerpt":{"rendered":"<p>Vous recevrez, en ce temps d\u00e9j\u00e0, le centuple, avec des pers\u00e9cutions, et, dans le monde \u00e0 venir, la vie \u00e9ternelle. (Mc 10, 28-31) DU DIOC\u00c8SE Ordination au diaconat transitoire &#8211; M. Lukas \u010casta&nbsp; C&rsquo;est avec une grande joie que nous annon\u00e7ons l&rsquo;ordination au diaconat de M. Lukas \u010casta, originaire de la paroisse St. Hedwig, Barry&rsquo;s Bay, en la solennit\u00e9 de St. Columbkille, le 9 juin 2023, \u00e0 19 heures, \u00e0 la cath\u00e9drale St. Columbkille. Tous sont les bienvenus ! Pri\u00e8res Pour le repos de l&rsquo;\u00e2me du P\u00e8re Roy Boucher, O.M.I., d\u00e9c\u00e9d\u00e9 le vendredi 26 mai dans sa 84e ann\u00e9e. La messe de fun\u00e9railles aura lieu le samedi 3 juin, \u00e0 11 heures, \u00e0 la paroisse Saint-Joseph, 174, rue Wilbrod, Ottawa. DE LA CECC La consultation th\u00e9ologique entre orthodoxes et catholiques termine sa 101e r\u00e9union \u2013 mercredi le 24 mai 2023&nbsp; TORONTO \u2013 La Consultation th\u00e9ologique entre orthodoxes et catholiques d\u2019Am\u00e9rique du Nord s\u2019est r\u00e9unie du 16 au 18 mai 2023 au&nbsp;St. Augustine\u2019s Seminary, \u00e0 Toronto. La Conf\u00e9rence des \u00e9v\u00eaques catholiques du Canada a accueilli la 101e r\u00e9union. (Lire la suite\u2026) V\u00c9RIT\u00c9 ET R\u00c9CONCILIATION Droits des peuples autochtones Les peuples autochtones ne peuvent \u00eatre enlev\u00e9s de force \u00e0 leurs terres ou territoires. Aucune r\u00e9installation ne peut avoir lieu sans le consentement pr\u00e9alable \u2013 donn\u00e9 librement et en connaissance de cause \u2013 des peuples autochtones concern\u00e9s et un accord sur une indemnisation juste et \u00e9quitable et, lorsque cela est possible, la facult\u00e9 de retour. Article 10 &#8211; D\u00e9claration des Nations unies sur les droits des peuples autochtones. L\u2019\u00c9QUIPE D\u2019\u00c9VANG\u00c9LISATION Nouvelles de l\u2019\u00e9quipe d\u2019\u00e9vang\u00e9lisation&nbsp; L\u2019\u00e9quipe d\u2019\u00e9vang\u00e9lisation du dioc\u00e8se de Pembroke se consacre pleinement \u00e0 sa mission premi\u00e8re, qui consiste \u00e0 aider les paroisses, les communaut\u00e9s et les autres groupes catholiques du dioc\u00e8se \u00e0 atteindre ceux et celles qui n\u2019ont pas la foi ou qui l\u2019ont abandonn\u00e9e. (Lire la suite\u2026) Pri\u00e8re pour recevoir les dons spirituels du Saint Esprit Par Pierre-Alain Giffard, directeur de la pastorale dioc\u00e9saine&nbsp; P\u00e8re c\u00e9leste, Tu es la source de tout don parfait et de toute gr\u00e2ce excellente. Devant toi je viens avec humilit\u00e9, reconnaissant de ton amour infini envers moi. (Lire la suite\u2026) LE SAINT-SI\u00c8GE Intention de pri\u00e8re du Saint-P\u00e8re pour le mois de juin 2023 &nbsp;Pour l\u2019abolition de la torture \u2013 Prions pour que la communaut\u00e9 internationale s\u2019engage concr\u00e8tement dans l\u2019abolition de la torture et assure un soutien aux victimes ainsi qu\u2019\u00e0 leurs familles. PRO-VIE Campagne de financement \u201cBiberon\u201d First Step Options 2023&nbsp; Du 14 mai au 18 juin. Remplissez notre biberon virtuel et apportez de l&rsquo;espoir. Les dons de 20 $ ou plus recevront un re\u00e7u. Virements \u00e9lectroniques, ch\u00e8ques ou dons mensuels accept\u00e9s Pour de plus amples renseignements, veuillez consulter le site Web \u00e0 l&rsquo;adresse www.firststepoptions.com, composer le 613 635-7440 ou envoyer un courriel \u00e0 l&rsquo;adresse fsocentre@gmail.com. AUTRES \u00c9V\u00c9NEMENTS CATHOLIQUES 149e p\u00e8lerinage annuel &#8211; Ste-Anne-de-Beaupr\u00e9 et Notre-Dame-du-Cap du 12-13 ao\u00fbt 2023&nbsp; Les autobus partiront des dioc\u00e8ses d&rsquo;Ottawa-Cornwall, de Gatineau, de Pembroke, de Mont-Laurier\/St-J\u00e9r\u00f4me et de Kingston le 12 ao\u00fbt 2023. Pour obtenir les lieux de d\u00e9part, les co\u00fbts et d&rsquo;autres renseignements, veuillez communiquer avec Mike Budge au 613 224-8110 ou \u00e0 l&rsquo;adresse suivante&nbsp;: mike.budge@bell.net. P\u00e8lerinage marial&nbsp; P\u00e8re [&hellip;]<\/p>\n","protected":false},"author":10,"featured_media":3815,"comment_status":"closed","ping_status":"closed","sticky":false,"template":"","format":"standard","meta":{"_monsterinsights_skip_tracking":false,"_monsterinsights_sitenote_active":false,"_monsterinsights_sitenote_note":"","_monsterinsights_sitenote_category":0,"footnotes":"","_links_to":"","_links_to_target":""},"categories":[84],"tags":[],"class_list":["post-12518","post","type-post","status-publish","format-standard","has-post-thumbnail","hentry","category-article"],"post_mailing_queue_ids":[],"_links":{"self":[{"href":"https:\/\/pembrokediocese.com\/fr\/wp-json\/wp\/v2\/posts\/12518","targetHints":{"allow":["GET"]}}],"collection":[{"href":"https:\/\/pembrokediocese.com\/fr\/wp-json\/wp\/v2\/posts"}],"about":[{"href":"https:\/\/pembrokediocese.com\/fr\/wp-json\/wp\/v2\/types\/post"}],"author":[{"embeddable":true,"href":"https:\/\/pembrokediocese.com\/fr\/wp-json\/wp\/v2\/users\/10"}],"replies":[{"embeddable":true,"href":"https:\/\/pembrokediocese.com\/fr\/wp-json\/wp\/v2\/comments?post=12518"}],"version-history":[{"count":3,"href":"https:\/\/pembrokediocese.com\/fr\/wp-json\/wp\/v2\/posts\/12518\/revisions"}],"predecessor-version":[{"id":12522,"href":"https:\/\/pembrokediocese.com\/fr\/wp-json\/wp\/v2\/posts\/12518\/revisions\/12522"}],"wp:featuredmedia":[{"embeddable":true,"href":"https:\/\/pembrokediocese.com\/fr\/wp-json\/wp\/v2\/media\/3815"}],"wp:attachment":[{"href":"https:\/\/pembrokediocese.com\/fr\/wp-json\/wp\/v2\/media?parent=12518"}],"wp:term":[{"taxonomy":"category","embeddable":true,"href":"https:\/\/pembrokediocese.com\/fr\/wp-json\/wp\/v2\/categories?post=12518"},{"taxonomy":"post_tag","embeddable":true,"href":"https:\/\/pembrokediocese.com\/fr\/wp-json\/wp\/v2\/tags?post=12518"}],"curies":[{"name":"wp","href":"https:\/\/api.w.org\/{rel}","templated":true}]}}