{"id":12541,"date":"2023-06-06T14:16:51","date_gmt":"2023-06-06T18:16:51","guid":{"rendered":"https:\/\/pembrokediocese.com\/?p=12541"},"modified":"2023-06-06T14:17:48","modified_gmt":"2023-06-06T18:17:48","slug":"bulletin-hebdomadaire-le-6-juin-2023-ferie","status":"publish","type":"post","link":"https:\/\/pembrokediocese.com\/fr\/article\/bulletin-hebdomadaire-le-6-juin-2023-ferie\/","title":{"rendered":"BULLETIN HEBDOMADAIRE  &#8211; le 6 juin 2023 (F\u00e9rie)"},"content":{"rendered":"<hr class=\"wp-block-separator has-alpha-channel-opacity\" \/>\r\n\r\n\r\n<h4 class=\"wp-block-heading\"><strong><i><a href=\"mailto:reception@pembrokediocese.com?subject=Abonnez-vous au bulletin hebdomadaire&amp;amp;body=Bonjour, je souhaite m'abonner au Bulletin Hebdomadaire s'il vous plait. Merci.\"><img loading=\"lazy\" decoding=\"async\" class=\"alignright wp-image-8004\" src=\"https:\/\/pembrokediocese.com\/wp-content\/uploads\/subscribe-banner-fr-200x205.png\" alt=\"\" width=\"124\" height=\"127\" srcset=\"https:\/\/pembrokediocese.com\/wp-content\/uploads\/subscribe-banner-fr-200x205.png 200w, https:\/\/pembrokediocese.com\/wp-content\/uploads\/subscribe-banner-fr-768x785.png 768w, https:\/\/pembrokediocese.com\/wp-content\/uploads\/subscribe-banner-fr.png 840w\" sizes=\"(max-width: 124px) 100vw, 124px\" \/><\/a><\/i><\/strong><\/h4>\r\n\r\n\r\n\r\n<h1 class=\"wp-block-heading\"><em><strong>Ce qui est \u00e0 C\u00e9sar, rendez-le \u00e0 C\u00e9sar, et \u00e0 Dieu ce qui est \u00e0 Dieu.<\/strong><\/em><\/h1>\r\n\r\n\r\n\r\n<h3 class=\"wp-block-heading\"><strong>(Mc 12, 13-17)<\/strong><\/h3>\r\n\r\n\r\n<hr class=\"wp-block-separator has-alpha-channel-opacity\" \/>\r\n\r\n\r\n\r\n\r\n\r\n\r\n\r\n\r\n<h2 class=\"wp-block-heading\"><strong>DU DIOC\u00c8SE<\/strong><\/h2>\r\n\r\n\r\n\r\n\r\n\r\n\r\n\r\n<h3 class=\"wp-block-heading\"><strong>Ordination au diaconat transitoire &#8211; M. Lukas \u010casta\u00a0<\/strong><\/h3>\r\n\r\n\r\n\r\n<p>C&rsquo;est avec une grande joie que nous annon\u00e7ons l&rsquo;ordination au diaconat de M. Lukas \u010casta, originaire de la paroisse St. Hedwig, Barry&rsquo;s Bay, en la solennit\u00e9 de St. Columbkille, le 9 juin 2023, \u00e0 19 heures, \u00e0 la cath\u00e9drale St. Columbkille. Tous sont les bienvenus !<\/p>\r\n\r\n\r\n\r\n\r\n\r\n\r\n\r\n\r\n\r\n\r\n\r\n\r\n\r\n\r\n\r\n\r\n<hr class=\"wp-block-separator has-alpha-channel-opacity\" \/>\r\n\r\n\r\n<h2 class=\"wp-block-heading\"><strong>DE LA CECC<\/strong><\/h2>\r\n\r\n\r\n\r\n\r\n\r\n\r\n\r\n<h3 class=\"wp-block-heading\"><strong>La consultation th\u00e9ologique entre orthodoxes et catholiques termine sa 101<sup>e<\/sup> r\u00e9union\u00a0<\/strong><\/h3>\r\n\r\n\r\n\r\n<p>TORONTO \u2013 La Consultation th\u00e9ologique entre orthodoxes et catholiques d\u2019Am\u00e9rique du Nord s\u2019est r\u00e9unie du 16 au 18 mai 2023 au\u00a0St. Augustine\u2019s Seminary, \u00e0 Toronto. La Conf\u00e9rence des \u00e9v\u00eaques catholiques du Canada a accueilli la 101<sup>e<\/sup> r\u00e9union. <a href=\"https:\/\/www.cecc.ca\/communique-de-presse\/la-consultation-theologique-entre-orthodoxes-et-catholiques-termine-sa-101e-reunion\/\">(Lire la suite\u2026)<\/a><\/p>\r\n\r\n\r\n\r\n\r\n\r\n\r\n<hr class=\"wp-block-separator has-alpha-channel-opacity\" \/>\r\n\r\n\r\n<h2 class=\"wp-block-heading\"><strong>V\u00c9RIT\u00c9 ET R\u00c9CONCILIATION<\/strong><\/h2>\r\n\r\n\r\n\r\n\r\n\r\n<h3 class=\"wp-block-heading\"><strong>Droits des peuples autochtones <\/strong><\/h3>\r\n<ol>\r\n<li>Les peuples autochtones ont le droit d\u2019observer et de revivifier leurs traditions culturelles et leurs coutumes. Ils ont notamment le droit de conserver, de prot\u00e9ger et de d\u00e9velopper les manifestations pass\u00e9es, pr\u00e9sentes et futures de leur culture, telles que les sites arch\u00e9ologiques et historiques, l\u2019artisanat, les dessins et mod\u00e8les, les rites, les techniques, les arts visuels et du spectacle et la litt\u00e9rature.<\/li>\r\n<li>Les \u00c9tats doivent accorder r\u00e9paration par le biais de m\u00e9canismes efficaces \u2013 qui peuvent comprendre la restitution \u2013 mis au point en concertation avec les peuples autochtones, en ce qui concerne les biens culturels, intellectuels, religieux et spirituels qui leur ont \u00e9t\u00e9 pris sans leur consentement pr\u00e9alable, donn\u00e9 librement et en connaissance de cause, ou en violation de leurs lois, traditions et coutumes.<\/li>\r\n<\/ol>\r\n\r\n\r\n\r\n<p><em>Article 11 &#8211; D\u00e9claration des Nations unies sur les droits des peuples autochtones.<\/em><\/p>\r\n\r\n\r\n<hr class=\"wp-block-separator has-alpha-channel-opacity\" \/>\r\n\r\n\r\n<h2 class=\"wp-block-heading\"><strong>L\u2019\u00c9QUIPE D\u2019\u00c9VANG\u00c9LISATION<\/strong><\/h2>\r\n\r\n\r\n\r\n<h3 class=\"wp-block-heading\"><strong>Nouvelles de l\u2019\u00e9quipe d\u2019\u00e9vang\u00e9lisation\u00a0<\/strong><\/h3>\r\n\r\n\r\n\r\n<p>L\u2019\u00e9quipe d\u2019\u00e9vang\u00e9lisation du dioc\u00e8se de Pembroke se consacre pleinement \u00e0 sa mission premi\u00e8re, qui consiste \u00e0 aider les paroisses, les communaut\u00e9s et les autres groupes catholiques du dioc\u00e8se \u00e0 atteindre ceux et celles qui n\u2019ont pas la foi ou qui l\u2019ont abandonn\u00e9e. <a href=\"https:\/\/pembrokediocese.com\/fr\/article\/nouvelles-de-lequipe-devangelisation\/\">(Lire la suite\u2026)<\/a><\/p>\r\n\r\n\r\n\r\n<h3 class=\"wp-block-heading\"><strong>Rassembler, t\u00e9moigner et inviter <\/strong><\/h3>\r\n\r\n\r\n\r\n<p><em>Par Pierre-Alain Giffard, directeur de la pastorale dioc\u00e9saine\u00a0<\/em><\/p>\r\n\r\n\r\n\r\n<p>Devenir une paroisse missionnaire commence par l\u2019organisation de diff\u00e9rentes activit\u00e9s de pri\u00e8res pour le renouveau de la paroisse et pour les personnes qui l\u2019on cherche \u00e0 rejoindre. Il s\u2019agit ensuite pour les paroissiens de mettre l\u2019accent sur l\u2019\u00e9tablissement de nouvelles relations humaines, l\u2019ouverture de canaux de communication et la cr\u00e9ation d\u2019un environnement propice \u00e0 la discussion spirituelle. C\u2019est ce que l\u2019on appelle la pr\u00e9-\u00e9vang\u00e9lisation qui est l\u2019\u00e9tape pr\u00e9liminaire dans le processus de partager sa foi avec quelqu\u2019un. Cr\u00e9er des liens, rassembler des personnes, t\u00e9moigner et inviter sont toutes des activit\u00e9s qui r\u00e9alisent la pr\u00e9-\u00e9vang\u00e9lisation. <a href=\"https:\/\/pembrokediocese.com\/fr\/article\/rassembler-temoigner-et-inviter\/\">(Lire la suite\u2026)<\/a><\/p>\r\n\r\n\r\n<hr class=\"wp-block-separator has-alpha-channel-opacity\" \/>\r\n\r\n\r\n<h2 class=\"wp-block-heading\"><strong>LE SAINT-SI\u00c8GE<\/strong><\/h2>\r\n\r\n\r\n\r\n<h3 class=\"wp-block-heading\"><strong>Intention de pri\u00e8re du Saint-P\u00e8re pour le mois de juin 2023<\/strong><\/h3>\r\n\r\n\r\n\r\n<p><strong>\u00a0Pour l\u2019abolition de la torture <\/strong>\u2013 Prions pour que la communaut\u00e9 internationale s\u2019engage concr\u00e8tement dans l\u2019abolition de la torture et assure un soutien aux victimes ainsi qu\u2019\u00e0 leurs familles.<\/p>\r\n\r\n\r\n<hr class=\"wp-block-separator has-alpha-channel-opacity\" \/>\r\n\r\n\r\n<h2 class=\"wp-block-heading\"><strong>PRO-VIE<\/strong><\/h2>\r\n\r\n\r\n\r\n<p><strong>Campagne de financement \u201cBiberon\u201d First Step Options 2023\u00a0<\/strong><\/p>\r\n\r\n\r\n\r\n<p><strong>Du 14 mai au 18 juin<\/strong>. Remplissez notre biberon virtuel et apportez de l&rsquo;espoir. Les dons de 20 $ ou plus recevront un re\u00e7u. Virements \u00e9lectroniques, ch\u00e8ques ou dons mensuels accept\u00e9s Pour de plus amples renseignements, veuillez consulter le site Web \u00e0 l&rsquo;adresse <a href=\"http:\/\/www.firststepoptions.com\">www.firststepoptions.com<\/a>, composer le 613 635-7440 ou envoyer un courriel \u00e0 l&rsquo;adresse <a href=\"mailto:fsocentre@gmail.com\">fsocentre@gmail.com<\/a>.<\/p>\r\n\r\n\r\n<hr class=\"wp-block-separator has-alpha-channel-opacity\" \/>\r\n\r\n\r\n<h2 class=\"wp-block-heading\"><strong>AUTRES \u00c9V\u00c9NEMENTS CATHOLIQUES<\/strong><\/h2>\r\n\r\n\r\n\r\n\r\n\r\n\r\n\r\n\r\n\r\n\r\n\r\n\r\n\r\n\r\n\r\n<h3 class=\"wp-block-heading\"><strong><strong>149<sup>e<\/sup> p\u00e8lerinage annuel &#8211; Ste-Anne-de-Beaupr\u00e9 et Notre-Dame-du-Cap du 12-13 ao\u00fbt 2023\u00a0<\/strong><\/strong><\/h3>\r\n\r\n\r\n\r\n<p>Les autobus partiront des dioc\u00e8ses d&rsquo;Ottawa-Cornwall, de Gatineau, de Pembroke, de Mont-Laurier\/St-J\u00e9r\u00f4me et de Kingston le <strong>12 ao\u00fbt 2023<\/strong>. Pour obtenir les lieux de d\u00e9part, les co\u00fbts et d&rsquo;autres renseignements, veuillez communiquer avec Mike Budge au 613 224-8110 ou \u00e0 l&rsquo;adresse suivante\u00a0: <a href=\"mailto:mike.budge@bell.net\">mike.budge@bell.net<\/a>.<\/p>\r\n<h3><strong>P\u00e8lerinage marial\u00a0<\/strong><\/h3>\r\n<p>P\u00e8re R\u00e9al Ouellette a le plaisir et l&rsquo;honneur d&rsquo;accompagner un p\u00e8lerinage marial \u00e0 Lourdes (France), Compostelle (Espagne), et Fatima et Lisbonne (Portugal) <strong>du 25 octobre au 6 novembre 2023.<\/strong> Pour plus d&rsquo;information\u00a0: <a href=\"https:\/\/spiritours.com\/produit\/france-espagne-portugal-acn\/\">https:\/\/spiritours.com\/produit\/france-espagne-portugal-acn\/<\/a>.<\/p>\r\n<p>\r\n\r\n<\/p>\r\n<hr class=\"wp-block-separator has-alpha-channel-opacity\" \/>\r\n<p><\/p>","protected":false},"excerpt":{"rendered":"<p>Ce qui est \u00e0 C\u00e9sar, rendez-le \u00e0 C\u00e9sar, et \u00e0 Dieu ce qui est \u00e0 Dieu. (Mc 12, 13-17) DU DIOC\u00c8SE Ordination au diaconat transitoire &#8211; M. Lukas \u010casta\u00a0 C&rsquo;est avec une grande joie que nous annon\u00e7ons l&rsquo;ordination au diaconat de M. Lukas \u010casta, originaire de la paroisse St. Hedwig, Barry&rsquo;s Bay, en la solennit\u00e9 de St. Columbkille, le 9 juin 2023, \u00e0 19 heures, \u00e0 la cath\u00e9drale St. Columbkille. Tous sont les bienvenus ! DE LA CECC La consultation th\u00e9ologique entre orthodoxes et catholiques termine sa 101e r\u00e9union\u00a0 TORONTO \u2013 La Consultation th\u00e9ologique entre orthodoxes et catholiques d\u2019Am\u00e9rique du Nord s\u2019est r\u00e9unie du 16 au 18 mai 2023 au\u00a0St. Augustine\u2019s Seminary, \u00e0 Toronto. La Conf\u00e9rence des \u00e9v\u00eaques catholiques du Canada a accueilli la 101e r\u00e9union. (Lire la suite\u2026) V\u00c9RIT\u00c9 ET R\u00c9CONCILIATION Droits des peuples autochtones Les peuples autochtones ont le droit d\u2019observer et de revivifier leurs traditions culturelles et leurs coutumes. Ils ont notamment le droit de conserver, de prot\u00e9ger et de d\u00e9velopper les manifestations pass\u00e9es, pr\u00e9sentes et futures de leur culture, telles que les sites arch\u00e9ologiques et historiques, l\u2019artisanat, les dessins et mod\u00e8les, les rites, les techniques, les arts visuels et du spectacle et la litt\u00e9rature. Les \u00c9tats doivent accorder r\u00e9paration par le biais de m\u00e9canismes efficaces \u2013 qui peuvent comprendre la restitution \u2013 mis au point en concertation avec les peuples autochtones, en ce qui concerne les biens culturels, intellectuels, religieux et spirituels qui leur ont \u00e9t\u00e9 pris sans leur consentement pr\u00e9alable, donn\u00e9 librement et en connaissance de cause, ou en violation de leurs lois, traditions et coutumes. Article 11 &#8211; D\u00e9claration des Nations unies sur les droits des peuples autochtones. L\u2019\u00c9QUIPE D\u2019\u00c9VANG\u00c9LISATION Nouvelles de l\u2019\u00e9quipe d\u2019\u00e9vang\u00e9lisation\u00a0 L\u2019\u00e9quipe d\u2019\u00e9vang\u00e9lisation du dioc\u00e8se de Pembroke se consacre pleinement \u00e0 sa mission premi\u00e8re, qui consiste \u00e0 aider les paroisses, les communaut\u00e9s et les autres groupes catholiques du dioc\u00e8se \u00e0 atteindre ceux et celles qui n\u2019ont pas la foi ou qui l\u2019ont abandonn\u00e9e. (Lire la suite\u2026) Rassembler, t\u00e9moigner et inviter Par Pierre-Alain Giffard, directeur de la pastorale dioc\u00e9saine\u00a0 Devenir une paroisse missionnaire commence par l\u2019organisation de diff\u00e9rentes activit\u00e9s de pri\u00e8res pour le renouveau de la paroisse et pour les personnes qui l\u2019on cherche \u00e0 rejoindre. Il s\u2019agit ensuite pour les paroissiens de mettre l\u2019accent sur l\u2019\u00e9tablissement de nouvelles relations humaines, l\u2019ouverture de canaux de communication et la cr\u00e9ation d\u2019un environnement propice \u00e0 la discussion spirituelle. C\u2019est ce que l\u2019on appelle la pr\u00e9-\u00e9vang\u00e9lisation qui est l\u2019\u00e9tape pr\u00e9liminaire dans le processus de partager sa foi avec quelqu\u2019un. Cr\u00e9er des liens, rassembler des personnes, t\u00e9moigner et inviter sont toutes des activit\u00e9s qui r\u00e9alisent la pr\u00e9-\u00e9vang\u00e9lisation. (Lire la suite\u2026) LE SAINT-SI\u00c8GE Intention de pri\u00e8re du Saint-P\u00e8re pour le mois de juin 2023 \u00a0Pour l\u2019abolition de la torture \u2013 Prions pour que la communaut\u00e9 internationale s\u2019engage concr\u00e8tement dans l\u2019abolition de la torture et assure un soutien aux victimes ainsi qu\u2019\u00e0 leurs familles. PRO-VIE Campagne de financement \u201cBiberon\u201d First Step Options 2023\u00a0 Du 14 mai au 18 juin. Remplissez notre biberon virtuel et apportez de l&rsquo;espoir. Les dons de 20 $ ou plus recevront un re\u00e7u. Virements \u00e9lectroniques, ch\u00e8ques ou dons mensuels accept\u00e9s Pour de plus amples [&hellip;]<\/p>\n","protected":false},"author":10,"featured_media":3815,"comment_status":"closed","ping_status":"closed","sticky":false,"template":"","format":"standard","meta":{"_monsterinsights_skip_tracking":false,"_monsterinsights_sitenote_active":false,"_monsterinsights_sitenote_note":"","_monsterinsights_sitenote_category":0,"footnotes":"","_links_to":"","_links_to_target":""},"categories":[114,84],"tags":[],"class_list":["post-12541","post","type-post","status-publish","format-standard","has-post-thumbnail","hentry","category-bulletin","category-article"],"post_mailing_queue_ids":[],"_links":{"self":[{"href":"https:\/\/pembrokediocese.com\/fr\/wp-json\/wp\/v2\/posts\/12541","targetHints":{"allow":["GET"]}}],"collection":[{"href":"https:\/\/pembrokediocese.com\/fr\/wp-json\/wp\/v2\/posts"}],"about":[{"href":"https:\/\/pembrokediocese.com\/fr\/wp-json\/wp\/v2\/types\/post"}],"author":[{"embeddable":true,"href":"https:\/\/pembrokediocese.com\/fr\/wp-json\/wp\/v2\/users\/10"}],"replies":[{"embeddable":true,"href":"https:\/\/pembrokediocese.com\/fr\/wp-json\/wp\/v2\/comments?post=12541"}],"version-history":[{"count":2,"href":"https:\/\/pembrokediocese.com\/fr\/wp-json\/wp\/v2\/posts\/12541\/revisions"}],"predecessor-version":[{"id":12543,"href":"https:\/\/pembrokediocese.com\/fr\/wp-json\/wp\/v2\/posts\/12541\/revisions\/12543"}],"wp:featuredmedia":[{"embeddable":true,"href":"https:\/\/pembrokediocese.com\/fr\/wp-json\/wp\/v2\/media\/3815"}],"wp:attachment":[{"href":"https:\/\/pembrokediocese.com\/fr\/wp-json\/wp\/v2\/media?parent=12541"}],"wp:term":[{"taxonomy":"category","embeddable":true,"href":"https:\/\/pembrokediocese.com\/fr\/wp-json\/wp\/v2\/categories?post=12541"},{"taxonomy":"post_tag","embeddable":true,"href":"https:\/\/pembrokediocese.com\/fr\/wp-json\/wp\/v2\/tags?post=12541"}],"curies":[{"name":"wp","href":"https:\/\/api.w.org\/{rel}","templated":true}]}}