{"id":12571,"date":"2023-06-13T11:28:17","date_gmt":"2023-06-13T15:28:17","guid":{"rendered":"https:\/\/pembrokediocese.com\/?p=12571"},"modified":"2023-06-20T10:48:48","modified_gmt":"2023-06-20T14:48:48","slug":"bulletin-hebdomadaire-le-13-juin-2023-st-antoine-de-padoue-pretre-et-docteur-de-leglise","status":"publish","type":"post","link":"https:\/\/pembrokediocese.com\/fr\/article\/bulletin-hebdomadaire-le-13-juin-2023-st-antoine-de-padoue-pretre-et-docteur-de-leglise\/","title":{"rendered":"BULLETIN HEBDOMADAIRE  &#8211; le 13 juin 2023 (St Antoine de Padoue, Pr\u00eatre et Docteur de l&rsquo;\u00c9glise)"},"content":{"rendered":"<hr class=\"wp-block-separator has-alpha-channel-opacity\" \/>\r\n\r\n\r\n<h4 class=\"wp-block-heading\"><strong><i><a href=\"mailto:reception@pembrokediocese.com?subject=Abonnez-vous au bulletin hebdomadaire&amp;amp;body=Bonjour, je souhaite m'abonner au Bulletin Hebdomadaire s'il vous plait. Merci.\"><img loading=\"lazy\" decoding=\"async\" class=\"alignright wp-image-8004\" src=\"https:\/\/pembrokediocese.com\/wp-content\/uploads\/subscribe-banner-fr-200x205.png\" alt=\"\" width=\"124\" height=\"127\" srcset=\"https:\/\/pembrokediocese.com\/wp-content\/uploads\/subscribe-banner-fr-200x205.png 200w, https:\/\/pembrokediocese.com\/wp-content\/uploads\/subscribe-banner-fr-768x785.png 768w, https:\/\/pembrokediocese.com\/wp-content\/uploads\/subscribe-banner-fr.png 840w\" sizes=\"(max-width: 124px) 100vw, 124px\" \/><\/a><\/i><\/strong><\/h4>\r\n\r\n\r\n\r\n<h1 class=\"wp-block-heading\"><em><strong>Vous \u00eates le sel de la terre.<\/strong><\/em><\/h1>\r\n\r\n\r\n\r\n<h3 class=\"wp-block-heading\"><strong>(Mt 5, 13-16)<\/strong><\/h3>\r\n\r\n\r\n<hr class=\"wp-block-separator has-alpha-channel-opacity\" \/>\r\n\r\n\r\n\r\n\r\n\r\n\r\n\r\n\r\n<h2 class=\"wp-block-heading\"><strong>DU DIOC\u00c8SE<\/strong><\/h2>\r\n\r\n\r\n\r\n\r\n\r\n\r\n\r\n<h3 class=\"wp-block-heading\"><strong>Pri\u00e8res<\/strong><\/h3>\r\n\r\n\r\n\r\n<p>Pour le repos de l&rsquo;\u00e2me de M. Charles Lund, grand-p\u00e8re du p\u00e8re Michael Lund, d\u00e9c\u00e9d\u00e9 paisiblement le dimanche 11 juin \u00e0 l&rsquo;\u00e2ge de 93 ans.<\/p>\r\n\r\n\r\n\r\n\r\n\r\n\r\n\r\n\r\n\r\n\r\n\r\n\r\n\r\n\r\n\r\n\r\n<hr class=\"wp-block-separator has-alpha-channel-opacity\" \/>\r\n\r\n\r\n<h2 class=\"wp-block-heading\"><strong>DE LA CECC<\/strong><\/h2>\r\n\r\n\r\n\r\n\r\n\r\n\r\n\r\n<h3 class=\"wp-block-heading\"><strong>Les \u00e9v\u00eaques du Canada publient un Guide pour l\u2019\u00e9laboration de politiques concernant les dossiers relatifs aux Autochtones dans les archives des dioc\u00e8ses catholiques au Canada \u2013 mardi, juin 13, 2023\u00a0<\/strong><\/h3>\r\n\r\n\r\n\r\n<p>La Conf\u00e9rence des \u00e9v\u00eaques catholiques du Canada (CECC) a publi\u00e9 un Guide pour aider les dioc\u00e8ses \u00e0 \u00e9laborer leurs politiques dioc\u00e9saines respectives sur les dossiers li\u00e9s aux Autochtones. Le Guide vise \u00e0 aider les personnes responsables de l\u2019\u00e9laboration des politiques, comme les \u00e9v\u00eaques, les chanceliers et chanceli\u00e8res, et les archivistes, ainsi qu\u2019\u00e0 promouvoir les meilleures pratiques pour l\u2019entretien et l\u2019acc\u00e8s aux archives des dioc\u00e8ses catholiques \u00e0 travers le Canada. <a href=\"https:\/\/www.cecc.ca\/annonce\/les-eveques-du-canada-publient-un-guide-pour-lelaboration-de-politiques-concernant-les-dossiers-relatifs-aux-autochtones-dans-les-archives-des-dioceses-catholiques-au-canada\/\">(Lire la suite\u2026)<\/a><\/p>\r\n\r\n\r\n\r\n\r\n\r\n\r\n<hr class=\"wp-block-separator has-alpha-channel-opacity\" \/>\r\n\r\n\r\n<h2 class=\"wp-block-heading\"><strong>V\u00c9RIT\u00c9 ET R\u00c9CONCILIATION<\/strong><\/h2>\r\n\r\n\r\n\r\n\r\n\r\n<h3 class=\"wp-block-heading\"><strong>Droits des peuples autochtones\u00a0<\/strong><\/h3>\r\n\r\n\r\n\r\n<ol class=\"wp-block-list\" type=\"1\">\r\n<li>Les peuples autochtones ont le droit de manifester, de pratiquer, de promouvoir et d\u2019enseigner leurs traditions, coutumes et rites religieux et spirituels ; le droit d\u2019entretenir et de prot\u00e9ger leurs sites religieux et culturels et d`y avoir acc\u00e8s en priv\u00e9 ; le droit d\u2019utiliser leurs objets rituels et d\u2019en disposer ; et le droit au rapatriement de leurs restes humains.<\/li>\r\n\r\n\r\n\r\n<li>Les \u00c9tats veillent \u00e0 permettre l\u2019acc\u00e8s aux objets de culte et aux restes humains en leur possession et\/ou leur rapatriement, par le biais de m\u00e9canismes justes, transparents et efficaces mis au point en concertation avec les peuples autochtones concern\u00e9s.<\/li>\r\n<\/ol>\r\n\r\n\r\n\r\n<p><em>Article 12 &#8211; D\u00e9claration des Nations unies sur les droits des peuples autochtones.<\/em><\/p>\r\n\r\n\r\n<hr class=\"wp-block-separator has-alpha-channel-opacity\" \/>\r\n\r\n\r\n<h2 class=\"wp-block-heading\"><strong>L\u2019\u00c9QUIPE D\u2019\u00c9VANG\u00c9LISATION<\/strong><\/h2>\r\n\r\n\r\n\r\n\r\n\r\n<h3 class=\"wp-block-heading\"><strong><strong>Rassembler, t\u00e9moigner et inviter<\/strong><\/strong><\/h3>\r\n\r\n\r\n\r\n<p><em>Par Pierre-Alain Giffard, directeur de la pastorale dioc\u00e9saine\u00a0<\/em><\/p>\r\n\r\n\r\n\r\n<p>Devenir une paroisse missionnaire commence par l\u2019organisation de diff\u00e9rentes activit\u00e9s de pri\u00e8res pour le renouveau de la paroisse et pour les personnes qui l\u2019on cherche \u00e0 rejoindre. Il s\u2019agit ensuite pour les paroissiens de mettre l\u2019accent sur l\u2019\u00e9tablissement de nouvelles relations humaines, l\u2019ouverture de canaux de communication et la cr\u00e9ation d\u2019un environnement propice \u00e0 la discussion spirituelle. C\u2019est ce que l\u2019on appelle la pr\u00e9-\u00e9vang\u00e9lisation qui est l\u2019\u00e9tape pr\u00e9liminaire dans le processus de partager sa foi avec quelqu\u2019un. Cr\u00e9er des liens, rassembler des personnes, t\u00e9moigner et inviter sont toutes des activit\u00e9s qui r\u00e9alisent la pr\u00e9-\u00e9vang\u00e9lisation. <a href=\"https:\/\/pembrokediocese.com\/fr\/article\/rassembler-temoigner-et-inviter\/\">(Lire la suite\u2026)<\/a><\/p>\r\n\r\n\r\n<hr class=\"wp-block-separator has-alpha-channel-opacity\" \/>\r\n\r\n\r\n\r\n\r\n\r\n\r\n\r\n\r\n\r\n\r\n<h2 class=\"wp-block-heading\"><strong>AUTRES \u00c9V\u00c9NEMENTS CATHOLIQUES<\/strong><\/h2>\r\n\r\n\r\n\r\n\r\n\r\n\r\n\r\n\r\n\r\n\r\n\r\n\r\n\r\n\r\n\r\n<h3 class=\"wp-block-heading\"><strong><strong>149<sup>e<\/sup> p\u00e8lerinage annuel &#8211; Ste-Anne-de-Beaupr\u00e9 et Notre-Dame-du-Cap du 12-13 ao\u00fbt 2023\u00a0<\/strong><\/strong><\/h3>\r\n\r\n\r\n\r\n<p>Les autobus partiront des dioc\u00e8ses d&rsquo;Ottawa-Cornwall, de Gatineau, de Pembroke, de Mont-Laurier\/St-J\u00e9r\u00f4me et de Kingston le <strong>12 ao\u00fbt 2023<\/strong>. Pour obtenir les lieux de d\u00e9part, les co\u00fbts et d&rsquo;autres renseignements, veuillez communiquer avec Mike Budge au 613 224-8110 ou \u00e0 l&rsquo;adresse suivante\u00a0: <a href=\"mailto:mike.budge@bell.net\">mike.budge@bell.net<\/a>.<\/p>\r\n<h3><strong>P\u00e8lerinage marial\u00a0<\/strong><\/h3>\r\n<p>P\u00e8re R\u00e9al Ouellette a le plaisir et l&rsquo;honneur d&rsquo;accompagner un p\u00e8lerinage marial \u00e0 Lourdes (France), Compostelle (Espagne), et Fatima et Lisbonne (Portugal) <strong>du 25 octobre au 6 novembre 2023.<\/strong> Pour plus d&rsquo;information\u00a0: <a href=\"https:\/\/spiritours.com\/produit\/france-espagne-portugal-acn\/\">https:\/\/spiritours.com\/produit\/france-espagne-portugal-acn\/<\/a>.<\/p>\r\n<p>\r\n\r\n<\/p>\r\n<hr class=\"wp-block-separator has-alpha-channel-opacity\" \/>\r\n<p><\/p>\r\n<p>&nbsp;<\/p>","protected":false},"excerpt":{"rendered":"<p>Vous \u00eates le sel de la terre. (Mt 5, 13-16) DU DIOC\u00c8SE Pri\u00e8res Pour le repos de l&rsquo;\u00e2me de M. Charles Lund, grand-p\u00e8re du p\u00e8re Michael Lund, d\u00e9c\u00e9d\u00e9 paisiblement le dimanche 11 juin \u00e0 l&rsquo;\u00e2ge de 93 ans. DE LA CECC Les \u00e9v\u00eaques du Canada publient un Guide pour l\u2019\u00e9laboration de politiques concernant les dossiers relatifs aux Autochtones dans les archives des dioc\u00e8ses catholiques au Canada \u2013 mardi, juin 13, 2023\u00a0 La Conf\u00e9rence des \u00e9v\u00eaques catholiques du Canada (CECC) a publi\u00e9 un Guide pour aider les dioc\u00e8ses \u00e0 \u00e9laborer leurs politiques dioc\u00e9saines respectives sur les dossiers li\u00e9s aux Autochtones. Le Guide vise \u00e0 aider les personnes responsables de l\u2019\u00e9laboration des politiques, comme les \u00e9v\u00eaques, les chanceliers et chanceli\u00e8res, et les archivistes, ainsi qu\u2019\u00e0 promouvoir les meilleures pratiques pour l\u2019entretien et l\u2019acc\u00e8s aux archives des dioc\u00e8ses catholiques \u00e0 travers le Canada. (Lire la suite\u2026) V\u00c9RIT\u00c9 ET R\u00c9CONCILIATION Droits des peuples autochtones\u00a0 Article 12 &#8211; D\u00e9claration des Nations unies sur les droits des peuples autochtones. L\u2019\u00c9QUIPE D\u2019\u00c9VANG\u00c9LISATION Rassembler, t\u00e9moigner et inviter Par Pierre-Alain Giffard, directeur de la pastorale dioc\u00e9saine\u00a0 Devenir une paroisse missionnaire commence par l\u2019organisation de diff\u00e9rentes activit\u00e9s de pri\u00e8res pour le renouveau de la paroisse et pour les personnes qui l\u2019on cherche \u00e0 rejoindre. Il s\u2019agit ensuite pour les paroissiens de mettre l\u2019accent sur l\u2019\u00e9tablissement de nouvelles relations humaines, l\u2019ouverture de canaux de communication et la cr\u00e9ation d\u2019un environnement propice \u00e0 la discussion spirituelle. C\u2019est ce que l\u2019on appelle la pr\u00e9-\u00e9vang\u00e9lisation qui est l\u2019\u00e9tape pr\u00e9liminaire dans le processus de partager sa foi avec quelqu\u2019un. Cr\u00e9er des liens, rassembler des personnes, t\u00e9moigner et inviter sont toutes des activit\u00e9s qui r\u00e9alisent la pr\u00e9-\u00e9vang\u00e9lisation. (Lire la suite\u2026) AUTRES \u00c9V\u00c9NEMENTS CATHOLIQUES 149e p\u00e8lerinage annuel &#8211; Ste-Anne-de-Beaupr\u00e9 et Notre-Dame-du-Cap du 12-13 ao\u00fbt 2023\u00a0 Les autobus partiront des dioc\u00e8ses d&rsquo;Ottawa-Cornwall, de Gatineau, de Pembroke, de Mont-Laurier\/St-J\u00e9r\u00f4me et de Kingston le 12 ao\u00fbt 2023. Pour obtenir les lieux de d\u00e9part, les co\u00fbts et d&rsquo;autres renseignements, veuillez communiquer avec Mike Budge au 613 224-8110 ou \u00e0 l&rsquo;adresse suivante\u00a0: mike.budge@bell.net. P\u00e8lerinage marial\u00a0 P\u00e8re R\u00e9al Ouellette a le plaisir et l&rsquo;honneur d&rsquo;accompagner un p\u00e8lerinage marial \u00e0 Lourdes (France), Compostelle (Espagne), et Fatima et Lisbonne (Portugal) du 25 octobre au 6 novembre 2023. Pour plus d&rsquo;information\u00a0: https:\/\/spiritours.com\/produit\/france-espagne-portugal-acn\/. &nbsp;<\/p>\n","protected":false},"author":10,"featured_media":3815,"comment_status":"closed","ping_status":"closed","sticky":false,"template":"","format":"standard","meta":{"_monsterinsights_skip_tracking":false,"_monsterinsights_sitenote_active":false,"_monsterinsights_sitenote_note":"","_monsterinsights_sitenote_category":0,"footnotes":"","_links_to":"","_links_to_target":""},"categories":[114,84],"tags":[],"class_list":["post-12571","post","type-post","status-publish","format-standard","has-post-thumbnail","hentry","category-bulletin","category-article"],"post_mailing_queue_ids":[],"_links":{"self":[{"href":"https:\/\/pembrokediocese.com\/fr\/wp-json\/wp\/v2\/posts\/12571","targetHints":{"allow":["GET"]}}],"collection":[{"href":"https:\/\/pembrokediocese.com\/fr\/wp-json\/wp\/v2\/posts"}],"about":[{"href":"https:\/\/pembrokediocese.com\/fr\/wp-json\/wp\/v2\/types\/post"}],"author":[{"embeddable":true,"href":"https:\/\/pembrokediocese.com\/fr\/wp-json\/wp\/v2\/users\/10"}],"replies":[{"embeddable":true,"href":"https:\/\/pembrokediocese.com\/fr\/wp-json\/wp\/v2\/comments?post=12571"}],"version-history":[{"count":10,"href":"https:\/\/pembrokediocese.com\/fr\/wp-json\/wp\/v2\/posts\/12571\/revisions"}],"predecessor-version":[{"id":12633,"href":"https:\/\/pembrokediocese.com\/fr\/wp-json\/wp\/v2\/posts\/12571\/revisions\/12633"}],"wp:featuredmedia":[{"embeddable":true,"href":"https:\/\/pembrokediocese.com\/fr\/wp-json\/wp\/v2\/media\/3815"}],"wp:attachment":[{"href":"https:\/\/pembrokediocese.com\/fr\/wp-json\/wp\/v2\/media?parent=12571"}],"wp:term":[{"taxonomy":"category","embeddable":true,"href":"https:\/\/pembrokediocese.com\/fr\/wp-json\/wp\/v2\/categories?post=12571"},{"taxonomy":"post_tag","embeddable":true,"href":"https:\/\/pembrokediocese.com\/fr\/wp-json\/wp\/v2\/tags?post=12571"}],"curies":[{"name":"wp","href":"https:\/\/api.w.org\/{rel}","templated":true}]}}