{"id":12634,"date":"2023-06-20T10:57:21","date_gmt":"2023-06-20T14:57:21","guid":{"rendered":"https:\/\/pembrokediocese.com\/?p=12634"},"modified":"2023-06-20T10:59:19","modified_gmt":"2023-06-20T14:59:19","slug":"bulletin-hebdomadaire-le-20-juin-2023-ferie","status":"publish","type":"post","link":"https:\/\/pembrokediocese.com\/fr\/article\/bulletin-hebdomadaire-le-20-juin-2023-ferie\/","title":{"rendered":"BULLETIN HEBDOMADAIRE  &#8211; le 20 juin 2023 (F\u00e9rie)"},"content":{"rendered":"\n<hr class=\"wp-block-separator has-alpha-channel-opacity\"\/>\n\n\n\n<h4 class=\"wp-block-heading\"><strong><i><a href=\"mailto:reception@pembrokediocese.com?subject=Abonnez-vous au bulletin hebdomadaire&amp;amp;body=Bonjour, je souhaite m'abonner au Bulletin Hebdomadaire s'il vous plait. Merci.\"><img loading=\"lazy\" decoding=\"async\" class=\"alignright wp-image-8004\" src=\"https:\/\/pembrokediocese.com\/wp-content\/uploads\/subscribe-banner-fr-200x205.png\" alt=\"\" width=\"124\" height=\"127\" srcset=\"https:\/\/pembrokediocese.com\/wp-content\/uploads\/subscribe-banner-fr-200x205.png 200w, https:\/\/pembrokediocese.com\/wp-content\/uploads\/subscribe-banner-fr-768x785.png 768w, https:\/\/pembrokediocese.com\/wp-content\/uploads\/subscribe-banner-fr.png 840w\" sizes=\"(max-width: 124px) 100vw, 124px\" \/><\/a><\/i><\/strong><\/h4>\n\n\n\n<h1 class=\"wp-block-heading\"><em><strong>Aimez vos ennemis.<\/strong><\/em><\/h1>\n\n\n\n<h3 class=\"wp-block-heading\"><strong>(Mt 5, 43-48)<\/strong><\/h3>\n\n\n\n<hr class=\"wp-block-separator has-alpha-channel-opacity\"\/>\n\n\n\n\n\n\n\n<p><\/p>\n\n\n\n<h2 class=\"wp-block-heading\"><strong>DU DIOC\u00c8SE<\/strong><\/h2>\n\n\n\n\n\n<p><\/p>\n\n\n\n<h3 class=\"wp-block-heading\"><strong>Pri\u00e8res<\/strong><\/h3>\n\n\n\n<p>Pour le repos de l&rsquo;\u00e2me de M. Charles Lund, grand-p\u00e8re du p\u00e8re Michael Lund, d\u00e9c\u00e9d\u00e9 paisiblement le dimanche 11 juin \u00e0 l&rsquo;\u00e2ge de 93 ans.<\/p>\n\n\n\n\n\n<p><\/p>\n\n\n\n\n\n\n\n<p><\/p>\n\n\n\n\n\n<p><\/p>\n\n\n\n<hr class=\"wp-block-separator has-alpha-channel-opacity\"\/>\n\n\n\n<h2 class=\"wp-block-heading\"><strong>DE LA CECC<\/strong><\/h2>\n\n\n\n\n\n<p><\/p>\n\n\n\n<h3 class=\"wp-block-heading\"><strong>Vid\u00e9o promotionnelle de la CECC \u2013 Journ\u00e9e mondiale des grands-parents et des personnes \u00e2g\u00e9es 2023 \u2013<\/strong><strong> mercredi le 14 juin 2023&nbsp;<\/strong><\/h3>\n\n\n\n<p><strong>Ottawa \u2013&nbsp;<\/strong>Le Comit\u00e9 permanent pour la famille et la vie de la CECC, en collaboration avec son Office correspondant, a publi\u00e9 une&nbsp;vid\u00e9o promotionnelle de 30 secondes<strong>&nbsp;<\/strong>pour souligner la&nbsp;<strong>troisi\u00e8me Journ\u00e9e mondiale des grands-parents et des personnes \u00e2g\u00e9es<\/strong>, qui aura lieu le&nbsp;<strong>dimanche 23 juillet 2023.<\/strong> <a href=\"https:\/\/www.cecc.ca\/communique-de-presse\/video-promotionnelle-de-la-cecc-journee-mondiale-des-grands-parents-et-des-personnes-agees-2023\/\">(Lire la suite\u2026)<\/a><\/p>\n\n\n\n\n\n<p><\/p>\n\n\n\n<hr class=\"wp-block-separator has-alpha-channel-opacity\"\/>\n\n\n\n<h2 class=\"wp-block-heading\"><strong>V\u00c9RIT\u00c9 ET R\u00c9CONCILIATION<\/strong><\/h2>\n\n\n\n\n\n<h3 class=\"wp-block-heading\"><strong>Journ\u00e9e nationale des autochtones\u00a0<\/strong><\/h3>\r\n<p>Demain, 21 juin, est la JOURN\u00c9E NATIONALE DES AUTOCHTONES au Canada. Une journ\u00e9e que nous devons tous m\u00e9diter et prier pour la gu\u00e9rison. Alors que nous r\u00e9fl\u00e9chissons \u00e0 la triste r\u00e9alit\u00e9 de l&rsquo;histoire, \u00e0 l&rsquo;expression des regrets du pape Fran\u00e7ois et \u00e0 son appel au pardon, nous demandons \u00e0 Dieu, en ce jour, la gr\u00e2ce de la perspicacit\u00e9. Ceux qui vivent dans la blessure nous rappellent qu&rsquo;il a fallu sept g\u00e9n\u00e9rations pour en arriver l\u00e0. Que Dieu nous inspire \u00e0 aller de l&rsquo;avant dans la recherche de la r\u00e9conciliation. Puisse-t-il ne pas falloir encore sept g\u00e9n\u00e9rations pour apprendre \u00e0 nous accueillir les uns les autres comme membres d&rsquo;une m\u00eame famille, la famille humaine.<\/p>\r\n<p>Nombreux sont ceux qui se souviennent de l&rsquo;adage selon lequel il ne faut pas critiquer une autre personne avant d&rsquo;avoir march\u00e9 un kilom\u00e8tre dans ses mocassins. En r\u00e9fl\u00e9chissant \u00e0 cet adage, prenons-le \u00e0 c\u0153ur et prions pour des c\u0153urs qui r\u00e9fl\u00e9chissent \u00e0 l&rsquo;espoir.<\/p>\r\n<h3 style=\"text-align: center;\"><em><strong>Dieu cr\u00e9ateur<\/strong><\/em><\/h3>\r\n<p style=\"text-align: center;\"><em>C&rsquo;est de toi que toute famille au ciel et sur la terre tire son nom.<\/em><\/p>\r\n<p style=\"text-align: center;\"><em>Tu nous as enracin\u00e9s et fond\u00e9s dans ton alliance d&rsquo;amour,<\/em><\/p>\r\n<p style=\"text-align: center;\"><em>et tu nous as donn\u00e9 le pouvoir, par ton esprit, de dire la v\u00e9rit\u00e9 dans l&rsquo;amour,<\/em><\/p>\r\n<p style=\"text-align: center;\"><em>et de marcher sur ton chemin vers la justice et la pl\u00e9nitude.<\/em><\/p>\r\n<p style=\"text-align: center;\"><em>Accorde-nous avec mis\u00e9ricorde que ton peuple, cheminant ensemble en partenariat,<\/em><\/p>\r\n<p style=\"text-align: center;\"><em>soit renforc\u00e9 et guid\u00e9<\/em><\/p>\r\n<p style=\"text-align: center;\"><em>pour s&rsquo;aider mutuellement \u00e0 grandir dans la pleine stature du Christ.<\/em><\/p>\r\n<p style=\"text-align: center;\"><em>Qui est notre lumi\u00e8re et notre vie.\u00a0 Amen.<\/em><\/p>\r\n<h3 class=\"wp-block-heading\"><strong>Droits des peuples autochtones\u00a0<\/strong><\/h3>\n\n\n\n<ol class=\"wp-block-list\" type=\"1\">\n<li>Les peuples autochtones ont le droit de revivifier, d\u2019utiliser, de d\u00e9velopper et de transmettre aux g\u00e9n\u00e9rations futures leur histoire, leur langue, leurs traditions orales, leur philosophie, leur syst\u00e8me d\u2019\u00e9criture et leur litt\u00e9rature, ainsi que de choisir et de conserver leurs propres noms pour les communaut\u00e9s, les lieux et les personnes.<\/li>\r\n<li>Les \u00c9tats prennent des mesures efficaces pour prot\u00e9ger ce droit et faire en sorte que les peuples autochtones puissent comprendre et \u00eatre compris dans les proc\u00e9dures politiques, juridiques et administratives, en fournissant, si n\u00e9cessaire, des services d\u2019interpr\u00e9tation ou d\u2019autres moyens appropri\u00e9s.<\/li>\n<\/ol>\n\n\n\n<p><em>Article 13 &#8211; D\u00e9claration des Nations unies sur les droits des peuples autochtones.<\/em><\/p>\n\n\n\n<hr class=\"wp-block-separator has-alpha-channel-opacity\"\/>\n\n\n\n<h2 class=\"wp-block-heading\"><strong>L\u2019\u00c9QUIPE D\u2019\u00c9VANG\u00c9LISATION<\/strong><\/h2>\n\n\n\n\n\n<h3 class=\"wp-block-heading\"><strong>\u00c9vang\u00e9liser en cultivant nos comp\u00e9tences sociales <\/strong><\/h3>\n\n\n\n<p><em>Par Pierre-Alain Giffard, directeur de la pastorale dioc\u00e9saine&nbsp;<\/em><\/p>\n\n\n\n<p>L\u2019\u00e9vang\u00e9lisation, \u00e0 la base, est une expression d\u2019amour enracin\u00e9e dans notre foi en tant que disciples du Christ. Il ne s\u2019agit pas simplement d\u2019une responsabilit\u00e9, mais d\u2019un appel divin \u00e0 partager la Bonne Nouvelle avec les autres. Pour remplir cette mission, il est important de cultiver nos comp\u00e9tences sociales, affinant notre capacit\u00e9 \u00e0 interagir de mani\u00e8re significative avec les personnes qui nous entourent. <a href=\"https:\/\/pembrokediocese.com\/fr\/textes-a-lire\/evangeliser-a-travers-nos-interactions-sociales\/\">(Lire la suite\u2026)<\/a><\/p>\n\n\n\n<hr class=\"wp-block-separator has-alpha-channel-opacity\"\/>\n\n\n\n\n\n\n\n<p><\/p>\n\n\n\n<p><\/p>\n\n\n\n<h2 class=\"wp-block-heading\"><strong>AUTRES \u00c9V\u00c9NEMENTS CATHOLIQUES<\/strong><\/h2>\n\n\n\n\n\n<p><\/p>\n\n\n\n<p><\/p>\n\n\n\n<p><\/p>\n\n\n\n<p><\/p>\n\n\n\n<p><\/p>\n\n\n\n<h3 class=\"wp-block-heading\"><strong><strong>149<sup>e<\/sup> p\u00e8lerinage annuel &#8211; Ste-Anne-de-Beaupr\u00e9 et Notre-Dame-du-Cap du 12-13 ao\u00fbt 2023&nbsp;<\/strong><\/strong><\/h3>\n\n\n\n<p>Les autobus partiront des dioc\u00e8ses d&rsquo;Ottawa-Cornwall, de Gatineau, de Pembroke, de Mont-Laurier\/St-J\u00e9r\u00f4me et de Kingston le <strong>12 ao\u00fbt 2023<\/strong>. Pour obtenir les lieux de d\u00e9part, les co\u00fbts et d&rsquo;autres renseignements, veuillez communiquer avec Mike Budge au 613 224-8110 ou \u00e0 l&rsquo;adresse suivante\u00a0: <a href=\"mailto:mike.budge@bell.net\">mike.budge@bell.net<\/a>.<\/p>\r\n<h3><strong>P\u00e8lerinage marial\u00a0<\/strong><\/h3>\r\n<p>P\u00e8re R\u00e9al Ouellette a le plaisir et l&rsquo;honneur d&rsquo;accompagner un p\u00e8lerinage marial \u00e0 Lourdes (France), Compostelle (Espagne), et Fatima et Lisbonne (Portugal) <strong>du 25 octobre au 6 novembre 2023.<\/strong> Pour plus d&rsquo;information\u00a0: <a href=\"https:\/\/spiritours.com\/produit\/france-espagne-portugal-acn\/\">https:\/\/spiritours.com\/produit\/france-espagne-portugal-acn\/<\/a>.<\/p>\r\n<p>\n\n\n\n<\/p>\r\n<hr class=\"wp-block-separator has-alpha-channel-opacity\" \/>\r\n<p>\n\n\n<p><\/p>\n<h2><strong>AUTRES<\/strong><\/h2>\n<h3><strong>\u00c9cole abbatiale \u00e0 Saint-Beno\u00eet-du-Lac&nbsp;<\/strong><\/h3>\n<p>Organis\u00e9e par l\u2019Association des Amies de Saint-Beno\u00eet-du-Lac <strong>du 22 au 24 septembre 2023<\/strong>. Th\u00e8me&nbsp;: \u00ab&nbsp;Nos pertes, source de croissance ?&nbsp;\u00bb Veuillez communiquer avec Louise Drapeau au 819 445-4054 (courriel&nbsp; <a href=\"mailto:louise2drapeau@hotmail.com\">louise2drapeau@hotmail.com<\/a>) ou Th\u00e9r\u00e8se Cloutier au 450 532-4062 (courriel <a href=\"mailto:clouthe@cooptel.qc.ca\">clouthe@cooptel.qc.ca<\/a>)&nbsp; pour r\u00e9server ou obtenir de plus amples renseignements.<\/p>","protected":false},"excerpt":{"rendered":"<p>Aimez vos ennemis. (Mt 5, 43-48) DU DIOC\u00c8SE Pri\u00e8res Pour le repos de l&rsquo;\u00e2me de M. Charles Lund, grand-p\u00e8re du p\u00e8re Michael Lund, d\u00e9c\u00e9d\u00e9 paisiblement le dimanche 11 juin \u00e0 l&rsquo;\u00e2ge de 93 ans. DE LA CECC Vid\u00e9o promotionnelle de la CECC \u2013 Journ\u00e9e mondiale des grands-parents et des personnes \u00e2g\u00e9es 2023 \u2013 mercredi le 14 juin 2023&nbsp; Ottawa \u2013&nbsp;Le Comit\u00e9 permanent pour la famille et la vie de la CECC, en collaboration avec son Office correspondant, a publi\u00e9 une&nbsp;vid\u00e9o promotionnelle de 30 secondes&nbsp;pour souligner la&nbsp;troisi\u00e8me Journ\u00e9e mondiale des grands-parents et des personnes \u00e2g\u00e9es, qui aura lieu le&nbsp;dimanche 23 juillet 2023. (Lire la suite\u2026) V\u00c9RIT\u00c9 ET R\u00c9CONCILIATION Journ\u00e9e nationale des autochtones\u00a0 Demain, 21 juin, est la JOURN\u00c9E NATIONALE DES AUTOCHTONES au Canada. Une journ\u00e9e que nous devons tous m\u00e9diter et prier pour la gu\u00e9rison. Alors que nous r\u00e9fl\u00e9chissons \u00e0 la triste r\u00e9alit\u00e9 de l&rsquo;histoire, \u00e0 l&rsquo;expression des regrets du pape Fran\u00e7ois et \u00e0 son appel au pardon, nous demandons \u00e0 Dieu, en ce jour, la gr\u00e2ce de la perspicacit\u00e9. Ceux qui vivent dans la blessure nous rappellent qu&rsquo;il a fallu sept g\u00e9n\u00e9rations pour en arriver l\u00e0. Que Dieu nous inspire \u00e0 aller de l&rsquo;avant dans la recherche de la r\u00e9conciliation. Puisse-t-il ne pas falloir encore sept g\u00e9n\u00e9rations pour apprendre \u00e0 nous accueillir les uns les autres comme membres d&rsquo;une m\u00eame famille, la famille humaine. Nombreux sont ceux qui se souviennent de l&rsquo;adage selon lequel il ne faut pas critiquer une autre personne avant d&rsquo;avoir march\u00e9 un kilom\u00e8tre dans ses mocassins. En r\u00e9fl\u00e9chissant \u00e0 cet adage, prenons-le \u00e0 c\u0153ur et prions pour des c\u0153urs qui r\u00e9fl\u00e9chissent \u00e0 l&rsquo;espoir. Dieu cr\u00e9ateur C&rsquo;est de toi que toute famille au ciel et sur la terre tire son nom. Tu nous as enracin\u00e9s et fond\u00e9s dans ton alliance d&rsquo;amour, et tu nous as donn\u00e9 le pouvoir, par ton esprit, de dire la v\u00e9rit\u00e9 dans l&rsquo;amour, et de marcher sur ton chemin vers la justice et la pl\u00e9nitude. Accorde-nous avec mis\u00e9ricorde que ton peuple, cheminant ensemble en partenariat, soit renforc\u00e9 et guid\u00e9 pour s&rsquo;aider mutuellement \u00e0 grandir dans la pleine stature du Christ. Qui est notre lumi\u00e8re et notre vie.\u00a0 Amen. Droits des peuples autochtones\u00a0 Article 13 &#8211; D\u00e9claration des Nations unies sur les droits des peuples autochtones. L\u2019\u00c9QUIPE D\u2019\u00c9VANG\u00c9LISATION \u00c9vang\u00e9liser en cultivant nos comp\u00e9tences sociales Par Pierre-Alain Giffard, directeur de la pastorale dioc\u00e9saine&nbsp; L\u2019\u00e9vang\u00e9lisation, \u00e0 la base, est une expression d\u2019amour enracin\u00e9e dans notre foi en tant que disciples du Christ. Il ne s\u2019agit pas simplement d\u2019une responsabilit\u00e9, mais d\u2019un appel divin \u00e0 partager la Bonne Nouvelle avec les autres. Pour remplir cette mission, il est important de cultiver nos comp\u00e9tences sociales, affinant notre capacit\u00e9 \u00e0 interagir de mani\u00e8re significative avec les personnes qui nous entourent. (Lire la suite\u2026) AUTRES \u00c9V\u00c9NEMENTS CATHOLIQUES 149e p\u00e8lerinage annuel &#8211; Ste-Anne-de-Beaupr\u00e9 et Notre-Dame-du-Cap du 12-13 ao\u00fbt 2023&nbsp; Les autobus partiront des dioc\u00e8ses d&rsquo;Ottawa-Cornwall, de Gatineau, de Pembroke, de Mont-Laurier\/St-J\u00e9r\u00f4me et de Kingston le 12 ao\u00fbt 2023. Pour obtenir les lieux de d\u00e9part, les co\u00fbts et d&rsquo;autres renseignements, veuillez communiquer avec Mike Budge au 613 224-8110 ou \u00e0 l&rsquo;adresse suivante\u00a0: mike.budge@bell.net. P\u00e8lerinage marial\u00a0 P\u00e8re R\u00e9al Ouellette a le plaisir et [&hellip;]<\/p>\n","protected":false},"author":10,"featured_media":3815,"comment_status":"closed","ping_status":"closed","sticky":false,"template":"","format":"standard","meta":{"_monsterinsights_skip_tracking":false,"_monsterinsights_sitenote_active":false,"_monsterinsights_sitenote_note":"","_monsterinsights_sitenote_category":0,"footnotes":"","_links_to":"","_links_to_target":""},"categories":[84],"tags":[],"class_list":["post-12634","post","type-post","status-publish","format-standard","has-post-thumbnail","hentry","category-article"],"post_mailing_queue_ids":[],"_links":{"self":[{"href":"https:\/\/pembrokediocese.com\/fr\/wp-json\/wp\/v2\/posts\/12634","targetHints":{"allow":["GET"]}}],"collection":[{"href":"https:\/\/pembrokediocese.com\/fr\/wp-json\/wp\/v2\/posts"}],"about":[{"href":"https:\/\/pembrokediocese.com\/fr\/wp-json\/wp\/v2\/types\/post"}],"author":[{"embeddable":true,"href":"https:\/\/pembrokediocese.com\/fr\/wp-json\/wp\/v2\/users\/10"}],"replies":[{"embeddable":true,"href":"https:\/\/pembrokediocese.com\/fr\/wp-json\/wp\/v2\/comments?post=12634"}],"version-history":[{"count":2,"href":"https:\/\/pembrokediocese.com\/fr\/wp-json\/wp\/v2\/posts\/12634\/revisions"}],"predecessor-version":[{"id":12636,"href":"https:\/\/pembrokediocese.com\/fr\/wp-json\/wp\/v2\/posts\/12634\/revisions\/12636"}],"wp:featuredmedia":[{"embeddable":true,"href":"https:\/\/pembrokediocese.com\/fr\/wp-json\/wp\/v2\/media\/3815"}],"wp:attachment":[{"href":"https:\/\/pembrokediocese.com\/fr\/wp-json\/wp\/v2\/media?parent=12634"}],"wp:term":[{"taxonomy":"category","embeddable":true,"href":"https:\/\/pembrokediocese.com\/fr\/wp-json\/wp\/v2\/categories?post=12634"},{"taxonomy":"post_tag","embeddable":true,"href":"https:\/\/pembrokediocese.com\/fr\/wp-json\/wp\/v2\/tags?post=12634"}],"curies":[{"name":"wp","href":"https:\/\/api.w.org\/{rel}","templated":true}]}}