{"id":12687,"date":"2023-06-27T10:42:15","date_gmt":"2023-06-27T14:42:15","guid":{"rendered":"https:\/\/pembrokediocese.com\/?p=12687"},"modified":"2023-06-27T10:53:46","modified_gmt":"2023-06-27T14:53:46","slug":"bulletin-hebdomadaire-le-27-juin-2023-ferie","status":"publish","type":"post","link":"https:\/\/pembrokediocese.com\/fr\/article\/bulletin-hebdomadaire-le-27-juin-2023-ferie\/","title":{"rendered":"BULLETIN HEBDOMADAIRE  &#8211; le 27 juin 2023 (F\u00e9rie)"},"content":{"rendered":"\n<hr class=\"wp-block-separator has-alpha-channel-opacity\"\/>\n\n\n\n<h4 class=\"wp-block-heading\"><strong><i><a href=\"mailto:reception@pembrokediocese.com?subject=Abonnez-vous au bulletin hebdomadaire&amp;amp;body=Bonjour, je souhaite m'abonner au Bulletin Hebdomadaire s'il vous plait. Merci.\"><img loading=\"lazy\" decoding=\"async\" class=\"alignright wp-image-8004\" src=\"https:\/\/pembrokediocese.com\/wp-content\/uploads\/subscribe-banner-fr-200x205.png\" alt=\"\" width=\"124\" height=\"127\" srcset=\"https:\/\/pembrokediocese.com\/wp-content\/uploads\/subscribe-banner-fr-200x205.png 200w, https:\/\/pembrokediocese.com\/wp-content\/uploads\/subscribe-banner-fr-768x785.png 768w, https:\/\/pembrokediocese.com\/wp-content\/uploads\/subscribe-banner-fr.png 840w\" sizes=\"(max-width: 124px) 100vw, 124px\" \/><\/a><\/i><\/strong><\/h4>\n\n\n\n<h1 class=\"wp-block-heading\"><em><strong>Tout ce que vous voudriez que les autres fassent pour vous, faites-le pour eux.<\/strong><\/em><\/h1>\n\n\n\n<h3 class=\"wp-block-heading\"><strong>(Mt 7, 6.12-14)<\/strong><\/h3>\n\n\n\n<hr class=\"wp-block-separator has-alpha-channel-opacity\"\/>\n\n\n\n\n\n\n\n<p><\/p>\n\n\n\n<h2 class=\"wp-block-heading\"><strong>DU DIOC\u00c8SE<\/strong><\/h2>\n\n\n\n\n\n<h3><strong>F\u00eate du Canada!<\/strong><\/h3>\r\n<p>Les bureaux dioc\u00e9sains seront <strong>ferm\u00e9s le lundi 3 juillet<\/strong> pour la f\u00eate du Canada.<\/p>\r\n<h3><strong>Heures du bureau durant l\u2019\u00e9t\u00e9<\/strong><\/h3>\r\n<p>Les bureaux dioc\u00e9sains seront ouverts de 9h \u00e0 16h du lundi au jeudi, et de 9h \u00e0 midi le vendredi durant la p\u00e9riode s\u2019\u00e9chelonnant <strong>du 4 juillet au 1 septembre inclusivement. <\/strong><\/p>\r\n<p>\n\n\n\n<\/p>\r\n<h3 class=\"wp-block-heading\"><strong>Nouvelles du Synode sur la Synodalit\u00e9\u00a0<\/strong><\/h3>\r\n<p>\n\n\n\n<\/p>\r\n<p>Le Synode des \u00e9v\u00eaques a publi\u00e9 son\u00a0Instrumentum Laboris, un instrument de travail cens\u00e9 guider les 370 membres de l\u2019assembl\u00e9e synodale, lors de la premi\u00e8re session du Synode sur l\u2019avenir de l\u2019\u00c9glise <strong>pr\u00e9vue en octobre 2023<\/strong> (<a href=\"https:\/\/pembrokediocese.com\/fr\/synode\/\">Lire la suite<\/a>)<\/p>\r\n<p>\n\n\n\n\n\n<\/p>\r\n<p>\n\n\n\n\n\n\n\n<\/p>\r\n<p>\n\n\n\n\n\n<\/p>\r\n<p>\n\n\n\n<\/p>\r\n<hr class=\"wp-block-separator has-alpha-channel-opacity\" \/>\r\n<p>\n\n\n\n<\/p>\r\n<h2 class=\"wp-block-heading\"><strong>DE LA CECC<\/strong><\/h2>\r\n<p>\n\n\n\n\n\n<\/p>\r\n<h3><strong>Vivre en catholiques sur la place publique\u00a0: libert\u00e9 de religion et libert\u00e9 de conscience au Canada. Lettre pastorale par la Commission \u00e9piscopale pour la justice et la paix \u2013 jeudi, juin 22, 2023\u00a0<\/strong><\/h3>\r\n<p>La Commission \u00e9piscopale pour la justice et la paix de la Conf\u00e9rence des \u00e9v\u00eaques catholiques du Canada (CECC) publie une lettre pastorale intitul\u00e9e\u00a0Vivre en catholiques sur la place publique: libert\u00e9 de religion et libert\u00e9 de conscience au Canada. Ce document vient \u00e0 point souligner l\u2019importance de la libert\u00e9 religieuse et de la libert\u00e9 de conscience dans notre soci\u00e9t\u00e9 d\u00e9mocratique et explorer le r\u00f4le des catholiques, appel\u00e9s \u00e0 vivre leur foi avec courage sur la place publique.<\/p>\r\n<p>La lettre pastorale rappelle que la libert\u00e9 de religion et de conscience, telle qu\u2019elle est garantie par la Charte canadienne des droits et libert\u00e9s, constitue le fondement de notre soci\u00e9t\u00e9. Elle souligne \u00e9galement le r\u00f4le crucial de l\u2019\u00c9tat dans la d\u00e9fense des libert\u00e9s fondamentales et la promotion d\u2019une vie collective ax\u00e9e sur le bien commun. Elle appelle \u00e0 un v\u00e9ritable pluralisme qui reconnaisse et respecte le droit d\u2019avoir des convictions religieuses et morales distinctives, m\u00eame lorsqu\u2019elles remettent en cause les id\u00e9es dominantes.<\/p>\r\n<p>La lettre pastorale exhorte les catholiques \u00e0 participer activement \u00e0 la vie publique en d\u00e9fendant le bien commun et en contribuant aux d\u00e9bats publics. Elle souligne l\u2019importance de la libert\u00e9 religieuse pour toute la population\u00a0: en la restreignant, en effet, on marginalise les individus, on appauvrit le discours public et on diminue l\u2019apport des fid\u00e8les des diff\u00e9rentes confessions. La lettre encourage les catholiques \u00e0 exercer leur libert\u00e9 de religion pour \u00e9vang\u00e9liser, soutenir les institutions catholiques et s\u2019engager dans diverses professions et vocations au service du bien commun.<\/p>\r\n<p>LIEN \u00e0 la\u00a0<strong><a href=\"https:\/\/www.cecc.ca\/wp-content\/uploads\/2023\/06\/Vivre-en-catholiques_2023_CECC.pdf\">Lettre pastorale<\/a><\/strong><\/p>\r\n<p>\n\n\n\n<\/p>\r\n<h3 class=\"wp-block-heading\"><strong>Vid\u00e9o promotionnelle de la CECC \u2013 Journ\u00e9e mondiale des grands-parents et des personnes \u00e2g\u00e9es 2023\u00a0<\/strong><\/h3>\r\n<p>\n\n\n\n<\/p>\r\n<p><strong>Ottawa \u2013\u00a0<\/strong>Le Comit\u00e9 permanent pour la famille et la vie de la CECC, en collaboration avec son Office correspondant, a publi\u00e9 une\u00a0vid\u00e9o promotionnelle de 30 secondes<strong>\u00a0<\/strong>pour souligner la\u00a0<strong>troisi\u00e8me Journ\u00e9e mondiale des grands-parents et des personnes \u00e2g\u00e9es<\/strong>, qui aura lieu le\u00a0<strong>dimanche 23 juillet 2023.<\/strong> <a href=\"https:\/\/www.cecc.ca\/communique-de-presse\/video-promotionnelle-de-la-cecc-journee-mondiale-des-grands-parents-et-des-personnes-agees-2023\/\">(Lire la suite\u2026)<\/a><\/p>\r\n<p>\n\n\n\n\n\n<\/p>\r\n<p>\n\n\n\n<\/p>\r\n<hr class=\"wp-block-separator has-alpha-channel-opacity\" \/>\r\n<p>\n\n\n\n<\/p>\r\n<h2 class=\"wp-block-heading\"><strong>V\u00c9RIT\u00c9 ET R\u00c9CONCILIATION<\/strong><\/h2>\r\n<p>\n\n\n\n\n\n<\/p>\r\n<h3 class=\"wp-block-heading\"><strong>Droits des peuples autochtones\u00a0<\/strong><\/h3>\r\n<p>\n\n\n\n<\/p>\r\n<ol class=\"wp-block-list\" type=\"1\">\n\n<li>Les peuples autochtones ont le droit de d\u2019\u00e9tablir et de contr\u00f4ler leurs propres syst\u00e8mes et \u00e9tablissements scolaires o\u00f9 l\u2019enseignement est dispens\u00e9 dans leur propre langue, d\u2019une mani\u00e8re adapt\u00e9e \u00e0 leurs m\u00e9thodes culturelles d\u2019enseignement et d\u2019apprentissage.<\/li>\r\n<li>Les autochtones, en particulier les enfants, ont le droit d\u2019acc\u00e9der \u00e0 tous les niveaux et \u00e0 toutes les formes d\u2019enseignement public, sans discrimination aucune.<\/li>\r\n<li>Les \u00c9tats, en concertation avec les peuples autochtones, prennent des mesures efficaces pour que les autochtones, en particulier les enfants, vivant \u00e0 l\u2019ext\u00e9rieur de leur communaut\u00e9, puissent acc\u00e9der, lorsque cela est possible, \u00e0 un enseignement dispens\u00e9 selon leur propre culture et dans leur propre langue.<\/li>\n\n<\/ol>\r\n<p>\n\n\n\n<\/p>\r\n<p><em>Article 14 &#8211; D\u00e9claration des Nations unies sur les droits des peuples autochtones.<\/em><\/p>\r\n<p>\n\n\n\n<hr class=\"wp-block-separator has-alpha-channel-opacity\"\/>\n\n\n\n<h2 class=\"wp-block-heading\"><strong>LE SAINT-SI\u00c8GE<\/strong><\/h2>\n\n\n\n<h3 class=\"wp-block-heading\"><strong>Intention de pri\u00e8re du Saint-P\u00e8re pour le mois de juillet 2023\u00a0<\/strong><\/h3>\n\n\n\n<p><strong>Pour une vie eucharistique <\/strong>\u2013 Prions afin que les catholiques mettent au centre de leur vie l\u2019Eucharistie que transforme en profondeur les relations humaines et ouvre \u00e0 la rencontre avec Dieu et avec les fr\u00e8res et s\u0153urs.<\/p>\n\n\n\n<hr class=\"wp-block-separator has-alpha-channel-opacity\"\/>\n\n\n\n<\/p>\r\n<h2 class=\"wp-block-heading\"><strong>L\u2019\u00c9QUIPE D\u2019\u00c9VANG\u00c9LISATION<\/strong><\/h2>\r\n<p>\n\n\n\n\n\n<\/p>\r\n<h3 class=\"wp-block-heading\"><strong>\u00c9vang\u00e9liser en cultivant nos comp\u00e9tences sociales <\/strong><\/h3>\r\n<p>\n\n\n\n<\/p>\r\n<p><em>Par Pierre-Alain Giffard, directeur de la pastorale dioc\u00e9saine\u00a0<\/em><\/p>\r\n<p>\n\n\n\n<\/p>\r\n<p>L\u2019\u00e9vang\u00e9lisation, \u00e0 la base, est une expression d\u2019amour enracin\u00e9e dans notre foi en tant que disciples du Christ. Il ne s\u2019agit pas simplement d\u2019une responsabilit\u00e9, mais d\u2019un appel divin \u00e0 partager la Bonne Nouvelle avec les autres. Pour remplir cette mission, il est important de cultiver nos comp\u00e9tences sociales, affinant notre capacit\u00e9 \u00e0 interagir de mani\u00e8re significative avec les personnes qui nous entourent. <a href=\"https:\/\/pembrokediocese.com\/fr\/textes-a-lire\/evangeliser-a-travers-nos-interactions-sociales\/\">(Lire la suite\u2026)<\/a><\/p>\r\n<p>\n\n\n\n<\/p>\r\n<hr class=\"wp-block-separator has-alpha-channel-opacity\" \/>\r\n<p>\n\n\n\n\n\n\n\n<\/p>\r\n<p>\n\n\n\n<\/p>\r\n<p>\n\n\n\n<\/p>\r\n<h2 class=\"wp-block-heading\"><strong>AUTRES \u00c9V\u00c9NEMENTS CATHOLIQUES<\/strong><\/h2>\r\n<p>\n\n\n\n\n\n<\/p>\r\n<p>\n\n\n\n<\/p>\r\n<p>\n\n\n\n<\/p>\r\n<p>\n\n\n\n<\/p>\r\n<p>\n\n\n\n<\/p>\r\n<p>\n\n\n\n<\/p>\r\n<h3 class=\"wp-block-heading\"><strong><strong>149<sup>e<\/sup> p\u00e8lerinage annuel &#8211; Ste-Anne-de-Beaupr\u00e9 et Notre-Dame-du-Cap du 12-13 ao\u00fbt 2023\u00a0<\/strong><\/strong><\/h3>\r\n<p>\n\n\n\n<\/p>\r\n<p>Les autobus partiront des dioc\u00e8ses d&rsquo;Ottawa-Cornwall, de Gatineau, de Pembroke, de Mont-Laurier\/St-J\u00e9r\u00f4me et de Kingston le <strong>12 ao\u00fbt 2023<\/strong>. Pour obtenir les lieux de d\u00e9part, les co\u00fbts et d&rsquo;autres renseignements, veuillez communiquer avec Mike Budge au 613 224-8110 ou \u00e0 l&rsquo;adresse suivante\u00a0: <a href=\"mailto:mike.budge@bell.net\">mike.budge@bell.net<\/a>.<\/p>\r\n<h3><strong>P\u00e8lerinage marial\u00a0<\/strong><\/h3>\r\n<p>P\u00e8re R\u00e9al Ouellette a le plaisir et l&rsquo;honneur d&rsquo;accompagner un p\u00e8lerinage marial \u00e0 Lourdes (France), Compostelle (Espagne), et Fatima et Lisbonne (Portugal) <strong>du 25 octobre au 6 novembre 2023.<\/strong> Pour plus d&rsquo;information\u00a0: <a href=\"https:\/\/spiritours.com\/produit\/france-espagne-portugal-acn\/\">https:\/\/spiritours.com\/produit\/france-espagne-portugal-acn\/<\/a>.<\/p>\r\n<p>\n\n\n\n<\/p>\r\n<hr class=\"wp-block-separator has-alpha-channel-opacity\" \/>\r\n<p>\n\n\n<p><\/p>\n<h2><strong>AUTRES<\/strong><\/h2>\n<h3><strong>\u00c9cole abbatiale \u00e0 Saint-Beno\u00eet-du-Lac&nbsp;<\/strong><\/h3>\n<p>Organis\u00e9e par l\u2019Association des Amies de Saint-Beno\u00eet-du-Lac <strong>du 22 au 24 septembre 2023<\/strong>. Th\u00e8me&nbsp;: \u00ab&nbsp;Nos pertes, source de croissance ?&nbsp;\u00bb Veuillez communiquer avec Louise Drapeau au 819 445-4054 (courriel&nbsp; <a href=\"mailto:louise2drapeau@hotmail.com\">louise2drapeau@hotmail.com<\/a>) ou Th\u00e9r\u00e8se Cloutier au 450 532-4062 (courriel <a href=\"mailto:clouthe@cooptel.qc.ca\">clouthe@cooptel.qc.ca<\/a>)&nbsp; pour r\u00e9server ou obtenir de plus amples renseignements.<\/p>","protected":false},"excerpt":{"rendered":"<p>Tout ce que vous voudriez que les autres fassent pour vous, faites-le pour eux. (Mt 7, 6.12-14) DU DIOC\u00c8SE F\u00eate du Canada! Les bureaux dioc\u00e9sains seront ferm\u00e9s le lundi 3 juillet pour la f\u00eate du Canada. Heures du bureau durant l\u2019\u00e9t\u00e9 Les bureaux dioc\u00e9sains seront ouverts de 9h \u00e0 16h du lundi au jeudi, et de 9h \u00e0 midi le vendredi durant la p\u00e9riode s\u2019\u00e9chelonnant du 4 juillet au 1 septembre inclusivement. Nouvelles du Synode sur la Synodalit\u00e9\u00a0 Le Synode des \u00e9v\u00eaques a publi\u00e9 son\u00a0Instrumentum Laboris, un instrument de travail cens\u00e9 guider les 370 membres de l\u2019assembl\u00e9e synodale, lors de la premi\u00e8re session du Synode sur l\u2019avenir de l\u2019\u00c9glise pr\u00e9vue en octobre 2023 (Lire la suite) DE LA CECC Vivre en catholiques sur la place publique\u00a0: libert\u00e9 de religion et libert\u00e9 de conscience au Canada. Lettre pastorale par la Commission \u00e9piscopale pour la justice et la paix \u2013 jeudi, juin 22, 2023\u00a0 La Commission \u00e9piscopale pour la justice et la paix de la Conf\u00e9rence des \u00e9v\u00eaques catholiques du Canada (CECC) publie une lettre pastorale intitul\u00e9e\u00a0Vivre en catholiques sur la place publique: libert\u00e9 de religion et libert\u00e9 de conscience au Canada. Ce document vient \u00e0 point souligner l\u2019importance de la libert\u00e9 religieuse et de la libert\u00e9 de conscience dans notre soci\u00e9t\u00e9 d\u00e9mocratique et explorer le r\u00f4le des catholiques, appel\u00e9s \u00e0 vivre leur foi avec courage sur la place publique. La lettre pastorale rappelle que la libert\u00e9 de religion et de conscience, telle qu\u2019elle est garantie par la Charte canadienne des droits et libert\u00e9s, constitue le fondement de notre soci\u00e9t\u00e9. Elle souligne \u00e9galement le r\u00f4le crucial de l\u2019\u00c9tat dans la d\u00e9fense des libert\u00e9s fondamentales et la promotion d\u2019une vie collective ax\u00e9e sur le bien commun. Elle appelle \u00e0 un v\u00e9ritable pluralisme qui reconnaisse et respecte le droit d\u2019avoir des convictions religieuses et morales distinctives, m\u00eame lorsqu\u2019elles remettent en cause les id\u00e9es dominantes. La lettre pastorale exhorte les catholiques \u00e0 participer activement \u00e0 la vie publique en d\u00e9fendant le bien commun et en contribuant aux d\u00e9bats publics. Elle souligne l\u2019importance de la libert\u00e9 religieuse pour toute la population\u00a0: en la restreignant, en effet, on marginalise les individus, on appauvrit le discours public et on diminue l\u2019apport des fid\u00e8les des diff\u00e9rentes confessions. La lettre encourage les catholiques \u00e0 exercer leur libert\u00e9 de religion pour \u00e9vang\u00e9liser, soutenir les institutions catholiques et s\u2019engager dans diverses professions et vocations au service du bien commun. LIEN \u00e0 la\u00a0Lettre pastorale Vid\u00e9o promotionnelle de la CECC \u2013 Journ\u00e9e mondiale des grands-parents et des personnes \u00e2g\u00e9es 2023\u00a0 Ottawa \u2013\u00a0Le Comit\u00e9 permanent pour la famille et la vie de la CECC, en collaboration avec son Office correspondant, a publi\u00e9 une\u00a0vid\u00e9o promotionnelle de 30 secondes\u00a0pour souligner la\u00a0troisi\u00e8me Journ\u00e9e mondiale des grands-parents et des personnes \u00e2g\u00e9es, qui aura lieu le\u00a0dimanche 23 juillet 2023. (Lire la suite\u2026) V\u00c9RIT\u00c9 ET R\u00c9CONCILIATION Droits des peuples autochtones\u00a0 Article 14 &#8211; D\u00e9claration des Nations unies sur les droits des peuples autochtones. LE SAINT-SI\u00c8GE Intention de pri\u00e8re du Saint-P\u00e8re pour le mois de juillet 2023\u00a0 Pour une vie eucharistique \u2013 Prions afin que les catholiques mettent au centre de leur vie l\u2019Eucharistie que transforme en profondeur les relations humaines et [&hellip;]<\/p>\n","protected":false},"author":10,"featured_media":3815,"comment_status":"closed","ping_status":"closed","sticky":false,"template":"","format":"standard","meta":{"_monsterinsights_skip_tracking":false,"_monsterinsights_sitenote_active":false,"_monsterinsights_sitenote_note":"","_monsterinsights_sitenote_category":0,"footnotes":"","_links_to":"","_links_to_target":""},"categories":[84],"tags":[],"class_list":["post-12687","post","type-post","status-publish","format-standard","has-post-thumbnail","hentry","category-article"],"post_mailing_queue_ids":[],"_links":{"self":[{"href":"https:\/\/pembrokediocese.com\/fr\/wp-json\/wp\/v2\/posts\/12687","targetHints":{"allow":["GET"]}}],"collection":[{"href":"https:\/\/pembrokediocese.com\/fr\/wp-json\/wp\/v2\/posts"}],"about":[{"href":"https:\/\/pembrokediocese.com\/fr\/wp-json\/wp\/v2\/types\/post"}],"author":[{"embeddable":true,"href":"https:\/\/pembrokediocese.com\/fr\/wp-json\/wp\/v2\/users\/10"}],"replies":[{"embeddable":true,"href":"https:\/\/pembrokediocese.com\/fr\/wp-json\/wp\/v2\/comments?post=12687"}],"version-history":[{"count":4,"href":"https:\/\/pembrokediocese.com\/fr\/wp-json\/wp\/v2\/posts\/12687\/revisions"}],"predecessor-version":[{"id":12695,"href":"https:\/\/pembrokediocese.com\/fr\/wp-json\/wp\/v2\/posts\/12687\/revisions\/12695"}],"wp:featuredmedia":[{"embeddable":true,"href":"https:\/\/pembrokediocese.com\/fr\/wp-json\/wp\/v2\/media\/3815"}],"wp:attachment":[{"href":"https:\/\/pembrokediocese.com\/fr\/wp-json\/wp\/v2\/media?parent=12687"}],"wp:term":[{"taxonomy":"category","embeddable":true,"href":"https:\/\/pembrokediocese.com\/fr\/wp-json\/wp\/v2\/categories?post=12687"},{"taxonomy":"post_tag","embeddable":true,"href":"https:\/\/pembrokediocese.com\/fr\/wp-json\/wp\/v2\/tags?post=12687"}],"curies":[{"name":"wp","href":"https:\/\/api.w.org\/{rel}","templated":true}]}}