{"id":12754,"date":"2023-07-06T08:33:14","date_gmt":"2023-07-06T12:33:14","guid":{"rendered":"https:\/\/pembrokediocese.com\/?p=12754"},"modified":"2023-07-06T11:13:55","modified_gmt":"2023-07-06T15:13:55","slug":"article-des-questions-pour-entamer-des-conversations-spirituelles","status":"publish","type":"post","link":"https:\/\/pembrokediocese.com\/fr\/article\/article-des-questions-pour-entamer-des-conversations-spirituelles\/","title":{"rendered":"ARTICLE &#8211; Des questions pour entamer des conversations spirituelles"},"content":{"rendered":"\r\n<p><span style=\"font-weight: 400;\">L&rsquo;\u00e9vang\u00e9lisation peut parfois sembler difficile ou compliqu\u00e9e. Comment partageons-nous notre foi avec les autres ? Il existe une mani\u00e8re simple de le faire : en posant des questions. Lorsque nous posons les bonnes questions, nous pouvons avoir des conversations qui encouragent les autres \u00e0 r\u00e9fl\u00e9chir \u00e0 leurs propres croyances. Cette approche offre plusieurs avantages: D\u2019abord ces questions orientent la conversation vers un sujet spirituel et encouragent les individus \u00e0 consid\u00e9rer leur propre spiritualit\u00e9. Ensuite, elles offrent une fa\u00e7on non intrusive et respectueuse pour aborder des sujets tels que la pri\u00e8re, l\u2019\u00c9glise, les sacrement, etc. Par ces questions, nous invitons les autres \u00e0 partager leurs pens\u00e9es et leurs exp\u00e9riences, cr\u00e9ant ainsi un environnement propice \u00e0 un dialogue ouvert et sinc\u00e8re.<\/span><\/p>\r\n<p><span style=\"font-weight: 400;\">Voici des exemples de questions qui peuvent \u00eatre utilis\u00e9es pour entamer des conversations spirituelles :<\/span><\/p>\r\n<ol>\r\n<li style=\"font-weight: 400;\" aria-level=\"1\"><span style=\"font-weight: 400;\">Allez-vous \u00e0 l&rsquo;\u00e9glise ?<\/span><\/li>\r\n<li style=\"font-weight: 400;\" aria-level=\"1\"><span style=\"font-weight: 400;\">Croyez-vous en Dieu ?<\/span><\/li>\r\n<li aria-level=\"1\">Savez-vous que Dieu vous aime?<\/li>\r\n<li style=\"font-weight: 400;\" aria-level=\"1\"><span style=\"font-weight: 400;\">Comment arrivez-vous \u00e0 maintenir l&rsquo;\u00e9quilibre dans votre vie ?<\/span><\/li>\r\n<li style=\"font-weight: 400;\" aria-level=\"1\"><span style=\"font-weight: 400;\">O\u00f9 en \u00eates-vous dans votre p\u00e8lerinage spirituel ?<\/span><\/li>\r\n<li style=\"font-weight: 400;\" aria-level=\"1\"><span style=\"font-weight: 400;\">Quelles sont les grands principes sur lesquelles vous fondez votre vie\u00a0 ?<\/span><\/li>\r\n<li style=\"font-weight: 400;\" aria-level=\"1\"><span style=\"font-weight: 400;\">Qu&rsquo;est-ce qui vous attire le plus dans la personne du Christ ?\u00a0<\/span><\/li>\r\n<li style=\"font-weight: 400;\" aria-level=\"1\"><span style=\"font-weight: 400;\">Vous consid\u00e9rez-vous comme un chercheur de v\u00e9rit\u00e9 ?<\/span><\/li>\r\n<li style=\"font-weight: 400;\" aria-level=\"1\"><span style=\"font-weight: 400;\">Quel est votre vision de la spiritualit\u00e9 ?<\/span><\/li>\r\n<li style=\"font-weight: 400;\" aria-level=\"1\"><span style=\"font-weight: 400;\">Avez-vous d\u00e9j\u00e0 lu la Bible ?<\/span><\/li>\r\n<li style=\"font-weight: 400;\" aria-level=\"1\"><span style=\"font-weight: 400;\">Votre point de vue sur la religion a-t-il chang\u00e9 depuis votre entr\u00e9e \u00e0 l&rsquo;universit\u00e9 ?\u00a0 En quoi ?<\/span><\/li>\r\n<li style=\"font-weight: 400;\" aria-level=\"1\"><span style=\"font-weight: 400;\">Si le Christ \u00e9tait bien celui qu&rsquo;il pr\u00e9tendait \u00eatre, comment cela affecterait-il votre vie ?<\/span><\/li>\r\n<li style=\"font-weight: 400;\" aria-level=\"1\"><span style=\"font-weight: 400;\">Selon vous, qui est J\u00e9sus-Christ ?<\/span><\/li>\r\n<li style=\"font-weight: 400;\" aria-level=\"1\"><span style=\"font-weight: 400;\">Qu&rsquo;est-ce qui vous donne un sens ou un but dans la vie ?<\/span><\/li>\r\n<li style=\"font-weight: 400;\" aria-level=\"1\"><span style=\"font-weight: 400;\">Avez-vous d\u00e9j\u00e0 v\u00e9cu des exp\u00e9riences qui vous ont fait envisager l&rsquo;existence de quelque chose de plus grand que nous ?<\/span><\/li>\r\n<li style=\"font-weight: 400;\" aria-level=\"1\"><span style=\"font-weight: 400;\">Trouvez-vous du r\u00e9confort dans la pri\u00e8re, la m\u00e9ditation ou toute autre pratique spirituelle ?<\/span><\/li>\r\n<li style=\"font-weight: 400;\" aria-level=\"1\"><span style=\"font-weight: 400;\">Y a-t-il des valeurs particuli\u00e8res qui guident votre vie ?<\/span><\/li>\r\n<li style=\"font-weight: 400;\" aria-level=\"1\"><span style=\"font-weight: 400;\">Comment traversez-vous les p\u00e9riodes difficiles de votre vieou trouvez-vous votre force int\u00e9rieure ?<\/span><\/li>\r\n<li style=\"font-weight: 400;\" aria-level=\"1\"><span style=\"font-weight: 400;\">Avez-vous d\u00e9j\u00e0 explor\u00e9 diff\u00e9rentes perspectives spirituelles ou philosophiques ?<\/span><\/li>\r\n<li style=\"font-weight: 400;\" aria-level=\"1\"><span style=\"font-weight: 400;\">Y a-t-il des traditions spirituelles ou religieuses qui ont piqu\u00e9 votre curiosit\u00e9 ?<\/span><\/li>\r\n<li style=\"font-weight: 400;\" aria-level=\"1\"><span style=\"font-weight: 400;\">Quel r\u00f4le pensez-vous que la spiritualit\u00e9 joue dans la cr\u00e9ation d&rsquo;un sentiment de connexion avec les autres ?<\/span><\/li>\r\n<li style=\"font-weight: 400;\" aria-level=\"1\"><span style=\"font-weight: 400;\">Croyez-vous \u00e0 quelque chose de transcendant ou au-del\u00e0 du monde mat\u00e9riel ?<\/span><\/li>\r\n<li style=\"font-weight: 400;\" aria-level=\"1\"><span style=\"font-weight: 400;\">Y a-t-il des questions sur la vie, le sens de la vie ou la spiritualit\u00e9 que vous vous posez ?<\/span><\/li>\r\n<\/ol>\r\n<p class=\"has-text-align-right\" style=\"text-align: right;\">Pierre-Alain Giffard<br \/>Coordonnateur de la pastorale dioc\u00e9saine<\/p>\r\n<p class=\"has-text-align-right\">\r\n\r\n<\/p>\r\n<p><strong>Autres articles sur l&rsquo;\u00e9vang\u00e9lisation et le renouveau des paroisses :<\/strong><\/p>\r\n<ul>\r\n<li><strong class=\"post-title\"><strong class=\"post-title\"><a href=\"https:\/\/pembrokediocese.com\/fr\/textes-a-lire\/a-trois-pieds-de-lor\/\">\u00c0 trois pieds de l\u2019or<\/a><\/strong><\/strong><\/li>\r\n<li><strong class=\"post-title\"><strong class=\"post-title\"><a href=\"https:\/\/pembrokediocese.com\/fr\/article\/evangeliser-a-travers-nos-interactions-sociales\/\">\u00c9vang\u00e9liser en d\u00e9veloppant nos comp\u00e9tences sociales<\/a><\/strong><\/strong><\/li>\r\n<li><strong class=\"post-title\"><a href=\"https:\/\/pembrokediocese.com\/fr\/article\/rassembler-temoigner-et-inviter\/\">Rassembler, t\u00e9moigner et inviter<\/a><\/strong><\/li>\r\n<li><a href=\"https:\/\/pembrokediocese.com\/fr\/article\/priere-pour-recevoir-les-dons-spirituels-du-saint-esprit\/\"><strong class=\"post-title\">Pri\u00e8re pour recevoir les dons spirituels du Saint Esprit<\/strong><\/a><\/li>\r\n<li><strong class=\"post-title\"><a href=\"https:\/\/pembrokediocese.com\/fr\/article\/le-langage-de-la-croix-la-voix-de-levangelisation\/\">Le langage de la croix est le langage de l\u2019\u00e9vang\u00e9lisation<\/a><\/strong><\/li>\r\n<li><strong class=\"post-title\"><a href=\"https:\/\/pembrokediocese.com\/fr\/article\/article-facteurs-cles-pour-la-croissance-de-la-paroisse\/\">Facteurs cl\u00e9s pour la croissance de la paroisse selon Rich Birch<\/a><\/strong><\/li>\r\n<li><a href=\"https:\/\/pembrokediocese.com\/fr\/article\/article-comment-vaincre-satan\/\"><strong class=\"post-title\">Comment vaincre Satan ?<\/strong><\/a><\/li>\r\n<li><a href=\"https:\/\/pembrokediocese.com\/fr\/article\/apporter-amour-espoir-et-guerison-par-levangile\/\"><strong class=\"post-title\">Apporter Amour, Espoir et Gu\u00e9rison par l\u2019\u00c9vangile<\/strong><\/a><\/li>\r\n<li><strong><a href=\"https:\/\/pembrokediocese.com\/fr\/article\/article-quest-ce-que-lamour\/\"><strong class=\"post-title\">Qu\u2019est-ce que l\u2019amour ?<\/strong><\/a><\/strong><\/li>\r\n<li><a href=\"https:\/\/pembrokediocese.com\/fr\/article\/article-touche-par-le-maitre\/\" target=\"_blank\" rel=\"noreferrer noopener\"><strong>Touch\u00e9 par le Ma\u00eetre<\/strong><\/a><\/li>\r\n\r\n\r\n\r\n<li><a href=\"https:\/\/pembrokediocese.com\/fr\/article\/article-un-homme-un-chien-et-lamour-ultime\/\" target=\"_blank\" rel=\"noreferrer noopener\"><strong>Un homme, un chien, et l\u2019amour ultime<\/strong><\/a><\/li>\r\n\r\n\r\n\r\n<li><a href=\"https:\/\/pembrokediocese.com\/fr\/article\/des-facons-pratiques-daimer-les-autres\/\"><strong>A<\/strong><\/a><a href=\"https:\/\/pembrokediocese.com\/fr\/article\/des-facons-pratiques-daimer-les-autres\/\" target=\"_blank\" rel=\"noreferrer noopener\"><strong>u c\u0153ur de l\u2019\u00e9vang\u00e9lisation : Aimer Dieu et les autres<\/strong><\/a><\/li>\r\n\r\n\r\n\r\n<li><a href=\"https:\/\/pembrokediocese.com\/fr\/article\/aimer-nos-ennemis-et-se-reconcilier-avec-les-autres\/\" target=\"_blank\" rel=\"noreferrer noopener\"><strong>Aimer nos ennemis et se r\u00e9concilier avec les autres<\/strong><\/a><\/li>\r\n\r\n\r\n\r\n<li><a href=\"https:\/\/pembrokediocese.com\/fr\/article\/une-priere-bibique-pour-la-guerison\/\" target=\"_blank\" rel=\"noreferrer noopener\"><strong>Pri\u00e8re pour la gu\u00e9rison : Tu es le Seigneur qui me gu\u00e9rit<\/strong><\/a><\/li>\r\n\r\n\r\n\r\n<li><a href=\"https:\/\/pembrokediocese.com\/fr\/article\/article-vivre-une-vie-damour-lheritage-de-mere-teresa\/\" target=\"_blank\" rel=\"noreferrer noopener\"><strong>Vivre une vie d\u2019amour : L\u2019h\u00e9ritage de M\u00e8re Teresa<\/strong><\/a><\/li>\r\n\r\n\r\n\r\n<li><a href=\"https:\/\/pembrokediocese.com\/fr\/article\/une-force-puissante-est-a-loeuvre\/\"><strong>Sous le <\/strong><\/a><strong><a href=\"https:\/\/pembrokediocese.com\/fr\/article\/une-force-puissante-est-a-loeuvre\/\" target=\"_blank\" rel=\"noreferrer noopener\">c<\/a><\/strong><a href=\"https:\/\/pembrokediocese.com\/fr\/article\/une-force-puissante-est-a-loeuvre\/\"><strong>ouvert des t\u00e9n\u00e8bres, une force puissante est \u00e0 l\u2019\u0153uvre<\/strong><\/a><\/li>\r\n\r\n\r\n\r\n<li><a href=\"https:\/\/pembrokediocese.com\/fr\/article\/article-evangeliser-avec-amour-et-pour-lamour\/\" target=\"_blank\" rel=\"noreferrer noopener\"><strong>Vivre une vie d\u2019amour : Le\u00e7ons du Nouveau Testament<\/strong><\/a><\/li>\r\n\r\n\r\n\r\n<li><a href=\"https:\/\/pembrokediocese.com\/fr\/article\/19-orientations-pastorales-pour-le-renouveau-et-la-croissance-des-paroisses\/\" target=\"_blank\" rel=\"noreferrer noopener\"><strong>19 orientations pastorales qui contribuent \u00e0 la croissance des paroisses<\/strong><\/a><\/li>\r\n\r\n\r\n\r\n<li><a href=\"https:\/\/pembrokediocese.com\/fr\/article\/le-renouveau-missionnaire-de-la-catechese\/\" target=\"_blank\" rel=\"noreferrer noopener\"><strong>Le renouveau missionnaire de la cat\u00e9ch\u00e8se<\/strong><\/a><\/li>\r\n\r\n\r\n\r\n<li><a href=\"https:\/\/pembrokediocese.com\/fr\/article\/les-caracteristiques-des-paroisses-missionnaires\/\" target=\"_blank\" rel=\"noreferrer noopener\"><strong>Les caract\u00e9ristiques des paroisses missionnaires<\/strong><\/a><\/li>\r\n\r\n\r\n\r\n<li><a href=\"https:\/\/pembrokediocese.com\/fr\/article\/partager-notre-foi\/\" target=\"_blank\" rel=\"noreferrer noopener\"><strong>Pri\u00e8re de gu\u00e9rison attribu\u00e9e \u00e0 saint Padre Pio<\/strong><\/a><\/li>\r\n\r\n\r\n\r\n<li><a href=\"https:\/\/pembrokediocese.com\/fr\/article\/partager-notre-foi\/\" target=\"_blank\" rel=\"noreferrer noopener\"><strong>Nous sommes appel\u00e9s \u00e0 partager notre foi avec les autres<\/strong><\/a><\/li>\r\n\r\n\r\n\r\n<li><a href=\"https:\/\/pembrokediocese.com\/fr\/article\/devrait-on-chercher-la-croissance-de-leglise\/\" target=\"_blank\" rel=\"noreferrer noopener\"><strong>Devrait-on chercher la croissance de l\u2019\u00c9glise ?<\/strong><\/a><\/li>\r\n\r\n\r\n\r\n<li><strong><a href=\"https:\/\/pembrokediocese.com\/fr\/article\/trouvez-un-besoin-et-comblez-le\/\" target=\"_blank\" rel=\"noreferrer noopener\">Trouvez un besoin et comblez-le : R\u00e9v\u00e9ler le c\u0153ur de Dieu dans son quartier<\/a><\/strong><\/li>\r\n\r\n\r\n\r\n<li><a href=\"https:\/\/pembrokediocese.com\/fr\/article\/evangeliser-au-quotidien\/\" target=\"_blank\" rel=\"noreferrer noopener\"><strong>15 habitudes pour \u00e9vang\u00e9liser au quotidien<\/strong><\/a><\/li>\r\n\r\n\r\n\r\n<li><a href=\"https:\/\/pembrokediocese.com\/fr\/article\/la-mission-de-leglise\/\" target=\"_blank\" rel=\"noreferrer noopener\"><strong>La mission de l\u2019\u00c9glise<\/strong><\/a><\/li>\r\n\r\n\r\n\r\n<li><strong><a href=\"https:\/\/pembrokediocese.com\/fr\/article\/trois-obstacles-a-letablissement-dune-culture-dinvitation-dans-votre-paroisse\/\" target=\"_blank\" rel=\"noreferrer noopener\">Trois obstacles \u00e0 l\u2019\u00e9tablissement d\u2019une culture d\u2019invitation dans votre paroisse<\/a><\/strong><\/li>\r\n\r\n\r\n\r\n<li><a href=\"https:\/\/pembrokediocese.com\/fr\/article\/levangelisateur-relationnel\/\" target=\"_blank\" rel=\"noreferrer noopener\"><strong>L\u2019\u00e9vang\u00e9lisateur relationnel<\/strong><\/a><\/li>\r\n\r\n\r\n\r\n<li><a href=\"https:\/\/pembrokediocese.com\/fr\/article\/faire-eglise-a-la-maison\/\" target=\"_blank\" rel=\"noreferrer noopener\"><strong>Faire \u00c9glise \u00e0 la maison<\/strong><\/a><\/li>\r\n\r\n\r\n\r\n<li><strong><a href=\"https:\/\/pembrokediocese.com\/fr\/article\/la-fille-aveugle\/\" target=\"_blank\" rel=\"noreferrer noopener\">La fille aveugle<\/a><\/strong><\/li>\r\n\r\n\r\n\r\n<li><a href=\"https:\/\/pembrokediocese.com\/fr\/textes-a-lire\/un-groupe-de-gernouilles\/\" target=\"_blank\" rel=\"noreferrer noopener\"><strong>Un groupe de grenouilles<\/strong><\/a><\/li>\r\n\r\n\r\n\r\n<li><a href=\"https:\/\/pembrokediocese.com\/fr\/article\/lelephant-attache\/\" target=\"_blank\" rel=\"noreferrer noopener\"><strong>L\u2019\u00e9l\u00e9phant attach\u00e9<\/strong><\/a><\/li>\r\n\r\n\r\n\r\n<li><a href=\"https:\/\/pembrokediocese.com\/fr\/article\/paroisse-de-la-nativite\/\" target=\"_blank\" rel=\"noreferrer noopener\"><strong>Le renouveau de la paroisse de la Nativit\u00e9 \u00e0 Baltimore<\/strong><\/a><\/li>\r\n\r\n\r\n\r\n<li><a href=\"https:\/\/pembrokediocese.com\/fr\/article\/la-foi-grandit-copy\/\" target=\"_blank\" rel=\"noreferrer noopener\"><strong>La foi grandit lorsqu\u2019on la partage<\/strong><\/a><\/li>\r\n\r\n\r\n\r\n<li><strong><a href=\"https:\/\/pembrokediocese.com\/fr\/textes-a-lire\/dans-les-souliers-des-sans-eglises\/\" target=\"_blank\" rel=\"noreferrer noopener\">Dans les souliers des \u201csans-\u00e9glises\u201d<\/a><\/strong><\/li>\r\n\r\n\r\n\r\n<li><strong><a href=\"https:\/\/pembrokediocese.com\/fr\/textes-a-lire\/les-cellules-paroissiales-devangelisation-2-copy\/\" target=\"_blank\" rel=\"noreferrer noopener\">Les cellules paroissiales d\u2019\u00e9vang\u00e9lisation<\/a><\/strong><\/li>\r\n\r\n\r\n\r\n<li><strong><a href=\"https:\/\/pembrokediocese.com\/fr\/textes-a-lire\/caracteristiques-uniques-des-paroisses-missionnaires\/\" target=\"_blank\" rel=\"noreferrer noopener\">Six caract\u00e9ristiques uniques des paroisses missionnaires<\/a><\/strong><\/li>\r\n\r\n\r\n\r\n<li><strong><a href=\"https:\/\/pembrokediocese.com\/fr\/textes-a-lire\/devenir-une-paroisse-missionnaire\/\" target=\"_blank\" rel=\"noreferrer noopener\">Quelques \u00e9tapes pour devenir une paroisse missionnaire<\/a><\/strong><\/li>\r\n\r\n\r\n\r\n<li><strong><a href=\"https:\/\/pembrokediocese.com\/fr\/textes-a-lire\/quest-ce-que-levangelisation\/\" target=\"_blank\" rel=\"noreferrer noopener\">Qu\u2019est-ce que l\u2019\u00e9vang\u00e9lisation et dans quel esprit la pratiquer ?<\/a><\/strong><\/li>\r\n\r\n\r\n\r\n<li><strong><a href=\"https:\/\/pembrokediocese.com\/fr\/textes-a-lire\/auto-evaluation\/\" target=\"_blank\" rel=\"noreferrer noopener\">Questions de discussion et d\u2019auto-\u00e9valuation pour l\u2019\u00e9vang\u00e9lisation en paroisse<\/a><\/strong><\/li>\r\n\r\n\r\n\r\n<li><strong><a href=\"https:\/\/pembrokediocese.com\/fr\/textes-a-lire\/la-priere-de-jesus\/\" target=\"_blank\" rel=\"noreferrer noopener\">La pri\u00e8re de J\u00e9sus: une m\u00e9thode pour prier en tout temps<\/a><\/strong><\/li>\r\n\r\n\r\n\r\n<li><strong><a href=\"https:\/\/pembrokediocese.com\/fr\/textes-a-lire\/pratiquer-leur-foi\/\" target=\"_blank\" rel=\"noreferrer noopener\">Qu\u2019est-ce qui peut aider les enfants \u00e9lev\u00e9s dans la religion catholique \u00e0 continuer \u00e0 pratiquer leur foi \u00e0 l\u2019\u00e2ge adulte ?<\/a><\/strong><\/li>\r\n\r\n\r\n\r\n<li><strong><a href=\"https:\/\/pembrokediocese.com\/fr\/textes-a-lire\/les-tactiques-de-satan-1ere-partie\/\" target=\"_blank\" rel=\"noreferrer noopener\">Les tactiques de Satan<\/a><\/strong><\/li>\r\n\r\n\r\n\r\n<li><strong><a href=\"https:\/\/pembrokediocese.com\/fr\/textes-a-lire\/apprendre-a-etre-missionnaire\/\" target=\"_blank\" rel=\"noreferrer noopener\">Apprendre \u00e0 \u00eatre missionnaire<\/a><\/strong><\/li>\r\n\r\n\r\n\r\n<li><strong><a href=\"https:\/\/pembrokediocese.com\/fr\/textes-a-lire\/quand-nous-crions-vers-dieu\/\" target=\"_blank\" rel=\"noreferrer noopener\">Quand nous crions vers Dieu, il r\u00e9pond<\/a><\/strong><\/li>\r\n\r\n\r\n\r\n<li><strong><a href=\"https:\/\/pembrokediocese.com\/fr\/textes-a-lire\/sauver-ceux-qui-se-perdent-copy\/\" target=\"_blank\" rel=\"noreferrer noopener\">Pr\u00e9sence et Proclamation<\/a><\/strong><\/li>\r\n\r\n\r\n\r\n<li><strong><a href=\"https:\/\/pembrokediocese.com\/fr\/textes-a-lire\/sauver-ceux-qui-se-perdent\/\" target=\"_blank\" rel=\"noreferrer noopener\">Sauver ceux qui se perdent<\/a><\/strong><\/li>\r\n\r\n\r\n\r\n<li><strong><a href=\"https:\/\/pembrokediocese.com\/fr\/textes-a-lire\/la-paroisse-saint-nazaire-lhistoire-dune-transformation-missionnaire\/\" target=\"_blank\" rel=\"noreferrer noopener\">La paroisse Saint-Nazaire: L\u2019histoire d\u2019une transformation missionnaire<\/a><\/strong><\/li>\r\n\r\n\r\n\r\n<li><strong><a href=\"https:\/\/pembrokediocese.com\/fr\/textes-a-lire\/evangelisation-et-petits-groupes-de-partage\/\" target=\"_blank\" rel=\"noreferrer noopener\">\u00c9vang\u00e9lisation et petits groupes de partage<\/a><\/strong><\/li>\r\n\r\n\r\n\r\n<li><strong><a href=\"https:\/\/pembrokediocese.com\/fr\/textes-a-lire\/evangeliser-en-invitant-des-personnes-a-recevoir-jesus-comme-seigneur-et-sauveur\/\" target=\"_blank\" rel=\"noreferrer noopener\">\u00c9vang\u00e9liser en invitant des personnes \u00e0 recevoir J\u00e9sus comme Seigneur et Sauveur<\/a><\/strong><\/li>\r\n\r\n\r\n\r\n<li><strong><a href=\"https:\/\/pembrokediocese.com\/fr\/article\/vous-allez-recevoir-une-force\/\" target=\"_blank\" rel=\"noreferrer noopener\">Vous allez recevoir une force\u2026<\/a><\/strong><\/li>\r\n\r\n\r\n\r\n<li><strong><a href=\"https:\/\/pembrokediocese.com\/fr\/textes-a-lire\/avez-vous-entendu-parler-de-la-loi-des-trois-ecoutes-et-des-sept-contacts\/\" target=\"_blank\" rel=\"noreferrer noopener\">Avez-vous entendu parler de la loi des trois \u00e9coutes et des sept contacts ?<\/a><\/strong><\/li>\r\n\r\n\r\n\r\n<li><strong><a href=\"https:\/\/pembrokediocese.com\/fr\/textes-a-lire\/trois-habitudes-dune-vie-chretienne-fructueuse\/\" target=\"_blank\" rel=\"noreferrer noopener\">Trois habitudes d\u2019une vie chr\u00e9tienne fructueuse<\/a><\/strong><\/li>\r\n<\/ul>\r\n<p class=\"has-text-align-right\"><!-- \/wp:post-content -->\r\n\r\n<!-- wp:separator --><\/p>\r\n<hr class=\"wp-block-separator has-alpha-channel-opacity\" \/>\r\n<p class=\"has-text-align-right\"><!-- \/wp:separator -->\r\n\r\n<!-- wp:shortcode --><\/p>\r\n<div class=\"col-md-4 \" > <a href=\"https:\/\/pembrokediocese.com\/fr\/nouvelle-evangelisation\/lectures-recommandees\/\"><img loading=\"lazy\" decoding=\"async\" class=\"aligncenter wp-image-1993 size-full\" src=\"https:\/\/pembrokediocese.com\/wp-content\/uploads\/Bible-studying.png\" alt=\"\" width=\"200\" height=\"200\" srcset=\"https:\/\/pembrokediocese.com\/wp-content\/uploads\/Bible-studying.png 200w, https:\/\/pembrokediocese.com\/wp-content\/uploads\/Bible-studying-150x150.png 150w, https:\/\/pembrokediocese.com\/wp-content\/uploads\/Bible-studying-100x100.png 100w\" sizes=\"(max-width: 200px) 100vw, 200px\" \/><\/a><\/p>\r\n<h4 style=\"text-align: center;\"><a href=\"https:\/\/pembrokediocese.com\/fr\/nouvelle-evangelisation\/lectures-recommandees\/\">LECTURES RECOMMANDEES<\/a><\/h4>\r\n<p style=\"text-align: center;\"><a class=\"btn btn-primary  \" href=\"\/fr\/nouvelle-evangelisation\/lectures-recommandees\/\" target=\"_self\" >En savoir plus <\/a>\r\n<\/div>\r\n<p class=\"has-text-align-right\"><!-- \/wp:shortcode -->\r\n\r\n<!-- wp:shortcode --><\/p>\r\n<div class=\"col-md-4 \" > <a href=\"https:\/\/pembrokediocese.com\/fr\/nouvelle-evangelisation\/prayer-group\/\"><img loading=\"lazy\" decoding=\"async\" class=\"aligncenter wp-image-3620\" src=\"https:\/\/pembrokediocese.com\/wp-content\/uploads\/girl-praying-circle-300x300.png\" alt=\"\" width=\"200\" height=\"200\" srcset=\"https:\/\/pembrokediocese.com\/wp-content\/uploads\/girl-praying-circle-300x300.png 300w, https:\/\/pembrokediocese.com\/wp-content\/uploads\/girl-praying-circle-150x150.png 150w, https:\/\/pembrokediocese.com\/wp-content\/uploads\/girl-praying-circle-100x100.png 100w, https:\/\/pembrokediocese.com\/wp-content\/uploads\/girl-praying-circle-400x400.png 400w, https:\/\/pembrokediocese.com\/wp-content\/uploads\/girl-praying-circle-210x210.png 210w, https:\/\/pembrokediocese.com\/wp-content\/uploads\/girl-praying-circle.png 684w\" sizes=\"(max-width: 200px) 100vw, 200px\" \/><\/a><\/p>\r\n<h4 style=\"text-align: center;\"><a href=\"https:\/\/pembrokediocese.com\/fr\/nouvelle-evangelisation\/prayer-group\/\">PRI\u00c8RES ET GROUPES DE PRIERE POUR LE PROJET DIOC\u00c9SAIN DE NOUVELLE \u00c9VANG\u00c9LISATION<\/a><\/h4>\r\n<p style=\"text-align: center;\"><a class=\"btn btn-primary  \" href=\"\/fr\/nouvelle-evangelisation\/prayer-group\/\" target=\"_self\" >En savoir plus<\/a>\r\n<\/div>\r\n<p class=\"has-text-align-right\"><!-- \/wp:shortcode -->\r\n\r\n<!-- wp:shortcode --><\/p>\r\n<div class=\"col-md-4 \" > <a href=\"https:\/\/pembrokediocese.com\/donate\/\"><img loading=\"lazy\" decoding=\"async\" class=\"wp-image-7117 size-medium aligncenter\" src=\"https:\/\/pembrokediocese.com\/wp-content\/uploads\/donate-concept-200x200.png\" alt=\"\" width=\"200\" height=\"200\" srcset=\"https:\/\/pembrokediocese.com\/wp-content\/uploads\/donate-concept-200x200.png 200w, https:\/\/pembrokediocese.com\/wp-content\/uploads\/donate-concept-150x150.png 150w, https:\/\/pembrokediocese.com\/wp-content\/uploads\/donate-concept-768x768.png 768w, https:\/\/pembrokediocese.com\/wp-content\/uploads\/donate-concept-100x100.png 100w, https:\/\/pembrokediocese.com\/wp-content\/uploads\/donate-concept-400x400.png 400w, https:\/\/pembrokediocese.com\/wp-content\/uploads\/donate-concept-210x210.png 210w, https:\/\/pembrokediocese.com\/wp-content\/uploads\/donate-concept.png 800w\" sizes=\"(max-width: 200px) 100vw, 200px\" \/><\/a><\/p>\r\n<h4 style=\"text-align: center;\"><a href=\"https:\/\/pembrokediocese.com\/donate\/\">DONNER POUR LE PROJET DIOC\u00c9SAIN DE NOUVELLE \u00c9VANG\u00c9LISATION<\/a><\/h4>\r\n<p style=\"text-align: center;\"><a class=\"btn btn-primary  \" href=\"https:\/\/pembrokediocese.com\/donate\/\" target=\"_self\" >En savoir plus<\/a>\r\n<\/div>\r\n<p class=\"has-text-align-right\"><!-- \/wp:shortcode --><\/p>","protected":false},"excerpt":{"rendered":"<p>L&rsquo;\u00e9vang\u00e9lisation peut parfois sembler difficile ou compliqu\u00e9e. Comment partageons-nous notre foi avec les autres ? Il existe une mani\u00e8re simple de le faire : en posant des questions. Lorsque nous posons les bonnes questions, nous pouvons avoir des conversations qui encouragent les autres \u00e0 r\u00e9fl\u00e9chir \u00e0 leurs propres croyances. Cette approche offre plusieurs avantages: D\u2019abord ces questions orientent la conversation vers un sujet spirituel et encouragent les individus \u00e0 consid\u00e9rer leur propre spiritualit\u00e9. Ensuite, elles offrent une fa\u00e7on non intrusive et respectueuse pour aborder des sujets tels que la pri\u00e8re, l\u2019\u00c9glise, les sacrement, etc. Par ces questions, nous invitons les autres \u00e0 partager leurs pens\u00e9es et leurs exp\u00e9riences, cr\u00e9ant ainsi un environnement propice \u00e0 un dialogue ouvert et sinc\u00e8re. Voici des exemples de questions qui peuvent \u00eatre utilis\u00e9es pour entamer des conversations spirituelles : Allez-vous \u00e0 l&rsquo;\u00e9glise ? Croyez-vous en Dieu ? Savez-vous que Dieu vous aime? Comment arrivez-vous \u00e0 maintenir l&rsquo;\u00e9quilibre dans votre vie ? O\u00f9 en \u00eates-vous dans votre p\u00e8lerinage spirituel ? Quelles sont les grands principes sur lesquelles vous fondez votre vie\u00a0 ? Qu&rsquo;est-ce qui vous attire le plus dans la personne du Christ ?\u00a0 Vous consid\u00e9rez-vous comme un chercheur de v\u00e9rit\u00e9 ? Quel est votre vision de la spiritualit\u00e9 ? Avez-vous d\u00e9j\u00e0 lu la Bible ? Votre point de vue sur la religion a-t-il chang\u00e9 depuis votre entr\u00e9e \u00e0 l&rsquo;universit\u00e9 ?\u00a0 En quoi ? Si le Christ \u00e9tait bien celui qu&rsquo;il pr\u00e9tendait \u00eatre, comment cela affecterait-il votre vie ? Selon vous, qui est J\u00e9sus-Christ ? Qu&rsquo;est-ce qui vous donne un sens ou un but dans la vie ? Avez-vous d\u00e9j\u00e0 v\u00e9cu des exp\u00e9riences qui vous ont fait envisager l&rsquo;existence de quelque chose de plus grand que nous ? Trouvez-vous du r\u00e9confort dans la pri\u00e8re, la m\u00e9ditation ou toute autre pratique spirituelle ? Y a-t-il des valeurs particuli\u00e8res qui guident votre vie ? Comment traversez-vous les p\u00e9riodes difficiles de votre vieou trouvez-vous votre force int\u00e9rieure ? Avez-vous d\u00e9j\u00e0 explor\u00e9 diff\u00e9rentes perspectives spirituelles ou philosophiques ? Y a-t-il des traditions spirituelles ou religieuses qui ont piqu\u00e9 votre curiosit\u00e9 ? Quel r\u00f4le pensez-vous que la spiritualit\u00e9 joue dans la cr\u00e9ation d&rsquo;un sentiment de connexion avec les autres ? Croyez-vous \u00e0 quelque chose de transcendant ou au-del\u00e0 du monde mat\u00e9riel ? Y a-t-il des questions sur la vie, le sens de la vie ou la spiritualit\u00e9 que vous vous posez ? Pierre-Alain GiffardCoordonnateur de la pastorale dioc\u00e9saine Autres articles sur l&rsquo;\u00e9vang\u00e9lisation et le renouveau des paroisses : \u00c0 trois pieds de l\u2019or \u00c9vang\u00e9liser en d\u00e9veloppant nos comp\u00e9tences sociales Rassembler, t\u00e9moigner et inviter Pri\u00e8re pour recevoir les dons spirituels du Saint Esprit Le langage de la croix est le langage de l\u2019\u00e9vang\u00e9lisation Facteurs cl\u00e9s pour la croissance de la paroisse selon Rich Birch Comment vaincre Satan ? Apporter Amour, Espoir et Gu\u00e9rison par l\u2019\u00c9vangile Qu\u2019est-ce que l\u2019amour ? Touch\u00e9 par le Ma\u00eetre<\/p>\n","protected":false},"author":13,"featured_media":12752,"comment_status":"open","ping_status":"closed","sticky":false,"template":"","format":"standard","meta":{"_monsterinsights_skip_tracking":false,"_monsterinsights_sitenote_active":false,"_monsterinsights_sitenote_note":"","_monsterinsights_sitenote_category":0,"footnotes":"","_links_to":"","_links_to_target":""},"categories":[84,156],"tags":[],"class_list":["post-12754","post","type-post","status-publish","format-standard","has-post-thumbnail","hentry","category-article","category-textes-a-lire"],"post_mailing_queue_ids":[],"_links":{"self":[{"href":"https:\/\/pembrokediocese.com\/fr\/wp-json\/wp\/v2\/posts\/12754","targetHints":{"allow":["GET"]}}],"collection":[{"href":"https:\/\/pembrokediocese.com\/fr\/wp-json\/wp\/v2\/posts"}],"about":[{"href":"https:\/\/pembrokediocese.com\/fr\/wp-json\/wp\/v2\/types\/post"}],"author":[{"embeddable":true,"href":"https:\/\/pembrokediocese.com\/fr\/wp-json\/wp\/v2\/users\/13"}],"replies":[{"embeddable":true,"href":"https:\/\/pembrokediocese.com\/fr\/wp-json\/wp\/v2\/comments?post=12754"}],"version-history":[{"count":8,"href":"https:\/\/pembrokediocese.com\/fr\/wp-json\/wp\/v2\/posts\/12754\/revisions"}],"predecessor-version":[{"id":12769,"href":"https:\/\/pembrokediocese.com\/fr\/wp-json\/wp\/v2\/posts\/12754\/revisions\/12769"}],"wp:featuredmedia":[{"embeddable":true,"href":"https:\/\/pembrokediocese.com\/fr\/wp-json\/wp\/v2\/media\/12752"}],"wp:attachment":[{"href":"https:\/\/pembrokediocese.com\/fr\/wp-json\/wp\/v2\/media?parent=12754"}],"wp:term":[{"taxonomy":"category","embeddable":true,"href":"https:\/\/pembrokediocese.com\/fr\/wp-json\/wp\/v2\/categories?post=12754"},{"taxonomy":"post_tag","embeddable":true,"href":"https:\/\/pembrokediocese.com\/fr\/wp-json\/wp\/v2\/tags?post=12754"}],"curies":[{"name":"wp","href":"https:\/\/api.w.org\/{rel}","templated":true}]}}