{"id":12926,"date":"2023-07-18T11:01:14","date_gmt":"2023-07-18T15:01:14","guid":{"rendered":"https:\/\/pembrokediocese.com\/?p=12926"},"modified":"2023-07-18T11:07:51","modified_gmt":"2023-07-18T15:07:51","slug":"bulletin-hebdomadaire-le-18-juillet-2023-ferie","status":"publish","type":"post","link":"https:\/\/pembrokediocese.com\/fr\/article\/bulletin-hebdomadaire-le-18-juillet-2023-ferie\/","title":{"rendered":"BULLETIN HEBDOMADAIRE  &#8211; le 18 juillet 2023 (F\u00e9rie)"},"content":{"rendered":"<hr class=\"wp-block-separator has-alpha-channel-opacity\" \/>\r\n\r\n\r\n<h4 class=\"wp-block-heading\"><strong><i><a href=\"mailto:reception@pembrokediocese.com?subject=Abonnez-vous au bulletin hebdomadaire&amp;amp;body=Bonjour, je souhaite m'abonner au Bulletin Hebdomadaire s'il vous plait. Merci.\"><img loading=\"lazy\" decoding=\"async\" class=\"alignright wp-image-8004\" src=\"https:\/\/pembrokediocese.com\/wp-content\/uploads\/subscribe-banner-fr-200x205.png\" alt=\"\" width=\"124\" height=\"127\" srcset=\"https:\/\/pembrokediocese.com\/wp-content\/uploads\/subscribe-banner-fr-200x205.png 200w, https:\/\/pembrokediocese.com\/wp-content\/uploads\/subscribe-banner-fr-768x785.png 768w, https:\/\/pembrokediocese.com\/wp-content\/uploads\/subscribe-banner-fr.png 840w\" sizes=\"(max-width: 124px) 100vw, 124px\" \/><\/a><\/i><\/strong><\/h4>\r\n\r\n\r\n\r\n<h1 class=\"wp-block-heading\"><em><strong>Au jour du jugement, Tyr et Sidon et le pays de Sodome seront trait\u00e9s moins s\u00e9v\u00e8rement que vous.<\/strong><\/em><\/h1>\r\n\r\n\r\n\r\n<h3 class=\"wp-block-heading\"><strong>(Mt 11, 20-24)<\/strong><\/h3>\r\n\r\n\r\n<hr class=\"wp-block-separator has-alpha-channel-opacity\" \/>\r\n\r\n\r\n\r\n\r\n\r\n\r\n\r\n\r\n<h2 class=\"wp-block-heading\"><strong>MESSAGE DE L\u2019\u00c9V\u00caQUE<\/strong><\/h2>\r\n<h3><strong>Message aux membres du clerg\u00e9 et des communaut\u00e9s religieuses, ainsi qu\u2019\u00e0 tous les fid\u00e8les catholiques du Diocese de Pembroke<\/strong><\/h3>\r\n<p><strong>Le 14 juillet 2023<\/strong><\/p>\r\n<p>Chers confr\u00e8res pr\u00eatres et diacres,<\/p>\r\n<p>Chers membres de communaut\u00e9s religieuses,<\/p>\r\n<p>Chers fid\u00e8les catholiques,<\/p>\r\n<p>\u00a0Ce 26 juin dernier, premier jour d&rsquo;une courte vacance planifi\u00e9e depuis des mois, j&rsquo;ai re\u00e7u un appel du Nonce apostolique au Canada, Son Excellence Mgr Ivan Jurkovi\u0107, qui m&rsquo;annon\u00e7ait que le pape Fran\u00e7ois me d\u00e9signait comme nouvel archev\u00eaque de Moncton. Ce fut une surprise de taille pour moi, puisque j&rsquo;\u00e9tais responsable du dioc\u00e8se de Pembroke depuis seulement trois ans. Ce jour-l\u00e0, dans sa divine providence, le Seigneur me pr\u00e9parait myst\u00e9rieusement \u00e0 ce tournant dans ma vie. Voici un extrait tir\u00e9 du d\u00e9but de la premi\u00e8re lecture du jour, en ce 26 juin : \u00ab Le Seigneur dit \u00e0 Abram : \u00ab\u00a0Quitte ton pays, ta parent\u00e9 et la maison de ton p\u00e8re, et va vers le pays que je te montrerai.\u00a0\u00bb \u00bb <a href=\"https:\/\/pembrokediocese.com\/fr\/article\/message-to-the-clergy-religious-communities-and-catholic-faithful-of-the-diocese-of-pembroke\/\">(Lire la suite\u2026)<\/a><\/p>\r\n\r\n\r\n<hr class=\"wp-block-separator has-alpha-channel-opacity\" \/>\r\n\r\n\r\n\r\n\r\n<h2 class=\"wp-block-heading\"><strong>DU DIOC\u00c8SE<\/strong><\/h2>\r\n<h3><strong>Nomination de l\u2019Archev\u00eaque-d\u00e9sign\u00e9 Mgr Guy Desrochers, C.Ss.R. comme Archev\u00eaque de Moncton, Nouveau-Brunswick\u00a0\u00a0<\/strong><\/h3>\r\n<p>Sa Saintet\u00e9 le pape Fran\u00e7ois a accept\u00e9 la renonciation de Mgr Val\u00e9ry Vienneau comme archev\u00eaque de Moncton et a nomm\u00e9 Mgr Guy Desrochers, actuellement \u00e9v\u00eaque de Pembroke comme son successeur. <a href=\"https:\/\/pembrokediocese.com\/fr\/article\/nomination-de-larcheveque-designe-mgr-guy-desrochers-c-ss-r-comme-archeveque-de-moncton-nouveau-brunswick\/\">(Lire la suite\u2026)<\/a><\/p>\r\n<h3><strong>Heures du bureau durant l\u2019\u00e9t\u00e9<\/strong><\/h3>\r\n<p>Les bureaux dioc\u00e9sains seront ouverts de 9h \u00e0 16h du lundi au jeudi, et de 9h \u00e0 midi le vendredi durant la p\u00e9riode s\u2019\u00e9chelonnant <strong>du 4 juillet au 1 septembre inclusivement. <\/strong><\/p>\r\n<p>\r\n\r\n<\/p>\r\n<h3 class=\"wp-block-heading\"><strong>Nouvelles du Synode sur la Synodalit\u00e9\u00a0<\/strong><\/h3>\r\n<p>\r\n\r\n<\/p>\r\n<p>Le Synode des \u00e9v\u00eaques a publi\u00e9 son\u00a0Instrumentum Laboris, un instrument de travail cens\u00e9 guider les 370 membres de l\u2019assembl\u00e9e synodale, lors de la premi\u00e8re session du Synode sur l\u2019avenir de l\u2019\u00c9glise <strong>pr\u00e9vue en octobre 2023<\/strong> (<a href=\"https:\/\/pembrokediocese.com\/fr\/synode\/\">Lire la suite<\/a>)<\/p>\r\n<p>\r\n\r\n\r\n\r\n<\/p>\r\n<p>\r\n\r\n\r\n\r\n\r\n\r\n<\/p>\r\n<p>\r\n\r\n\r\n\r\n<\/p>\r\n<p>\r\n\r\n<\/p>\r\n<hr class=\"wp-block-separator has-alpha-channel-opacity\" \/>\r\n<p>\r\n\r\n<\/p>\r\n<h2 class=\"wp-block-heading\"><strong>DE LA CECC<\/strong><\/h2>\r\n<p>\r\n\r\n\r\n\r\n<\/p>\r\n<h3><strong>Renonciation et nomination \u00e9piscopales pour l\u2019archidioc\u00e8se de Moncton<\/strong><strong>\u00a0<\/strong><\/h3>\r\n<p>Sa Saintet\u00e9 le pape Fran\u00e7ois a accept\u00e9 la renonciation de Mgr Val\u00e9ry Vienneau comme archev\u00eaque de Moncton et a nomm\u00e9 Mgr Guy Desrochers, actuellement \u00e9v\u00eaque de Pembroke comme son successeur. <a href=\"https:\/\/www.cecc.ca\/annonce\/renonciation-et-nomination-episcopales-pour-larchidiocese-de-moncton\/\">(Lire la suite\u2026)<\/a><\/p>\r\n<h3><strong>Les conf\u00e9rences \u00e9piscopales du Canada et des \u00c9tats-Unis accueillent favorablement l\u2019annonce par le Saint-Si\u00e8ge des d\u00e9l\u00e9gu\u00e9s nord-am\u00e9ricains au Synode des \u00e9v\u00eaques en octobre 2023\u00a0\u00a0<\/strong><\/h3>\r\n<p>OTTAWA \u2013 La Conf\u00e9rence des \u00e9v\u00eaques catholiques du Canada (CECC) et la Conf\u00e9rence des \u00e9v\u00eaques catholiques des \u00c9tats-Unis (USCCB) ont accueilli favorablement\u00a0<strong><a href=\"https:\/\/press.vatican.va\/content\/salastampa\/it\/bollettino\/pubblico\/2023\/07\/07\/0500\/01109.html\">la nouvelle<\/a><\/strong>\u00a0du Secr\u00e9tariat g\u00e9n\u00e9ral du Synode du Saint-Si\u00e8ge concernant les d\u00e9l\u00e9gu\u00e9s nomm\u00e9s pour la XVI<sup>e<\/sup>\u00a0Assembl\u00e9e g\u00e9n\u00e9rale ordinaire du Synode des \u00e9v\u00eaques qui se tiendra en octobre prochain. Les deux conf\u00e9rences \u00e9piscopales sont les entit\u00e9s de coordination de la r\u00e9gion nord-am\u00e9ricaine pour le Synode, dont le th\u00e8me est\u00a0<strong><a href=\"https:\/\/www.synod.va\/en.html\">\u00ab\u00a0Pour une \u00c9glise synodale: communion, participation, mission\u00a0\u00bb<\/a><\/strong>. La premi\u00e8re session du Synode se tiendra au Vatican du 4 au 29\u00a0octobre\u00a02023, et la deuxi\u00e8me session est pr\u00e9vue pour octobre 2024. <a href=\"https:\/\/www.cecc.ca\/communique-de-presse\/les-conferences-episcopales-du-canada-et-des-etats-unis-accueillent-favorablement-lannonce-par-le-saint-siege-des-delegues-nord-americains-au-synode-des-eveques-en-octobre-2023\/\">(Lire la suite\u2026)<\/a><\/p>\r\n<p>\r\n\r\n<\/p>\r\n<h3 class=\"wp-block-heading\"><strong>Vid\u00e9o promotionnelle de la CECC \u2013 Journ\u00e9e mondiale des grands-parents et des personnes \u00e2g\u00e9es 2023\u00a0<\/strong><\/h3>\r\n<p>\r\n\r\n<\/p>\r\n<p><strong>Ottawa \u2013\u00a0<\/strong>Le Comit\u00e9 permanent pour la famille et la vie de la CECC, en collaboration avec son Office correspondant, a publi\u00e9 une\u00a0vid\u00e9o promotionnelle de 30 secondes<strong>\u00a0<\/strong>pour souligner la\u00a0<strong>troisi\u00e8me Journ\u00e9e mondiale des grands-parents et des personnes \u00e2g\u00e9es<\/strong>, qui aura lieu le\u00a0<strong>dimanche 23 juillet 2023.<\/strong> <a href=\"https:\/\/www.cecc.ca\/communique-de-presse\/video-promotionnelle-de-la-cecc-journee-mondiale-des-grands-parents-et-des-personnes-agees-2023\/\">(Lire la suite\u2026)<\/a><\/p>\r\n<p>\r\n\r\n\r\n\r\n<\/p>\r\n<p>\r\n\r\n<\/p>\r\n<hr class=\"wp-block-separator has-alpha-channel-opacity\" \/>\r\n<p>\r\n\r\n<\/p>\r\n<h2 class=\"wp-block-heading\"><strong>V\u00c9RIT\u00c9 ET R\u00c9CONCILIATION<\/strong><\/h2>\r\n<p>\r\n\r\n\r\n\r\n<\/p>\r\n<h3 class=\"wp-block-heading\"><strong>Droits des peuples autochtones\u00a0<\/strong><\/h3>\r\n<p>\r\n\r\n<\/p>\r\n<ol class=\"wp-block-list\" type=\"1\">\r\n<li>Les autochtones, individus et peuples, ont le droit de jouir pleinement de tous les droits \u00e9tablis par le droit du travail international et national applicable.<\/li>\r\n<li>Les \u00c9tats doivent, en consultation et en coop\u00e9ration avec les peuples autochtones, prendre des mesures visant sp\u00e9cifiquement \u00e0 prot\u00e9ger les enfants autochtones conte l\u2019exploitation \u00e9conomique et contre tout travail susceptible d\u2019\u00eatre dangereux ou d\u2019entraver leur \u00e9ducation ou de nuire \u00e0 leur sant\u00e9 ou \u00e0 leur d\u00e9veloppement physique, mental, spirituel, moral ou social, en tenant compte de leur vuln\u00e9rabilit\u00e9 particuli\u00e8re et de l\u2019importance de l\u2019\u00e9ducation pour leur autonomisation.<\/li>\r\n<li>Les autochtones ont le droit de n\u2019\u00eatre soumis \u00e0 aucune condition de travail discriminatoire, notamment en mati\u00e8re d\u2019emploi ou de r\u00e9mun\u00e9ration.<\/li>\r\n<\/ol>\r\n<p>\r\n\r\n<\/p>\r\n<p><em>Article 17 &#8211; D\u00e9claration des Nations unies sur les droits des peuples autochtones.<\/em><\/p>\r\n<p>\r\n\r\n<\/p>\r\n<hr class=\"wp-block-separator has-alpha-channel-opacity\" \/>\r\n<p>\r\n\r\n<\/p>\r\n<h2 class=\"wp-block-heading\"><strong>LE SAINT-SI\u00c8GE<\/strong><\/h2>\r\n<p>\r\n\r\n<\/p>\r\n<h3 class=\"wp-block-heading\"><strong>Intention de pri\u00e8re du Saint-P\u00e8re pour le mois de juillet 2023\u00a0<\/strong><\/h3>\r\n<p>\r\n\r\n<\/p>\r\n<p><strong>Pour une vie eucharistique <\/strong>\u2013 Prions afin que les catholiques mettent au centre de leur vie l\u2019Eucharistie que transforme en profondeur les relations humaines et ouvre \u00e0 la rencontre avec Dieu et avec les fr\u00e8res et s\u0153urs.<\/p>\r\n<p>\r\n\r\n<\/p>\r\n<hr class=\"wp-block-separator has-alpha-channel-opacity\" \/>\r\n<p>\r\n\r\n<\/p>\r\n<h2 class=\"wp-block-heading\"><strong>L\u2019\u00c9QUIPE D\u2019\u00c9VANG\u00c9LISATION<\/strong><\/h2>\r\n<p>\r\n\r\n\r\n\r\n<\/p>\r\n<h3 class=\"wp-block-heading\"><strong>\u00c9vang\u00e9liser par des petits actes de gentillesse<\/strong><\/h3>\r\n<p>\r\n\r\n<\/p>\r\n<p><em>Par Pierre-Alain Giffard, directeur de la pastorale dioc\u00e9saine\u00a0<\/em><\/p>\r\n<p>\r\n\r\n<\/p>\r\n<p>Poser des actes de gentillesse spontan\u00e9s est une fa\u00e7on de vivre concr\u00e8tement sa foi et d\u2019avoir un impact profond sur les autres. En exprimant amour, compassion et g\u00e9n\u00e9rosit\u00e9, nous touchons les c\u0153urs des gens, \u00e9veillons leur curiosit\u00e9 et r\u00e9v\u00e9lons le v\u00e9ritable visage du christianisme. <a href=\"https:\/\/pembrokediocese.com\/fr\/article\/article-evangeliser-par-des-petits-actes-de-gentillesse\/\">(Lire la suite\u2026)<\/a><\/p>\r\n<p>\r\n\r\n<\/p>\r\n<hr class=\"wp-block-separator has-alpha-channel-opacity\" \/>\r\n<p>\r\n\r\n\r\n\r\n\r\n\r\n<\/p>\r\n<p>\r\n\r\n<\/p>\r\n<p>\r\n\r\n<\/p>\r\n<h2 class=\"wp-block-heading\"><strong>AUTRES \u00c9V\u00c9NEMENTS CATHOLIQUES<\/strong><\/h2>\r\n<p>\r\n\r\n\r\n\r\n<\/p>\r\n<p>\r\n\r\n<\/p>\r\n<p>\r\n\r\n<\/p>\r\n<p>\r\n\r\n<\/p>\r\n<p>\r\n\r\n<\/p>\r\n<p>\r\n\r\n<\/p>\r\n<h3 class=\"wp-block-heading\"><strong><strong>149<sup>e<\/sup> p\u00e8lerinage annuel &#8211; Ste-Anne-de-Beaupr\u00e9 et Notre-Dame-du-Cap du 12-13 ao\u00fbt 2023\u00a0<\/strong><\/strong><\/h3>\r\n<p>\r\n\r\n<\/p>\r\n<p>Les autobus partiront des dioc\u00e8ses d&rsquo;Ottawa-Cornwall, de Gatineau, de Pembroke, de Mont-Laurier\/St-J\u00e9r\u00f4me et de Kingston le <strong>12 ao\u00fbt 2023<\/strong>. <strong>Notre c\u00e9l\u00e9brant est <\/strong><strong>l\u2019Archev\u00eaque-d\u00e9sign\u00e9<\/strong><strong> Guy Desrochers.<\/strong> \u00a0Pour obtenir les lieux de d\u00e9part, les co\u00fbts et d&rsquo;autres renseignements, veuillez communiquer avec Mike Budge au 613 224-8110 ou \u00e0 l&rsquo;adresse suivante\u00a0: <a href=\"mailto:mike.budge@bell.net\">mike.budge@bell.net<\/a>.<\/p>\r\n<h3><strong>P\u00e8lerinage marial\u00a0<\/strong><\/h3>\r\n<p>P\u00e8re R\u00e9al Ouellette a le plaisir et l&rsquo;honneur d&rsquo;accompagner un p\u00e8lerinage marial \u00e0 Lourdes (France), Compostelle (Espagne), et Fatima et Lisbonne (Portugal) <strong>du 25 octobre au 6 novembre 2023.<\/strong> Pour plus d&rsquo;information\u00a0: <a href=\"https:\/\/spiritours.com\/produit\/france-espagne-portugal-acn\/\">https:\/\/spiritours.com\/produit\/france-espagne-portugal-acn\/<\/a>.<\/p>\r\n<p>\r\n\r\n<\/p>\r\n<hr class=\"wp-block-separator has-alpha-channel-opacity\" \/>\r\n<p><\/p>\r\n<h2><strong>AUTRES<\/strong><\/h2>\r\n<h3><strong>\u00c9cole abbatiale \u00e0 Saint-Beno\u00eet-du-Lac\u00a0<\/strong><\/h3>\r\n<p>Organis\u00e9e par l\u2019Association des Amies de Saint-Beno\u00eet-du-Lac <strong>du 22 au 24 septembre 2023<\/strong>. Th\u00e8me\u00a0: \u00ab\u00a0Nos pertes, source de croissance ?\u00a0\u00bb Veuillez communiquer avec Louise Drapeau au 819 445-4054 (courriel\u00a0 <a href=\"mailto:louise2drapeau@hotmail.com\">louise2drapeau@hotmail.com<\/a>) ou Th\u00e9r\u00e8se Cloutier au 450 532-4062 (courriel <a href=\"mailto:clouthe@cooptel.qc.ca\">clouthe@cooptel.qc.ca<\/a>)\u00a0 pour r\u00e9server ou obtenir de plus amples renseignements.<\/p>","protected":false},"excerpt":{"rendered":"<p>Au jour du jugement, Tyr et Sidon et le pays de Sodome seront trait\u00e9s moins s\u00e9v\u00e8rement que vous. (Mt 11, 20-24) MESSAGE DE L\u2019\u00c9V\u00caQUE Message aux membres du clerg\u00e9 et des communaut\u00e9s religieuses, ainsi qu\u2019\u00e0 tous les fid\u00e8les catholiques du Diocese de Pembroke Le 14 juillet 2023 Chers confr\u00e8res pr\u00eatres et diacres, Chers membres de communaut\u00e9s religieuses, Chers fid\u00e8les catholiques, \u00a0Ce 26 juin dernier, premier jour d&rsquo;une courte vacance planifi\u00e9e depuis des mois, j&rsquo;ai re\u00e7u un appel du Nonce apostolique au Canada, Son Excellence Mgr Ivan Jurkovi\u0107, qui m&rsquo;annon\u00e7ait que le pape Fran\u00e7ois me d\u00e9signait comme nouvel archev\u00eaque de Moncton. Ce fut une surprise de taille pour moi, puisque j&rsquo;\u00e9tais responsable du dioc\u00e8se de Pembroke depuis seulement trois ans. Ce jour-l\u00e0, dans sa divine providence, le Seigneur me pr\u00e9parait myst\u00e9rieusement \u00e0 ce tournant dans ma vie. Voici un extrait tir\u00e9 du d\u00e9but de la premi\u00e8re lecture du jour, en ce 26 juin : \u00ab Le Seigneur dit \u00e0 Abram : \u00ab\u00a0Quitte ton pays, ta parent\u00e9 et la maison de ton p\u00e8re, et va vers le pays que je te montrerai.\u00a0\u00bb \u00bb (Lire la suite\u2026) DU DIOC\u00c8SE Nomination de l\u2019Archev\u00eaque-d\u00e9sign\u00e9 Mgr Guy Desrochers, C.Ss.R. comme Archev\u00eaque de Moncton, Nouveau-Brunswick\u00a0\u00a0 Sa Saintet\u00e9 le pape Fran\u00e7ois a accept\u00e9 la renonciation de Mgr Val\u00e9ry Vienneau comme archev\u00eaque de Moncton et a nomm\u00e9 Mgr Guy Desrochers, actuellement \u00e9v\u00eaque de Pembroke comme son successeur. (Lire la suite\u2026) Heures du bureau durant l\u2019\u00e9t\u00e9 Les bureaux dioc\u00e9sains seront ouverts de 9h \u00e0 16h du lundi au jeudi, et de 9h \u00e0 midi le vendredi durant la p\u00e9riode s\u2019\u00e9chelonnant du 4 juillet au 1 septembre inclusivement. Nouvelles du Synode sur la Synodalit\u00e9\u00a0 Le Synode des \u00e9v\u00eaques a publi\u00e9 son\u00a0Instrumentum Laboris, un instrument de travail cens\u00e9 guider les 370 membres de l\u2019assembl\u00e9e synodale, lors de la premi\u00e8re session du Synode sur l\u2019avenir de l\u2019\u00c9glise pr\u00e9vue en octobre 2023 (Lire la suite) DE LA CECC Renonciation et nomination \u00e9piscopales pour l\u2019archidioc\u00e8se de Moncton\u00a0 Sa Saintet\u00e9 le pape Fran\u00e7ois a accept\u00e9 la renonciation de Mgr Val\u00e9ry Vienneau comme archev\u00eaque de Moncton et a nomm\u00e9 Mgr Guy Desrochers, actuellement \u00e9v\u00eaque de Pembroke comme son successeur. (Lire la suite\u2026) Les conf\u00e9rences \u00e9piscopales du Canada et des \u00c9tats-Unis accueillent favorablement l\u2019annonce par le Saint-Si\u00e8ge des d\u00e9l\u00e9gu\u00e9s nord-am\u00e9ricains au Synode des \u00e9v\u00eaques en octobre 2023\u00a0\u00a0 OTTAWA \u2013 La Conf\u00e9rence des \u00e9v\u00eaques catholiques du Canada (CECC) et la Conf\u00e9rence des \u00e9v\u00eaques catholiques des \u00c9tats-Unis (USCCB) ont accueilli favorablement\u00a0la nouvelle\u00a0du Secr\u00e9tariat g\u00e9n\u00e9ral du Synode du Saint-Si\u00e8ge concernant les d\u00e9l\u00e9gu\u00e9s nomm\u00e9s pour la XVIe\u00a0Assembl\u00e9e g\u00e9n\u00e9rale ordinaire du Synode des \u00e9v\u00eaques qui se tiendra en octobre prochain. Les deux conf\u00e9rences \u00e9piscopales sont les entit\u00e9s de coordination de la r\u00e9gion nord-am\u00e9ricaine pour le Synode, dont le th\u00e8me est\u00a0\u00ab\u00a0Pour une \u00c9glise synodale: communion, participation, mission\u00a0\u00bb. La premi\u00e8re session du Synode se tiendra au Vatican du 4 au 29\u00a0octobre\u00a02023, et la deuxi\u00e8me session est pr\u00e9vue pour octobre 2024. (Lire la suite\u2026) Vid\u00e9o promotionnelle de la CECC \u2013 Journ\u00e9e mondiale des grands-parents et des personnes \u00e2g\u00e9es 2023\u00a0 Ottawa \u2013\u00a0Le Comit\u00e9 permanent pour la famille et la vie de la CECC, en collaboration avec son Office correspondant, a publi\u00e9 une\u00a0vid\u00e9o promotionnelle de 30 secondes\u00a0pour souligner [&hellip;]<\/p>\n","protected":false},"author":10,"featured_media":3815,"comment_status":"closed","ping_status":"closed","sticky":false,"template":"","format":"standard","meta":{"_monsterinsights_skip_tracking":false,"_monsterinsights_sitenote_active":false,"_monsterinsights_sitenote_note":"","_monsterinsights_sitenote_category":0,"footnotes":"","_links_to":"","_links_to_target":""},"categories":[84],"tags":[],"class_list":["post-12926","post","type-post","status-publish","format-standard","has-post-thumbnail","hentry","category-article"],"post_mailing_queue_ids":[],"_links":{"self":[{"href":"https:\/\/pembrokediocese.com\/fr\/wp-json\/wp\/v2\/posts\/12926","targetHints":{"allow":["GET"]}}],"collection":[{"href":"https:\/\/pembrokediocese.com\/fr\/wp-json\/wp\/v2\/posts"}],"about":[{"href":"https:\/\/pembrokediocese.com\/fr\/wp-json\/wp\/v2\/types\/post"}],"author":[{"embeddable":true,"href":"https:\/\/pembrokediocese.com\/fr\/wp-json\/wp\/v2\/users\/10"}],"replies":[{"embeddable":true,"href":"https:\/\/pembrokediocese.com\/fr\/wp-json\/wp\/v2\/comments?post=12926"}],"version-history":[{"count":3,"href":"https:\/\/pembrokediocese.com\/fr\/wp-json\/wp\/v2\/posts\/12926\/revisions"}],"predecessor-version":[{"id":12929,"href":"https:\/\/pembrokediocese.com\/fr\/wp-json\/wp\/v2\/posts\/12926\/revisions\/12929"}],"wp:featuredmedia":[{"embeddable":true,"href":"https:\/\/pembrokediocese.com\/fr\/wp-json\/wp\/v2\/media\/3815"}],"wp:attachment":[{"href":"https:\/\/pembrokediocese.com\/fr\/wp-json\/wp\/v2\/media?parent=12926"}],"wp:term":[{"taxonomy":"category","embeddable":true,"href":"https:\/\/pembrokediocese.com\/fr\/wp-json\/wp\/v2\/categories?post=12926"},{"taxonomy":"post_tag","embeddable":true,"href":"https:\/\/pembrokediocese.com\/fr\/wp-json\/wp\/v2\/tags?post=12926"}],"curies":[{"name":"wp","href":"https:\/\/api.w.org\/{rel}","templated":true}]}}