{"id":12951,"date":"2023-08-01T10:42:30","date_gmt":"2023-08-01T14:42:30","guid":{"rendered":"https:\/\/pembrokediocese.com\/?p=12951"},"modified":"2023-08-01T10:42:30","modified_gmt":"2023-08-01T14:42:30","slug":"bulletin-hebdomadaire-le-1-aout-2023-st-alphonse-marie-de-liguori-eveque-et-docteur-de-leglise","status":"publish","type":"post","link":"https:\/\/pembrokediocese.com\/fr\/article\/bulletin-hebdomadaire-le-1-aout-2023-st-alphonse-marie-de-liguori-eveque-et-docteur-de-leglise\/","title":{"rendered":"BULLETIN HEBDOMADAIRE  &#8211; le 1e ao\u00fbt 2023 (St Alphonse-Marie de Liguori, \u00c9v\u00eaque et Docteur de l&rsquo;\u00c9glise)"},"content":{"rendered":"<hr class=\"wp-block-separator has-alpha-channel-opacity\" \/>\r\n\r\n\r\n<h4 class=\"wp-block-heading\"><strong><i><a href=\"mailto:reception@pembrokediocese.com?subject=Abonnez-vous au bulletin hebdomadaire&amp;amp;body=Bonjour, je souhaite m'abonner au Bulletin Hebdomadaire s'il vous plait. Merci.\"><img loading=\"lazy\" decoding=\"async\" class=\"alignright wp-image-8004\" src=\"https:\/\/pembrokediocese.com\/wp-content\/uploads\/subscribe-banner-fr-200x205.png\" alt=\"\" width=\"124\" height=\"127\" srcset=\"https:\/\/pembrokediocese.com\/wp-content\/uploads\/subscribe-banner-fr-200x205.png 200w, https:\/\/pembrokediocese.com\/wp-content\/uploads\/subscribe-banner-fr-768x785.png 768w, https:\/\/pembrokediocese.com\/wp-content\/uploads\/subscribe-banner-fr.png 840w\" sizes=\"(max-width: 124px) 100vw, 124px\" \/><\/a><\/i><\/strong><\/h4>\r\n\r\n\r\n\r\n<h1 class=\"wp-block-heading\"><em><strong>De m\u00eame que l&rsquo;on enl\u00e8ve l&rsquo;ivraie pour la jeter au feu, ainsi en sera-t-il \u00e0 la fin du monde.<\/strong><\/em><\/h1>\r\n\r\n\r\n\r\n<h3 class=\"wp-block-heading\"><strong>(Mt 13, 36-43)<\/strong><\/h3>\r\n\r\n\r\n<hr class=\"wp-block-separator has-alpha-channel-opacity\" \/>\r\n\r\n\r\n\r\n\r\n\r\n\r\n\r\n\r\n<h2 class=\"wp-block-heading\"><strong>MESSAGE DE L\u2019\u00c9V\u00caQUE<\/strong><\/h2>\r\n<h3><strong>Message aux membres du clerg\u00e9 et des communaut\u00e9s religieuses, ainsi qu\u2019\u00e0 tous les fid\u00e8les catholiques du Diocese de Pembroke<\/strong><\/h3>\r\n<p><strong>Le 14 juillet 2023<\/strong><\/p>\r\n<p>Chers confr\u00e8res pr\u00eatres et diacres,<\/p>\r\n<p>Chers membres de communaut\u00e9s religieuses,<\/p>\r\n<p>Chers fid\u00e8les catholiques,<\/p>\r\n<p>\u00a0Ce 26 juin dernier, premier jour d&rsquo;une courte vacance planifi\u00e9e depuis des mois, j&rsquo;ai re\u00e7u un appel du Nonce apostolique au Canada, Son Excellence Mgr Ivan Jurkovi\u0107, qui m&rsquo;annon\u00e7ait que le pape Fran\u00e7ois me d\u00e9signait comme nouvel archev\u00eaque de Moncton. Ce fut une surprise de taille pour moi, puisque j&rsquo;\u00e9tais responsable du dioc\u00e8se de Pembroke depuis seulement trois ans. Ce jour-l\u00e0, dans sa divine providence, le Seigneur me pr\u00e9parait myst\u00e9rieusement \u00e0 ce tournant dans ma vie. Voici un extrait tir\u00e9 du d\u00e9but de la premi\u00e8re lecture du jour, en ce 26 juin : \u00ab Le Seigneur dit \u00e0 Abram : \u00ab\u00a0Quitte ton pays, ta parent\u00e9 et la maison de ton p\u00e8re, et va vers le pays que je te montrerai.\u00a0\u00bb \u00bb <a href=\"https:\/\/pembrokediocese.com\/fr\/article\/message-to-the-clergy-religious-communities-and-catholic-faithful-of-the-diocese-of-pembroke\/\">(Lire la suite\u2026)<\/a><\/p>\r\n\r\n\r\n<hr class=\"wp-block-separator has-alpha-channel-opacity\" \/>\r\n\r\n\r\n\r\n\r\n<h2 class=\"wp-block-heading\"><strong>DU DIOC\u00c8SE<\/strong><\/h2>\r\n<h3><strong>Pri\u00e8res<\/strong><\/h3>\r\n<p>Pour le repos de l&rsquo;\u00e2me du r\u00e9v\u00e9rend Grant Reginald Neville, pr\u00eatre bien-aim\u00e9 du dioc\u00e8se de Pembroke, d\u00e9c\u00e9d\u00e9 paisiblement \u00e0 l&rsquo;h\u00f4pital r\u00e9gional de Pembroke, le vendredi 28 juillet, entour\u00e9 de sa famille et fortifi\u00e9 par les sacrements de l&rsquo;\u00c9glise, dans sa 82<sup>e<\/sup> ann\u00e9e et sa 55<sup>e<\/sup> ann\u00e9e de pr\u00eatrise. Rite de r\u00e9ception \u00e0 l&rsquo;\u00e9glise Most Holy Name of Jesus, Pembroke, <strong>le mercredi 2 ao\u00fbt 2023<\/strong> \u00e0 14h avec visite jusqu&rsquo;\u00e0 20h. La messe de s\u00e9pulture chr\u00e9tienne sera offerte par le tr\u00e8s r\u00e9v\u00e9rend Guy Desrochers, C.Ss.R. <strong>le jeudi 3 ao\u00fbt 2023<\/strong> \u00e0 11 h. Prions pour l&rsquo;heureux repos de l&rsquo;\u00e2me du p\u00e8re Grant et la consolation de sa famille.<\/p>\r\n<h3><strong>Pri\u00e8res<\/strong><\/h3>\r\n<p>Pour le repos de l&rsquo;\u00e2me de M. Cyrille Chaput, fr\u00e8re du diacre Adrien Chaput, d\u00e9c\u00e9d\u00e9 le 26 juillet dans sa 64e ann\u00e9e. Prions pour M. Chaput, et la consolation du diacre Adrien et des membres de la famille Chaput.<\/p>\r\n<h3><strong>Cong\u00e9 civique !<\/strong><\/h3>\r\n<p>Veuillez noter que la chancellerie et les bureaux de l&rsquo;\u00e9v\u00eaque seront ferm\u00e9s le lundi 7 ao\u00fbt.<\/p>\r\n<h3><strong>Nominations pastorales\u00a0<\/strong><\/h3>\r\n<p>Monseigneur Guy Desrochers, C.Ss.R., annonce les nominations pastorales suivantes\u00a0:<\/p>\r\n<ul>\r\n<li>Le P. Tim Moyle, tout en demeurant cur\u00e9 de la paroisse Sainte-Anne, \u00e0 Mattawa, devient administrateur des paroisses Saint-Thomas-d&rsquo;Aquin, \u00e0 Astorville, Sainte-Bernadette, \u00e0 Bonfield, et du Sacr\u00e9-C\u0153ur, \u00e0 Corbeil.<\/li>\r\n<li>Le P. R\u00e9al Ouellette d\u00e9missionne de son poste d&rsquo;administrateur d&rsquo;Astorville, de Bonfield et de Corbeil pour des raisons de sant\u00e9. Le P. Ouellette demeurera en r\u00e9sidence \u00e0 la paroisse St-James, \u00e0 Eganville, et continuera d&rsquo;apporter son aide au minist\u00e8re pastoral dans le dioc\u00e8se.<\/li>\r\n<\/ul>\r\n<h3><strong>Nomination de l\u2019Archev\u00eaque-d\u00e9sign\u00e9 Mgr Guy Desrochers, C.Ss.R. comme Archev\u00eaque de Moncton, Nouveau-Brunswick\u00a0\u00a0<\/strong><\/h3>\r\n<p>Sa Saintet\u00e9 le pape Fran\u00e7ois a accept\u00e9 la renonciation de Mgr Val\u00e9ry Vienneau comme archev\u00eaque de Moncton et a nomm\u00e9 Mgr Guy Desrochers, actuellement \u00e9v\u00eaque de Pembroke comme son successeur. <a href=\"https:\/\/pembrokediocese.com\/fr\/article\/nomination-de-larcheveque-designe-mgr-guy-desrochers-c-ss-r-comme-archeveque-de-moncton-nouveau-brunswick\/\">(Lire la suite\u2026)<\/a><\/p>\r\n<h3><strong>Heures du bureau durant l\u2019\u00e9t\u00e9<\/strong><\/h3>\r\n<p>Les bureaux dioc\u00e9sains seront ouverts de 9h \u00e0 16h du lundi au jeudi, et de 9h \u00e0 midi le vendredi durant la p\u00e9riode s\u2019\u00e9chelonnant <strong>du 4 juillet au 1 septembre inclusivement.<\/strong><\/p>\r\n<p>\r\n\r\n\r\n\r\n<\/p>\r\n<p>\r\n\r\n\r\n\r\n\r\n\r\n<\/p>\r\n<p>\r\n\r\n\r\n\r\n<\/p>\r\n<p>\r\n\r\n<\/p>\r\n<hr class=\"wp-block-separator has-alpha-channel-opacity\" \/>\r\n<p>\r\n\r\n<\/p>\r\n<h2 class=\"wp-block-heading\"><strong>DE LA CECC<\/strong><\/h2>\r\n<p>\r\n\r\n\r\n\r\n<\/p>\r\n<h3><strong>La visite apostolique du Saint-P\u00e8re au Canada\u00a0: R\u00e9trospective un an apr\u00e8s \u2013 mercredi le 26 juillet 2023\u00a0<\/strong><\/h3>\r\n<p><strong><em>Ottawa \u2013\u00a0<\/em><\/strong>En la f\u00eate liturgique des saints Anne et Joachim, nous nous souvenons qu\u2019il y a un an, en juillet 2022, Sa Saintet\u00e9 le pape Fran\u00e7ois est venu parmi nous au Canada (son 37<sup>e<\/sup>\u00a0voyage apostolique) pour entreprendre ce qu\u2019il a appel\u00e9 un \u00ab\u00a0<strong><a href=\"https:\/\/www.cecc.ca\/peuples-autochtones\/pelerinage-penitentiel-du-pape-francois\/\">p\u00e8lerinage p\u00e9nitentiel<\/a><\/strong>\u00a0\u00bb. Cette visite pastorale tr\u00e8s importante pour le Saint-P\u00e8re, effectu\u00e9e en communion avec la Conf\u00e9rence des \u00e9v\u00eaques catholiques du Canada, a marqu\u00e9 une \u00e9tape importante en vue de \u00ab\u00a0marcher ensemble\u00a0\u00bb dans les relations de l\u2019\u00c9glise avec les peuples autochtones, tant au Canada qu\u2019\u00e0 l\u2019\u00e9tranger. Apr\u00e8s avoir parcouru plus de 8\u00a0000\u00a0km pour arriver au Canada,\u00a0<strong><a href=\"https:\/\/www.visitepapale.ca\/?_gl=1%2Aoaditk%2A_ga%2ANjI3NDgwNzg4LjE2ODkyNzA5MzM.%2A_ga_M0229CX327%2AMTY4OTg2OTMyOS4zLjEuMTY4OTg2OTc2Ni4wLjAuMA..\">le pape Fran\u00e7ois a parcouru 5\u00a0700\u00a0km \u00e0 l\u2019int\u00e9rieur du pays, s\u2019arr\u00eatant \u00e0 Edmonton, \u00e0 Qu\u00e9bec et \u00e0 Iqaluit, o\u00f9 il a particip\u00e9 \u00e0 sept \u00e9v\u00e9nements au total.<\/a><\/strong> <a href=\"https:\/\/www.cecc.ca\/communique-de-presse\/la-visite-apostolique-du-saint-pere-au-canada-retrospective-un-an-apres\/\">(Lire la suite\u2026)<\/a><\/p>\r\n<h3><strong>5 000 jeunes Canadiens et Canadiennes se joignent au pape Fran\u00e7ois au Portugal pour les JMJ\u00a0<\/strong><\/h3>\r\n<p>Plus de 5 000 jeunes Canadiens et Canadiennes se rendent \u00e0 Lisbonne, au Portugal, pour \u00eatre avec le pape Fran\u00e7ois, du 2 au 6 ao\u00fbt 2023. Le Saint-P\u00e8re se joindra \u00e0 plus d\u2019un million de jeunes pour la Journ\u00e9e mondiale de la jeunesse (JMJ), un rassemblement international de jeunes organis\u00e9 par l\u2019\u00c9glise catholique. La premi\u00e8re Journ\u00e9e mondiale de la jeunesse s\u2019est tenue en 1986\u00a0<strong><a href=\"https:\/\/www.cecc.ca\/communique-de-presse\/journees-mondiales-de-la-jeunesse-rome-2000-et-toronto-2002\/\">et l\u2019\u00e9v\u00e9nement a \u00e9t\u00e9 accueilli par le Canada en 2002,<\/a><\/strong>\u00a0le pape saint Jean-Paul II ayant fait le p\u00e8lerinage \u00e0 Toronto. <a href=\"https:\/\/www.cecc.ca\/communique-de-presse\/5-000-jeunes-canadiens-et-canadiennes-se-joignent-au-pape-francois-au-portugal-pour-les-jmj\/\">(Lire la suite\u2026)<\/a><\/p>\r\n<h3><strong>Renonciation et nomination \u00e9piscopales pour l\u2019archidioc\u00e8se de Moncton<\/strong><strong>\u00a0<\/strong><\/h3>\r\n<p>Sa Saintet\u00e9 le pape Fran\u00e7ois a accept\u00e9 la renonciation de Mgr Val\u00e9ry Vienneau comme archev\u00eaque de Moncton et a nomm\u00e9 Mgr Guy Desrochers, actuellement \u00e9v\u00eaque de Pembroke comme son successeur. <a href=\"https:\/\/www.cecc.ca\/annonce\/renonciation-et-nomination-episcopales-pour-larchidiocese-de-moncton\/\">(Lire la suite\u2026)<\/a><\/p>\r\n<p>\r\n\r\n<\/p>\r\n<p>\r\n\r\n\r\n\r\n<\/p>\r\n<p>\r\n\r\n<\/p>\r\n<hr class=\"wp-block-separator has-alpha-channel-opacity\" \/>\r\n<p>\r\n\r\n<\/p>\r\n<h2 class=\"wp-block-heading\"><strong>V\u00c9RIT\u00c9 ET R\u00c9CONCILIATION<\/strong><\/h2>\r\n<p>\r\n\r\n\r\n\r\n<\/p>\r\n<h3 class=\"wp-block-heading\"><strong>Droits des peuples autochtones <\/strong><\/h3>\r\n<p>Les \u00c9tats se concertent et coop\u00e8rent de bonne foi avec les peuples autochtones int\u00e9ress\u00e9s \u2013 par l\u2019interm\u00e9diaire de leurs propres institutions repr\u00e9sentatives \u2013 avant d\u2019adopter et d\u2019appliquer des mesures l\u00e9gislatives ou administratives susceptibles de concerner les peuples autochtones, afin d\u2019obtenir leur consentement pr\u00e9alable, donn\u00e9 librement et en connaissance de cause.<\/p>\r\n<p>\r\n\r\n<\/p>\r\n<p><em>Article 19 &#8211; D\u00e9claration des Nations unies sur les droits des peuples autochtones.<\/em><\/p>\r\n<p>\r\n\r\n<\/p>\r\n<hr class=\"wp-block-separator has-alpha-channel-opacity\" \/>\r\n<p>\r\n\r\n<\/p>\r\n<h2 class=\"wp-block-heading\"><strong>LE SAINT-SI\u00c8GE<\/strong><\/h2>\r\n<p>\r\n\r\n<\/p>\r\n<h3 class=\"wp-block-heading\"><strong>Intention de pri\u00e8re du Saint-P\u00e8re pour le mois d\u2019ao\u00fbt 2023\u00a0<\/strong><\/h3>\r\n<p>\r\n\r\n<\/p>\r\n<p><strong>Pour les Journ\u00e9es Mondiales de la Jeunesse <\/strong>\u2013 Prions afin que les Journ\u00e9es Mondiales de la Jeunesse \u00e0 Lisbonne aident les jeunes \u00e0 se mettre en chemin, en t\u00e9moignant de l\u2019\u00c9vangile par leur vie.<\/p>\r\n<p>\r\n\r\n<\/p>\r\n<hr class=\"wp-block-separator has-alpha-channel-opacity\" \/>\r\n<p>\r\n\r\n<\/p>\r\n<h2 class=\"wp-block-heading\"><strong>L\u2019\u00c9QUIPE D\u2019\u00c9VANG\u00c9LISATION<\/strong><\/h2>\r\n<p>\r\n\r\n\r\n\r\n<\/p>\r\n<h3 class=\"wp-block-heading\"><strong>Des membres des Fleurs \u00c9toil\u00e9es partagent leur exp\u00e9rience\u00a0<\/strong><\/h3>\r\n<p>\u00ab\u00a0Il y a quelques ann\u00e9es, l&rsquo;\u00e9v\u00eaque Guy Desrochers nous avait demand\u00e9 \u00e0 tous, de prier pour le renouveau de notre dioc\u00e8se. Alors, pendant nos vacances, une amie et moi avons d\u00e9cid\u00e9 de faire le tour des cimeti\u00e8res, en demandant aux saintes \u00e2mes qui s&rsquo;y trouvaient, des pri\u00e8res sp\u00e9ciales pour la venue de l&rsquo;Esprit Saint sur notre dioc\u00e8se. Nous sommes all\u00e9s dans tous les cimeti\u00e8res que nous avons rencontr\u00e9s sur notre route. Mon amie conduisait et je lisais des extraits de \u00ab\u00a0<em>Highways of Destiny<\/em>\u00a0\u00bb et de \u00ab\u00a0<em>Lift up Your Hearts\u00a0\u00bb<\/em>. Nous d\u00e9jeunions, allions aux toilettes ext\u00e9rieures et bavardions joyeusement. Une fois, alors que nous nous tenions au milieu d\u2019un cimeti\u00e8re, nous avons fait l&rsquo;exp\u00e9rience d\u2019une ligne tr\u00e8s fine qui nous s\u00e9parait, r\u00e9alisant que les saintes \u00e2mes sont vraiment attentives et \u00e0 l&rsquo;\u00e9coute de chacun d&rsquo;entre nous.<\/p>\r\n<p>Amour \u00e0 St. Columbkille \u2013 Un compagnon des Fleurs \u00c9toil\u00e9es\u00a0\u00bb<\/p>\r\n<h3><strong>Initiatives de nouvelle \u00e9vang\u00e9lisation\u00a0<\/strong><\/h3>\r\n<p>L\u2019\u00e9vang\u00e9lisation, \u00e9crit le Pape Jean-Paul II, \u00ab\u00a0constitue le premier service que l\u2019\u00c9glise peut rendre \u00e0 tout homme et \u00e0 l\u2019humanit\u00e9 enti\u00e8re \u00a0\u00bb (Redemptoris Missio, # 2).<\/p>\r\n<p>D\u00e8s le d\u00e9but, l\u2019\u00e9quipe dioc\u00e9saine d\u2019\u00e9vang\u00e9lisation a reconnu que la pri\u00e8re \u00e9tait le fondement de l\u2019\u00e9vang\u00e9lisation et de la transformation missionnaire du dioc\u00e8se. C\u2019est pourquoi elle a lanc\u00e9 l\u2019initiative \u00ab\u00a0<strong><a href=\"https:\/\/pembrokediocese.com\/fr\/nouvelle-evangelisation\/les-fleurs-etoilees-de-la-bienheureuse-catherine\/\">Les fleurs \u00e9toil\u00e9es de la bienheureuse Catherine<\/a><\/strong>\u00a0\u00bb, qui compte aujourd\u2019hui plus de 300 participants qui interc\u00e8dent pour les efforts missionnaires au sein du dioc\u00e8se. Cette initiative fournit aussi aux paroissiens des ressources telles que des livrets de pri\u00e8res et des litanies des saints patrons des paroisses, favorisant ainsi l\u2019unit\u00e9 et la d\u00e9votion parmi les participants. Pour plus d\u2019information sur les fleurs \u00e9toil\u00e9es de la bienheureuse Catherine, veuillez contacter\u00a0<a href=\"mailto:gmdoyle39@gmail.com\">Greg et Mary Doyle<\/a>.<\/p>\r\n<h3 class=\"wp-block-heading\"><strong>Qu\u2019est-ce qui am\u00e8ne les gens au Christ?<\/strong><\/h3>\r\n<p>\r\n\r\n<\/p>\r\n<p><em>Par Pierre-Alain Giffard, directeur de la pastorale dioc\u00e9saine\u00a0<\/em><\/p>\r\n<p>\r\n\r\n<\/p>\r\n<p>Lorsque nous \u00e9vang\u00e9lisons, notre objectif est de conduire les gens au Christ. Une question \u00e0 se poser est donc la suivante : \u00ab\u00a0Qu\u2019est-ce qui am\u00e8ne les gens au Christ ? Bien qu\u2019il n\u2019y ait pas de r\u00e9ponse unique, puisque le cheminement vers la foi et la conversion est une exp\u00e9rience personnelle et unique, il existe un certain nombre de facteurs qui sont g\u00e9n\u00e9ralement associ\u00e9s \u00e0 la conversion. Ces facteurs sont les suivants\u00a0: <a href=\"https:\/\/pembrokediocese.com\/fr\/textes-a-lire\/quest-ce-qui-amene-les-gens-au-christ\/\">(Lire la suite\u2026)<\/a><\/p>\r\n<p>\r\n\r\n<\/p>\r\n<hr class=\"wp-block-separator has-alpha-channel-opacity\" \/>\r\n<p>\r\n\r\n\r\n\r\n\r\n\r\n<\/p>\r\n<p>\r\n\r\n<\/p>\r\n<p>\r\n\r\n<\/p>\r\n<h2 class=\"wp-block-heading\"><strong>AUTRES \u00c9V\u00c9NEMENTS CATHOLIQUES<\/strong><\/h2>\r\n<p>\r\n\r\n\r\n\r\n<\/p>\r\n<p>\r\n\r\n<\/p>\r\n<p>\r\n\r\n<\/p>\r\n<p>\r\n\r\n<\/p>\r\n<p>\r\n\r\n<\/p>\r\n<p>\r\n\r\n<\/p>\r\n<h3 class=\"wp-block-heading\"><strong><strong>149<sup>e<\/sup> p\u00e8lerinage annuel &#8211; Ste-Anne-de-Beaupr\u00e9 et Notre-Dame-du-Cap du 12-13 ao\u00fbt 2023\u00a0<\/strong><\/strong><\/h3>\r\n<p>\r\n\r\n<\/p>\r\n<p>Les autobus partiront des dioc\u00e8ses d&rsquo;Ottawa-Cornwall, de Gatineau, de Pembroke, de Mont-Laurier\/St-J\u00e9r\u00f4me et de Kingston le <strong>12 ao\u00fbt 2023<\/strong>. <strong>Notre c\u00e9l\u00e9brant est <\/strong><strong>l\u2019Archev\u00eaque-d\u00e9sign\u00e9<\/strong><strong> Guy Desrochers.<\/strong> \u00a0Pour obtenir les lieux de d\u00e9part, les co\u00fbts et d&rsquo;autres renseignements, veuillez communiquer avec Mike Budge au 613 224-8110 ou \u00e0 l&rsquo;adresse suivante\u00a0: <a href=\"mailto:mike.budge@bell.net\">mike.budge@bell.net<\/a>.<\/p>\r\n<h3><strong>P\u00e8lerinage marial\u00a0<\/strong><\/h3>\r\n<p>P\u00e8re R\u00e9al Ouellette a le plaisir et l&rsquo;honneur d&rsquo;accompagner un p\u00e8lerinage marial \u00e0 Lourdes (France), Compostelle (Espagne), et Fatima et Lisbonne (Portugal) <strong>du 25 octobre au 6 novembre 2023.<\/strong> Pour plus d&rsquo;information\u00a0: <a href=\"https:\/\/spiritours.com\/produit\/france-espagne-portugal-acn\/\">https:\/\/spiritours.com\/produit\/france-espagne-portugal-acn\/<\/a>.<\/p>\r\n<p>\r\n\r\n<\/p>\r\n<hr class=\"wp-block-separator has-alpha-channel-opacity\" \/>\r\n<p><\/p>\r\n<h2><strong>AUTRES<\/strong><\/h2>\r\n<h3><strong>\u00c9cole abbatiale \u00e0 Saint-Beno\u00eet-du-Lac\u00a0<\/strong><\/h3>\r\n<p>Organis\u00e9e par l\u2019Association des Amies de Saint-Beno\u00eet-du-Lac <strong>du 22 au 24 septembre 2023<\/strong>. Th\u00e8me\u00a0: \u00ab\u00a0Nos pertes, source de croissance ?\u00a0\u00bb Veuillez communiquer avec Louise Drapeau au 819 445-4054 (courriel\u00a0 <a href=\"mailto:louise2drapeau@hotmail.com\">louise2drapeau@hotmail.com<\/a>) ou Th\u00e9r\u00e8se Cloutier au 450 532-4062 (courriel <a href=\"mailto:clouthe@cooptel.qc.ca\">clouthe@cooptel.qc.ca<\/a>)\u00a0 pour r\u00e9server ou obtenir de plus amples renseignements.<\/p>","protected":false},"excerpt":{"rendered":"<p>De m\u00eame que l&rsquo;on enl\u00e8ve l&rsquo;ivraie pour la jeter au feu, ainsi en sera-t-il \u00e0 la fin du monde. (Mt 13, 36-43) MESSAGE DE L\u2019\u00c9V\u00caQUE Message aux membres du clerg\u00e9 et des communaut\u00e9s religieuses, ainsi qu\u2019\u00e0 tous les fid\u00e8les catholiques du Diocese de Pembroke Le 14 juillet 2023 Chers confr\u00e8res pr\u00eatres et diacres, Chers membres de communaut\u00e9s religieuses, Chers fid\u00e8les catholiques, \u00a0Ce 26 juin dernier, premier jour d&rsquo;une courte vacance planifi\u00e9e depuis des mois, j&rsquo;ai re\u00e7u un appel du Nonce apostolique au Canada, Son Excellence Mgr Ivan Jurkovi\u0107, qui m&rsquo;annon\u00e7ait que le pape Fran\u00e7ois me d\u00e9signait comme nouvel archev\u00eaque de Moncton. Ce fut une surprise de taille pour moi, puisque j&rsquo;\u00e9tais responsable du dioc\u00e8se de Pembroke depuis seulement trois ans. Ce jour-l\u00e0, dans sa divine providence, le Seigneur me pr\u00e9parait myst\u00e9rieusement \u00e0 ce tournant dans ma vie. Voici un extrait tir\u00e9 du d\u00e9but de la premi\u00e8re lecture du jour, en ce 26 juin : \u00ab Le Seigneur dit \u00e0 Abram : \u00ab\u00a0Quitte ton pays, ta parent\u00e9 et la maison de ton p\u00e8re, et va vers le pays que je te montrerai.\u00a0\u00bb \u00bb (Lire la suite\u2026) DU DIOC\u00c8SE Pri\u00e8res Pour le repos de l&rsquo;\u00e2me du r\u00e9v\u00e9rend Grant Reginald Neville, pr\u00eatre bien-aim\u00e9 du dioc\u00e8se de Pembroke, d\u00e9c\u00e9d\u00e9 paisiblement \u00e0 l&rsquo;h\u00f4pital r\u00e9gional de Pembroke, le vendredi 28 juillet, entour\u00e9 de sa famille et fortifi\u00e9 par les sacrements de l&rsquo;\u00c9glise, dans sa 82e ann\u00e9e et sa 55e ann\u00e9e de pr\u00eatrise. Rite de r\u00e9ception \u00e0 l&rsquo;\u00e9glise Most Holy Name of Jesus, Pembroke, le mercredi 2 ao\u00fbt 2023 \u00e0 14h avec visite jusqu&rsquo;\u00e0 20h. La messe de s\u00e9pulture chr\u00e9tienne sera offerte par le tr\u00e8s r\u00e9v\u00e9rend Guy Desrochers, C.Ss.R. le jeudi 3 ao\u00fbt 2023 \u00e0 11 h. Prions pour l&rsquo;heureux repos de l&rsquo;\u00e2me du p\u00e8re Grant et la consolation de sa famille. Pri\u00e8res Pour le repos de l&rsquo;\u00e2me de M. Cyrille Chaput, fr\u00e8re du diacre Adrien Chaput, d\u00e9c\u00e9d\u00e9 le 26 juillet dans sa 64e ann\u00e9e. Prions pour M. Chaput, et la consolation du diacre Adrien et des membres de la famille Chaput. Cong\u00e9 civique ! Veuillez noter que la chancellerie et les bureaux de l&rsquo;\u00e9v\u00eaque seront ferm\u00e9s le lundi 7 ao\u00fbt. Nominations pastorales\u00a0 Monseigneur Guy Desrochers, C.Ss.R., annonce les nominations pastorales suivantes\u00a0: Le P. Tim Moyle, tout en demeurant cur\u00e9 de la paroisse Sainte-Anne, \u00e0 Mattawa, devient administrateur des paroisses Saint-Thomas-d&rsquo;Aquin, \u00e0 Astorville, Sainte-Bernadette, \u00e0 Bonfield, et du Sacr\u00e9-C\u0153ur, \u00e0 Corbeil. Le P. R\u00e9al Ouellette d\u00e9missionne de son poste d&rsquo;administrateur d&rsquo;Astorville, de Bonfield et de Corbeil pour des raisons de sant\u00e9. Le P. Ouellette demeurera en r\u00e9sidence \u00e0 la paroisse St-James, \u00e0 Eganville, et continuera d&rsquo;apporter son aide au minist\u00e8re pastoral dans le dioc\u00e8se. Nomination de l\u2019Archev\u00eaque-d\u00e9sign\u00e9 Mgr Guy Desrochers, C.Ss.R. comme Archev\u00eaque de Moncton, Nouveau-Brunswick\u00a0\u00a0 Sa Saintet\u00e9 le pape Fran\u00e7ois a accept\u00e9 la renonciation de Mgr Val\u00e9ry Vienneau comme archev\u00eaque de Moncton et a nomm\u00e9 Mgr Guy Desrochers, actuellement \u00e9v\u00eaque de Pembroke comme son successeur. (Lire la suite\u2026) Heures du bureau durant l\u2019\u00e9t\u00e9 Les bureaux dioc\u00e9sains seront ouverts de 9h \u00e0 16h du lundi au jeudi, et de 9h \u00e0 midi le vendredi durant la p\u00e9riode s\u2019\u00e9chelonnant du 4 juillet au 1 septembre inclusivement. DE LA [&hellip;]<\/p>\n","protected":false},"author":10,"featured_media":3815,"comment_status":"closed","ping_status":"closed","sticky":false,"template":"","format":"standard","meta":{"_monsterinsights_skip_tracking":false,"_monsterinsights_sitenote_active":false,"_monsterinsights_sitenote_note":"","_monsterinsights_sitenote_category":0,"footnotes":"","_links_to":"","_links_to_target":""},"categories":[84],"tags":[],"class_list":["post-12951","post","type-post","status-publish","format-standard","has-post-thumbnail","hentry","category-article"],"post_mailing_queue_ids":[],"_links":{"self":[{"href":"https:\/\/pembrokediocese.com\/fr\/wp-json\/wp\/v2\/posts\/12951","targetHints":{"allow":["GET"]}}],"collection":[{"href":"https:\/\/pembrokediocese.com\/fr\/wp-json\/wp\/v2\/posts"}],"about":[{"href":"https:\/\/pembrokediocese.com\/fr\/wp-json\/wp\/v2\/types\/post"}],"author":[{"embeddable":true,"href":"https:\/\/pembrokediocese.com\/fr\/wp-json\/wp\/v2\/users\/10"}],"replies":[{"embeddable":true,"href":"https:\/\/pembrokediocese.com\/fr\/wp-json\/wp\/v2\/comments?post=12951"}],"version-history":[{"count":1,"href":"https:\/\/pembrokediocese.com\/fr\/wp-json\/wp\/v2\/posts\/12951\/revisions"}],"predecessor-version":[{"id":12952,"href":"https:\/\/pembrokediocese.com\/fr\/wp-json\/wp\/v2\/posts\/12951\/revisions\/12952"}],"wp:featuredmedia":[{"embeddable":true,"href":"https:\/\/pembrokediocese.com\/fr\/wp-json\/wp\/v2\/media\/3815"}],"wp:attachment":[{"href":"https:\/\/pembrokediocese.com\/fr\/wp-json\/wp\/v2\/media?parent=12951"}],"wp:term":[{"taxonomy":"category","embeddable":true,"href":"https:\/\/pembrokediocese.com\/fr\/wp-json\/wp\/v2\/categories?post=12951"},{"taxonomy":"post_tag","embeddable":true,"href":"https:\/\/pembrokediocese.com\/fr\/wp-json\/wp\/v2\/tags?post=12951"}],"curies":[{"name":"wp","href":"https:\/\/api.w.org\/{rel}","templated":true}]}}