{"id":13006,"date":"2023-08-08T14:09:19","date_gmt":"2023-08-08T18:09:19","guid":{"rendered":"https:\/\/pembrokediocese.com\/?p=13006"},"modified":"2023-08-08T14:09:19","modified_gmt":"2023-08-08T18:09:19","slug":"bulletin-hebdomadaire-le-8-aout-2023-st-dominique-pretre","status":"publish","type":"post","link":"https:\/\/pembrokediocese.com\/fr\/article\/bulletin-hebdomadaire-le-8-aout-2023-st-dominique-pretre\/","title":{"rendered":"BULLETIN HEBDOMADAIRE  &#8211; le 8 ao\u00fbt 2023 (St Dominique, Pr\u00eatre)"},"content":{"rendered":"<hr class=\"wp-block-separator has-alpha-channel-opacity\" \/>\r\n\r\n\r\n<h4 class=\"wp-block-heading\"><strong><i><a href=\"mailto:reception@pembrokediocese.com?subject=Abonnez-vous au bulletin hebdomadaire&amp;amp;body=Bonjour, je souhaite m'abonner au Bulletin Hebdomadaire s'il vous plait. Merci.\"><img loading=\"lazy\" decoding=\"async\" class=\"alignright wp-image-8004\" src=\"https:\/\/pembrokediocese.com\/wp-content\/uploads\/subscribe-banner-fr-200x205.png\" alt=\"\" width=\"124\" height=\"127\" srcset=\"https:\/\/pembrokediocese.com\/wp-content\/uploads\/subscribe-banner-fr-200x205.png 200w, https:\/\/pembrokediocese.com\/wp-content\/uploads\/subscribe-banner-fr-768x785.png 768w, https:\/\/pembrokediocese.com\/wp-content\/uploads\/subscribe-banner-fr.png 840w\" sizes=\"(max-width: 124px) 100vw, 124px\" \/><\/a><\/i><\/strong><\/h4>\r\n\r\n\r\n\r\n<h1 class=\"wp-block-heading\"><em><strong>Seigneur, ordonne-moi de venir vers toi sur les eaux.<\/strong><\/em><\/h1>\r\n\r\n\r\n\r\n<h3 class=\"wp-block-heading\"><strong>(Mt 14, 22-36)<\/strong><\/h3>\r\n\r\n\r\n<hr class=\"wp-block-separator has-alpha-channel-opacity\" \/>\r\n\r\n\r\n\r\n\r\n\r\n\r\n\r\n\r\n<h2 class=\"wp-block-heading\"><strong>MESSAGE DE L\u2019\u00c9V\u00caQUE<\/strong><\/h2>\r\n<h3><strong>Message aux membres du clerg\u00e9 et des communaut\u00e9s religieuses, ainsi qu\u2019\u00e0 tous les fid\u00e8les catholiques du Diocese de Pembroke<\/strong><\/h3>\r\n<p><strong>Le 14 juillet 2023<\/strong><\/p>\r\n<p>Chers confr\u00e8res pr\u00eatres et diacres,<\/p>\r\n<p>Chers membres de communaut\u00e9s religieuses,<\/p>\r\n<p>Chers fid\u00e8les catholiques,<\/p>\r\n<p>\u00a0Ce 26 juin dernier, premier jour d&rsquo;une courte vacance planifi\u00e9e depuis des mois, j&rsquo;ai re\u00e7u un appel du Nonce apostolique au Canada, Son Excellence Mgr Ivan Jurkovi\u0107, qui m&rsquo;annon\u00e7ait que le pape Fran\u00e7ois me d\u00e9signait comme nouvel archev\u00eaque de Moncton. Ce fut une surprise de taille pour moi, puisque j&rsquo;\u00e9tais responsable du dioc\u00e8se de Pembroke depuis seulement trois ans. Ce jour-l\u00e0, dans sa divine providence, le Seigneur me pr\u00e9parait myst\u00e9rieusement \u00e0 ce tournant dans ma vie. Voici un extrait tir\u00e9 du d\u00e9but de la premi\u00e8re lecture du jour, en ce 26 juin : \u00ab Le Seigneur dit \u00e0 Abram : \u00ab\u00a0Quitte ton pays, ta parent\u00e9 et la maison de ton p\u00e8re, et va vers le pays que je te montrerai.\u00a0\u00bb \u00bb <a href=\"https:\/\/pembrokediocese.com\/fr\/article\/message-to-the-clergy-religious-communities-and-catholic-faithful-of-the-diocese-of-pembroke\/\">(Lire la suite\u2026)<\/a><\/p>\r\n\r\n\r\n<hr class=\"wp-block-separator has-alpha-channel-opacity\" \/>\r\n\r\n\r\n\r\n\r\n<h2 class=\"wp-block-heading\"><strong>DU DIOC\u00c8SE<\/strong><\/h2>\r\n<h3><strong>Installation de l\u2019Archev\u00eaque-d\u00e9sign\u00e9 Mgr Guy Desrochers, C.Ss.R. comme Archev\u00eaque de Moncton, Nouveau-Brunswick\u00a0<\/strong><\/h3>\r\n<p>Mgr Guy Desrochers, C.Ss.R., sera install\u00e9 comme archev\u00eaque de Moncton le <strong>18 octobre 2023 \u00e0 15 h.<\/strong><\/p>\r\n<h3><strong>Nominations pastorales\u00a0<\/strong><\/h3>\r\n<p>Monseigneur Guy Desrochers, C.Ss.R., annonce les nominations pastorales suivantes\u00a0:<\/p>\r\n<ul>\r\n<li>Le P. Tim Moyle, tout en demeurant cur\u00e9 de la paroisse Sainte-Anne, \u00e0 Mattawa, devient administrateur des paroisses Saint-Thomas-d&rsquo;Aquin, \u00e0 Astorville, Sainte-Bernadette, \u00e0 Bonfield, et du Sacr\u00e9-C\u0153ur, \u00e0 Corbeil.<\/li>\r\n<li>Le P. R\u00e9al Ouellette d\u00e9missionne de son poste d&rsquo;administrateur d&rsquo;Astorville, de Bonfield et de Corbeil pour des raisons de sant\u00e9. Le P. Ouellette demeurera en r\u00e9sidence \u00e0 la paroisse St-James, \u00e0 Eganville, et continuera d&rsquo;apporter son aide au minist\u00e8re pastoral dans le dioc\u00e8se.<\/li>\r\n<\/ul>\r\n<h3><strong>Heures du bureau durant l\u2019\u00e9t\u00e9<\/strong><\/h3>\r\n<p>Les bureaux dioc\u00e9sains seront ouverts de 9h \u00e0 16h du lundi au jeudi, et de 9h \u00e0 midi le vendredi durant la p\u00e9riode s\u2019\u00e9chelonnant <strong>du 4 juillet au 1 septembre inclusivement.<\/strong><\/p>\r\n<p>\r\n\r\n\r\n\r\n<\/p>\r\n<p>\r\n\r\n\r\n\r\n\r\n\r\n<\/p>\r\n<p>\r\n\r\n\r\n\r\n<\/p>\r\n<p>\r\n\r\n<\/p>\r\n<hr class=\"wp-block-separator has-alpha-channel-opacity\" \/>\r\n<p>\r\n\r\n<\/p>\r\n<h2 class=\"wp-block-heading\"><strong>DE LA CECC<\/strong><\/h2>\r\n<p>\r\n\r\n\r\n\r\n<\/p>\r\n<h3><strong>La visite apostolique du Saint-P\u00e8re au Canada : R\u00e9trospective un an apr\u00e8s\u00a0<\/strong><\/h3>\r\n<p><strong><em>Ottawa \u2013\u00a0<\/em><\/strong>En la f\u00eate liturgique des saints Anne et Joachim, nous nous souvenons qu\u2019il y a un an, en juillet 2022, Sa Saintet\u00e9 le pape Fran\u00e7ois est venu parmi nous au Canada (son 37<sup>e<\/sup>\u00a0voyage apostolique) pour entreprendre ce qu\u2019il a appel\u00e9 un \u00ab\u00a0<strong><a href=\"https:\/\/www.cecc.ca\/peuples-autochtones\/pelerinage-penitentiel-du-pape-francois\/\">p\u00e8lerinage p\u00e9nitentiel<\/a><\/strong>\u00a0\u00bb. Cette visite pastorale tr\u00e8s importante pour le Saint-P\u00e8re, effectu\u00e9e en communion avec la Conf\u00e9rence des \u00e9v\u00eaques catholiques du Canada, a marqu\u00e9 une \u00e9tape importante en vue de \u00ab\u00a0marcher ensemble\u00a0\u00bb dans les relations de l\u2019\u00c9glise avec les peuples autochtones, tant au Canada qu\u2019\u00e0 l\u2019\u00e9tranger. Apr\u00e8s avoir parcouru plus de 8\u00a0000\u00a0km pour arriver au Canada,\u00a0<strong><a href=\"https:\/\/www.visitepapale.ca\/?_gl=1%2Aoaditk%2A_ga%2ANjI3NDgwNzg4LjE2ODkyNzA5MzM.%2A_ga_M0229CX327%2AMTY4OTg2OTMyOS4zLjEuMTY4OTg2OTc2Ni4wLjAuMA..\">le pape Fran\u00e7ois a parcouru 5\u00a0700\u00a0km \u00e0 l\u2019int\u00e9rieur du pays, s\u2019arr\u00eatant \u00e0 Edmonton, \u00e0 Qu\u00e9bec et \u00e0 Iqaluit, o\u00f9 il a particip\u00e9 \u00e0 sept \u00e9v\u00e9nements au total.<\/a><\/strong> <a href=\"https:\/\/www.cecc.ca\/communique-de-presse\/la-visite-apostolique-du-saint-pere-au-canada-retrospective-un-an-apres\/\">(Lire la suite\u2026)<\/a><\/p>\r\n<p>\r\n\r\n<\/p>\r\n<p>\r\n\r\n\r\n\r\n<\/p>\r\n<p>\r\n\r\n<\/p>\r\n<hr class=\"wp-block-separator has-alpha-channel-opacity\" \/>\r\n<p>\r\n\r\n<\/p>\r\n<h2 class=\"wp-block-heading\"><strong>V\u00c9RIT\u00c9 ET R\u00c9CONCILIATION<\/strong><\/h2>\r\n<p>\r\n\r\n\r\n\r\n<\/p>\r\n<h3 class=\"wp-block-heading\"><strong>Droits des peuples autochtones <\/strong><\/h3>\r\n<ol>\r\n<li>Les peuples autochtones ont le droit de conserver et de d\u00e9velopper leurs syst\u00e8mes ou institutions politiques, \u00e9conomiques et sociaux, de disposer en toute s\u00e9curit\u00e9 de leurs propres moyens de subsistance et de d\u00e9veloppement et de se livrer librement \u00e0 toutes leurs activit\u00e9s \u00e9conomiques, traditionnelles et autres.<\/li>\r\n<li>Les peuples autochtones priv\u00e9s de leurs moyens de subsistance et de d\u00e9veloppement ont droit \u00e0 une indemnisation juste et \u00e9quitable.<\/li>\r\n<\/ol>\r\n<p>\r\n\r\n<\/p>\r\n<p><em>Article 20 &#8211; D\u00e9claration des Nations unies sur les droits des peuples autochtones.<\/em><\/p>\r\n<p>\r\n\r\n<\/p>\r\n<hr class=\"wp-block-separator has-alpha-channel-opacity\" \/>\r\n<p>\r\n\r\n<\/p>\r\n<h2 class=\"wp-block-heading\"><strong>LE SAINT-SI\u00c8GE<\/strong><\/h2>\r\n<p>\r\n\r\n<\/p>\r\n<h3 class=\"wp-block-heading\"><strong>Intention de pri\u00e8re du Saint-P\u00e8re pour le mois d\u2019ao\u00fbt 2023\u00a0<\/strong><\/h3>\r\n<p>\r\n\r\n<\/p>\r\n<p><strong>Pour les Journ\u00e9es Mondiales de la Jeunesse <\/strong>\u2013 Prions afin que les Journ\u00e9es Mondiales de la Jeunesse \u00e0 Lisbonne aident les jeunes \u00e0 se mettre en chemin, en t\u00e9moignant de l\u2019\u00c9vangile par leur vie.<\/p>\r\n<p>\r\n\r\n<\/p>\r\n<hr class=\"wp-block-separator has-alpha-channel-opacity\" \/>\r\n<p>\r\n\r\n<\/p>\r\n<h2 class=\"wp-block-heading\"><strong>L\u2019\u00c9QUIPE D\u2019\u00c9VANG\u00c9LISATION<\/strong><\/h2>\r\n<p>\r\n\r\n\r\n\r\n<\/p>\r\n<h3 class=\"wp-block-heading\"><strong>Initiatives de nouvelle \u00e9vang\u00e9lisation\u00a0<\/strong><\/h3>\r\n<p>L\u2019\u00e9vang\u00e9lisation, \u00e9crit le Pape Jean-Paul II, \u00ab\u00a0constitue le premier service que l\u2019\u00c9glise peut rendre \u00e0 tout homme et \u00e0 l\u2019humanit\u00e9 enti\u00e8re \u00a0\u00bb (Redemptoris Missio, # 2).<\/p>\r\n<p>D\u00e8s le d\u00e9but, l\u2019\u00e9quipe dioc\u00e9saine d\u2019\u00e9vang\u00e9lisation a reconnu que la pri\u00e8re \u00e9tait le fondement de l\u2019\u00e9vang\u00e9lisation et de la transformation missionnaire du dioc\u00e8se. C\u2019est pourquoi elle a lanc\u00e9 l\u2019initiative \u00ab\u00a0<strong><a href=\"https:\/\/pembrokediocese.com\/fr\/nouvelle-evangelisation\/les-fleurs-etoilees-de-la-bienheureuse-catherine\/\">Les fleurs \u00e9toil\u00e9es de la bienheureuse Catherine<\/a><\/strong>\u00a0\u00bb, qui compte aujourd\u2019hui plus de 300 participants qui interc\u00e8dent pour les efforts missionnaires au sein du dioc\u00e8se. Cette initiative fournit aussi aux paroissiens des ressources telles que des livrets de pri\u00e8res et des litanies des saints patrons des paroisses, favorisant ainsi l\u2019unit\u00e9 et la d\u00e9votion parmi les participants. Pour plus d\u2019information sur les fleurs \u00e9toil\u00e9es de la bienheureuse Catherine, veuillez contacter\u00a0<a href=\"mailto:gmdoyle39@gmail.com\">Greg et Mary Doyle<\/a>.<\/p>\r\n<h3 class=\"wp-block-heading\"><strong>R\u00e9veiller la paroisse rurale pour l\u2019\u00e9vang\u00e9lisation<\/strong><\/h3>\r\n<p>\r\n\r\n<\/p>\r\n<p><em>Par Pierre-Alain Giffard, directeur de la pastorale dioc\u00e9saine\u00a0<\/em><\/p>\r\n<p>\r\n\r\n<\/p>\r\n<p>Les paroisses rurales font face \u00e0 des d\u00e9fis uniques qui peuvent faire penser que leur \u00e9lan missionnaire et leur vitalit\u00e9 sont des objectifs quasi impossibles. Des populations en d\u00e9clin et vieillissantes, des ressources limit\u00e9es et des charges d\u2019entretien des b\u00e2timents anciens peuvent tous contribuer \u00e0 un sentiment de d\u00e9sespoir. Cependant, avec un accent sur la mobilisation des la\u00efcs, les paroisses rurales peuvent atteindre leur potentiel et devenir des communaut\u00e9s de foi missionnaires. <a href=\"https:\/\/pembrokediocese.com\/fr\/article\/reveiller-la-paroisse-rurale-pour-levangelisation\/\">(Lire la suite\u2026)<\/a><\/p>\r\n<p>\r\n\r\n<\/p>\r\n<hr class=\"wp-block-separator has-alpha-channel-opacity\" \/>\r\n<p>\r\n\r\n\r\n\r\n\r\n\r\n<\/p>\r\n<p>\r\n\r\n<\/p>\r\n<p>\r\n\r\n<\/p>\r\n<h2 class=\"wp-block-heading\"><strong>AUTRES \u00c9V\u00c9NEMENTS CATHOLIQUES<\/strong><\/h2>\r\n<p>\r\n\r\n\r\n\r\n<\/p>\r\n<p>\r\n\r\n<\/p>\r\n<p>\r\n\r\n<\/p>\r\n<p>\r\n\r\n<\/p>\r\n<p>\r\n\r\n<\/p>\r\n<p>\r\n\r\n<\/p>\r\n<h3 class=\"wp-block-heading\"><strong><strong>149<sup>e<\/sup> p\u00e8lerinage annuel &#8211; Ste-Anne-de-Beaupr\u00e9 et Notre-Dame-du-Cap du 12-13 ao\u00fbt 2023\u00a0<\/strong><\/strong><\/h3>\r\n<p>\r\n\r\n<\/p>\r\n<p>Les autobus partiront des dioc\u00e8ses d&rsquo;Ottawa-Cornwall, de Gatineau, de Pembroke, de Mont-Laurier\/St-J\u00e9r\u00f4me et de Kingston le <strong>12 ao\u00fbt 2023<\/strong>. <strong>Notre c\u00e9l\u00e9brant est <\/strong><strong>l\u2019Archev\u00eaque-d\u00e9sign\u00e9<\/strong><strong> Guy Desrochers.<\/strong> \u00a0Pour obtenir les lieux de d\u00e9part, les co\u00fbts et d&rsquo;autres renseignements, veuillez communiquer avec Mike Budge au 613 224-8110 ou \u00e0 l&rsquo;adresse suivante\u00a0: <a href=\"mailto:mike.budge@bell.net\">mike.budge@bell.net<\/a>.<\/p>\r\n<h3><strong>P\u00e8lerinage marial\u00a0<\/strong><\/h3>\r\n<p>P\u00e8re R\u00e9al Ouellette a le plaisir et l&rsquo;honneur d&rsquo;accompagner un p\u00e8lerinage marial \u00e0 Lourdes (France), Compostelle (Espagne), et Fatima et Lisbonne (Portugal) <strong>du 25 octobre au 6 novembre 2023.<\/strong> Pour plus d&rsquo;information\u00a0: <a href=\"https:\/\/spiritours.com\/produit\/france-espagne-portugal-acn\/\">https:\/\/spiritours.com\/produit\/france-espagne-portugal-acn\/<\/a>.<\/p>\r\n<p>\r\n\r\n<\/p>\r\n<hr class=\"wp-block-separator has-alpha-channel-opacity\" \/>\r\n<p><\/p>\r\n<h2><strong>AUTRES<\/strong><\/h2>\r\n<h3><strong>\u00c9cole abbatiale \u00e0 Saint-Beno\u00eet-du-Lac\u00a0<\/strong><\/h3>\r\n<p>Organis\u00e9e par l\u2019Association des Amies de Saint-Beno\u00eet-du-Lac <strong>du 22 au 24 septembre 2023<\/strong>. Th\u00e8me\u00a0: \u00ab\u00a0Nos pertes, source de croissance ?\u00a0\u00bb Veuillez communiquer avec Louise Drapeau au 819 445-4054 (courriel\u00a0 <a href=\"mailto:louise2drapeau@hotmail.com\">louise2drapeau@hotmail.com<\/a>) ou Th\u00e9r\u00e8se Cloutier au 450 532-4062 (courriel <a href=\"mailto:clouthe@cooptel.qc.ca\">clouthe@cooptel.qc.ca<\/a>)\u00a0 pour r\u00e9server ou obtenir de plus amples renseignements.<\/p>","protected":false},"excerpt":{"rendered":"<p>Seigneur, ordonne-moi de venir vers toi sur les eaux. (Mt 14, 22-36) MESSAGE DE L\u2019\u00c9V\u00caQUE Message aux membres du clerg\u00e9 et des communaut\u00e9s religieuses, ainsi qu\u2019\u00e0 tous les fid\u00e8les catholiques du Diocese de Pembroke Le 14 juillet 2023 Chers confr\u00e8res pr\u00eatres et diacres, Chers membres de communaut\u00e9s religieuses, Chers fid\u00e8les catholiques, \u00a0Ce 26 juin dernier, premier jour d&rsquo;une courte vacance planifi\u00e9e depuis des mois, j&rsquo;ai re\u00e7u un appel du Nonce apostolique au Canada, Son Excellence Mgr Ivan Jurkovi\u0107, qui m&rsquo;annon\u00e7ait que le pape Fran\u00e7ois me d\u00e9signait comme nouvel archev\u00eaque de Moncton. Ce fut une surprise de taille pour moi, puisque j&rsquo;\u00e9tais responsable du dioc\u00e8se de Pembroke depuis seulement trois ans. Ce jour-l\u00e0, dans sa divine providence, le Seigneur me pr\u00e9parait myst\u00e9rieusement \u00e0 ce tournant dans ma vie. Voici un extrait tir\u00e9 du d\u00e9but de la premi\u00e8re lecture du jour, en ce 26 juin : \u00ab Le Seigneur dit \u00e0 Abram : \u00ab\u00a0Quitte ton pays, ta parent\u00e9 et la maison de ton p\u00e8re, et va vers le pays que je te montrerai.\u00a0\u00bb \u00bb (Lire la suite\u2026) DU DIOC\u00c8SE Installation de l\u2019Archev\u00eaque-d\u00e9sign\u00e9 Mgr Guy Desrochers, C.Ss.R. comme Archev\u00eaque de Moncton, Nouveau-Brunswick\u00a0 Mgr Guy Desrochers, C.Ss.R., sera install\u00e9 comme archev\u00eaque de Moncton le 18 octobre 2023 \u00e0 15 h. Nominations pastorales\u00a0 Monseigneur Guy Desrochers, C.Ss.R., annonce les nominations pastorales suivantes\u00a0: Le P. Tim Moyle, tout en demeurant cur\u00e9 de la paroisse Sainte-Anne, \u00e0 Mattawa, devient administrateur des paroisses Saint-Thomas-d&rsquo;Aquin, \u00e0 Astorville, Sainte-Bernadette, \u00e0 Bonfield, et du Sacr\u00e9-C\u0153ur, \u00e0 Corbeil. Le P. R\u00e9al Ouellette d\u00e9missionne de son poste d&rsquo;administrateur d&rsquo;Astorville, de Bonfield et de Corbeil pour des raisons de sant\u00e9. Le P. Ouellette demeurera en r\u00e9sidence \u00e0 la paroisse St-James, \u00e0 Eganville, et continuera d&rsquo;apporter son aide au minist\u00e8re pastoral dans le dioc\u00e8se. Heures du bureau durant l\u2019\u00e9t\u00e9 Les bureaux dioc\u00e9sains seront ouverts de 9h \u00e0 16h du lundi au jeudi, et de 9h \u00e0 midi le vendredi durant la p\u00e9riode s\u2019\u00e9chelonnant du 4 juillet au 1 septembre inclusivement. DE LA CECC La visite apostolique du Saint-P\u00e8re au Canada : R\u00e9trospective un an apr\u00e8s\u00a0 Ottawa \u2013\u00a0En la f\u00eate liturgique des saints Anne et Joachim, nous nous souvenons qu\u2019il y a un an, en juillet 2022, Sa Saintet\u00e9 le pape Fran\u00e7ois est venu parmi nous au Canada (son 37e\u00a0voyage apostolique) pour entreprendre ce qu\u2019il a appel\u00e9 un \u00ab\u00a0p\u00e8lerinage p\u00e9nitentiel\u00a0\u00bb. Cette visite pastorale tr\u00e8s importante pour le Saint-P\u00e8re, effectu\u00e9e en communion avec la Conf\u00e9rence des \u00e9v\u00eaques catholiques du Canada, a marqu\u00e9 une \u00e9tape importante en vue de \u00ab\u00a0marcher ensemble\u00a0\u00bb dans les relations de l\u2019\u00c9glise avec les peuples autochtones, tant au Canada qu\u2019\u00e0 l\u2019\u00e9tranger. Apr\u00e8s avoir parcouru plus de 8\u00a0000\u00a0km pour arriver au Canada,\u00a0le pape Fran\u00e7ois a parcouru 5\u00a0700\u00a0km \u00e0 l\u2019int\u00e9rieur du pays, s\u2019arr\u00eatant \u00e0 Edmonton, \u00e0 Qu\u00e9bec et \u00e0 Iqaluit, o\u00f9 il a particip\u00e9 \u00e0 sept \u00e9v\u00e9nements au total. (Lire la suite\u2026) V\u00c9RIT\u00c9 ET R\u00c9CONCILIATION Droits des peuples autochtones Les peuples autochtones ont le droit de conserver et de d\u00e9velopper leurs syst\u00e8mes ou institutions politiques, \u00e9conomiques et sociaux, de disposer en toute s\u00e9curit\u00e9 de leurs propres moyens de subsistance et de d\u00e9veloppement et de se livrer librement \u00e0 toutes leurs activit\u00e9s \u00e9conomiques, traditionnelles et autres. Les [&hellip;]<\/p>\n","protected":false},"author":10,"featured_media":3815,"comment_status":"closed","ping_status":"closed","sticky":false,"template":"","format":"standard","meta":{"_monsterinsights_skip_tracking":false,"_monsterinsights_sitenote_active":false,"_monsterinsights_sitenote_note":"","_monsterinsights_sitenote_category":0,"footnotes":"","_links_to":"","_links_to_target":""},"categories":[114,84],"tags":[],"class_list":["post-13006","post","type-post","status-publish","format-standard","has-post-thumbnail","hentry","category-bulletin","category-article"],"post_mailing_queue_ids":[],"_links":{"self":[{"href":"https:\/\/pembrokediocese.com\/fr\/wp-json\/wp\/v2\/posts\/13006","targetHints":{"allow":["GET"]}}],"collection":[{"href":"https:\/\/pembrokediocese.com\/fr\/wp-json\/wp\/v2\/posts"}],"about":[{"href":"https:\/\/pembrokediocese.com\/fr\/wp-json\/wp\/v2\/types\/post"}],"author":[{"embeddable":true,"href":"https:\/\/pembrokediocese.com\/fr\/wp-json\/wp\/v2\/users\/10"}],"replies":[{"embeddable":true,"href":"https:\/\/pembrokediocese.com\/fr\/wp-json\/wp\/v2\/comments?post=13006"}],"version-history":[{"count":1,"href":"https:\/\/pembrokediocese.com\/fr\/wp-json\/wp\/v2\/posts\/13006\/revisions"}],"predecessor-version":[{"id":13007,"href":"https:\/\/pembrokediocese.com\/fr\/wp-json\/wp\/v2\/posts\/13006\/revisions\/13007"}],"wp:featuredmedia":[{"embeddable":true,"href":"https:\/\/pembrokediocese.com\/fr\/wp-json\/wp\/v2\/media\/3815"}],"wp:attachment":[{"href":"https:\/\/pembrokediocese.com\/fr\/wp-json\/wp\/v2\/media?parent=13006"}],"wp:term":[{"taxonomy":"category","embeddable":true,"href":"https:\/\/pembrokediocese.com\/fr\/wp-json\/wp\/v2\/categories?post=13006"},{"taxonomy":"post_tag","embeddable":true,"href":"https:\/\/pembrokediocese.com\/fr\/wp-json\/wp\/v2\/tags?post=13006"}],"curies":[{"name":"wp","href":"https:\/\/api.w.org\/{rel}","templated":true}]}}