{"id":13021,"date":"2023-08-15T13:40:20","date_gmt":"2023-08-15T17:40:20","guid":{"rendered":"https:\/\/pembrokediocese.com\/?p=13021"},"modified":"2023-08-15T13:46:16","modified_gmt":"2023-08-15T17:46:16","slug":"bulletin-hebdomadaire-le-15-aout-2023-assomption-de-la-vierge-marie","status":"publish","type":"post","link":"https:\/\/pembrokediocese.com\/fr\/article\/bulletin-hebdomadaire-le-15-aout-2023-assomption-de-la-vierge-marie\/","title":{"rendered":"BULLETIN HEBDOMADAIRE  &#8211; le 15 ao\u00fbt 2023 (Assomption de la Vierge Marie, Patronne des Acadiens)"},"content":{"rendered":"<hr class=\"wp-block-separator has-alpha-channel-opacity\" \/>\r\n\r\n\r\n<h4 class=\"wp-block-heading\"><strong><i><a href=\"mailto:reception@pembrokediocese.com?subject=Abonnez-vous au bulletin hebdomadaire&amp;amp;body=Bonjour, je souhaite m'abonner au Bulletin Hebdomadaire s'il vous plait. Merci.\"><img loading=\"lazy\" decoding=\"async\" class=\"alignright wp-image-8004\" src=\"https:\/\/pembrokediocese.com\/wp-content\/uploads\/subscribe-banner-fr-200x205.png\" alt=\"\" width=\"124\" height=\"127\" srcset=\"https:\/\/pembrokediocese.com\/wp-content\/uploads\/subscribe-banner-fr-200x205.png 200w, https:\/\/pembrokediocese.com\/wp-content\/uploads\/subscribe-banner-fr-768x785.png 768w, https:\/\/pembrokediocese.com\/wp-content\/uploads\/subscribe-banner-fr.png 840w\" sizes=\"(max-width: 124px) 100vw, 124px\" \/><\/a><\/i><\/strong><\/h4>\r\n\r\n\r\n\r\n<h1 class=\"wp-block-heading\"><em><strong>Le Puissant fit pour moi des merveilles : il \u00e9l\u00e8ve les humbles.<\/strong><\/em><\/h1>\r\n\r\n\r\n\r\n<h3 class=\"wp-block-heading\"><strong>(Luc 1, 39-56)<\/strong><\/h3>\r\n\r\n\r\n<hr class=\"wp-block-separator has-alpha-channel-opacity\" \/>\r\n\r\n\r\n\r\n\r\n\r\n\r\n\r\n\r\n<h2 class=\"wp-block-heading\"><strong>MESSAGE DE L\u2019\u00c9V\u00caQUE<\/strong><\/h2>\r\n<h3><strong>Message aux membres du clerg\u00e9 et des communaut\u00e9s religieuses, ainsi qu\u2019\u00e0 tous les fid\u00e8les catholiques du Diocese de Pembroke<\/strong><\/h3>\r\n<p><strong>Le 14 juillet 2023<\/strong><\/p>\r\n<p>Chers confr\u00e8res pr\u00eatres et diacres,<\/p>\r\n<p>Chers membres de communaut\u00e9s religieuses,<\/p>\r\n<p>Chers fid\u00e8les catholiques,<\/p>\r\n<p>\u00a0Ce 26 juin dernier, premier jour d&rsquo;une courte vacance planifi\u00e9e depuis des mois, j&rsquo;ai re\u00e7u un appel du Nonce apostolique au Canada, Son Excellence Mgr Ivan Jurkovi\u0107, qui m&rsquo;annon\u00e7ait que le pape Fran\u00e7ois me d\u00e9signait comme nouvel archev\u00eaque de Moncton. Ce fut une surprise de taille pour moi, puisque j&rsquo;\u00e9tais responsable du dioc\u00e8se de Pembroke depuis seulement trois ans. Ce jour-l\u00e0, dans sa divine providence, le Seigneur me pr\u00e9parait myst\u00e9rieusement \u00e0 ce tournant dans ma vie. Voici un extrait tir\u00e9 du d\u00e9but de la premi\u00e8re lecture du jour, en ce 26 juin : \u00ab Le Seigneur dit \u00e0 Abram : \u00ab\u00a0Quitte ton pays, ta parent\u00e9 et la maison de ton p\u00e8re, et va vers le pays que je te montrerai.\u00a0\u00bb \u00bb <a href=\"https:\/\/pembrokediocese.com\/fr\/article\/message-to-the-clergy-religious-communities-and-catholic-faithful-of-the-diocese-of-pembroke\/\">(Lire la suite\u2026)<\/a><\/p>\r\n\r\n\r\n<hr class=\"wp-block-separator has-alpha-channel-opacity\" \/>\r\n\r\n\r\n\r\n\r\n<h2 class=\"wp-block-heading\"><strong>DU DIOC\u00c8SE<\/strong><\/h2>\r\n<h3><strong>Installation de l\u2019Archev\u00eaque-d\u00e9sign\u00e9 Mgr Guy Desrochers, C.Ss.R. comme Archev\u00eaque de Moncton, Nouveau-Brunswick\u00a0<\/strong><\/h3>\r\n<p>Mgr Guy Desrochers, C.Ss.R., sera install\u00e9 comme archev\u00eaque de Moncton le <strong>18 octobre 2023 \u00e0 15 h.<\/strong><\/p>\r\n<h3><strong>Heures du bureau durant l\u2019\u00e9t\u00e9<\/strong><\/h3>\r\n<p>Les bureaux dioc\u00e9sains seront ouverts de 9h \u00e0 16h du lundi au jeudi, et de 9h \u00e0 midi le vendredi durant la p\u00e9riode s\u2019\u00e9chelonnant <strong>du 4 juillet au 1 septembre inclusivement.<\/strong><\/p>\r\n<p>\r\n\r\n\r\n\r\n<\/p>\r\n<p>\r\n\r\n\r\n\r\n\r\n\r\n<\/p>\r\n<p>\r\n\r\n\r\n\r\n<\/p>\r\n<p>\r\n\r\n<\/p>\r\n<hr class=\"wp-block-separator has-alpha-channel-opacity\" \/>\r\n<p>\r\n\r\n<\/p>\r\n<h2 class=\"wp-block-heading\"><strong>DE LA CECC<\/strong><\/h2>\r\n<p>\r\n\r\n\r\n\r\n<\/p>\r\n<h3><strong>D\u00e9c\u00e8s de Mgr Marcel A. Gervais, archev\u00eaque \u00e9m\u00e9rite d\u2019Ottawa \u2013 mercredi le 0<\/strong><strong>9 ao\u00fbt 2023\u00a0<\/strong><\/h3>\r\n<p><strong>Ottawa<em> \u2013 <\/em><\/strong>Mgr Marcel Andr\u00e9 Joseph Gervais, archev\u00eaque \u00e9m\u00e9rite d\u2019Ottawa, est d\u00e9c\u00e9d\u00e9 le 6 ao\u00fbt 2023 \u00e0 l\u2019h\u00f4pital Bruy\u00e8re \u00e0 Ottawa, Ontario.<\/p>\r\n<p>Mgr Gervais est n\u00e9 le 21 septembre 1931 \u00e0 Elie, au Manitoba. En 1954, il est entr\u00e9 au s\u00e9minaire St. Peter\u2019s \u00e0 London, en Ontario, pour commencer sa formation sacerdotale. Il a \u00e9t\u00e9 ordonn\u00e9 pr\u00eatre pour le dioc\u00e8se de London le 31 mai 1958 par Mgr J.C. Cody. Apr\u00e8s son ordination, il a poursuivi ses \u00e9tudes \u00e0 l\u2019Institut biblique pontifical de Rome (1959-1960) et ensuite \u00e0 l\u2019\u00c9cole biblique et arch\u00e9ologique fran\u00e7aise de J\u00e9rusalem (1960-1961). <a href=\"https:\/\/www.cecc.ca\/communique-de-presse\/deces-de-mgr-marcel-a-gervais-archeveque-emerite-dottawa\/\">(Lire la suite\u2026)<\/a><\/p>\r\n<p>\r\n\r\n<\/p>\r\n<p>\r\n\r\n\r\n\r\n<\/p>\r\n<p>\r\n\r\n<\/p>\r\n<hr class=\"wp-block-separator has-alpha-channel-opacity\" \/>\r\n<p>\r\n\r\n<\/p>\r\n<h2 class=\"wp-block-heading\"><strong>V\u00c9RIT\u00c9 ET R\u00c9CONCILIATION<\/strong><\/h2>\r\n<p>\r\n\r\n\r\n\r\n<\/p>\r\n<h3 class=\"wp-block-heading\"><strong>Droits des peuples autochtones <\/strong><\/h3>\r\n<ol>\r\n<li>Les peuples autochtones ont droit, sans discrimination d\u2019aucune sorte, \u00e0 l\u2019am\u00e9lioration de leur situation \u00e9conomique et sociale, notamment dans les domaines de l\u2019\u00e9ducation, de l\u2019emploi, de la formation et de la reconversion professionnelles, du logement, de l\u2019assainissement, de la sant\u00e9 et de la s\u00e9curit\u00e9 sociale.<\/li>\r\n<li>Les \u00c9tats prennent des mesures efficaces et, selon qu\u2019il conviendra, des mesures sp\u00e9ciales pour assurer une am\u00e9lioration continue de la situation \u00e9conomique et sociale des peuples autochtones. Une attention particuli\u00e8re est accord\u00e9e aux droits et aux besoins particuliers des anciens, des femmes, des jeunes, des enfants et des personnes handicap\u00e9es autochtones.<\/li>\r\n<\/ol>\r\n<p>\r\n\r\n<\/p>\r\n<p><em>Article 21 &#8211; D\u00e9claration des Nations unies sur les droits des peuples autochtones.<\/em><\/p>\r\n<p>\r\n\r\n<\/p>\r\n<hr class=\"wp-block-separator has-alpha-channel-opacity\" \/>\r\n<p>\r\n\r\n<\/p>\r\n<p>\r\n\r\n<\/p>\r\n<h2 class=\"wp-block-heading\"><strong>L\u2019\u00c9QUIPE D\u2019\u00c9VANG\u00c9LISATION<\/strong><\/h2>\r\n<p>\r\n\r\n\r\n\r\n<\/p>\r\n<h3 class=\"wp-block-heading\"><strong>R\u00e9veiller la paroisse rurale pour l\u2019\u00e9vang\u00e9lisation<\/strong><\/h3>\r\n<p>\r\n\r\n<\/p>\r\n<p><em>Par Pierre-Alain Giffard, directeur de la pastorale dioc\u00e9saine\u00a0<\/em><\/p>\r\n<p>\r\n\r\n<\/p>\r\n<p>Les paroisses rurales font face \u00e0 des d\u00e9fis uniques qui peuvent faire penser que leur \u00e9lan missionnaire et leur vitalit\u00e9 sont des objectifs quasi impossibles. Des populations en d\u00e9clin et vieillissantes, des ressources limit\u00e9es et des charges d\u2019entretien des b\u00e2timents anciens peuvent tous contribuer \u00e0 un sentiment de d\u00e9sespoir. Cependant, avec un accent sur la mobilisation des la\u00efcs, les paroisses rurales peuvent atteindre leur potentiel et devenir des communaut\u00e9s de foi missionnaires. <a href=\"https:\/\/pembrokediocese.com\/fr\/article\/reveiller-la-paroisse-rurale-pour-levangelisation\/\">(Lire la suite\u2026)<\/a><\/p>\r\n<p>\r\n\r\n<\/p>\r\n<hr class=\"wp-block-separator has-alpha-channel-opacity\" \/>\r\n<p>\r\n\r\n\r\n\r\n\r\n\r\n<\/p>\r\n<p>\r\n\r\n<\/p>\r\n<p>\r\n\r\n<\/p>\r\n<h2 class=\"wp-block-heading\"><strong>AUTRES \u00c9V\u00c9NEMENTS CATHOLIQUES<\/strong><\/h2>\r\n<p>\r\n\r\n\r\n\r\n<\/p>\r\n<p>\r\n\r\n<\/p>\r\n<p>\r\n\r\n<\/p>\r\n<p>\r\n\r\n<\/p>\r\n<p>\r\n\r\n<\/p>\r\n<p>\r\n\r\n<\/p>\r\n<h3 class=\"wp-block-heading\"><strong>P\u00e8lerinage marial\u00a0<\/strong><\/h3>\r\n<p>P\u00e8re R\u00e9al Ouellette a le plaisir et l&rsquo;honneur d&rsquo;accompagner un p\u00e8lerinage marial \u00e0 Lourdes (France), Compostelle (Espagne), et Fatima et Lisbonne (Portugal) <strong>du 25 octobre au 6 novembre 2023.<\/strong> Pour plus d&rsquo;information\u00a0: <a href=\"https:\/\/spiritours.com\/produit\/france-espagne-portugal-acn\/\">https:\/\/spiritours.com\/produit\/france-espagne-portugal-acn\/<\/a>.<\/p>\r\n<p>\r\n\r\n<\/p>\r\n<hr class=\"wp-block-separator has-alpha-channel-opacity\" \/>\r\n<p><\/p>\r\n<h2><strong>AUTRES<\/strong><\/h2>\r\n<h3><strong>\u00c9cole abbatiale \u00e0 Saint-Beno\u00eet-du-Lac\u00a0<\/strong><\/h3>\r\n<p>Organis\u00e9e par l\u2019Association des Amies de Saint-Beno\u00eet-du-Lac <strong>du 22 au 24 septembre 2023<\/strong>. Th\u00e8me\u00a0: \u00ab\u00a0Nos pertes, source de croissance ?\u00a0\u00bb Veuillez communiquer avec Louise Drapeau au 819 445-4054 (courriel\u00a0 <a href=\"mailto:louise2drapeau@hotmail.com\">louise2drapeau@hotmail.com<\/a>) ou Th\u00e9r\u00e8se Cloutier au 450 532-4062 (courriel <a href=\"mailto:clouthe@cooptel.qc.ca\">clouthe@cooptel.qc.ca<\/a>)\u00a0 pour r\u00e9server ou obtenir de plus amples renseignements.<\/p>","protected":false},"excerpt":{"rendered":"<p>Le Puissant fit pour moi des merveilles : il \u00e9l\u00e8ve les humbles. (Luc 1, 39-56) MESSAGE DE L\u2019\u00c9V\u00caQUE Message aux membres du clerg\u00e9 et des communaut\u00e9s religieuses, ainsi qu\u2019\u00e0 tous les fid\u00e8les catholiques du Diocese de Pembroke Le 14 juillet 2023 Chers confr\u00e8res pr\u00eatres et diacres, Chers membres de communaut\u00e9s religieuses, Chers fid\u00e8les catholiques, \u00a0Ce 26 juin dernier, premier jour d&rsquo;une courte vacance planifi\u00e9e depuis des mois, j&rsquo;ai re\u00e7u un appel du Nonce apostolique au Canada, Son Excellence Mgr Ivan Jurkovi\u0107, qui m&rsquo;annon\u00e7ait que le pape Fran\u00e7ois me d\u00e9signait comme nouvel archev\u00eaque de Moncton. Ce fut une surprise de taille pour moi, puisque j&rsquo;\u00e9tais responsable du dioc\u00e8se de Pembroke depuis seulement trois ans. Ce jour-l\u00e0, dans sa divine providence, le Seigneur me pr\u00e9parait myst\u00e9rieusement \u00e0 ce tournant dans ma vie. Voici un extrait tir\u00e9 du d\u00e9but de la premi\u00e8re lecture du jour, en ce 26 juin : \u00ab Le Seigneur dit \u00e0 Abram : \u00ab\u00a0Quitte ton pays, ta parent\u00e9 et la maison de ton p\u00e8re, et va vers le pays que je te montrerai.\u00a0\u00bb \u00bb (Lire la suite\u2026) DU DIOC\u00c8SE Installation de l\u2019Archev\u00eaque-d\u00e9sign\u00e9 Mgr Guy Desrochers, C.Ss.R. comme Archev\u00eaque de Moncton, Nouveau-Brunswick\u00a0 Mgr Guy Desrochers, C.Ss.R., sera install\u00e9 comme archev\u00eaque de Moncton le 18 octobre 2023 \u00e0 15 h. Heures du bureau durant l\u2019\u00e9t\u00e9 Les bureaux dioc\u00e9sains seront ouverts de 9h \u00e0 16h du lundi au jeudi, et de 9h \u00e0 midi le vendredi durant la p\u00e9riode s\u2019\u00e9chelonnant du 4 juillet au 1 septembre inclusivement. DE LA CECC D\u00e9c\u00e8s de Mgr Marcel A. Gervais, archev\u00eaque \u00e9m\u00e9rite d\u2019Ottawa \u2013 mercredi le 09 ao\u00fbt 2023\u00a0 Ottawa \u2013 Mgr Marcel Andr\u00e9 Joseph Gervais, archev\u00eaque \u00e9m\u00e9rite d\u2019Ottawa, est d\u00e9c\u00e9d\u00e9 le 6 ao\u00fbt 2023 \u00e0 l\u2019h\u00f4pital Bruy\u00e8re \u00e0 Ottawa, Ontario. Mgr Gervais est n\u00e9 le 21 septembre 1931 \u00e0 Elie, au Manitoba. En 1954, il est entr\u00e9 au s\u00e9minaire St. Peter\u2019s \u00e0 London, en Ontario, pour commencer sa formation sacerdotale. Il a \u00e9t\u00e9 ordonn\u00e9 pr\u00eatre pour le dioc\u00e8se de London le 31 mai 1958 par Mgr J.C. Cody. Apr\u00e8s son ordination, il a poursuivi ses \u00e9tudes \u00e0 l\u2019Institut biblique pontifical de Rome (1959-1960) et ensuite \u00e0 l\u2019\u00c9cole biblique et arch\u00e9ologique fran\u00e7aise de J\u00e9rusalem (1960-1961). (Lire la suite\u2026) V\u00c9RIT\u00c9 ET R\u00c9CONCILIATION Droits des peuples autochtones Les peuples autochtones ont droit, sans discrimination d\u2019aucune sorte, \u00e0 l\u2019am\u00e9lioration de leur situation \u00e9conomique et sociale, notamment dans les domaines de l\u2019\u00e9ducation, de l\u2019emploi, de la formation et de la reconversion professionnelles, du logement, de l\u2019assainissement, de la sant\u00e9 et de la s\u00e9curit\u00e9 sociale. Les \u00c9tats prennent des mesures efficaces et, selon qu\u2019il conviendra, des mesures sp\u00e9ciales pour assurer une am\u00e9lioration continue de la situation \u00e9conomique et sociale des peuples autochtones. Une attention particuli\u00e8re est accord\u00e9e aux droits et aux besoins particuliers des anciens, des femmes, des jeunes, des enfants et des personnes handicap\u00e9es autochtones. Article 21 &#8211; D\u00e9claration des Nations unies sur les droits des peuples autochtones. L\u2019\u00c9QUIPE D\u2019\u00c9VANG\u00c9LISATION R\u00e9veiller la paroisse rurale pour l\u2019\u00e9vang\u00e9lisation Par Pierre-Alain Giffard, directeur de la pastorale dioc\u00e9saine\u00a0 Les paroisses rurales font face \u00e0 des d\u00e9fis uniques qui peuvent faire penser que leur \u00e9lan missionnaire et leur vitalit\u00e9 sont des objectifs quasi impossibles. Des [&hellip;]<\/p>\n","protected":false},"author":10,"featured_media":3815,"comment_status":"closed","ping_status":"closed","sticky":false,"template":"","format":"standard","meta":{"_monsterinsights_skip_tracking":false,"_monsterinsights_sitenote_active":false,"_monsterinsights_sitenote_note":"","_monsterinsights_sitenote_category":0,"footnotes":"","_links_to":"","_links_to_target":""},"categories":[84],"tags":[],"class_list":["post-13021","post","type-post","status-publish","format-standard","has-post-thumbnail","hentry","category-article"],"post_mailing_queue_ids":[],"_links":{"self":[{"href":"https:\/\/pembrokediocese.com\/fr\/wp-json\/wp\/v2\/posts\/13021","targetHints":{"allow":["GET"]}}],"collection":[{"href":"https:\/\/pembrokediocese.com\/fr\/wp-json\/wp\/v2\/posts"}],"about":[{"href":"https:\/\/pembrokediocese.com\/fr\/wp-json\/wp\/v2\/types\/post"}],"author":[{"embeddable":true,"href":"https:\/\/pembrokediocese.com\/fr\/wp-json\/wp\/v2\/users\/10"}],"replies":[{"embeddable":true,"href":"https:\/\/pembrokediocese.com\/fr\/wp-json\/wp\/v2\/comments?post=13021"}],"version-history":[{"count":3,"href":"https:\/\/pembrokediocese.com\/fr\/wp-json\/wp\/v2\/posts\/13021\/revisions"}],"predecessor-version":[{"id":13024,"href":"https:\/\/pembrokediocese.com\/fr\/wp-json\/wp\/v2\/posts\/13021\/revisions\/13024"}],"wp:featuredmedia":[{"embeddable":true,"href":"https:\/\/pembrokediocese.com\/fr\/wp-json\/wp\/v2\/media\/3815"}],"wp:attachment":[{"href":"https:\/\/pembrokediocese.com\/fr\/wp-json\/wp\/v2\/media?parent=13021"}],"wp:term":[{"taxonomy":"category","embeddable":true,"href":"https:\/\/pembrokediocese.com\/fr\/wp-json\/wp\/v2\/categories?post=13021"},{"taxonomy":"post_tag","embeddable":true,"href":"https:\/\/pembrokediocese.com\/fr\/wp-json\/wp\/v2\/tags?post=13021"}],"curies":[{"name":"wp","href":"https:\/\/api.w.org\/{rel}","templated":true}]}}