{"id":13506,"date":"2023-11-03T16:05:05","date_gmt":"2023-11-03T20:05:05","guid":{"rendered":"https:\/\/pembrokediocese.com\/?p=13506"},"modified":"2023-12-04T16:21:15","modified_gmt":"2023-12-04T21:21:15","slug":"nomination-pastorale-le-3-novembre-2023","status":"publish","type":"post","link":"https:\/\/pembrokediocese.com\/fr\/article\/nomination-pastorale-le-3-novembre-2023\/","title":{"rendered":"Nomination pastorale &#8211; le 3 novembre 2023"},"content":{"rendered":"<p style=\"text-align: center;\"><img loading=\"lazy\" decoding=\"async\" class=\"wp-image-1135 size-thumbnail aligncenter\" src=\"https:\/\/pembrokediocese.com\/wp-content\/uploads\/2020\/03\/Diocese-of-Pembroke-Coat-of-Arms-Outline-200-150x150.png\" alt=\"\" width=\"150\" height=\"150\" srcset=\"https:\/\/pembrokediocese.com\/wp-content\/uploads\/2020\/03\/Diocese-of-Pembroke-Coat-of-Arms-Outline-200-150x150.png 150w, https:\/\/pembrokediocese.com\/wp-content\/uploads\/2020\/03\/Diocese-of-Pembroke-Coat-of-Arms-Outline-200-100x100.png 100w, https:\/\/pembrokediocese.com\/wp-content\/uploads\/2020\/03\/Diocese-of-Pembroke-Coat-of-Arms-Outline-200.png 200w\" sizes=\"(max-width: 150px) 100vw, 150px\" \/>\u00c9v\u00each\u00e9 de Pembroke<br \/>\nLe 3 novembre 2023<\/p>\n<hr \/>\n<p>Avant son installation \u00e0 Moncton, Mgr Desrochers a autoris\u00e9 le diacre Christopher Barrett \u00e0 exercer son minist\u00e8re diaconal dans l&rsquo;archidioc\u00e8se d&rsquo;Ottawa-Cornwall. Le diacre Chris a \u00e9t\u00e9 affect\u00e9 par Mgr Marcel Damphousse \u00e0 la paroisse Sainte-Croix d&rsquo;Ottawa \u00e0 compter du 2 novembre 2023.<\/p>\n","protected":false},"excerpt":{"rendered":"<p>\u00c9v\u00each\u00e9 de Pembroke Le 3 novembre 2023 Avant son installation \u00e0 Moncton, Mgr Desrochers a autoris\u00e9 le diacre Christopher Barrett \u00e0 exercer son minist\u00e8re diaconal dans l&rsquo;archidioc\u00e8se d&rsquo;Ottawa-Cornwall. Le diacre Chris a \u00e9t\u00e9 affect\u00e9 par Mgr Marcel Damphousse \u00e0 la paroisse Sainte-Croix d&rsquo;Ottawa \u00e0 compter du 2 novembre 2023.<\/p>\n","protected":false},"author":5,"featured_media":0,"comment_status":"closed","ping_status":"closed","sticky":false,"template":"","format":"standard","meta":{"_monsterinsights_skip_tracking":false,"_monsterinsights_sitenote_active":false,"_monsterinsights_sitenote_note":"","_monsterinsights_sitenote_category":0,"footnotes":"","_links_to":"","_links_to_target":""},"categories":[166,84,156],"tags":[],"class_list":["post-13506","post","type-post","status-publish","format-standard","hentry","category-nominations","category-article","category-textes-a-lire"],"post_mailing_queue_ids":[],"_links":{"self":[{"href":"https:\/\/pembrokediocese.com\/fr\/wp-json\/wp\/v2\/posts\/13506","targetHints":{"allow":["GET"]}}],"collection":[{"href":"https:\/\/pembrokediocese.com\/fr\/wp-json\/wp\/v2\/posts"}],"about":[{"href":"https:\/\/pembrokediocese.com\/fr\/wp-json\/wp\/v2\/types\/post"}],"author":[{"embeddable":true,"href":"https:\/\/pembrokediocese.com\/fr\/wp-json\/wp\/v2\/users\/5"}],"replies":[{"embeddable":true,"href":"https:\/\/pembrokediocese.com\/fr\/wp-json\/wp\/v2\/comments?post=13506"}],"version-history":[{"count":1,"href":"https:\/\/pembrokediocese.com\/fr\/wp-json\/wp\/v2\/posts\/13506\/revisions"}],"predecessor-version":[{"id":13507,"href":"https:\/\/pembrokediocese.com\/fr\/wp-json\/wp\/v2\/posts\/13506\/revisions\/13507"}],"wp:attachment":[{"href":"https:\/\/pembrokediocese.com\/fr\/wp-json\/wp\/v2\/media?parent=13506"}],"wp:term":[{"taxonomy":"category","embeddable":true,"href":"https:\/\/pembrokediocese.com\/fr\/wp-json\/wp\/v2\/categories?post=13506"},{"taxonomy":"post_tag","embeddable":true,"href":"https:\/\/pembrokediocese.com\/fr\/wp-json\/wp\/v2\/tags?post=13506"}],"curies":[{"name":"wp","href":"https:\/\/api.w.org\/{rel}","templated":true}]}}