{"id":13913,"date":"2024-02-06T10:24:49","date_gmt":"2024-02-06T15:24:49","guid":{"rendered":"https:\/\/pembrokediocese.com\/?p=13913"},"modified":"2024-02-06T10:24:49","modified_gmt":"2024-02-06T15:24:49","slug":"bulletin-hebdomadaire-le-6-fevrier-2024-st-paul-miki-et-ses-compagnons-martyrs","status":"publish","type":"post","link":"https:\/\/pembrokediocese.com\/fr\/article\/bulletin-hebdomadaire-le-6-fevrier-2024-st-paul-miki-et-ses-compagnons-martyrs\/","title":{"rendered":"BULLETIN HEBDOMADAIRE  &#8211; le 6 f\u00e9vrier 2024 (St Paul Miki et ses Compagnons, Martyrs)"},"content":{"rendered":"<hr class=\"wp-block-separator has-alpha-channel-opacity\" \/>\r\n\r\n\r\n<h4 class=\"wp-block-heading\"><strong><i><a href=\"mailto:reception@pembrokediocese.com?subject=Abonnez-vous au bulletin hebdomadaire&amp;amp;body=Bonjour, je souhaite m'abonner au Bulletin Hebdomadaire s'il vous plait. Merci.\"><img loading=\"lazy\" decoding=\"async\" class=\"alignright wp-image-8004\" src=\"https:\/\/pembrokediocese.com\/wp-content\/uploads\/subscribe-banner-fr-200x205.png\" alt=\"\" width=\"124\" height=\"127\" srcset=\"https:\/\/pembrokediocese.com\/wp-content\/uploads\/subscribe-banner-fr-200x205.png 200w, https:\/\/pembrokediocese.com\/wp-content\/uploads\/subscribe-banner-fr-768x785.png 768w, https:\/\/pembrokediocese.com\/wp-content\/uploads\/subscribe-banner-fr.png 840w\" sizes=\"(max-width: 124px) 100vw, 124px\" \/><\/a><\/i><\/strong><\/h4>\r\n\r\n\r\n\r\n<h1 class=\"wp-block-heading\"><strong><em>Vous laissez de c\u00f4t\u00e9 le commandement de Dieu, pour attacher \u00e0 la tradition des hommes.<\/em><\/strong><\/h1>\r\n\r\n\r\n\r\n<h3 class=\"wp-block-heading\"><strong>(Marc 1, 1-13)<\/strong><\/h3>\r\n\r\n\r\n<hr class=\"wp-block-separator has-alpha-channel-opacity\" \/>\r\n\r\n\r\n\r\n\r\n\r\n\r\n\r\n\r\n<h2 class=\"wp-block-heading\"><strong>DU DIOCESE<\/strong><\/h2>\r\n<h3><strong>Pri\u00e8re pour le futur \u00e9v\u00eaque de notre dioc\u00e8se<\/strong><\/h3>\r\n<p>Dieu notre P\u00e8re nous te demandons, au nom de ton Fils, de b\u00e9nir notre futur \u00e9v\u00eaque. Donne-lui les dons dont il aura besoin pour exercer le minist\u00e8re de J\u00e9sus dans notre dioc\u00e8se. Accorde-lui le c\u0153ur de ton Fils, le c\u0153ur du Bon Pasteur. Donne-lui le z\u00e8le de saint Paul pour pr\u00eacher la Bonne Nouvelle; l\u2019humilit\u00e9 de saint Jean Vianney dans l\u2019administration des sacrements; la compassion de saint Vincent de Paul pour servir les plus d\u00e9munis; la sagesse de saint Augustin dans l\u2019enseignement de la doctrine de notre \u00c9glise; et la ferveur missionnaire de saint Columbkille, notre patron. Par J\u00e9sus, le Christ, notre Seigneur.\u00a0\u00a0\u00a0 <strong>Amen<\/strong><\/p>\r\n<h3><strong>Pri\u00e8res<\/strong><\/h3>\r\n<p>Pour le repos de l&rsquo;\u00e2me de M. Jean-Pierre Martel, fils du diacre Frank et de Danielle Martel, d\u00e9c\u00e9d\u00e9 subitement le lundi 29 janvier \u00e0 l&rsquo;\u00e2ge de 54 ans.<\/p>\r\n<h3><strong>Pri\u00e8res<\/strong><\/h3>\r\n<p>Pour le repos de l&rsquo;\u00e2me de S\u0153ur Olga Edith Rakai (S\u0153ur Mary Olga), G.S.I.C., d\u00e9c\u00e9d\u00e9e le 3 f\u00e9vrier dans la 74<sup>\u00e8me<\/sup> ann\u00e9e de sa vie religieuse.<\/p>\r\n\r\n\r\n<hr class=\"wp-block-separator has-alpha-channel-opacity\" \/>\r\n\r\n\r\n\r\n\r\n<h2 class=\"wp-block-heading\"><strong>DE LA CECC<\/strong><\/h2>\r\n<h3><strong>Message du pape Fran\u00e7ois pour la 32<sup>\u00e8me<\/sup> Journ\u00e9e Mondiale du Malade (11 f\u00e9vrier 2024)\u00a0<\/strong><\/h3>\r\n<p>Au d\u00e9but de l\u2019ann\u00e9e, le Vatican a publi\u00e9 le\u00a0<em><a href=\"https:\/\/www.vatican.va\/content\/francesco\/fr\/messages\/sick\/documents\/20240110-giornata-malato.html\">message du pape Fran\u00e7ois pour la 32e Journ\u00e9e mondiale du malade<\/a><\/em>, c\u00e9l\u00e9br\u00e9e chaque ann\u00e9e le 11 f\u00e9vrier. Le message du Saint-P\u00e8re pour cette ann\u00e9e s\u2019intitule :\u00a0<strong>\u00ab Il n\u2019est pas bon que l\u2019homme soit seul \u00bb \u2013 Soigner le malade en soignant les relations<\/strong>.\u00a0En \u00e9cho \u00e0 ce message du Saint-P\u00e8re, la Conf\u00e9rence des \u00e9v\u00eaques catholiques du Canada (CECC) renouvelle son engagement envers la pri\u00e8re et l\u2019accompagnement des malades. Le pape Fran\u00e7ois nous rappelle l\u2019importance fondamentale des relations humaines dans le processus de gu\u00e9rison et de r\u00e9confort des personnes malades. <a href=\"https:\/\/www.cecc.ca\/communique-de-presse\/pope-francis-message-for-the-32nd-world-day-of-the-sick-february-11-2024\/\">(Lire la suite\u2026)<\/a><\/p>\r\n<h3><strong>Les \u00e9v\u00eaques publient une lettre pastorale sur l\u2019utilisation des m\u00e9dias sociaux\u00a0<\/strong><\/h3>\r\n<p>En la m\u00e9moire liturgique de saint Fran\u00e7ois de Sales, et avec l\u2019approbation du Conseil permanent, la Commission \u00e9piscopale pour la justice et la paix de la Conf\u00e9rence des \u00e9v\u00eaques catholiques du Canada (CECC) publie une lettre pastorale sur l\u2019utilisation des m\u00e9dias sociaux intitul\u00e9e : \u00ab\u00a0Que vos paroles soient toujours bienveillantes\u00a0\u00bb. <a href=\"https:\/\/www.cecc.ca\/annonce\/les-eveques-publient-une-lettre-pastorale-sur-lutilisation-des-medias-sociaux\/\">(Lire la suite\u2026)<\/a><\/p>\r\n<p>\r\n\r\n<\/p>\r\n<hr class=\"wp-block-separator has-alpha-channel-opacity\" \/>\r\n<p>\r\n\r\n\r\n\r\n<\/p>\r\n<p>\r\n\r\n\r\n\r\n\r\n\r\n<\/p>\r\n<p>\r\n\r\n\r\n\r\n<\/p>\r\n<p>\r\n\r\n<\/p>\r\n<h2><strong>SYNODE<\/strong><\/h2>\r\n<h3><strong>Webinaire \u2013 Discerner la Mission \u00e0 la lumi\u00e8re du Synode\u00a0<\/strong><\/h3>\r\n<p>Les \u0152uvres pontificales missionnaires au Canada francophone (OPM Canada) vous invitent \u00e0 un webinaire avec Sr. Chantal Desmarais, membre de la communaut\u00e9 des S\u0153urs de la charit\u00e9 de Sainte-Marie. Sr. Desmarais a repr\u00e9sent\u00e9 l\u2019\u00c9glise catholique canadienne au synode sur la synodalit\u00e9 d\u2019octobre dernier. \u00a0Elle nous parlera de son exp\u00e9rience et de comment discerner la Mission \u00e0 la lumi\u00e8re du Synode.<\/p>\r\n<p>Un rendez-vous \u00e0 ne pas manquer <strong>le vendredi 16 f\u00e9vrier prochain, \u00e0 12h00<\/strong>!<\/p>\r\n<hr class=\"wp-block-separator has-alpha-channel-opacity\" \/>\r\n<p>\r\n\r\n<\/p>\r\n<p>\r\n\r\n<\/p>\r\n<h2 class=\"wp-block-heading\"><strong>V\u00c9RIT\u00c9 ET R\u00c9CONCILIATION<\/strong><\/h2>\r\n<h3><strong>Droits des peuples autochtones\u00a0<\/strong><\/h3>\r\n<p>Les peuples autochtones ont le droit d\u2019avoir acc\u00e8s \u00e0 des proc\u00e9dures justes et \u00e9quitables pour le r\u00e8glement des conflits et des diff\u00e9rends avec les \u00c9tats ou d\u2019autres parties et \u00e0 une d\u00e9cision rapide en la mati\u00e8re, ainsi qu\u2019\u00e0 des voies de recours efficaces pour toute violation de leurs droits individuels et collectifs. Toute d\u00e9cision en la mati\u00e8re prendra d\u00fbment en consid\u00e9ration les coutumes, traditions, r\u00e8gles et syst\u00e8mes juridiques des peuples autochtones concern\u00e9s et les normes internationales relatives aux droits de l\u2019homme.<\/p>\r\n<p><em>Article 40 \u2013 D\u00e9claration des Nations Unies sur les droits des peuples autochtones<\/em><\/p>\r\n<h3><strong>Sonda<\/strong><strong>ge du cercle d&rsquo;action dioc\u00e9sain\u00a0<\/strong><\/h3>\r\n<p>Afin de r\u00e9pondre aux besoins des paroissiens, le cercle d&rsquo;action dioc\u00e9sain a pr\u00e9par\u00e9 un petit sondage anonyme.\u00a0 Vos r\u00e9ponses nous aideront \u00e0\u00a0organiser notre travail pour la r\u00e9conciliation avec les peuples autochtones, m\u00e9tis et inuit \u00e0 travers le dioc\u00e8se. Cliquez sur le site web\u00a0: <a href=\"https:\/\/pembrokediocese.com\/fr\/article\/cercle-daction-diocesain\/\">https:\/\/pembrokediocese.com\/fr\/article\/cercle-daction-diocesain\/<\/a> ou le lien suivant pour r\u00e9pondre au sondage\u00a0: <a href=\"https:\/\/forms.gle\/LRfMwNTBEmgKQV7w5\">https:\/\/forms.gle\/LRfMwNTBEmgKQV7w5<\/a>. Merci de votre pr\u00e9cieuse participation.<\/p>\r\n<p>\r\n\r\n<\/p>\r\n<p>\r\n\r\n<\/p>\r\n<hr class=\"wp-block-separator has-alpha-channel-opacity\" \/>\r\n<p>\r\n\r\n\r\n\r\n<\/p>\r\n<p>\r\n\r\n<\/p>\r\n<h2 class=\"wp-block-heading\"><strong>L\u2019\u00c9QUIPE D\u2019\u00c9VANG\u00c9LISATION<\/strong><\/h2>\r\n<p>\r\n\r\n\r\n\r\n<\/p>\r\n<h3><strong>Une Rencontre Personnelle avec J\u00e9sus <\/strong><\/h3>\r\n<p><em>Par Pierre-Alain Giffard, directeur de la pastorale dioc\u00e9saine<\/em><\/p>\r\n<p>L\u2019\u00e9vang\u00e9lisation, \u00e0 juste titre, consiste \u00e0 amener des individus \u00e0 rencontrer le Christ. N\u00e9anmoins, nous pouvons nous demander ce que signifie cette rencontre avec le Christ et comment susciter cette exp\u00e9rience. <a href=\"https:\/\/pembrokediocese.com\/fr\/article\/une-rencontre-personnelle-avec-jesus\/\">(Lire la suite\u2026)<\/a><\/p>\r\n<h3><strong>Forum Paroisses en Mission\u00a0<\/strong><\/h3>\r\n<p>Vous \u00eates invit\u00e9s \u00e0 participer au Forum Paroisses en Mission, un \u00e9v\u00e9nement qui rassemblera des leaders de paroisses francophones vivant un renouvellement pastoral. Le forum aura lieu <strong>le 20 avril 2024<\/strong>, \u00e0 la basilique Notre-Dame-du-Cap de Trois-Rivi\u00e8res, sous le th\u00e8me \u201cVoyant la gr\u00e2ce de Dieu \u00e0 l\u2019\u0153uvre !\u201d (Ac 11, 23). Vous pourrez y d\u00e9couvrir des t\u00e9moignages, des enseignements, des ateliers et des temps de pri\u00e8re inspir\u00e9s par l\u2019exp\u00e9rience du R\u00e9seau Paroisses en Mission, n\u00e9 de rencontres entre paroisses en conversion. Le co\u00fbt est de 75$ par personne, incluant les repas et le mat\u00e9riel didactique. Vous pouvez vous inscrire d\u00e8s maintenant en \u00e9quipe de trois personnes ou plus, ou individuellement \u00e0 partir de f\u00e9vrier. Pour plus d\u2019informations, visitez le site web <a href=\"http:\/\/www.paroissesenmission.org\">www.paroissesenmission.org<\/a> ou contactez-nous \u00e0 <a href=\"mailto:info@paroissesenmission.org\">info@paroissesenmission.org<\/a>. Ne manquez pas cette occasion unique de r\u00e9seauter, de c\u00e9l\u00e9brer et de vous former pour l&rsquo;\u00e9vang\u00e9lisation et la mission!<\/p>\r\n<hr class=\"wp-block-separator has-alpha-channel-opacity\" \/>\r\n<p>\r\n\r\n<\/p>\r\n<p>\r\n\r\n<\/p>\r\n<p>\r\n\r\n<\/p>\r\n<p>\r\n\r\n\r\n\r\n\r\n\r\n<\/p>\r\n<p>\r\n\r\n<\/p>\r\n<p>\r\n\r\n<\/p>\r\n<p>\r\n\r\n\r\n\r\n<\/p>\r\n<p>\r\n\r\n<\/p>\r\n<p>\r\n\r\n<\/p>\r\n<p>\r\n\r\n<\/p>\r\n<p>\r\n\r\n<\/p>\r\n<p>\r\n\r\n<\/p>\r\n<p><\/p>\r\n<h2><strong>AUTRES<\/strong><\/h2>\r\n<h3><strong>Cursillo catholique \u00e0 la Paroisse St-Anne-des-Pins, Sudbury, les 8, 9 et 10 mars 2024\u00a0<\/strong><\/h3>\r\n<p>Co\u00fbt \u2013 50.00 $ tout inclus. Comprend 3 repas et collations, une richesse de partages et t\u00e9moignages et ample nourriture spirituelle. Tous sont bienvenus. <strong>Date limite\u00a0: le mercredi 28 f\u00e9vrier 2024.<\/strong><\/p>\r\n<p>Pour plus de renseignements, communiquez avec Pauline Lacelle au 705 522-0296 ou Lise Brown au 705 507-5453.<\/p>\r\n<h3><strong>\u00ab\u00a0D\u00e9m\u00ealer et concilier foi et religion\u00a0\u00bb (Pour \u00eatre un\/e vrai\/e disciple de J\u00e9sus-Christ en 2024)\u00a0<\/strong><\/h3>\r\n<p>\u00c9cole abbatiale \u00e0 Saint-Beno\u00eet-du-Lac pr\u00e9sente \u00ab\u00a0D\u00e9m\u00ealer et concilier foi et religion\u00a0\u00bb avec Christiane Cloutier-Dupuis, <strong>du 26 au 28 avril 2024<\/strong>. Informations et r\u00e9servations aupr\u00e8s de\u00a0: Louise Drapeau, 819 445-4054 ou <a href=\"mailto:louise2drapeau@hotmail.com\">louise2drapeau@hotmail.com<\/a>, ou Th\u00e9r\u00e8se Cloutier, 450 532-4062 ou <a href=\"mailto:clouthe@coooptel.qc.ca\">clouthe@coooptel.qc.ca<\/a><\/p>\r\n<h3><strong>Conf\u00e9rence \u2013 \u00ab\u00a0Accompagner et esp\u00e9rer\u00a0\u00bb\u00a0<\/strong><\/h3>\r\n<p>Le CDEVS (Centre Dominicain d&rsquo;\u00c9thique et de Vie Spirituelle) est tr\u00e8s heureuse de vous inviter \u00e0 la premi\u00e8re conf\u00e9rence de l\u2019ann\u00e9e 2024 <strong>le mardi 6 f\u00e9vrier<\/strong> \u00e0 19h30 intitul\u00e9e <strong>\u00ab\u00a0Accompagner et esp\u00e9rer.\u00a0\u00bb. <\/strong><\/p>\r\n<p><a href=\"https:\/\/centredominicain.us21.list-manage.com\/track\/click?u=e029194f2c253259f7e9e117f&amp;id=57467d9149&amp;e=eabd0aacc4\">Inscrivez-vous en remplissant le formulaire d&rsquo;inscription: cliquez ici.<\/a><\/p>\r\n<p><!-- \/wp:post-content --><\/p>","protected":false},"excerpt":{"rendered":"<p>Vous laissez de c\u00f4t\u00e9 le commandement de Dieu, pour attacher \u00e0 la tradition des hommes. (Marc 1, 1-13) DU DIOCESE Pri\u00e8re pour le futur \u00e9v\u00eaque de notre dioc\u00e8se Dieu notre P\u00e8re nous te demandons, au nom de ton Fils, de b\u00e9nir notre futur \u00e9v\u00eaque. Donne-lui les dons dont il aura besoin pour exercer le minist\u00e8re de J\u00e9sus dans notre dioc\u00e8se. Accorde-lui le c\u0153ur de ton Fils, le c\u0153ur du Bon Pasteur. Donne-lui le z\u00e8le de saint Paul pour pr\u00eacher la Bonne Nouvelle; l\u2019humilit\u00e9 de saint Jean Vianney dans l\u2019administration des sacrements; la compassion de saint Vincent de Paul pour servir les plus d\u00e9munis; la sagesse de saint Augustin dans l\u2019enseignement de la doctrine de notre \u00c9glise; et la ferveur missionnaire de saint Columbkille, notre patron. Par J\u00e9sus, le Christ, notre Seigneur.\u00a0\u00a0\u00a0 Amen Pri\u00e8res Pour le repos de l&rsquo;\u00e2me de M. Jean-Pierre Martel, fils du diacre Frank et de Danielle Martel, d\u00e9c\u00e9d\u00e9 subitement le lundi 29 janvier \u00e0 l&rsquo;\u00e2ge de 54 ans. Pri\u00e8res Pour le repos de l&rsquo;\u00e2me de S\u0153ur Olga Edith Rakai (S\u0153ur Mary Olga), G.S.I.C., d\u00e9c\u00e9d\u00e9e le 3 f\u00e9vrier dans la 74\u00e8me ann\u00e9e de sa vie religieuse. DE LA CECC Message du pape Fran\u00e7ois pour la 32\u00e8me Journ\u00e9e Mondiale du Malade (11 f\u00e9vrier 2024)\u00a0 Au d\u00e9but de l\u2019ann\u00e9e, le Vatican a publi\u00e9 le\u00a0message du pape Fran\u00e7ois pour la 32e Journ\u00e9e mondiale du malade, c\u00e9l\u00e9br\u00e9e chaque ann\u00e9e le 11 f\u00e9vrier. Le message du Saint-P\u00e8re pour cette ann\u00e9e s\u2019intitule :\u00a0\u00ab Il n\u2019est pas bon que l\u2019homme soit seul \u00bb \u2013 Soigner le malade en soignant les relations.\u00a0En \u00e9cho \u00e0 ce message du Saint-P\u00e8re, la Conf\u00e9rence des \u00e9v\u00eaques catholiques du Canada (CECC) renouvelle son engagement envers la pri\u00e8re et l\u2019accompagnement des malades. Le pape Fran\u00e7ois nous rappelle l\u2019importance fondamentale des relations humaines dans le processus de gu\u00e9rison et de r\u00e9confort des personnes malades. (Lire la suite\u2026) Les \u00e9v\u00eaques publient une lettre pastorale sur l\u2019utilisation des m\u00e9dias sociaux\u00a0 En la m\u00e9moire liturgique de saint Fran\u00e7ois de Sales, et avec l\u2019approbation du Conseil permanent, la Commission \u00e9piscopale pour la justice et la paix de la Conf\u00e9rence des \u00e9v\u00eaques catholiques du Canada (CECC) publie une lettre pastorale sur l\u2019utilisation des m\u00e9dias sociaux intitul\u00e9e : \u00ab\u00a0Que vos paroles soient toujours bienveillantes\u00a0\u00bb. (Lire la suite\u2026) V\u00c9RIT\u00c9 ET R\u00c9CONCILIATION Droits des peuples autochtones\u00a0 Les peuples autochtones ont le droit d\u2019avoir acc\u00e8s \u00e0 des proc\u00e9dures justes et \u00e9quitables pour le r\u00e8glement des conflits et des diff\u00e9rends avec les \u00c9tats ou d\u2019autres parties et \u00e0 une d\u00e9cision rapide en la mati\u00e8re, ainsi qu\u2019\u00e0 des voies de recours efficaces pour toute violation de leurs droits individuels et collectifs. Toute d\u00e9cision en la mati\u00e8re prendra d\u00fbment en consid\u00e9ration les coutumes, traditions, r\u00e8gles et syst\u00e8mes juridiques des peuples autochtones concern\u00e9s et les normes internationales relatives aux droits de l\u2019homme. Article 40 \u2013 D\u00e9claration des Nations Unies sur les droits des peuples autochtones Sondage du cercle d&rsquo;action dioc\u00e9sain\u00a0 Afin de r\u00e9pondre aux besoins des paroissiens, le cercle d&rsquo;action dioc\u00e9sain a pr\u00e9par\u00e9 un petit sondage anonyme.\u00a0 Vos r\u00e9ponses nous aideront \u00e0\u00a0organiser notre travail pour la r\u00e9conciliation avec les peuples autochtones, m\u00e9tis et inuit \u00e0 travers le dioc\u00e8se. Cliquez sur le site web\u00a0: https:\/\/pembrokediocese.com\/fr\/article\/cercle-daction-diocesain\/ ou le [&hellip;]<\/p>\n","protected":false},"author":10,"featured_media":3815,"comment_status":"closed","ping_status":"closed","sticky":false,"template":"","format":"standard","meta":{"_monsterinsights_skip_tracking":false,"_monsterinsights_sitenote_active":false,"_monsterinsights_sitenote_note":"","_monsterinsights_sitenote_category":0,"footnotes":"","_links_to":"","_links_to_target":""},"categories":[114,84],"tags":[],"class_list":["post-13913","post","type-post","status-publish","format-standard","has-post-thumbnail","hentry","category-bulletin","category-article"],"post_mailing_queue_ids":[],"_links":{"self":[{"href":"https:\/\/pembrokediocese.com\/fr\/wp-json\/wp\/v2\/posts\/13913","targetHints":{"allow":["GET"]}}],"collection":[{"href":"https:\/\/pembrokediocese.com\/fr\/wp-json\/wp\/v2\/posts"}],"about":[{"href":"https:\/\/pembrokediocese.com\/fr\/wp-json\/wp\/v2\/types\/post"}],"author":[{"embeddable":true,"href":"https:\/\/pembrokediocese.com\/fr\/wp-json\/wp\/v2\/users\/10"}],"replies":[{"embeddable":true,"href":"https:\/\/pembrokediocese.com\/fr\/wp-json\/wp\/v2\/comments?post=13913"}],"version-history":[{"count":1,"href":"https:\/\/pembrokediocese.com\/fr\/wp-json\/wp\/v2\/posts\/13913\/revisions"}],"predecessor-version":[{"id":13914,"href":"https:\/\/pembrokediocese.com\/fr\/wp-json\/wp\/v2\/posts\/13913\/revisions\/13914"}],"wp:featuredmedia":[{"embeddable":true,"href":"https:\/\/pembrokediocese.com\/fr\/wp-json\/wp\/v2\/media\/3815"}],"wp:attachment":[{"href":"https:\/\/pembrokediocese.com\/fr\/wp-json\/wp\/v2\/media?parent=13913"}],"wp:term":[{"taxonomy":"category","embeddable":true,"href":"https:\/\/pembrokediocese.com\/fr\/wp-json\/wp\/v2\/categories?post=13913"},{"taxonomy":"post_tag","embeddable":true,"href":"https:\/\/pembrokediocese.com\/fr\/wp-json\/wp\/v2\/tags?post=13913"}],"curies":[{"name":"wp","href":"https:\/\/api.w.org\/{rel}","templated":true}]}}