{"id":14063,"date":"2024-03-05T10:23:02","date_gmt":"2024-03-05T15:23:02","guid":{"rendered":"https:\/\/pembrokediocese.com\/?p=14063"},"modified":"2024-03-05T10:23:02","modified_gmt":"2024-03-05T15:23:02","slug":"bulletin-hebdomadaire-le-5-mars-2024-ferie","status":"publish","type":"post","link":"https:\/\/pembrokediocese.com\/fr\/article\/bulletin-hebdomadaire-le-5-mars-2024-ferie\/","title":{"rendered":"BULLETIN HEBDOMADAIRE  &#8211; le 5 mars 2024 (F\u00e9rie)"},"content":{"rendered":"<hr class=\"wp-block-separator has-alpha-channel-opacity\" \/>\r\n\r\n\r\n<h4 class=\"wp-block-heading\"><strong><i><a href=\"mailto:reception@pembrokediocese.com?subject=Abonnez-vous au bulletin hebdomadaire&amp;amp;body=Bonjour, je souhaite m'abonner au Bulletin Hebdomadaire s'il vous plait. Merci.\"><img loading=\"lazy\" decoding=\"async\" class=\"alignright wp-image-8004\" src=\"https:\/\/pembrokediocese.com\/wp-content\/uploads\/subscribe-banner-fr-200x205.png\" alt=\"\" width=\"124\" height=\"127\" srcset=\"https:\/\/pembrokediocese.com\/wp-content\/uploads\/subscribe-banner-fr-200x205.png 200w, https:\/\/pembrokediocese.com\/wp-content\/uploads\/subscribe-banner-fr-768x785.png 768w, https:\/\/pembrokediocese.com\/wp-content\/uploads\/subscribe-banner-fr.png 840w\" sizes=\"(max-width: 124px) 100vw, 124px\" \/><\/a><\/i><\/strong><\/h4>\r\n\r\n\r\n\r\n<h1 class=\"wp-block-heading\"><strong><em>C&rsquo;est ainsi que mon P\u00e8re du ciel vous traitera, si chacun de vous ne pardonne pas \u00e0 son fr\u00e8re.<\/em><\/strong><\/h1>\r\n\r\n\r\n\r\n<h3 class=\"wp-block-heading\"><strong>(Mt 18, 21-35)<\/strong><\/h3>\r\n\r\n\r\n<hr class=\"wp-block-separator has-alpha-channel-opacity\" \/>\r\n\r\n\r\n\r\n\r\n\r\n\r\n\r\n\r\n<h2 class=\"wp-block-heading\"><strong>DU DIOCESE<\/strong><\/h2>\r\n<h3><strong>Heure d&rsquo;\u00e9t\u00e9\u00a0<\/strong><\/h3>\r\n<p>Nous vous rappelons que les horloges avancent d&rsquo;une heure pour passer \u00e0 l&rsquo;heure d&rsquo;\u00e9t\u00e9 <strong>le dimanche 10 mars \u00e0 2 heures du matin.<\/strong><\/p>\r\n<h3><strong>Nomination pastorale\u00a0<\/strong><\/h3>\r\n<p>Le p\u00e8re George Ryan Holly, administrateur dioc\u00e9sain, annonce la nomination suivante\u00a0:<\/p>\r\n<ul>\r\n<li><strong>Le p\u00e8re\u00a0Christopher SHALLA <\/strong>est nomm\u00e9 administrateur de la paroisse St. Andrew, Killaloe et de la paroisse Our Lady of the Angels, Brudenell, avec effet imm\u00e9diat.<\/li>\r\n<\/ul>\r\n<h3><strong>Messe chrismale\u00a0<\/strong><\/h3>\r\n<p>La messe chrismale sera c\u00e9l\u00e9br\u00e9e pendant la Semaine sainte le mardi 26 mars \u00e0 10 h 30 \u00e0 la cath\u00e9drale de Saint Columbkille, \u00e0 Pembroke. Mgr Brendan O&rsquo;Brien, archev\u00eaque \u00e9m\u00e9rite de Kingston, en sera le c\u00e9l\u00e9brant principal. Une r\u00e9ception suivra dans le hall de la cath\u00e9drale.<\/p>\r\n<h3><strong>Pri\u00e8re pour le futur \u00e9v\u00eaque de notre dioc\u00e8se<\/strong><\/h3>\r\n<p>Dieu notre P\u00e8re nous te demandons, au nom de ton Fils, de b\u00e9nir notre futur \u00e9v\u00eaque. Donne-lui les dons dont il aura besoin pour exercer le minist\u00e8re de J\u00e9sus dans notre dioc\u00e8se. Accorde-lui le c\u0153ur de ton Fils, le c\u0153ur du Bon Pasteur. Donne-lui le z\u00e8le de saint Paul pour pr\u00eacher la Bonne Nouvelle; l\u2019humilit\u00e9 de saint Jean Vianney dans l\u2019administration des sacrements; la compassion de saint Vincent de Paul pour servir les plus d\u00e9munis; la sagesse de saint Augustin dans l\u2019enseignement de la doctrine de notre \u00c9glise; et la ferveur missionnaire de saint Columbkille, notre patron. Par J\u00e9sus, le Christ, notre Seigneur.\u00a0\u00a0\u00a0 <strong>Amen<\/strong><\/p>\r\n\r\n\r\n<hr class=\"wp-block-separator has-alpha-channel-opacity\" \/>\r\n\r\n\r\n\r\n\r\n<h2 class=\"wp-block-heading\"><strong>DE LA CECC<\/strong><\/h2>\r\n<h3><strong>Rencontre internationale de l\u2019\u00c9glise en Am\u00e9rique \u2013 mercredi le 28 f\u00e9vrier 2024\u00a0<\/strong><\/h3>\r\n<p><strong>TAMPA, FLORIDE<\/strong> \u2013 \u00c0 l\u2019issue d\u2019un sommet de trois jours, les responsables et les membres des Conf\u00e9rences \u00e9piscopales des Am\u00e9riques se sont r\u00e9unis les 26 et 28 f\u00e9vrier dans un centre de retraite pour prier et discuter de leur minist\u00e8re commun en tant que pasteurs. Les douze \u00e9v\u00eaques pr\u00e9sents comprenaient des \u00e9v\u00eaques du Consejo Episcopal Latinoamericano y Caribe\u00f1o (CELAM), de la Conf\u00e9rence des \u00e9v\u00eaques catholiques du Canada (CECC) et de la Conf\u00e9rence des \u00e9v\u00eaques catholiques des \u00c9tats-Unis (USCCB). Les \u00e9v\u00eaques ont publi\u00e9 la d\u00e9claration commune suivante\u00a0: <a href=\"https:\/\/www.cecc.ca\/communique-de-presse\/rencontre-internationale-de-leglise-en-amerique\/\">(Lire la suite\u2026)<\/a><\/p>\r\n<h3><strong>S\u00e9rie vid\u00e9o \u00ab Cheminer ensemble durant le temps de Car\u00eame \u00bb : R\u00e9flexions hebdomadaires pour le Car\u00eame<\/strong><strong>\u00a0<\/strong><\/h3>\r\n<p>L\u2019<em>Office for Evangelization and Catechesis<\/em>,\u00a0en collaboration\u00a0avec l\u2019Office national de liturgie\u00a0et le\u00a0<em>National Liturgy Office<\/em>, lance la s\u00e9rie vid\u00e9o 2024 intitul\u00e9e\u00a0<a href=\"https:\/\/www.cecc.ca\/evangelisation-catechese-et-education\/ressources-video\/cheminer-ensemble-durant-le-temps-du-careme\/\"><strong>Cheminer ensemble durant le temps du Car\u00eame<\/strong><\/a>. \u00c0 compter du mercredi des Cendres, le 14 f\u00e9vrier 2024, et pour chaque dimanche du Car\u00eame, jusqu\u2019au dimanche des Rameaux inclusivement, une vid\u00e9o sera t\u00e9l\u00e9vers\u00e9e sur le site Web de la CECC et pr\u00e9sentera des r\u00e9flexions pastorales bas\u00e9es sur les lectures de la c\u00e9l\u00e9bration eucharistique dominicale. Destin\u00e9e \u00e0 chacun et chacune, aux familles et aux communaut\u00e9s, cette s\u00e9rie a pour but d\u2019offrir une inspiration spirituelle et des conseils sur la fa\u00e7on de bien se pr\u00e9parer au temps pascal. <a href=\"https:\/\/www.cecc.ca\/annonce\/serie-video-cheminer-ensemble-durant-le-temps-du-careme-reflexions-hebdomadaires-pour-le-careme\/\">(Lire la suite\u2026)<\/a><\/p>\r\n<p>\r\n\r\n<\/p>\r\n<hr class=\"wp-block-separator has-alpha-channel-opacity\" \/>\r\n<p>\r\n\r\n\r\n\r\n<\/p>\r\n<p>\r\n\r\n\r\n\r\n\r\n\r\n<\/p>\r\n<p>\r\n\r\n\r\n\r\n<\/p>\r\n<p>\r\n\r\n<\/p>\r\n<h2><strong>CAR\u00caME<\/strong><\/h2>\r\n<h3><strong>CECC \u2013 Cheminer ensemble durant le temps du Car\u00eame 2024\u00a0<\/strong><\/h3>\r\n<p>En ce troisi\u00e8me dimanche, une r\u00e9flexion sur le fait que la mort de J\u00e9sus ouvre la porte de l\u2019acc\u00e8s \u00e0 Dieu pour tous, et tout particuli\u00e8rement pour les petits, les exclus, les marginaux. Tout comme le corps de J\u00e9sus est le sanctuaire de Dieu qui sera reconstruit en trois jours, chacun de nous est invit\u00e9 \u00e0 se consid\u00e9rer aussi comme un \u00ab\u00a0sanctuaire de l\u2019Esprit.\u00a0\u00bb Visionner la vid\u00e9o <a href=\"https:\/\/www.cecc.ca\/evangelisation-catechese-et-education\/ressources-video\/cheminer-ensemble-durant-le-temps-du-careme\/\">ici<\/a>.<\/p>\r\n<h3><strong>Chemin de croix de Marie\u00a0<\/strong><\/h3>\r\n<p>C\u00e9l\u00e9brez via Zoom tous les vendredis du Car\u00eame avec \u00ab\u00a0Le chemin de croix de Marie\u00a0\u00bb. Les hymnes commencent \u00e0 18h50 \u2013 Chemin de croix de Marie \u00e0 19 h. <strong>Prochaine date : 8 mars. <\/strong><\/p>\r\n<p>Lien Zoom\u00a0: <a href=\"https:\/\/us02web.zoom.us\/j\/88358882382?pwd=NEFFSmRTZVk1dkRLNFIwdXpqVWNQZz09\">https:\/\/us02web.zoom.us\/j\/88358882382?pwd=NEFFSmRTZVk1dkRLNFIwdXpqVWNQZz09<\/a><\/p>\r\n<p>Meeting ID: 883 5888 2382<\/p>\r\n<p>Passcode: 377792<\/p>\r\n<hr class=\"wp-block-separator has-alpha-channel-opacity\" \/>\r\n<p>\r\n\r\n<\/p>\r\n<p>\r\n\r\n<\/p>\r\n<h2 class=\"wp-block-heading\"><strong>LE SAINT-SI\u00c8GE<\/strong><\/h2>\r\n<h3><strong>Intention de pri\u00e8re du Saint-P\u00e8re pour le mois de mars 2024\u00a0<\/strong><\/h3>\r\n<p><strong>Pour les nouveaux martyrs<\/strong> \u2013 Prions pour que ceux et celles qui risquent leur vie pour l\u2019\u00c9vangile, dans diff\u00e9rentes parties du monde, f\u00e9condent l\u2019\u00c9glise de leur courage et de leur \u00e9lan missionnaire.<\/p>\r\n<p>\r\n\r\n<\/p>\r\n<p>\r\n\r\n<\/p>\r\n<hr class=\"wp-block-separator has-alpha-channel-opacity\" \/>\r\n<p>\r\n\r\n<\/p>\r\n<h2 class=\"wp-block-heading\"><strong>V\u00c9RIT\u00c9 ET R\u00c9CONCILIATION<\/strong><\/h2>\r\n<h3><strong>Droits des peuples autochtones\u00a0<\/strong><\/h3>\r\n<p>Tous les droits et libert\u00e9s reconnus dans la pr\u00e9sente D\u00e9claration sont garantis de la m\u00eame fa\u00e7on \u00e0 tous les autochtones, hommes et femmes.<\/p>\r\n<p><em>Article 44 \u2013 D\u00e9claration des Nations Unies sur les droits des peuples autochtones<\/em><\/p>\r\n<h3><strong>Sonda<\/strong><strong>ge du cercle d&rsquo;action dioc\u00e9sain\u00a0<\/strong><\/h3>\r\n<p>Afin de r\u00e9pondre aux besoins des paroissiens, le cercle d&rsquo;action dioc\u00e9sain a pr\u00e9par\u00e9 un petit sondage anonyme.\u00a0 Vos r\u00e9ponses nous aideront \u00e0\u00a0organiser notre travail pour la r\u00e9conciliation avec les peuples autochtones, m\u00e9tis et inuit \u00e0 travers le dioc\u00e8se. Cliquez sur le site web\u00a0: <a href=\"https:\/\/pembrokediocese.com\/fr\/article\/cercle-daction-diocesain\/\">https:\/\/pembrokediocese.com\/fr\/article\/cercle-daction-diocesain\/<\/a> ou le lien suivant pour r\u00e9pondre au sondage\u00a0: <a href=\"https:\/\/forms.gle\/LRfMwNTBEmgKQV7w5\">https:\/\/forms.gle\/LRfMwNTBEmgKQV7w5<\/a>. Merci de votre pr\u00e9cieuse participation.<\/p>\r\n<hr class=\"wp-block-separator has-alpha-channel-opacity\" \/>\r\n<p>\r\n\r\n\r\n\r\n<\/p>\r\n<p>\r\n\r\n<\/p>\r\n<h2 class=\"wp-block-heading\"><strong>L\u2019\u00c9QUIPE D\u2019\u00c9VANG\u00c9LISATION<\/strong><\/h2>\r\n<p>\r\n\r\n\r\n\r\n<\/p>\r\n<h3><strong>La croissance de l\u2019\u00c9glise de la Nativit\u00e9 (P. Michael White) <\/strong><\/h3>\r\n<p><em>Par Pierre-Alain Giffard, directeur de la pastorale dioc\u00e9saine<\/em><\/p>\r\n<p>Dans leur ouvrage\u00a0<em>Re-built\u00a0: histoire d\u2019une paroisse reconstruite<\/em>,\u00a0le cur\u00e9 Michael White et Tom Corcoran relatent leur parcours pour revitaliser leur paroisse, l\u2019\u00c9glise de la Nativit\u00e9, dans le nord de Baltimore, aux \u00c9tats-Unis. Ils partagent les d\u00e9fis rencontr\u00e9s, ainsi que les \u00e9checs et les erreurs commises. <a href=\"https:\/\/pembrokediocese.com\/fr\/article\/la-croissance-de-leglise-de-la-nativite-p-michael-white\/\">(Lire la suite\u2026)<\/a><\/p>\r\n<h3><strong>Forum Paroisses en Mission\u00a0<\/strong><\/h3>\r\n<p>Vous \u00eates invit\u00e9s \u00e0 participer au Forum Paroisses en Mission, un \u00e9v\u00e9nement qui rassemblera des leaders de paroisses francophones vivant un renouvellement pastoral. Le forum aura lieu <strong>le 20 avril 2024<\/strong>, \u00e0 la basilique Notre-Dame-du-Cap de Trois-Rivi\u00e8res, sous le th\u00e8me \u201cVoyant la gr\u00e2ce de Dieu \u00e0 l\u2019\u0153uvre !\u201d (Ac 11, 23). Vous pourrez y d\u00e9couvrir des t\u00e9moignages, des enseignements, des ateliers et des temps de pri\u00e8re inspir\u00e9s par l\u2019exp\u00e9rience du R\u00e9seau Paroisses en Mission, n\u00e9 de rencontres entre paroisses en conversion. Le co\u00fbt est de 75$ par personne, incluant les repas et le mat\u00e9riel didactique. Vous pouvez vous inscrire d\u00e8s maintenant en \u00e9quipe de trois personnes ou plus, ou individuellement \u00e0 partir de f\u00e9vrier. Pour plus d\u2019informations, visitez le site web <a href=\"http:\/\/www.paroissesenmission.org\">www.paroissesenmission.org<\/a> ou contactez-nous \u00e0 <a href=\"mailto:info@paroissesenmission.org\">info@paroissesenmission.org<\/a>. Ne manquez pas cette occasion unique de r\u00e9seauter, de c\u00e9l\u00e9brer et de vous former pour l&rsquo;\u00e9vang\u00e9lisation et la mission!<\/p>\r\n<hr class=\"wp-block-separator has-alpha-channel-opacity\" \/>\r\n<p>\r\n\r\n<\/p>\r\n<p>\r\n\r\n<\/p>\r\n<p>\r\n\r\n<\/p>\r\n<p>\r\n\r\n\r\n\r\n\r\n\r\n<\/p>\r\n<p>\r\n\r\n<\/p>\r\n<p>\r\n\r\n<\/p>\r\n<p>\r\n\r\n\r\n\r\n<\/p>\r\n<p>\r\n\r\n<\/p>\r\n<p>\r\n\r\n<\/p>\r\n<p>\r\n\r\n<\/p>\r\n<p>\r\n\r\n<\/p>\r\n<p>\r\n\r\n<\/p>\r\n<p><\/p>\r\n<h2><strong>AUTRES<\/strong><\/h2>\r\n<h3><strong>\u00ab\u00a0D\u00e9m\u00ealer et concilier foi et religion\u00a0\u00bb (Pour \u00eatre un\/e vrai\/e disciple de J\u00e9sus-Christ en 2024)\u00a0<\/strong><\/h3>\r\n<p>\u00c9cole abbatiale \u00e0 Saint-Beno\u00eet-du-Lac pr\u00e9sente \u00ab\u00a0D\u00e9m\u00ealer et concilier foi et religion\u00a0\u00bb avec Christiane Cloutier-Dupuis, <strong>du 26 au 28 avril 2024<\/strong>. Informations et r\u00e9servations aupr\u00e8s de\u00a0: Louise Drapeau, 819 445-4054 ou <a href=\"mailto:louise2drapeau@hotmail.com\">louise2drapeau@hotmail.com<\/a>, ou Th\u00e9r\u00e8se Cloutier, 450 532-4062 ou <a href=\"mailto:clouthe@coooptel.qc.ca\">clouthe@coooptel.qc.ca<\/a><\/p>\r\n<p><!-- \/wp:post-content --><\/p>","protected":false},"excerpt":{"rendered":"<p>C&rsquo;est ainsi que mon P\u00e8re du ciel vous traitera, si chacun de vous ne pardonne pas \u00e0 son fr\u00e8re. (Mt 18, 21-35) DU DIOCESE Heure d&rsquo;\u00e9t\u00e9\u00a0 Nous vous rappelons que les horloges avancent d&rsquo;une heure pour passer \u00e0 l&rsquo;heure d&rsquo;\u00e9t\u00e9 le dimanche 10 mars \u00e0 2 heures du matin. Nomination pastorale\u00a0 Le p\u00e8re George Ryan Holly, administrateur dioc\u00e9sain, annonce la nomination suivante\u00a0: Le p\u00e8re\u00a0Christopher SHALLA est nomm\u00e9 administrateur de la paroisse St. Andrew, Killaloe et de la paroisse Our Lady of the Angels, Brudenell, avec effet imm\u00e9diat. Messe chrismale\u00a0 La messe chrismale sera c\u00e9l\u00e9br\u00e9e pendant la Semaine sainte le mardi 26 mars \u00e0 10 h 30 \u00e0 la cath\u00e9drale de Saint Columbkille, \u00e0 Pembroke. Mgr Brendan O&rsquo;Brien, archev\u00eaque \u00e9m\u00e9rite de Kingston, en sera le c\u00e9l\u00e9brant principal. Une r\u00e9ception suivra dans le hall de la cath\u00e9drale. Pri\u00e8re pour le futur \u00e9v\u00eaque de notre dioc\u00e8se Dieu notre P\u00e8re nous te demandons, au nom de ton Fils, de b\u00e9nir notre futur \u00e9v\u00eaque. Donne-lui les dons dont il aura besoin pour exercer le minist\u00e8re de J\u00e9sus dans notre dioc\u00e8se. Accorde-lui le c\u0153ur de ton Fils, le c\u0153ur du Bon Pasteur. Donne-lui le z\u00e8le de saint Paul pour pr\u00eacher la Bonne Nouvelle; l\u2019humilit\u00e9 de saint Jean Vianney dans l\u2019administration des sacrements; la compassion de saint Vincent de Paul pour servir les plus d\u00e9munis; la sagesse de saint Augustin dans l\u2019enseignement de la doctrine de notre \u00c9glise; et la ferveur missionnaire de saint Columbkille, notre patron. Par J\u00e9sus, le Christ, notre Seigneur.\u00a0\u00a0\u00a0 Amen DE LA CECC Rencontre internationale de l\u2019\u00c9glise en Am\u00e9rique \u2013 mercredi le 28 f\u00e9vrier 2024\u00a0 TAMPA, FLORIDE \u2013 \u00c0 l\u2019issue d\u2019un sommet de trois jours, les responsables et les membres des Conf\u00e9rences \u00e9piscopales des Am\u00e9riques se sont r\u00e9unis les 26 et 28 f\u00e9vrier dans un centre de retraite pour prier et discuter de leur minist\u00e8re commun en tant que pasteurs. Les douze \u00e9v\u00eaques pr\u00e9sents comprenaient des \u00e9v\u00eaques du Consejo Episcopal Latinoamericano y Caribe\u00f1o (CELAM), de la Conf\u00e9rence des \u00e9v\u00eaques catholiques du Canada (CECC) et de la Conf\u00e9rence des \u00e9v\u00eaques catholiques des \u00c9tats-Unis (USCCB). Les \u00e9v\u00eaques ont publi\u00e9 la d\u00e9claration commune suivante\u00a0: (Lire la suite\u2026) S\u00e9rie vid\u00e9o \u00ab Cheminer ensemble durant le temps de Car\u00eame \u00bb : R\u00e9flexions hebdomadaires pour le Car\u00eame\u00a0 L\u2019Office for Evangelization and Catechesis,\u00a0en collaboration\u00a0avec l\u2019Office national de liturgie\u00a0et le\u00a0National Liturgy Office, lance la s\u00e9rie vid\u00e9o 2024 intitul\u00e9e\u00a0Cheminer ensemble durant le temps du Car\u00eame. \u00c0 compter du mercredi des Cendres, le 14 f\u00e9vrier 2024, et pour chaque dimanche du Car\u00eame, jusqu\u2019au dimanche des Rameaux inclusivement, une vid\u00e9o sera t\u00e9l\u00e9vers\u00e9e sur le site Web de la CECC et pr\u00e9sentera des r\u00e9flexions pastorales bas\u00e9es sur les lectures de la c\u00e9l\u00e9bration eucharistique dominicale. Destin\u00e9e \u00e0 chacun et chacune, aux familles et aux communaut\u00e9s, cette s\u00e9rie a pour but d\u2019offrir une inspiration spirituelle et des conseils sur la fa\u00e7on de bien se pr\u00e9parer au temps pascal. (Lire la suite\u2026) LE SAINT-SI\u00c8GE Intention de pri\u00e8re du Saint-P\u00e8re pour le mois de mars 2024\u00a0 Pour les nouveaux martyrs \u2013 Prions pour que ceux et celles qui risquent leur vie pour l\u2019\u00c9vangile, dans diff\u00e9rentes parties du monde, f\u00e9condent l\u2019\u00c9glise de leur courage et de leur \u00e9lan missionnaire. La [&hellip;]<\/p>\n","protected":false},"author":10,"featured_media":3815,"comment_status":"closed","ping_status":"closed","sticky":false,"template":"","format":"standard","meta":{"_monsterinsights_skip_tracking":false,"_monsterinsights_sitenote_active":false,"_monsterinsights_sitenote_note":"","_monsterinsights_sitenote_category":0,"footnotes":"","_links_to":"","_links_to_target":""},"categories":[114,84],"tags":[],"class_list":["post-14063","post","type-post","status-publish","format-standard","has-post-thumbnail","hentry","category-bulletin","category-article"],"post_mailing_queue_ids":[],"_links":{"self":[{"href":"https:\/\/pembrokediocese.com\/fr\/wp-json\/wp\/v2\/posts\/14063","targetHints":{"allow":["GET"]}}],"collection":[{"href":"https:\/\/pembrokediocese.com\/fr\/wp-json\/wp\/v2\/posts"}],"about":[{"href":"https:\/\/pembrokediocese.com\/fr\/wp-json\/wp\/v2\/types\/post"}],"author":[{"embeddable":true,"href":"https:\/\/pembrokediocese.com\/fr\/wp-json\/wp\/v2\/users\/10"}],"replies":[{"embeddable":true,"href":"https:\/\/pembrokediocese.com\/fr\/wp-json\/wp\/v2\/comments?post=14063"}],"version-history":[{"count":1,"href":"https:\/\/pembrokediocese.com\/fr\/wp-json\/wp\/v2\/posts\/14063\/revisions"}],"predecessor-version":[{"id":14064,"href":"https:\/\/pembrokediocese.com\/fr\/wp-json\/wp\/v2\/posts\/14063\/revisions\/14064"}],"wp:featuredmedia":[{"embeddable":true,"href":"https:\/\/pembrokediocese.com\/fr\/wp-json\/wp\/v2\/media\/3815"}],"wp:attachment":[{"href":"https:\/\/pembrokediocese.com\/fr\/wp-json\/wp\/v2\/media?parent=14063"}],"wp:term":[{"taxonomy":"category","embeddable":true,"href":"https:\/\/pembrokediocese.com\/fr\/wp-json\/wp\/v2\/categories?post=14063"},{"taxonomy":"post_tag","embeddable":true,"href":"https:\/\/pembrokediocese.com\/fr\/wp-json\/wp\/v2\/tags?post=14063"}],"curies":[{"name":"wp","href":"https:\/\/api.w.org\/{rel}","templated":true}]}}