{"id":14600,"date":"2024-05-22T09:35:48","date_gmt":"2024-05-22T13:35:48","guid":{"rendered":"https:\/\/pembrokediocese.com\/?p=14600"},"modified":"2024-05-28T22:30:18","modified_gmt":"2024-05-29T02:30:18","slug":"bulletin-hebdomadaire-le-28-mai-2024-ferie","status":"publish","type":"post","link":"https:\/\/pembrokediocese.com\/fr\/article\/bulletin-hebdomadaire-le-28-mai-2024-ferie\/","title":{"rendered":"BULLETIN HEBDOMADAIRE  &#8211; le 28 mai 2024 (F\u00e9rie)"},"content":{"rendered":"<hr class=\"wp-block-separator has-alpha-channel-opacity\" \/>\r\n\r\n\r\n<h4 class=\"wp-block-heading\"><strong><i><a href=\"mailto:reception@pembrokediocese.com?subject=Abonnez-vous au bulletin hebdomadaire&amp;amp;body=Bonjour, je souhaite m'abonner au Bulletin Hebdomadaire s'il vous plait. Merci.\"><img loading=\"lazy\" decoding=\"async\" class=\"alignright wp-image-8004\" src=\"https:\/\/pembrokediocese.com\/wp-content\/uploads\/subscribe-banner-fr-200x205.png\" alt=\"\" width=\"124\" height=\"127\" srcset=\"https:\/\/pembrokediocese.com\/wp-content\/uploads\/subscribe-banner-fr-200x205.png 200w, https:\/\/pembrokediocese.com\/wp-content\/uploads\/subscribe-banner-fr-768x785.png 768w, https:\/\/pembrokediocese.com\/wp-content\/uploads\/subscribe-banner-fr.png 840w\" sizes=\"(max-width: 124px) 100vw, 124px\" \/><\/a><\/i><\/strong><\/h4>\r\n\r\n\r\n\r\n<h1 class=\"wp-block-heading\"><strong><em>Beaucoup de premiers seront derniers, et les derniers seront premiers.<\/em><\/strong><\/h1>\r\n\r\n\r\n\r\n<h3 class=\"wp-block-heading\"><strong>(Marc 10, 28-31)<\/strong><\/h3>\r\n\r\n\r\n<hr class=\"wp-block-separator has-alpha-channel-opacity\" \/>\r\n\r\n\r\n\r\n\r\n\r\n\r\n\r\n\r\n<h2 class=\"wp-block-heading\"><strong>DU DIOC\u00c8SE<\/strong><\/h2>\r\n<h3><strong>Ordination sacerdotale\u00a0<\/strong><\/h3>\r\n<p>Le r\u00e9v\u00e9rend Lukas \u010casta recevra l&rsquo;ordination sacr\u00e9e <strong>le samedi 29 juin 2024<\/strong>, en la solennit\u00e9 des saints Pierre et Paul, \u00e0 la cath\u00e9drale Saint Columbkille, \u00e0 10h30. Tous sont les bienvenus.<\/p>\r\n<h3><strong>Pri\u00e8re pour le futur \u00e9v\u00eaque de notre dioc\u00e8se<\/strong><\/h3>\r\n<p>Dieu notre P\u00e8re nous te demandons, au nom de ton Fils, de b\u00e9nir notre futur \u00e9v\u00eaque. Donne-lui les dons dont il aura besoin pour exercer le minist\u00e8re de J\u00e9sus dans notre dioc\u00e8se. Accorde-lui le c\u0153ur de ton Fils, le c\u0153ur du Bon Pasteur. Donne-lui le z\u00e8le de saint Paul pour pr\u00eacher la Bonne Nouvelle; l\u2019humilit\u00e9 de saint Jean Vianney dans l\u2019administration des sacrements; la compassion de saint Vincent de Paul pour servir les plus d\u00e9munis; la sagesse de saint Augustin dans l\u2019enseignement de la doctrine de notre \u00c9glise; et la ferveur missionnaire de saint Columbkille, notre patron. Par J\u00e9sus, le Christ, notre Seigneur.\u00a0\u00a0\u00a0 <strong>Amen<\/strong><\/p>\r\n\r\n\r\n<hr class=\"wp-block-separator has-alpha-channel-opacity\" \/>\r\n\r\n\r\n\r\n\r\n<p>\r\n\r\n<\/p>\r\n<h2><strong>DE LA CECC<\/strong><\/h2>\r\n<h3><strong>Symposium international interconfessionnel sur les soins palliatifs \u2013 jeudi le 23 mai 2024\u00a0<\/strong><\/h3>\r\n<p><strong>Toronto, 23 mai 2024 <\/strong>\u2013 La Conf\u00e9rence des \u00e9v\u00eaques catholiques du Canada (CECC) et l\u2019Acad\u00e9mie pontificale pour la vie, en collaboration avec d\u2019autres partenaires cl\u00e9s, ont organis\u00e9 un symposium international interconfessionnel sur les soins palliatifs intitul\u00e9 <strong>\u00ab\u00a0Vers un t\u00e9moignage d\u2019esp\u00e9rance\u00a0\u00bb<\/strong>, qui s\u2019est d\u00e9roul\u00e9 \u00e0 Toronto du 21 au 23 mai 2024. <a href=\"https:\/\/www.cecc.ca\/communique-de-presse\/symposium-international-interconfessionnel-sur-les-soins-palliatifs\/\">(Lire la suite\u2026)<\/a><\/p>\r\n<hr class=\"wp-block-separator has-alpha-channel-opacity\" \/>\r\n<p>\r\n\r\n\r\n\r\n<\/p>\r\n<p>\r\n\r\n\r\n\r\n\r\n\r\n<\/p>\r\n<p>\r\n\r\n\r\n\r\n<\/p>\r\n<p>\r\n\r\n<\/p>\r\n<p>\r\n\r\n<\/p>\r\n<p>\r\n\r\n<\/p>\r\n<h2><strong>LE SAINT-SI\u00c8GE<\/strong><\/h2>\r\n<h3><strong>Intention de pri\u00e8re du Saint-P\u00e8re pour le mois de juin 2024\u00a0<\/strong><\/h3>\r\n<p><strong>Pour ceux et celles qui fuient leur pays<\/strong> \u2013 Prions pour que les migrants qui fuient les guerres ou la faim et sont contraints \u00e0 des voyages pleins de dangers et de violence, puissent trouver l\u2019hospitalit\u00e9 ainsi que des conditions de vie favorables dans les pays d\u2019accueil.<\/p>\r\n<h2 class=\"wp-block-heading\"><strong>V\u00c9RIT\u00c9 ET R\u00c9CONCILIATION<\/strong><\/h2>\r\n<h3><strong>Les dix principes de r\u00e9conciliation de la Commission v\u00e9rit\u00e9 et r\u00e9conciliation\u00a0<\/strong><strong>: <\/strong><\/h3>\r\n<ol start=\"5\">\r\n<li><em> La r\u00e9conciliation doit cr\u00e9er une soci\u00e9t\u00e9 plus \u00e9quitable et plus inclusive en comblant les \u00e9carts qui existent entre les Canadiens autochtones et non autochtones sur le plan social, sanitaire et \u00e9conomique.<\/em><\/li>\r\n<\/ol>\r\n<hr class=\"wp-block-separator has-alpha-channel-opacity\" \/>\r\n<p>\r\n\r\n<\/p>\r\n<h2 class=\"wp-block-heading\"><strong>L\u2019\u00c9QUIPE D\u2019\u00c9VANG\u00c9LISATION<\/strong><\/h2>\r\n<h3><strong>Le renouveau des \u00e9glises rurales <\/strong><\/h3>\r\n<p><em>Par Pierre-Alain Giffard, directeur de la pastorale dioc\u00e9saine<\/em><\/p>\r\n<p>Danny Davis est un auteur qui a \u00e9crit plusieurs livres sur le renouveau des \u00e9glises rurales. Il a plus de 40 ans d\u2019exp\u00e9rience en tant que pasteur et a travaill\u00e9 avec de nombreuses \u00e9glises rurales. Danny Davis est \u00e9galement le fondateur de \u00ab\u00a0The Rural Church Network\u00a0\u00bb, une organisation qui vise \u00e0 fournir des ressources et un soutien aux \u00e9glises rurales et \u00e0 leurs dirigeants. <a href=\"https:\/\/pembrokediocese.com\/fr\/article\/le-renouveau-des-eglises-rurales\/\">(Lire la suite\u2026)<\/a><\/p>\r\n<p>\r\n\r\n<\/p>\r\n<p>\r\n\r\n<\/p>\r\n<hr class=\"wp-block-separator has-alpha-channel-opacity\" \/>\r\n<p>\r\n\r\n<\/p>\r\n<p>\r\n\r\n\r\n\r\n<\/p>\r\n<p>\r\n\r\n<\/p>\r\n<p>\r\n\r\n<\/p>\r\n<p>\r\n\r\n<\/p>\r\n<p>\r\n\r\n<\/p>\r\n<p>\r\n\r\n<\/p>\r\n<p>\r\n\r\n\r\n\r\n\r\n\r\n<\/p>\r\n<p>\r\n\r\n<\/p>\r\n<p>\r\n\r\n<\/p>\r\n<p>\r\n\r\n\r\n\r\n<\/p>\r\n<p>\r\n\r\n<\/p>\r\n<p>\r\n\r\n<\/p>\r\n<p>\r\n\r\n<\/p>\r\n<p>\r\n\r\n<\/p>\r\n<p>\r\n\r\n<\/p>\r\n<h2><strong>\u00c9V\u00c9NEMENTS PAROISSIAUX<\/strong><\/h2>\r\n<h3><strong>Souper annuel du Bazar de Fort-Coulonge\u00a0<\/strong><\/h3>\r\n<p><strong><em>Le dimanche 16 juin<\/em><\/strong><em> \u00e0 la salle communautaire des Chevaliers de Colomb (\u00e0 c\u00f4t\u00e9 de l&rsquo;\u00e9glise). Cipaille, 25$\/personne. Tous sont les bienvenus!<\/em><\/p>\r\n<h3><strong>R\u00e9servez la date<\/strong>\u00a0<\/h3>\r\n<p>Le prochain service de gu\u00e9rison \u00e0 l\u2019\u00e9glise St-Pierre de Fort-Coulonge aura lieu <strong>le vendredi 21 juin \u00e0 19h.<\/strong><\/p>\r\n<hr class=\"wp-block-separator has-alpha-channel-opacity\" \/>\r\n<p>\r\n\r\n<\/p>\r\n<p><\/p>\r\n<h2><strong>AUTRES \u00c9V\u00c9NMENTS CATHOLIQUES<\/strong><\/h2>\r\n<h3><strong>150<sup>e<\/sup>\u00a0anniversaire de p\u00e8lerinage annuel \u00e0 Ste-Anne-de-Beaupr\u00e9 et Notre-Dame-du-Cap\u00a0<\/strong><\/h3>\r\n<p>Des dioc\u00e8ses d&rsquo;Ottawa-Cornwall, de Pembroke, de Mont-Laurier\/St-J\u00e9r\u00f4me, de Kingston et de Gatineau,\u00a0<strong>les 10 et 11 ao\u00fbt 2024<\/strong>. Les c\u00e9l\u00e9brants de la fin de semaine\u00a0: Les archev\u00eaques Marcel Damphousse, Terrence Prendergast, Guy Desrochers, et les \u00e9v\u00eaques Yvan Mathieu, Raymond Poisson et Pierre Goudreault. Il pourrait s&rsquo;agir du dernier p\u00e8lerinage annuel en raison de probl\u00e8mes de sant\u00e9 du recteur du sanctuaire et de M. Mike Budge. Pour s&rsquo;inscrire et obtenir des renseignements, veuillez communiquer avec\u00a0<a href=\"mailto:mike.budge@bell.net\">mike.budge@bell.net<\/a>. Voir l&rsquo;affiche \u00e0\u00a0<a href=\"https:\/\/www.ste-anne-de-beaupre.com\/\">Ste-Anne-de-Beaupre | Annual Pilgrimage<\/a>.<\/p>\r\n<p><!-- \/wp:post-content --><\/p>\r\n<p><!-- wp:separator --><\/p>\r\n<hr class=\"wp-block-separator has-alpha-channel-opacity\" \/>\r\n<p><!-- \/wp:separator --><\/p>","protected":false},"excerpt":{"rendered":"<p>Beaucoup de premiers seront derniers, et les derniers seront premiers. (Marc 10, 28-31) DU DIOC\u00c8SE Ordination sacerdotale\u00a0 Le r\u00e9v\u00e9rend Lukas \u010casta recevra l&rsquo;ordination sacr\u00e9e le samedi 29 juin 2024, en la solennit\u00e9 des saints Pierre et Paul, \u00e0 la cath\u00e9drale Saint Columbkille, \u00e0 10h30. Tous sont les bienvenus. Pri\u00e8re pour le futur \u00e9v\u00eaque de notre dioc\u00e8se Dieu notre P\u00e8re nous te demandons, au nom de ton Fils, de b\u00e9nir notre futur \u00e9v\u00eaque. Donne-lui les dons dont il aura besoin pour exercer le minist\u00e8re de J\u00e9sus dans notre dioc\u00e8se. Accorde-lui le c\u0153ur de ton Fils, le c\u0153ur du Bon Pasteur. Donne-lui le z\u00e8le de saint Paul pour pr\u00eacher la Bonne Nouvelle; l\u2019humilit\u00e9 de saint Jean Vianney dans l\u2019administration des sacrements; la compassion de saint Vincent de Paul pour servir les plus d\u00e9munis; la sagesse de saint Augustin dans l\u2019enseignement de la doctrine de notre \u00c9glise; et la ferveur missionnaire de saint Columbkille, notre patron. Par J\u00e9sus, le Christ, notre Seigneur.\u00a0\u00a0\u00a0 Amen L\u2019\u00c9QUIPE D\u2019\u00c9VANG\u00c9LISATION Le renouveau des \u00e9glises rurales Par Pierre-Alain Giffard, directeur de la pastorale dioc\u00e9saine Danny Davis est un auteur qui a \u00e9crit plusieurs livres sur le renouveau des \u00e9glises rurales. Il a plus de 40 ans d\u2019exp\u00e9rience en tant que pasteur et a travaill\u00e9 avec de nombreuses \u00e9glises rurales. Danny Davis est \u00e9galement le fondateur de \u00ab\u00a0The Rural Church Network\u00a0\u00bb, une organisation qui vise \u00e0 fournir des ressources et un soutien aux \u00e9glises rurales et \u00e0 leurs dirigeants. (Lire la suite\u2026) AUTRES \u00c9V\u00c9NMENTS CATHOLIQUES 150e\u00a0anniversaire de p\u00e8lerinage annuel \u00e0 Ste-Anne-de-Beaupr\u00e9 et Notre-Dame-du-Cap\u00a0 Des dioc\u00e8ses d&rsquo;Ottawa-Cornwall, de Pembroke, de Mont-Laurier\/St-J\u00e9r\u00f4me, de Kingston et de Gatineau,\u00a0les 10 et 11 ao\u00fbt 2024. Les c\u00e9l\u00e9brants de la fin de semaine\u00a0: Les archev\u00eaques Marcel Damphousse, Terrence Prendergast, Guy Desrochers, et les \u00e9v\u00eaques Yvan Mathieu, Raymond Poisson et Pierre Goudreault. Il pourrait s&rsquo;agir du dernier p\u00e8lerinage annuel en raison de probl\u00e8mes de sant\u00e9 du recteur du sanctuaire et de M. Mike Budge. Pour s&rsquo;inscrire et obtenir des renseignements, veuillez communiquer avec\u00a0mike.budge@bell.net. Voir l&rsquo;affiche \u00e0\u00a0Ste-Anne-de-Beaupre | Annual Pilgrimage.<\/p>\n","protected":false},"author":10,"featured_media":3815,"comment_status":"closed","ping_status":"closed","sticky":false,"template":"","format":"standard","meta":{"_monsterinsights_skip_tracking":false,"_monsterinsights_sitenote_active":false,"_monsterinsights_sitenote_note":"","_monsterinsights_sitenote_category":0,"footnotes":"","_links_to":"","_links_to_target":""},"categories":[114,84],"tags":[],"class_list":["post-14600","post","type-post","status-publish","format-standard","has-post-thumbnail","hentry","category-bulletin","category-article"],"post_mailing_queue_ids":[],"_links":{"self":[{"href":"https:\/\/pembrokediocese.com\/fr\/wp-json\/wp\/v2\/posts\/14600","targetHints":{"allow":["GET"]}}],"collection":[{"href":"https:\/\/pembrokediocese.com\/fr\/wp-json\/wp\/v2\/posts"}],"about":[{"href":"https:\/\/pembrokediocese.com\/fr\/wp-json\/wp\/v2\/types\/post"}],"author":[{"embeddable":true,"href":"https:\/\/pembrokediocese.com\/fr\/wp-json\/wp\/v2\/users\/10"}],"replies":[{"embeddable":true,"href":"https:\/\/pembrokediocese.com\/fr\/wp-json\/wp\/v2\/comments?post=14600"}],"version-history":[{"count":8,"href":"https:\/\/pembrokediocese.com\/fr\/wp-json\/wp\/v2\/posts\/14600\/revisions"}],"predecessor-version":[{"id":14640,"href":"https:\/\/pembrokediocese.com\/fr\/wp-json\/wp\/v2\/posts\/14600\/revisions\/14640"}],"wp:featuredmedia":[{"embeddable":true,"href":"https:\/\/pembrokediocese.com\/fr\/wp-json\/wp\/v2\/media\/3815"}],"wp:attachment":[{"href":"https:\/\/pembrokediocese.com\/fr\/wp-json\/wp\/v2\/media?parent=14600"}],"wp:term":[{"taxonomy":"category","embeddable":true,"href":"https:\/\/pembrokediocese.com\/fr\/wp-json\/wp\/v2\/categories?post=14600"},{"taxonomy":"post_tag","embeddable":true,"href":"https:\/\/pembrokediocese.com\/fr\/wp-json\/wp\/v2\/tags?post=14600"}],"curies":[{"name":"wp","href":"https:\/\/api.w.org\/{rel}","templated":true}]}}