{"id":14716,"date":"2024-06-11T06:36:49","date_gmt":"2024-06-11T10:36:49","guid":{"rendered":"https:\/\/pembrokediocese.com\/?p=14716"},"modified":"2024-06-11T14:39:23","modified_gmt":"2024-06-11T18:39:23","slug":"nouvel-eveque","status":"publish","type":"post","link":"https:\/\/pembrokediocese.com\/fr\/article\/nouvel-eveque\/","title":{"rendered":"Nouvel \u00e9v\u00eaque"},"content":{"rendered":"<div class=\"yiv3291987348elementToProof\" align=\"center\"><b>Le p\u00e8re Michael Brehl, c.ss.r., nomm\u00e9 10e \u00e9v\u00eaque de Pembroke<\/b><\/div>\n<div><\/div>\n<div>C&rsquo;est avec une grande joie que j&rsquo;annonce aujourd&rsquo;hui que notre Saint-P\u00e8re, le pape Fran\u00e7ois, a nomm\u00e9 le p\u00e8re Michael Brehl, c.ss.r., 10e \u00e9v\u00eaque de Pembroke. Le p\u00e8re Brehl est n\u00e9 \u00e0 Toronto en 1955 et est entr\u00e9 dans la Congr\u00e9gation du Tr\u00e8s Saint R\u00e9dempteur (R\u00e9demptoristes) en 1975. Il a prononc\u00e9 ses v\u0153ux de r\u00e9demptoriste le 15 ao\u00fbt 1976 et a \u00e9t\u00e9 ordonn\u00e9 pr\u00eatre le 15 mars 1980. Le p\u00e8re Brehl est actuellement sup\u00e9rieur provincial de la province canadienne des R\u00e9demptoristes, un r\u00f4le qu&rsquo;il a occup\u00e9 pour la province d&rsquo;Edmonton-Toronto de 2002 jesuqu\u2019en 2009. En plus de nombreuses ann\u00e9es de minist\u00e8re paroissial, de missions de pr\u00e9dication et de formation des novices, le p\u00e8re Brehl a servi deux mandats comme sup\u00e9rieur g\u00e9n\u00e9ral des R\u00e9demptoristes \u00e0 Rome, de 2009 jusqu\u2019en 2022.<\/div>\n<div><\/div>\n<div>L&rsquo;ordination \u00e9piscopale et l\u2019installation auront lieu \u00e0 la cath\u00e9drale St-Columbkille de Pembroke <span dir=\"ltr\">le jeudi 15 ao\u00fbt 2024<\/span>, en la solennit\u00e9 de l&rsquo;Assomption de la Bienheureuse Vierge Marie, \u00e0 dix heures du matin.<\/div>\n<div><\/div>\n<div>Suivant les traces de Mgr Guy Desrochers, c.ss.r., ce sera le deuxi\u00e8me R\u00e9demptoriste que le Seigneur a envoy\u00e9 au dioc\u00e8se de Pembroke. Veuillez vous joindre \u00e0 moi dans des pri\u00e8res d&rsquo;action de gr\u00e2ces pour la nomination de notre \u00e9v\u00eaque \u00e9lu et que Notre-Dame du Perp\u00e9tuel Secours le guide et le prot\u00e8ge alors qu&rsquo;il se pr\u00e9pare \u00e0 assumer les gr\u00e2ces et les devoirs de la charge \u00e9piscopale.<\/div>\n<div><\/div>\n<div>Le P. George Ryan Holly<\/div>\n<div><i>Administrateur dioc\u00e9sain<\/i><\/div>\n<div>\u00a0\u00a0\u00a0\u00a0\u00a0\u00a0\u00a0\u00a0\u00a0\u00a0\u00a0\u00a0\u00a0\u00a0\u00a0\u00a0\u00a0\u00a0\u00a0\u00a0\u00a0\u00a0\u00a0\u00a0\u00a0\u00a0\u00a0\u00a0\u00a0\u00a0\u00a0\u00a0\u00a0\u00a0\u00a0\u00a0\u00a0\u00a0\u00a0\u00a0\u00a0\u00a0\u00a0\u00a0\u00a0\u00a0\u00a0\u00a0\u00a0\u00a0\u00a0\u00a0\u00a0\u00a0\u00a0\u00a0\u00a0\u00a0\u00a0\u00a0\u00a0\u00a0\u00a0\u00a0\u00a0\u00a0\u00a0\u00a0\u00a0\u00a0\u00a0\u00a0\u00a0\u00a0\u00a0\u00a0\u00a0\u00a0\u00a0\u00a0\u00a0\u00a0\u00a0\u00a0\u00a0\u00a0\u00a0\u00a0\u00a0\u00a0\u00a0\u00a0\u00a0\u00a0\u00a0\u00a0\u00a0\u00a0\u00a0\u00a0\u00a0\u00a0\u00a0\u00a0\u00a0\u00a0\u00a0 11 juin 2024<\/div>\n<div><\/div>\n<p><a href=\"https:\/\/pembrokediocese.com\/wp-content\/uploads\/IMG_8790-scaled.jpeg\"><img loading=\"lazy\" decoding=\"async\" width=\"2560\" height=\"1707\" class=\"alignnone size-full wp-image-14713\" src=\"https:\/\/pembrokediocese.com\/wp-content\/uploads\/IMG_8790-scaled.jpeg\" alt=\"\" srcset=\"https:\/\/pembrokediocese.com\/wp-content\/uploads\/IMG_8790-scaled.jpeg 2560w, https:\/\/pembrokediocese.com\/wp-content\/uploads\/IMG_8790-200x133.jpeg 200w, https:\/\/pembrokediocese.com\/wp-content\/uploads\/IMG_8790-1024x683.jpeg 1024w, https:\/\/pembrokediocese.com\/wp-content\/uploads\/IMG_8790-768x512.jpeg 768w, https:\/\/pembrokediocese.com\/wp-content\/uploads\/IMG_8790-1536x1024.jpeg 1536w, https:\/\/pembrokediocese.com\/wp-content\/uploads\/IMG_8790-2048x1365.jpeg 2048w, https:\/\/pembrokediocese.com\/wp-content\/uploads\/IMG_8790-958x639.jpeg 958w, https:\/\/pembrokediocese.com\/wp-content\/uploads\/IMG_8790-600x400.jpeg 600w, https:\/\/pembrokediocese.com\/wp-content\/uploads\/IMG_8790-272x182.jpeg 272w\" sizes=\"(max-width: 2560px) 100vw, 2560px\" \/><\/a><\/p>\n<div><\/div>\n<div><\/div>\n<div>Communiqu\u00e9 de presse de la CECC<\/div>\n<div><\/div>\n<div>\n<p><strong>11 juin 2024 \u2013 Ottawa \u2013<\/strong> Aujourd\u2019hui, Sa Saintet\u00e9 le pape Fran\u00e7ois a nomm\u00e9 le P\u00e8re Michael Brehl, C.Ss.R., actuellement sup\u00e9rieur provincial des R\u00e9demptoristes du Canada, comme nouvel \u00e9v\u00eaque de Pembroke.<\/p>\n<p>Le P\u00e8re Brehl est n\u00e9 le 7 janvier 1955 \u00e0 Toronto, en Ontario. Entr\u00e9 dans la Congr\u00e9gation du Tr\u00e8s Saint R\u00e9dempteur en 1975, il a poursuivi ses \u00e9tudes \u00e0 l\u2019Universit\u00e9 St. Michael\u2019s College de Toronto, obtenant un baccalaur\u00e9at en philosophie et terminant ses \u00e9tudes de ma\u00eetrise en th\u00e9ologie.<\/p>\n<p>Il a prononc\u00e9 ses v\u0153ux comme R\u00e9demptoriste le 15 ao\u00fbt 1976, puis a \u00e9t\u00e9 ordonn\u00e9 pr\u00eatre le 15 mars 1980.<\/p>\n<p>Au fil des ans, il a exerc\u00e9 diverses fonctions minist\u00e9rielles.<\/p>\n<p>De 1979 \u00e0 1983, il a \u00e9t\u00e9 pasteur associ\u00e9 \u00e0 la paroisse St. Teresa \u00e0 St. John\u2019s, Terre-Neuve et Labrador, avant de se joindre \u00e0 l\u2019\u00e9quipe de mission paroissiale itin\u00e9rante des R\u00e9demptoristes \u00e0 Toronto de 1983 \u00e0 1987. Il a ensuite assum\u00e9 le r\u00f4le de pasteur de la paroisse Holy Redeemer \u00e0 Sudbury, en Ontario, de 1987 \u00e0 1990.<\/p>\n<p>Au cours des ann\u00e9es suivantes, il a \u00e9t\u00e9 ma\u00eetre des novices et directeur de la formation pour l\u2019ordre des R\u00e9demptoristes \u00e0 Windsor et \u00e0 Toronto, respectivement.<\/p>\n<p>De retour au minist\u00e8re pastoral, il a \u00e9t\u00e9 cur\u00e9 de la paroisse Holy Redeemer \u00e0 Sudbury de 2000 \u00e0 2002. Il a assum\u00e9 le r\u00f4le de sup\u00e9rieur provincial pour la province d\u2019Edmonton-Toronto de 2002 \u00e0 2009.<\/p>\n<p>Il a servi comme Sup\u00e9rieur g\u00e9n\u00e9ral des R\u00e9demptoristes \u00e0 Rome, en Italie, de 2009 \u00e0 2022. Il a poursuivi son minist\u00e8re pastoral en tant que pasteur associ\u00e9 \u00e0 la paroisse St. Patrick\u2019s de 2023 \u00e0 2024, \u00e0 Toronto. Actuellement, il est sup\u00e9rieur provincial de la Province r\u00e9demptoriste canadienne.<\/p>\n<p>Le dioc\u00e8se de Pembroke compte 65 pr\u00eatres dioc\u00e9sains et religieux, 12 diacres permanents, ainsi qu\u2019un homme et 60 femmes consacr\u00e9s, au service d\u2019une population de plus de 60 000 catholiques r\u00e9partis dans 55 paroisses et missions.<\/p>\n<\/div>\n","protected":false},"excerpt":{"rendered":"<p>Le p\u00e8re Michael Brehl, c.ss.r., nomm\u00e9 10e \u00e9v\u00eaque de Pembroke C&rsquo;est avec une grande joie que j&rsquo;annonce aujourd&rsquo;hui que notre Saint-P\u00e8re, le pape Fran\u00e7ois, a nomm\u00e9 le p\u00e8re Michael Brehl, c.ss.r., 10e \u00e9v\u00eaque de Pembroke. Le p\u00e8re Brehl est n\u00e9 \u00e0 Toronto en 1955 et est entr\u00e9 dans la Congr\u00e9gation du Tr\u00e8s Saint R\u00e9dempteur (R\u00e9demptoristes) en 1975. Il a prononc\u00e9 ses v\u0153ux de r\u00e9demptoriste le 15 ao\u00fbt 1976 et a \u00e9t\u00e9 ordonn\u00e9 pr\u00eatre le 15 mars 1980. Le p\u00e8re Brehl est actuellement sup\u00e9rieur provincial de la province canadienne des R\u00e9demptoristes, un r\u00f4le qu&rsquo;il a occup\u00e9 pour la province d&rsquo;Edmonton-Toronto de 2002 jesuqu\u2019en 2009. En plus de nombreuses ann\u00e9es de minist\u00e8re paroissial, de missions de pr\u00e9dication et de formation des novices, le p\u00e8re Brehl a servi deux mandats comme sup\u00e9rieur g\u00e9n\u00e9ral des R\u00e9demptoristes \u00e0 Rome, de 2009 jusqu\u2019en 2022. L&rsquo;ordination \u00e9piscopale et l\u2019installation auront lieu \u00e0 la cath\u00e9drale St-Columbkille de Pembroke le jeudi 15 ao\u00fbt 2024, en la solennit\u00e9 de l&rsquo;Assomption de la Bienheureuse Vierge Marie, \u00e0 dix heures du matin. Suivant les traces de Mgr Guy Desrochers, c.ss.r., ce sera le deuxi\u00e8me R\u00e9demptoriste que le Seigneur a envoy\u00e9 au dioc\u00e8se de Pembroke. Veuillez vous joindre \u00e0 moi dans des pri\u00e8res d&rsquo;action de gr\u00e2ces pour la nomination de notre \u00e9v\u00eaque \u00e9lu et que Notre-Dame du Perp\u00e9tuel Secours le guide et le prot\u00e8ge alors qu&rsquo;il se pr\u00e9pare \u00e0 assumer les gr\u00e2ces et les devoirs de la charge \u00e9piscopale. Le P. George Ryan Holly Administrateur dioc\u00e9sain \u00a0\u00a0\u00a0\u00a0\u00a0\u00a0\u00a0\u00a0\u00a0\u00a0\u00a0\u00a0\u00a0\u00a0\u00a0\u00a0\u00a0\u00a0\u00a0\u00a0\u00a0\u00a0\u00a0\u00a0\u00a0\u00a0\u00a0\u00a0\u00a0\u00a0\u00a0\u00a0\u00a0\u00a0\u00a0\u00a0\u00a0\u00a0\u00a0\u00a0\u00a0\u00a0\u00a0\u00a0\u00a0\u00a0\u00a0\u00a0\u00a0\u00a0\u00a0\u00a0\u00a0\u00a0\u00a0\u00a0\u00a0\u00a0\u00a0\u00a0\u00a0\u00a0\u00a0\u00a0\u00a0\u00a0\u00a0\u00a0\u00a0\u00a0\u00a0\u00a0\u00a0\u00a0\u00a0\u00a0\u00a0\u00a0\u00a0\u00a0\u00a0\u00a0\u00a0\u00a0\u00a0\u00a0\u00a0\u00a0\u00a0\u00a0\u00a0\u00a0\u00a0\u00a0\u00a0\u00a0\u00a0\u00a0\u00a0\u00a0\u00a0\u00a0\u00a0\u00a0\u00a0\u00a0\u00a0 11 juin 2024 Communiqu\u00e9 de presse de la CECC 11 juin 2024 \u2013 Ottawa \u2013 Aujourd\u2019hui, Sa Saintet\u00e9 le pape Fran\u00e7ois a nomm\u00e9 le P\u00e8re Michael Brehl, C.Ss.R., actuellement sup\u00e9rieur provincial des R\u00e9demptoristes du Canada, comme nouvel \u00e9v\u00eaque de Pembroke. Le P\u00e8re Brehl est n\u00e9 le 7 janvier 1955 \u00e0 Toronto, en Ontario. Entr\u00e9 dans la Congr\u00e9gation du Tr\u00e8s Saint R\u00e9dempteur en 1975, il a poursuivi ses \u00e9tudes \u00e0 l\u2019Universit\u00e9 St. Michael\u2019s College de Toronto, obtenant un baccalaur\u00e9at en philosophie et terminant ses \u00e9tudes de ma\u00eetrise en th\u00e9ologie. Il a prononc\u00e9 ses v\u0153ux comme R\u00e9demptoriste le 15 ao\u00fbt 1976, puis a \u00e9t\u00e9 ordonn\u00e9 pr\u00eatre le 15 mars 1980. Au fil des ans, il a exerc\u00e9 diverses fonctions minist\u00e9rielles. De 1979 \u00e0 1983, il a \u00e9t\u00e9 pasteur associ\u00e9 \u00e0 la paroisse St. Teresa \u00e0 St. John\u2019s, Terre-Neuve et Labrador, avant de se joindre \u00e0 l\u2019\u00e9quipe de mission paroissiale itin\u00e9rante des R\u00e9demptoristes \u00e0 Toronto de 1983 \u00e0 1987. Il a ensuite assum\u00e9 le r\u00f4le de pasteur de la paroisse Holy Redeemer \u00e0 Sudbury, en Ontario, de 1987 \u00e0 1990. Au cours des ann\u00e9es suivantes, il a \u00e9t\u00e9 ma\u00eetre des novices et directeur de la formation pour l\u2019ordre des R\u00e9demptoristes \u00e0 Windsor et \u00e0 Toronto, respectivement. De retour au minist\u00e8re pastoral, il a \u00e9t\u00e9 cur\u00e9 de la paroisse Holy Redeemer \u00e0 Sudbury de 2000 \u00e0 2002. Il a assum\u00e9 le r\u00f4le de sup\u00e9rieur provincial pour la province d\u2019Edmonton-Toronto de 2002 \u00e0 2009. Il a servi comme Sup\u00e9rieur g\u00e9n\u00e9ral des R\u00e9demptoristes \u00e0 Rome, en Italie, de 2009 \u00e0 2022. Il a poursuivi son minist\u00e8re pastoral en tant que pasteur associ\u00e9 \u00e0 la paroisse St. Patrick\u2019s de 2023 \u00e0 2024, \u00e0 [&hellip;]<\/p>\n","protected":false},"author":5,"featured_media":0,"comment_status":"closed","ping_status":"open","sticky":false,"template":"","format":"standard","meta":{"_monsterinsights_skip_tracking":false,"_monsterinsights_sitenote_active":false,"_monsterinsights_sitenote_note":"","_monsterinsights_sitenote_category":0,"footnotes":"","_links_to":"","_links_to_target":""},"categories":[114,162,166,84],"tags":[],"class_list":["post-14716","post","type-post","status-publish","format-standard","hentry","category-bulletin","category-message-de-leveque","category-nominations","category-article"],"post_mailing_queue_ids":[],"_links":{"self":[{"href":"https:\/\/pembrokediocese.com\/fr\/wp-json\/wp\/v2\/posts\/14716","targetHints":{"allow":["GET"]}}],"collection":[{"href":"https:\/\/pembrokediocese.com\/fr\/wp-json\/wp\/v2\/posts"}],"about":[{"href":"https:\/\/pembrokediocese.com\/fr\/wp-json\/wp\/v2\/types\/post"}],"author":[{"embeddable":true,"href":"https:\/\/pembrokediocese.com\/fr\/wp-json\/wp\/v2\/users\/5"}],"replies":[{"embeddable":true,"href":"https:\/\/pembrokediocese.com\/fr\/wp-json\/wp\/v2\/comments?post=14716"}],"version-history":[{"count":3,"href":"https:\/\/pembrokediocese.com\/fr\/wp-json\/wp\/v2\/posts\/14716\/revisions"}],"predecessor-version":[{"id":14742,"href":"https:\/\/pembrokediocese.com\/fr\/wp-json\/wp\/v2\/posts\/14716\/revisions\/14742"}],"wp:attachment":[{"href":"https:\/\/pembrokediocese.com\/fr\/wp-json\/wp\/v2\/media?parent=14716"}],"wp:term":[{"taxonomy":"category","embeddable":true,"href":"https:\/\/pembrokediocese.com\/fr\/wp-json\/wp\/v2\/categories?post=14716"},{"taxonomy":"post_tag","embeddable":true,"href":"https:\/\/pembrokediocese.com\/fr\/wp-json\/wp\/v2\/tags?post=14716"}],"curies":[{"name":"wp","href":"https:\/\/api.w.org\/{rel}","templated":true}]}}