{"id":15005,"date":"2024-07-23T13:32:13","date_gmt":"2024-07-23T17:32:13","guid":{"rendered":"https:\/\/pembrokediocese.com\/?p=15005"},"modified":"2024-07-23T13:32:13","modified_gmt":"2024-07-23T17:32:13","slug":"bulletin-hebdomadaire-le-23-juillet-2024-ferie","status":"publish","type":"post","link":"https:\/\/pembrokediocese.com\/fr\/article\/bulletin-hebdomadaire-le-23-juillet-2024-ferie\/","title":{"rendered":"BULLETIN HEBDOMADAIRE  &#8211; le 23 juillet 2024 (F\u00e9rie)"},"content":{"rendered":"<hr class=\"wp-block-separator has-alpha-channel-opacity\" \/>\r\n\r\n\r\n<h4 class=\"wp-block-heading\"><strong><i><a href=\"mailto:reception@pembrokediocese.com?subject=Abonnez-vous au bulletin hebdomadaire&amp;amp;body=Bonjour, je souhaite m'abonner au Bulletin Hebdomadaire s'il vous plait. Merci.\"><img loading=\"lazy\" decoding=\"async\" class=\"alignright wp-image-8004\" src=\"https:\/\/pembrokediocese.com\/wp-content\/uploads\/subscribe-banner-fr-200x205.png\" alt=\"\" width=\"124\" height=\"127\" srcset=\"https:\/\/pembrokediocese.com\/wp-content\/uploads\/subscribe-banner-fr-200x205.png 200w, https:\/\/pembrokediocese.com\/wp-content\/uploads\/subscribe-banner-fr-768x785.png 768w, https:\/\/pembrokediocese.com\/wp-content\/uploads\/subscribe-banner-fr.png 840w\" sizes=\"(max-width: 124px) 100vw, 124px\" \/><\/a><\/i><\/strong><\/h4>\r\n\r\n\r\n\r\n<h1 class=\"wp-block-heading\"><strong><em>Voici ma m\u00e8re et mes fr\u00e8res.<\/em><\/strong><\/h1>\r\n\r\n\r\n\r\n<h3 class=\"wp-block-heading\"><strong>(Mt. 12, 46-50)<\/strong><\/h3>\r\n\r\n\r\n<hr class=\"wp-block-separator has-alpha-channel-opacity\" \/>\r\n\r\n\r\n\r\n\r\n\r\n\r\n\r\n\r\n<h2 class=\"wp-block-heading\"><strong>DU DIOC\u00c8SE<\/strong><\/h2>\r\n<h3><strong>Heures du bureau durant l\u2019\u00e9t\u00e9<\/strong><\/h3>\r\n<p>Les bureaux dioc\u00e9sains seront ouverts de 9h \u00e0 16h du lundi au jeudi, et de 9h \u00e0 midi le vendredi durant la p\u00e9riode s\u2019\u00e9chelonnant <strong>du 2 juillet au 30 ao\u00fbt inclusivement. <\/strong><\/p>\r\n<h3><strong>Le p\u00e8re Michael Brehl, c.ss.r., nomm\u00e9 10<sup>e<\/sup> \u00e9v\u00eaque de Pembroke\u00a0<\/strong><\/h3>\r\n<p>Le 11 juin 2024, le pape Fran\u00e7ois a nomm\u00e9 le r\u00e9v\u00e9rend Michael Brehl, c.ss.r., 10<sup>e<\/sup> \u00e9v\u00eaque de Pembroke. L&rsquo;ordination \u00e9piscopale aura lieu \u00e0 la cath\u00e9drale St. Columbkille <strong>le jeudi 15 ao\u00fbt 2024 (solennit\u00e9 de l&rsquo;Assomption de Marie) \u00e0 10 h.<\/strong> Tous sont les bienvenus !<\/p>\r\n<h3><strong>Nominations pastorales\u00a0<\/strong><\/h3>\r\n<p>Pour obtenir la liste compl\u00e8te des nominations en date du 7 juin 2024, consultez le site <a href=\"https:\/\/pembrokediocese.com\/fr\/article\/nominations-pastorales-juin-2024\/\">https:\/\/pembrokediocese.com\/fr\/article\/nominations-pastorales-juin-2024\/<\/a>.<\/p>\r\n\r\n\r\n<hr class=\"wp-block-separator has-alpha-channel-opacity\" \/>\r\n\r\n\r\n\r\n\r\n<p>\r\n\r\n<\/p>\r\n<h2><strong>DE LA CECC<\/strong><\/h2>\r\n<h3><strong>Journ\u00e9e mondiale des grands-parents et des personnes \u00e2g\u00e9es 2024\u00a0<\/strong><\/h3>\r\n<p>La quatri\u00e8me <strong>Journ\u00e9e mondiale des grands-parents et des personnes \u00e2g\u00e9es sera <\/strong>c\u00e9l\u00e9br\u00e9e cette ann\u00e9e <strong>le dimanche 28 juillet 2024<\/strong>. Le pape Fran\u00e7ois a inaugur\u00e9 cette journ\u00e9e mondiale qui sera c\u00e9l\u00e9br\u00e9e par l\u2019\u00c9glise universelle chaque ann\u00e9e en juillet, soit le jour de la comm\u00e9moration liturgique des saints Joachim et Anne, grands-parents de J\u00e9sus, soit \u00e0 une date proche, afin d\u2019aider \u00e0 \u00ab\u00a0conserver la richesse spirituelle et humaine qui a \u00e9t\u00e9 transmise de g\u00e9n\u00e9ration en g\u00e9n\u00e9ration\u00a0\u00bb. <a href=\"https:\/\/www.cecc.ca\/foi-et-questions-morales\/famille-et-vie\/grands-parents-et-personnes-ainees\/\">(Lire la suite\u2026)<\/a><\/p>\r\n<h3><strong>Nomination \u00e9piscopale pour le dioc\u00e8se de Pembroke\u00a0<\/strong><\/h3>\r\n<p><strong>11 juin 2024 \u2013 Ottawa \u2013<\/strong> Sa Saintet\u00e9 le pape Fran\u00e7ois a nomm\u00e9 le P\u00e8re Michael Brehl, C.Ss.R., actuellement sup\u00e9rieur provincial des R\u00e9demptoristes du Canada, comme nouvel \u00e9v\u00eaque de Pembroke. <a href=\"https:\/\/www.cecc.ca\/communique-de-presse\/nomination-episcopale-pour-le-diocese-de-pembroke\/\">(Lire la suite\u2026)<\/a><\/p>\r\n<hr class=\"wp-block-separator has-alpha-channel-opacity\" \/>\r\n<p>\r\n\r\n\r\n\r\n<\/p>\r\n<p>\r\n\r\n\r\n\r\n\r\n\r\n<\/p>\r\n<p>\r\n\r\n\r\n\r\n<\/p>\r\n<p>\r\n\r\n<\/p>\r\n<p>\r\n\r\n<\/p>\r\n<p>\r\n\r\n<\/p>\r\n<p>\r\n\r\n<\/p>\r\n<p>\r\n\r\n<\/p>\r\n<h2 class=\"wp-block-heading\"><strong>V\u00c9RIT\u00c9 ET R\u00c9CONCILIATION<\/strong><\/h2>\r\n<h3><strong>La Coalition pour les droits humains des peuples autochtones promeut la mise en \u0153uvre pleine et effective de <em>la D\u00e9claration des Nations Unies sur les droits des peuples autochtones<\/em>, et nous demandons instamment que\u00a0:<\/strong><\/h3>\r\n<p><strong>Les peuples autochtones et leurs institutions<\/strong> utilisent la d\u00e9claration comme un cadre de principe pour faire progresser leurs droits, dans leur propre politique et prise de d\u00e9cision et dans leurs droits de l&rsquo;homme, et pour maintenir la d\u00e9claration en tant qu&rsquo;instrument vivant.<\/p>\r\n<hr class=\"wp-block-separator has-alpha-channel-opacity\" \/>\r\n<p>\r\n\r\n<\/p>\r\n<h2 class=\"wp-block-heading\"><strong>L\u2019\u00c9QUIPE D\u2019\u00c9VANG\u00c9LISATION<\/strong><\/h2>\r\n<h3><strong>Proclamer la parole de Dieu\u00a0: Un appel sacr\u00e9 <\/strong><\/h3>\r\n<p><em>Par Pierre-Alain Giffard, directeur de la pastorale dioc\u00e9saine<\/em><\/p>\r\n<p>Proclamer la Parole de Dieu est une t\u00e2che sacr\u00e9e qui se trouve au c\u0153ur de la mission chr\u00e9tienne. C\u2019est une t\u00e2che qui exige une profonde humilit\u00e9, un amour sinc\u00e8re pour les autres et une foi in\u00e9branlable dans la capacit\u00e9 de Dieu de transformer les vies par sa Parole. <a href=\"https:\/\/pembrokediocese.com\/fr\/article\/proclamer-la-parole-de-dieu-un-appel-sacre\/\">(Lire la suite\u2026)<\/a><\/p>\r\n<p>\r\n\r\n<\/p>\r\n<p>\r\n\r\n<\/p>\r\n<hr class=\"wp-block-separator has-alpha-channel-opacity\" \/>\r\n<p>\r\n\r\n<\/p>\r\n<p>\r\n\r\n\r\n\r\n<\/p>\r\n<p>\r\n\r\n<\/p>\r\n<p>\r\n\r\n<\/p>\r\n<p>\r\n\r\n<\/p>\r\n<p>\r\n\r\n<\/p>\r\n<p>\r\n\r\n<\/p>\r\n<p>\r\n\r\n\r\n\r\n\r\n\r\n<\/p>\r\n<p>\r\n\r\n<\/p>\r\n<p>\r\n\r\n<\/p>\r\n<p>\r\n\r\n\r\n\r\n<\/p>\r\n<p>\r\n\r\n<\/p>\r\n<p>\r\n\r\n<\/p>\r\n<p>\r\n\r\n<\/p>\r\n<p>\r\n\r\n<\/p>\r\n<p>\r\n\r\n<\/p>\r\n<h2><strong>\u00c9V\u00c9NEMENTS PAROISSIAUX<\/strong><\/h2>\r\n<h3><strong>Souper paroissial\u00a0<\/strong><\/h3>\r\n<p><strong>Le dimanche 28 juillet<\/strong> \u00e0 la paroisse Ste-Bernadette, Bonfield, ON. Cipaille et haricots \u00e0 emporter, tirage au sort.<\/p>\r\n<hr class=\"wp-block-separator has-alpha-channel-opacity\" \/>\r\n<p>\r\n\r\n<\/p>\r\n<p><\/p>\r\n<h2><strong>AUTRES \u00c9V\u00c9NMENTS CATHOLIQUES<\/strong><\/h2>\r\n<h3><strong>150<sup>e<\/sup>\u00a0anniversaire de p\u00e8lerinage annuel \u00e0 Ste-Anne-de-Beaupr\u00e9 et Notre-Dame-du-Cap\u00a0<\/strong><\/h3>\r\n<p>Des dioc\u00e8ses d&rsquo;Ottawa-Cornwall, de Pembroke, de Mont-Laurier\/St-J\u00e9r\u00f4me, de Kingston et de Gatineau,\u00a0<strong>les 10 et 11 ao\u00fbt 2024<\/strong>. Les c\u00e9l\u00e9brants de la fin de semaine\u00a0: Les archev\u00eaques Marcel Damphousse, Terrence Prendergast, Guy Desrochers, et les \u00e9v\u00eaques Yvan Mathieu, Raymond Poisson et Pierre Goudreault. Il pourrait s&rsquo;agir du dernier p\u00e8lerinage annuel en raison de probl\u00e8mes de sant\u00e9 du recteur du sanctuaire et de M. Mike Budge. Pour s&rsquo;inscrire et obtenir des renseignements, veuillez communiquer avec\u00a0<a href=\"mailto:mike.budge@bell.net\">mike.budge@bell.net<\/a>. Voir l&rsquo;affiche \u00e0\u00a0<a href=\"https:\/\/www.ste-anne-de-beaupre.com\/\">Ste-Anne-de-Beaupre | Annual Pilgrimage<\/a>.<\/p>\r\n<p><!-- \/wp:post-content --><\/p>\r\n<p><!-- wp:separator --><\/p>\r\n<hr class=\"wp-block-separator has-alpha-channel-opacity\" \/>\r\n<p><!-- \/wp:separator --><\/p>","protected":false},"excerpt":{"rendered":"<p>Voici ma m\u00e8re et mes fr\u00e8res. (Mt. 12, 46-50) DU DIOC\u00c8SE Heures du bureau durant l\u2019\u00e9t\u00e9 Les bureaux dioc\u00e9sains seront ouverts de 9h \u00e0 16h du lundi au jeudi, et de 9h \u00e0 midi le vendredi durant la p\u00e9riode s\u2019\u00e9chelonnant du 2 juillet au 30 ao\u00fbt inclusivement. Le p\u00e8re Michael Brehl, c.ss.r., nomm\u00e9 10e \u00e9v\u00eaque de Pembroke\u00a0 Le 11 juin 2024, le pape Fran\u00e7ois a nomm\u00e9 le r\u00e9v\u00e9rend Michael Brehl, c.ss.r., 10e \u00e9v\u00eaque de Pembroke. L&rsquo;ordination \u00e9piscopale aura lieu \u00e0 la cath\u00e9drale St. Columbkille le jeudi 15 ao\u00fbt 2024 (solennit\u00e9 de l&rsquo;Assomption de Marie) \u00e0 10 h. Tous sont les bienvenus ! Nominations pastorales\u00a0 Pour obtenir la liste compl\u00e8te des nominations en date du 7 juin 2024, consultez le site https:\/\/pembrokediocese.com\/fr\/article\/nominations-pastorales-juin-2024\/. L\u2019\u00c9QUIPE D\u2019\u00c9VANG\u00c9LISATION Proclamer la parole de Dieu\u00a0: Un appel sacr\u00e9 Par Pierre-Alain Giffard, directeur de la pastorale dioc\u00e9saine Proclamer la Parole de Dieu est une t\u00e2che sacr\u00e9e qui se trouve au c\u0153ur de la mission chr\u00e9tienne. C\u2019est une t\u00e2che qui exige une profonde humilit\u00e9, un amour sinc\u00e8re pour les autres et une foi in\u00e9branlable dans la capacit\u00e9 de Dieu de transformer les vies par sa Parole. (Lire la suite\u2026) AUTRES \u00c9V\u00c9NMENTS CATHOLIQUES 150e\u00a0anniversaire de p\u00e8lerinage annuel \u00e0 Ste-Anne-de-Beaupr\u00e9 et Notre-Dame-du-Cap\u00a0 Des dioc\u00e8ses d&rsquo;Ottawa-Cornwall, de Pembroke, de Mont-Laurier\/St-J\u00e9r\u00f4me, de Kingston et de Gatineau,\u00a0les 10 et 11 ao\u00fbt 2024. Les c\u00e9l\u00e9brants de la fin de semaine\u00a0: Les archev\u00eaques Marcel Damphousse, Terrence Prendergast, Guy Desrochers, et les \u00e9v\u00eaques Yvan Mathieu, Raymond Poisson et Pierre Goudreault. Il pourrait s&rsquo;agir du dernier p\u00e8lerinage annuel en raison de probl\u00e8mes de sant\u00e9 du recteur du sanctuaire et de M. Mike Budge. Pour s&rsquo;inscrire et obtenir des renseignements, veuillez communiquer avec\u00a0mike.budge@bell.net. Voir l&rsquo;affiche \u00e0\u00a0Ste-Anne-de-Beaupre | Annual Pilgrimage.<\/p>\n","protected":false},"author":10,"featured_media":3815,"comment_status":"closed","ping_status":"closed","sticky":false,"template":"","format":"standard","meta":{"_monsterinsights_skip_tracking":false,"_monsterinsights_sitenote_active":false,"_monsterinsights_sitenote_note":"","_monsterinsights_sitenote_category":0,"footnotes":"","_links_to":"","_links_to_target":""},"categories":[114,84],"tags":[],"class_list":["post-15005","post","type-post","status-publish","format-standard","has-post-thumbnail","hentry","category-bulletin","category-article"],"post_mailing_queue_ids":[],"_links":{"self":[{"href":"https:\/\/pembrokediocese.com\/fr\/wp-json\/wp\/v2\/posts\/15005","targetHints":{"allow":["GET"]}}],"collection":[{"href":"https:\/\/pembrokediocese.com\/fr\/wp-json\/wp\/v2\/posts"}],"about":[{"href":"https:\/\/pembrokediocese.com\/fr\/wp-json\/wp\/v2\/types\/post"}],"author":[{"embeddable":true,"href":"https:\/\/pembrokediocese.com\/fr\/wp-json\/wp\/v2\/users\/10"}],"replies":[{"embeddable":true,"href":"https:\/\/pembrokediocese.com\/fr\/wp-json\/wp\/v2\/comments?post=15005"}],"version-history":[{"count":1,"href":"https:\/\/pembrokediocese.com\/fr\/wp-json\/wp\/v2\/posts\/15005\/revisions"}],"predecessor-version":[{"id":15006,"href":"https:\/\/pembrokediocese.com\/fr\/wp-json\/wp\/v2\/posts\/15005\/revisions\/15006"}],"wp:featuredmedia":[{"embeddable":true,"href":"https:\/\/pembrokediocese.com\/fr\/wp-json\/wp\/v2\/media\/3815"}],"wp:attachment":[{"href":"https:\/\/pembrokediocese.com\/fr\/wp-json\/wp\/v2\/media?parent=15005"}],"wp:term":[{"taxonomy":"category","embeddable":true,"href":"https:\/\/pembrokediocese.com\/fr\/wp-json\/wp\/v2\/categories?post=15005"},{"taxonomy":"post_tag","embeddable":true,"href":"https:\/\/pembrokediocese.com\/fr\/wp-json\/wp\/v2\/tags?post=15005"}],"curies":[{"name":"wp","href":"https:\/\/api.w.org\/{rel}","templated":true}]}}