{"id":15071,"date":"2024-08-07T10:32:06","date_gmt":"2024-08-07T14:32:06","guid":{"rendered":"https:\/\/pembrokediocese.com\/?p=15071"},"modified":"2024-08-07T10:32:39","modified_gmt":"2024-08-07T14:32:39","slug":"bulletin-hebdomadaire-le-7-aout-2024-ferie","status":"publish","type":"post","link":"https:\/\/pembrokediocese.com\/fr\/article\/bulletin-hebdomadaire-le-7-aout-2024-ferie\/","title":{"rendered":"BULLETIN HEBDOMADAIRE  &#8211; le 7 ao\u00fbt 2024 (F\u00e9rie)"},"content":{"rendered":"<hr class=\"wp-block-separator has-alpha-channel-opacity\" \/>\r\n\r\n\r\n<h4 class=\"wp-block-heading\"><strong><i><a href=\"mailto:reception@pembrokediocese.com?subject=Abonnez-vous au bulletin hebdomadaire&amp;amp;body=Bonjour, je souhaite m'abonner au Bulletin Hebdomadaire s'il vous plait. Merci.\"><img loading=\"lazy\" decoding=\"async\" class=\"alignright wp-image-8004\" src=\"https:\/\/pembrokediocese.com\/wp-content\/uploads\/subscribe-banner-fr-200x205.png\" alt=\"\" width=\"124\" height=\"127\" srcset=\"https:\/\/pembrokediocese.com\/wp-content\/uploads\/subscribe-banner-fr-200x205.png 200w, https:\/\/pembrokediocese.com\/wp-content\/uploads\/subscribe-banner-fr-768x785.png 768w, https:\/\/pembrokediocese.com\/wp-content\/uploads\/subscribe-banner-fr.png 840w\" sizes=\"(max-width: 124px) 100vw, 124px\" \/><\/a><\/i><\/strong><\/h4>\r\n\r\n\r\n\r\n<h1 class=\"wp-block-heading\"><strong><em>Femme, grande est ta foi !<\/em><\/strong><\/h1>\r\n\r\n\r\n\r\n<h3 class=\"wp-block-heading\"><strong>(Mt. 15, 21-28)<\/strong><\/h3>\r\n\r\n\r\n<hr class=\"wp-block-separator has-alpha-channel-opacity\" \/>\r\n\r\n\r\n\r\n\r\n\r\n\r\n\r\n\r\n<h2 class=\"wp-block-heading\"><strong>DU DIOC\u00c8SE<\/strong><\/h2>\r\n<h3><strong>Heures du bureau durant l\u2019\u00e9t\u00e9<\/strong><\/h3>\r\n<p>Les bureaux dioc\u00e9sains seront ouverts de 9h \u00e0 16h du lundi au jeudi, et de 9h \u00e0 midi le vendredi durant la p\u00e9riode s\u2019\u00e9chelonnant <strong>du 2 juillet au 30 ao\u00fbt inclusivement. <\/strong><\/p>\r\n<h3><strong>Le p\u00e8re Michael Brehl, c.ss.r., nomm\u00e9 10<sup>e<\/sup> \u00e9v\u00eaque de Pembroke\u00a0<\/strong><\/h3>\r\n<p>Le 11 juin 2024, le pape Fran\u00e7ois a nomm\u00e9 le r\u00e9v\u00e9rend Michael Brehl, c.ss.r., 10<sup>e<\/sup> \u00e9v\u00eaque de Pembroke. L&rsquo;ordination \u00e9piscopale aura lieu \u00e0 la cath\u00e9drale St. Columbkille <strong>le jeudi 15 ao\u00fbt 2024 (solennit\u00e9 de l&rsquo;Assomption de Marie) \u00e0 10 h.<\/strong> Tous sont les bienvenus !<\/p>\r\n<h3><strong>Parking suppl\u00e9mentaire pour la messe d&rsquo;ordination \u00e9piscopale\u00a0<\/strong><\/h3>\r\n<p>Pour ceux qui assisteront \u00e0 l&rsquo;ordination \u00e9piscopale le jeudi 15 ao\u00fbt, veuillez noter que si vous ne pouvez pas vous garer \u00e0 proximit\u00e9 de la cath\u00e9drale, un parking suppl\u00e9mentaire sera disponible \u00e0 la paroisse Holy Name of Jesus, 284 Trafalgar Road, Pembroke. Une navette entre le parking de la paroisse Holy Name et la cath\u00e9drale sera mise en service \u00e0 9 heures ce matin-l\u00e0 et fonctionnera pendant une heure apr\u00e8s la fin de la messe.<\/p>\r\n<h3><strong>Pri\u00e8res<\/strong><\/h3>\r\n<p>Pour le repos de l&rsquo;\u00e2me du R\u00e9v\u00e9rend P\u00e8re Leo August Ramsperger, pr\u00eatre de l&rsquo;archidioc\u00e8se de Toronto, d\u00e9c\u00e9d\u00e9 paisiblement \u00e0 l&rsquo;h\u00f4pital Humber River, \u00e0 Toronto, le vendredi 2 ao\u00fbt \u00e0 l&rsquo;\u00e2ge de 100 ans. Le p\u00e8re Ramsperger a r\u00e9sid\u00e9 dans notre dioc\u00e8se pendant un certain nombre d&rsquo;ann\u00e9es apr\u00e8s sa retraite.<\/p>\r\n\r\n\r\n<hr class=\"wp-block-separator has-alpha-channel-opacity\" \/>\r\n\r\n\r\n\r\n\r\n<p>\r\n\r\n<\/p>\r\n<h2><strong>DE LA CECC<\/strong><\/h2>\r\n<h3><strong>Pr\u00e9parations en cours pour la deuxi\u00e8me session de la XVI<sup>e<\/sup> Assembl\u00e9e g\u00e9n\u00e9rale ordinaire du Synode des \u00e9v\u00eaques\u00a0<\/strong><\/h3>\r\n<p><strong>OTTAWA, le 25 juillet 2024<\/strong>\u00a0\u2013 Le 9 juillet dernier, le Secr\u00e9tariat g\u00e9n\u00e9ral du Synode des \u00e9v\u00eaques a publi\u00e9 l\u2019<a href=\"https:\/\/www.cecc.ca\/wp-content\/uploads\/2024\/07\/Instrumentum-laboris_FR-II-Sessione-XVI-AGO.pdf\"><strong>Instrumentum laboris<\/strong><\/a>\u00a0pour la deuxi\u00e8me session de la XVI<sup>e<\/sup>\u00a0Assembl\u00e9e g\u00e9n\u00e9rale ordinaire du Synode des \u00e9v\u00eaques qui aura lieu du 2 au 27\u00a0octobre 2024 \u00e0 Rome. Cette session repr\u00e9sentera un moment significatif dans le cheminement synodal continu de l\u2019\u00c9glise, initi\u00e9 en 2021, en discernant comment l\u2019\u00c9glise peut devenir plus synodale et missionnaire. <a href=\"https:\/\/www.cecc.ca\/communique-de-presse\/preparations-en-cours-pour-la-deuxieme-session-de-la-xvie-assemblee-generale-ordinaire-du-synode-des-eveques\/\">(Lire la suite\u2026)<\/a><\/p>\r\n<h3><strong>Nomination \u00e9piscopale pour le dioc\u00e8se de Pembroke\u00a0<\/strong><\/h3>\r\n<p><strong>11 juin 2024 \u2013 Ottawa \u2013<\/strong> Sa Saintet\u00e9 le pape Fran\u00e7ois a nomm\u00e9 le P\u00e8re Michael Brehl, C.Ss.R., actuellement sup\u00e9rieur provincial des R\u00e9demptoristes du Canada, comme nouvel \u00e9v\u00eaque de Pembroke. <a href=\"https:\/\/www.cecc.ca\/communique-de-presse\/nomination-episcopale-pour-le-diocese-de-pembroke\/\">(Lire la suite\u2026)<\/a><\/p>\r\n<hr class=\"wp-block-separator has-alpha-channel-opacity\" \/>\r\n<p>\r\n\r\n\r\n\r\n<\/p>\r\n<p>\r\n\r\n\r\n\r\n\r\n\r\n<\/p>\r\n<p>\r\n\r\n\r\n\r\n<\/p>\r\n<p>\r\n\r\n<\/p>\r\n<p>\r\n\r\n<\/p>\r\n<p>\r\n\r\n<\/p>\r\n<p>\r\n\r\n<\/p>\r\n<p>\r\n\r\n<\/p>\r\n<h2><strong>SYNODE<\/strong><\/h2>\r\n<h3><strong>Nouvelles du Synode\u00a0<\/strong><\/h3>\r\n<p>La Conf\u00e9rence des \u00e9v\u00eaques catholiques du Canada a entrepris une vaste r\u00e9flexion synodale en mai 2024, sollicitant les contributions des dioc\u00e8ses de rite latin \u00e0 travers le pays. La synth\u00e8se pr\u00e9sente les r\u00e9sultats de ces r\u00e9flexions, mettant en lumi\u00e8re les th\u00e8mes prioritaires et les d\u00e9fis rencontr\u00e9s. Parmi les th\u00e8mes abord\u00e9s, l\u2019accent est mis sur la mission de l\u2019\u00c9glise, l\u2019\u00e9coute et l\u2019accompagnement, ainsi que la participation aux structures eccl\u00e9siales. Les r\u00e9ponses r\u00e9v\u00e8lent une diversit\u00e9 d\u2019approches et de pr\u00e9occupations, refl\u00e9tant la richesse et la complexit\u00e9 de l\u2019\u00c9glise catholique au Canada. <a href=\"https:\/\/pembrokediocese.com\/wp-content\/uploads\/CECC-Rapport-de-synthese-Canada-mai-2024-1.pdf\">Cliquer ici pour lire la synth\u00e8se.<\/a><\/p>\r\n<hr class=\"wp-block-separator has-alpha-channel-opacity\" \/>\r\n<p>\r\n\r\n<\/p>\r\n<h2 class=\"wp-block-heading\"><strong>V\u00c9RIT\u00c9 ET R\u00c9CONCILIATION<\/strong><\/h2>\r\n<h3><strong>La Coalition pour les droits humains des peuples autochtones promeut la mise en \u0153uvre pleine et effective de <em>la D\u00e9claration des Nations Unies sur les droits des peuples autochtones<\/em>, et nous demandons instamment que\u00a0:<\/strong><\/h3>\r\n<p><strong>Les \u00e9tablissements d&rsquo;enseignement <\/strong>int\u00e8grent la d\u00e9claration dans leur programme, y compris dans la formation des enseignants.<\/p>\r\n<p>\r\n\r\n<\/p>\r\n<p>\r\n\r\n<\/p>\r\n<hr class=\"wp-block-separator has-alpha-channel-opacity\" \/>\r\n<p>\r\n\r\n<\/p>\r\n<p>\r\n\r\n\r\n\r\n<\/p>\r\n<p>\r\n\r\n<\/p>\r\n<p>\r\n\r\n<\/p>\r\n<p>\r\n\r\n<\/p>\r\n<p>\r\n\r\n<\/p>\r\n<p>\r\n\r\n<\/p>\r\n<p>\r\n\r\n\r\n\r\n\r\n\r\n<\/p>\r\n<p>\r\n\r\n<\/p>\r\n<p>\r\n\r\n<\/p>\r\n<p>\r\n\r\n\r\n\r\n<\/p>\r\n<p>\r\n\r\n<\/p>\r\n<p>\r\n\r\n<\/p>\r\n<p>\r\n\r\n<\/p>\r\n<p>\r\n\r\n<\/p>\r\n<p>\r\n\r\n<\/p>\r\n<h2 class=\"wp-block-heading\"><strong>L\u2019\u00c9QUIPE D\u2019\u00c9VANG\u00c9LISATION<\/strong><\/h2>\r\n<h3><strong>Guide de Partage de la Bible en Petits Groupes\u00a0: Une Approche Synodale <\/strong><\/h3>\r\n<p><em>Par Pierre-Alain Giffard, directeur de la pastorale dioc\u00e9saine<\/em><\/p>\r\n<p>Dans ce texte, vous trouverez une d\u00e9marche pour animer une conversation spirituelle d\u2019une heure en petit groupe, en vous appuyant sur des textes bibliques. Cette approche s\u2019inspire de la m\u00e9thode des conversations spirituelles utilis\u00e9e lors du Synode sur la Synodalit\u00e9. La d\u00e9marche met l\u2019accent sur l\u2019\u00e9coute de l\u2019Esprit Saint, le discernement et la fraternit\u00e9, favorisant ainsi un lien plus profond avec les \u00c9critures et les uns avec les autres. <a href=\"https:\/\/pembrokediocese.com\/fr\/article\/guide-de-partage-de-la-bible-en-petits-groupes-une-approche-synodale\/\">(Lire la suite\u2026)<\/a><\/p>\r\n<hr class=\"wp-block-separator has-alpha-channel-opacity\" \/>\r\n<p>\r\n\r\n<\/p>\r\n<p><\/p>\r\n<h2><strong>AUTRES \u00c9V\u00c9NMENTS CATHOLIQUES<\/strong><\/h2>\r\n<p><strong>\u00a0<\/strong><strong>150<sup>e<\/sup>\u00a0anniversaire de p\u00e8lerinage annuel \u00e0 Ste-Anne-de-Beaupr\u00e9 et Notre-Dame-du-Cap\u00a0<\/strong><\/p>\r\n<p>Des dioc\u00e8ses d&rsquo;Ottawa-Cornwall, de Pembroke, de Mont-Laurier\/St-J\u00e9r\u00f4me, de Kingston et de Gatineau,\u00a0<strong>les 10 et 11 ao\u00fbt 2024<\/strong>. Les c\u00e9l\u00e9brants de la fin de semaine\u00a0: Les archev\u00eaques Marcel Damphousse, Terrence Prendergast, Guy Desrochers, et les \u00e9v\u00eaques Yvan Mathieu, Raymond Poisson et Pierre Goudreault. Il pourrait s&rsquo;agir du dernier p\u00e8lerinage annuel en raison de probl\u00e8mes de sant\u00e9 du recteur du sanctuaire et de M. Mike Budge. Pour s&rsquo;inscrire et obtenir des renseignements, veuillez communiquer avec\u00a0<a href=\"mailto:mike.budge@bell.net\">mike.budge@bell.net<\/a>. Voir l&rsquo;affiche \u00e0\u00a0<a href=\"https:\/\/www.ste-anne-de-beaupre.com\/\">Ste-Anne-de-Beaupre | Annual Pilgrimage<\/a>.<\/p>\r\n<p><!-- \/wp:post-content --><\/p>\r\n<p><!-- wp:separator --><\/p>\r\n<hr class=\"wp-block-separator has-alpha-channel-opacity\" \/>\r\n<p><!-- \/wp:separator --><\/p>","protected":false},"excerpt":{"rendered":"<p>Femme, grande est ta foi ! (Mt. 15, 21-28) DU DIOC\u00c8SE Heures du bureau durant l\u2019\u00e9t\u00e9 Les bureaux dioc\u00e9sains seront ouverts de 9h \u00e0 16h du lundi au jeudi, et de 9h \u00e0 midi le vendredi durant la p\u00e9riode s\u2019\u00e9chelonnant du 2 juillet au 30 ao\u00fbt inclusivement. Le p\u00e8re Michael Brehl, c.ss.r., nomm\u00e9 10e \u00e9v\u00eaque de Pembroke\u00a0 Le 11 juin 2024, le pape Fran\u00e7ois a nomm\u00e9 le r\u00e9v\u00e9rend Michael Brehl, c.ss.r., 10e \u00e9v\u00eaque de Pembroke. L&rsquo;ordination \u00e9piscopale aura lieu \u00e0 la cath\u00e9drale St. Columbkille le jeudi 15 ao\u00fbt 2024 (solennit\u00e9 de l&rsquo;Assomption de Marie) \u00e0 10 h. Tous sont les bienvenus ! Parking suppl\u00e9mentaire pour la messe d&rsquo;ordination \u00e9piscopale\u00a0 Pour ceux qui assisteront \u00e0 l&rsquo;ordination \u00e9piscopale le jeudi 15 ao\u00fbt, veuillez noter que si vous ne pouvez pas vous garer \u00e0 proximit\u00e9 de la cath\u00e9drale, un parking suppl\u00e9mentaire sera disponible \u00e0 la paroisse Holy Name of Jesus, 284 Trafalgar Road, Pembroke. Une navette entre le parking de la paroisse Holy Name et la cath\u00e9drale sera mise en service \u00e0 9 heures ce matin-l\u00e0 et fonctionnera pendant une heure apr\u00e8s la fin de la messe. Pri\u00e8res Pour le repos de l&rsquo;\u00e2me du R\u00e9v\u00e9rend P\u00e8re Leo August Ramsperger, pr\u00eatre de l&rsquo;archidioc\u00e8se de Toronto, d\u00e9c\u00e9d\u00e9 paisiblement \u00e0 l&rsquo;h\u00f4pital Humber River, \u00e0 Toronto, le vendredi 2 ao\u00fbt \u00e0 l&rsquo;\u00e2ge de 100 ans. Le p\u00e8re Ramsperger a r\u00e9sid\u00e9 dans notre dioc\u00e8se pendant un certain nombre d&rsquo;ann\u00e9es apr\u00e8s sa retraite. V\u00c9RIT\u00c9 ET R\u00c9CONCILIATION La Coalition pour les droits humains des peuples autochtones promeut la mise en \u0153uvre pleine et effective de la D\u00e9claration des Nations Unies sur les droits des peuples autochtones, et nous demandons instamment que\u00a0: Les \u00e9tablissements d&rsquo;enseignement int\u00e8grent la d\u00e9claration dans leur programme, y compris dans la formation des enseignants. AUTRES \u00c9V\u00c9NMENTS CATHOLIQUES \u00a0150e\u00a0anniversaire de p\u00e8lerinage annuel \u00e0 Ste-Anne-de-Beaupr\u00e9 et Notre-Dame-du-Cap\u00a0 Des dioc\u00e8ses d&rsquo;Ottawa-Cornwall, de Pembroke, de Mont-Laurier\/St-J\u00e9r\u00f4me, de Kingston et de Gatineau,\u00a0les 10 et 11 ao\u00fbt 2024. Les c\u00e9l\u00e9brants de la fin de semaine\u00a0: Les archev\u00eaques Marcel Damphousse, Terrence Prendergast, Guy Desrochers, et les \u00e9v\u00eaques Yvan Mathieu, Raymond Poisson et Pierre Goudreault. Il pourrait s&rsquo;agir du dernier p\u00e8lerinage annuel en raison de probl\u00e8mes de sant\u00e9 du recteur du sanctuaire et de M. Mike Budge. Pour s&rsquo;inscrire et obtenir des renseignements, veuillez communiquer avec\u00a0mike.budge@bell.net. Voir l&rsquo;affiche \u00e0\u00a0Ste-Anne-de-Beaupre | Annual Pilgrimage.<\/p>\n","protected":false},"author":10,"featured_media":3815,"comment_status":"closed","ping_status":"closed","sticky":false,"template":"","format":"standard","meta":{"_monsterinsights_skip_tracking":false,"_monsterinsights_sitenote_active":false,"_monsterinsights_sitenote_note":"","_monsterinsights_sitenote_category":0,"footnotes":"","_links_to":"","_links_to_target":""},"categories":[114,84],"tags":[],"class_list":["post-15071","post","type-post","status-publish","format-standard","has-post-thumbnail","hentry","category-bulletin","category-article"],"post_mailing_queue_ids":[],"_links":{"self":[{"href":"https:\/\/pembrokediocese.com\/fr\/wp-json\/wp\/v2\/posts\/15071","targetHints":{"allow":["GET"]}}],"collection":[{"href":"https:\/\/pembrokediocese.com\/fr\/wp-json\/wp\/v2\/posts"}],"about":[{"href":"https:\/\/pembrokediocese.com\/fr\/wp-json\/wp\/v2\/types\/post"}],"author":[{"embeddable":true,"href":"https:\/\/pembrokediocese.com\/fr\/wp-json\/wp\/v2\/users\/10"}],"replies":[{"embeddable":true,"href":"https:\/\/pembrokediocese.com\/fr\/wp-json\/wp\/v2\/comments?post=15071"}],"version-history":[{"count":1,"href":"https:\/\/pembrokediocese.com\/fr\/wp-json\/wp\/v2\/posts\/15071\/revisions"}],"predecessor-version":[{"id":15072,"href":"https:\/\/pembrokediocese.com\/fr\/wp-json\/wp\/v2\/posts\/15071\/revisions\/15072"}],"wp:featuredmedia":[{"embeddable":true,"href":"https:\/\/pembrokediocese.com\/fr\/wp-json\/wp\/v2\/media\/3815"}],"wp:attachment":[{"href":"https:\/\/pembrokediocese.com\/fr\/wp-json\/wp\/v2\/media?parent=15071"}],"wp:term":[{"taxonomy":"category","embeddable":true,"href":"https:\/\/pembrokediocese.com\/fr\/wp-json\/wp\/v2\/categories?post=15071"},{"taxonomy":"post_tag","embeddable":true,"href":"https:\/\/pembrokediocese.com\/fr\/wp-json\/wp\/v2\/tags?post=15071"}],"curies":[{"name":"wp","href":"https:\/\/api.w.org\/{rel}","templated":true}]}}