{"id":15101,"date":"2024-08-13T10:34:06","date_gmt":"2024-08-13T14:34:06","guid":{"rendered":"https:\/\/pembrokediocese.com\/?p=15101"},"modified":"2024-08-13T10:34:06","modified_gmt":"2024-08-13T14:34:06","slug":"bulletin-hebdomadaire-le-13-aout-2024-ferie","status":"publish","type":"post","link":"https:\/\/pembrokediocese.com\/fr\/article\/bulletin-hebdomadaire-le-13-aout-2024-ferie\/","title":{"rendered":"BULLETIN HEBDOMADAIRE  &#8211; le 13 ao\u00fbt 2024 (F\u00e9rie)"},"content":{"rendered":"<hr class=\"wp-block-separator has-alpha-channel-opacity\" \/>\r\n\r\n\r\n<h4 class=\"wp-block-heading\"><strong><i><a href=\"mailto:reception@pembrokediocese.com?subject=Abonnez-vous au bulletin hebdomadaire&amp;amp;body=Bonjour, je souhaite m'abonner au Bulletin Hebdomadaire s'il vous plait. Merci.\"><img loading=\"lazy\" decoding=\"async\" class=\"alignright wp-image-8004\" src=\"https:\/\/pembrokediocese.com\/wp-content\/uploads\/subscribe-banner-fr-200x205.png\" alt=\"\" width=\"124\" height=\"127\" srcset=\"https:\/\/pembrokediocese.com\/wp-content\/uploads\/subscribe-banner-fr-200x205.png 200w, https:\/\/pembrokediocese.com\/wp-content\/uploads\/subscribe-banner-fr-768x785.png 768w, https:\/\/pembrokediocese.com\/wp-content\/uploads\/subscribe-banner-fr.png 840w\" sizes=\"(max-width: 124px) 100vw, 124px\" \/><\/a><\/i><\/strong><\/h4>\r\n\r\n\r\n\r\n<h1 class=\"wp-block-heading\"><strong><em>Si vous ne changez pas pour devenir comme les enfants, vous n&rsquo;entrerez pas dans le royaume des Cieux.<\/em><\/strong><\/h1>\r\n\r\n\r\n\r\n<h3 class=\"wp-block-heading\"><strong>(Mt. 18, 1-5, 10, 12-14)<\/strong><\/h3>\r\n\r\n\r\n<hr class=\"wp-block-separator has-alpha-channel-opacity\" \/>\r\n\r\n\r\n\r\n\r\n\r\n\r\n\r\n\r\n<h2 class=\"wp-block-heading\"><strong>DU DIOC\u00c8SE<\/strong><\/h2>\r\n<h3><strong>Heures du bureau durant l\u2019\u00e9t\u00e9<\/strong><\/h3>\r\n<p>Les bureaux dioc\u00e9sains seront ouverts de 9h \u00e0 16h du lundi au jeudi, et de 9h \u00e0 midi le vendredi durant la p\u00e9riode s\u2019\u00e9chelonnant <strong>du 2 juillet au 30 ao\u00fbt inclusivement. <\/strong><\/p>\r\n<h3><strong>Ordination \u00e9piscopale et installation\u00a0<\/strong><\/h3>\r\n<p>L\u2019ordination \u00e9piscopale et l\u2019installation de Mgr Michael Brehl comme 10e \u00e9v\u00eaque de Pembroke aura lieu \u00e0 la Cath\u00e9drale St. Columbkille (188 Renfrew Street, Pembroke, Ontario) le <strong>jeudi 15 ao\u00fbt 2024 \u00e0 10h (heure de l\u2019est).<\/strong><\/p>\r\n<p>L\u2019\u00e9v\u00e9nement sera enregistr\u00e9 et diffus\u00e9 sur YouTube tr\u00e8s t\u00f4t par la suite, o\u00f9 les gens d\u2019ici et de loin pourront voir pour la premi\u00e8re fois ou revivre cette grande c\u00e9l\u00e9bration de notre \u00c9glise dioc\u00e9saine.<\/p>\r\n<p>Notre cha\u00eene YouTube est :\u00a0<a href=\"https:\/\/www.youtube.com\/@pembrokediocese\">https:\/\/www.youtube.com\/@pembrokediocese<\/a><\/p>\r\n<p>Pour ceux et celles qui veulent assister en pr\u00e9sentiel, du stationnement additionnel sera disponible \u00e0 la paroisse Holy Name of Jesus (rue Trafalgar) avec une navette qui vous apportera \u00e0 la Cath\u00e9drale \u00e0 partir de 9h et jusqu\u2019\u00e0 60 minutes suivant la messe. <a href=\"https:\/\/pembrokediocese.com\/fr\/article\/ordination-episcopale\/\">(Lire la suite\u2026)<\/a><\/p>\r\n\r\n\r\n<hr class=\"wp-block-separator has-alpha-channel-opacity\" \/>\r\n\r\n\r\n\r\n\r\n<p>\r\n\r\n<\/p>\r\n<h2><strong>DE LA CECC<\/strong><\/h2>\r\n<h3><strong>Nomination \u00e9piscopale pour le dioc\u00e8se de Pembroke\u00a0<\/strong><\/h3>\r\n<p><strong>11 juin 2024 \u2013 Ottawa \u2013<\/strong> Sa Saintet\u00e9 le pape Fran\u00e7ois a nomm\u00e9 le P\u00e8re Michael Brehl, C.Ss.R., actuellement sup\u00e9rieur provincial des R\u00e9demptoristes du Canada, comme nouvel \u00e9v\u00eaque de Pembroke. <a href=\"https:\/\/www.cecc.ca\/communique-de-presse\/nomination-episcopale-pour-le-diocese-de-pembroke\/\">(Lire la suite\u2026)<\/a><\/p>\r\n<hr class=\"wp-block-separator has-alpha-channel-opacity\" \/>\r\n<p>\r\n\r\n\r\n\r\n<\/p>\r\n<p>\r\n\r\n\r\n\r\n\r\n\r\n<\/p>\r\n<p>\r\n\r\n\r\n\r\n<\/p>\r\n<p>\r\n\r\n<\/p>\r\n<p>\r\n\r\n<\/p>\r\n<p>\r\n\r\n<\/p>\r\n<p>\r\n\r\n<\/p>\r\n<p>\r\n\r\n<\/p>\r\n<h2><strong>SYNODE<\/strong><\/h2>\r\n<h3><strong>Nouvelles du Synode\u00a0<\/strong><\/h3>\r\n<p>La Conf\u00e9rence des \u00e9v\u00eaques catholiques du Canada a entrepris une vaste r\u00e9flexion synodale en mai 2024, sollicitant les contributions des dioc\u00e8ses de rite latin \u00e0 travers le pays. La synth\u00e8se pr\u00e9sente les r\u00e9sultats de ces r\u00e9flexions, mettant en lumi\u00e8re les th\u00e8mes prioritaires et les d\u00e9fis rencontr\u00e9s. Parmi les th\u00e8mes abord\u00e9s, l\u2019accent est mis sur la mission de l\u2019\u00c9glise, l\u2019\u00e9coute et l\u2019accompagnement, ainsi que la participation aux structures eccl\u00e9siales. Les r\u00e9ponses r\u00e9v\u00e8lent une diversit\u00e9 d\u2019approches et de pr\u00e9occupations, refl\u00e9tant la richesse et la complexit\u00e9 de l\u2019\u00c9glise catholique au Canada. <a href=\"https:\/\/pembrokediocese.com\/wp-content\/uploads\/CECC-Rapport-de-synthese-Canada-mai-2024-1.pdf\">Cliquer ici pour lire la synth\u00e8se.<\/a><\/p>\r\n<hr class=\"wp-block-separator has-alpha-channel-opacity\" \/>\r\n<p>\r\n\r\n<\/p>\r\n<h2 class=\"wp-block-heading\"><strong>V\u00c9RIT\u00c9 ET R\u00c9CONCILIATION<\/strong><\/h2>\r\n<h3><strong>La Coalition pour les droits humains des peuples autochtones promeut la mise en \u0153uvre pleine et effective de <em>la D\u00e9claration des Nations Unies sur les droits des peuples autochtones<\/em>, et nous demandons instamment que\u00a0:<\/strong><\/h3>\r\n<p><strong>Les entreprises et les investisseurs <\/strong>veillent \u00e0 ce que leurs politiques en mati\u00e8re de droits de l&rsquo;homme et leurs pratiques commerciales int\u00e8grent les normes de la d\u00e9claration.<\/p>\r\n<p>\r\n\r\n<\/p>\r\n<p>\r\n\r\n<\/p>\r\n<hr class=\"wp-block-separator has-alpha-channel-opacity\" \/>\r\n<p>\r\n\r\n<\/p>\r\n<p>\r\n\r\n\r\n\r\n<\/p>\r\n<p>\r\n\r\n<\/p>\r\n<p>\r\n\r\n<\/p>\r\n<p>\r\n\r\n<\/p>\r\n<p>\r\n\r\n<\/p>\r\n<p>\r\n\r\n<\/p>\r\n<p>\r\n\r\n\r\n\r\n\r\n\r\n<\/p>\r\n<p>\r\n\r\n<\/p>\r\n<p>\r\n\r\n<\/p>\r\n<p>\r\n\r\n\r\n\r\n<\/p>\r\n<p>\r\n\r\n<\/p>\r\n<p>\r\n\r\n<\/p>\r\n<p>\r\n\r\n<\/p>\r\n<p>\r\n\r\n<\/p>\r\n<p>\r\n\r\n<\/p>\r\n<h2 class=\"wp-block-heading\"><strong>L\u2019\u00c9QUIPE D\u2019\u00c9VANG\u00c9LISATION<\/strong><\/h2>\r\n<h3><strong>Pistes pratiques pour atteindre les personnes \u00e9loign\u00e9es de la foi <\/strong><\/h3>\r\n<p><em>Par Pierre-Alain Giffard, directeur de la pastorale dioc\u00e9saine<\/em><\/p>\r\n<p>De nombreux croyants et croyantes aimeraient partager leur foi avec autrui, mais ils s\u2019interrogent sur la mani\u00e8re d\u2019atteindre ceux et celles qui ne font pas partie d\u2019une communaut\u00e9 paroissiale. Souvent, ils sont principalement entour\u00e9s d\u2019autres catholiques et ne savent pas comment combler le foss\u00e9 entre leur communaut\u00e9 eccl\u00e9siale et ceux qui n\u2019en font pas partie. <a href=\"https:\/\/pembrokediocese.com\/fr\/article\/etapes-pratiques-pour-atteindre-les-personnes-sans-communaute-chretienne\/\">(Lire la suite\u2026)<\/a><\/p>\r\n<hr class=\"wp-block-separator has-alpha-channel-opacity\" \/>\r\n<p>\r\n\r\n<\/p>\r\n<p><\/p>\r\n<p>&nbsp;<\/p>\r\n<p><!-- \/wp:post-content --><\/p>","protected":false},"excerpt":{"rendered":"<p>Si vous ne changez pas pour devenir comme les enfants, vous n&rsquo;entrerez pas dans le royaume des Cieux. (Mt. 18, 1-5, 10, 12-14) DU DIOC\u00c8SE Heures du bureau durant l\u2019\u00e9t\u00e9 Les bureaux dioc\u00e9sains seront ouverts de 9h \u00e0 16h du lundi au jeudi, et de 9h \u00e0 midi le vendredi durant la p\u00e9riode s\u2019\u00e9chelonnant du 2 juillet au 30 ao\u00fbt inclusivement. Ordination \u00e9piscopale et installation\u00a0 L\u2019ordination \u00e9piscopale et l\u2019installation de Mgr Michael Brehl comme 10e \u00e9v\u00eaque de Pembroke aura lieu \u00e0 la Cath\u00e9drale St. Columbkille (188 Renfrew Street, Pembroke, Ontario) le jeudi 15 ao\u00fbt 2024 \u00e0 10h (heure de l\u2019est). L\u2019\u00e9v\u00e9nement sera enregistr\u00e9 et diffus\u00e9 sur YouTube tr\u00e8s t\u00f4t par la suite, o\u00f9 les gens d\u2019ici et de loin pourront voir pour la premi\u00e8re fois ou revivre cette grande c\u00e9l\u00e9bration de notre \u00c9glise dioc\u00e9saine. Notre cha\u00eene YouTube est :\u00a0https:\/\/www.youtube.com\/@pembrokediocese Pour ceux et celles qui veulent assister en pr\u00e9sentiel, du stationnement additionnel sera disponible \u00e0 la paroisse Holy Name of Jesus (rue Trafalgar) avec une navette qui vous apportera \u00e0 la Cath\u00e9drale \u00e0 partir de 9h et jusqu\u2019\u00e0 60 minutes suivant la messe. (Lire la suite\u2026) V\u00c9RIT\u00c9 ET R\u00c9CONCILIATION La Coalition pour les droits humains des peuples autochtones promeut la mise en \u0153uvre pleine et effective de la D\u00e9claration des Nations Unies sur les droits des peuples autochtones, et nous demandons instamment que\u00a0: Les entreprises et les investisseurs veillent \u00e0 ce que leurs politiques en mati\u00e8re de droits de l&rsquo;homme et leurs pratiques commerciales int\u00e8grent les normes de la d\u00e9claration. &nbsp;<\/p>\n","protected":false},"author":10,"featured_media":3815,"comment_status":"closed","ping_status":"closed","sticky":false,"template":"","format":"standard","meta":{"_monsterinsights_skip_tracking":false,"_monsterinsights_sitenote_active":false,"_monsterinsights_sitenote_note":"","_monsterinsights_sitenote_category":0,"footnotes":"","_links_to":"","_links_to_target":""},"categories":[114,84],"tags":[],"class_list":["post-15101","post","type-post","status-publish","format-standard","has-post-thumbnail","hentry","category-bulletin","category-article"],"post_mailing_queue_ids":[],"_links":{"self":[{"href":"https:\/\/pembrokediocese.com\/fr\/wp-json\/wp\/v2\/posts\/15101","targetHints":{"allow":["GET"]}}],"collection":[{"href":"https:\/\/pembrokediocese.com\/fr\/wp-json\/wp\/v2\/posts"}],"about":[{"href":"https:\/\/pembrokediocese.com\/fr\/wp-json\/wp\/v2\/types\/post"}],"author":[{"embeddable":true,"href":"https:\/\/pembrokediocese.com\/fr\/wp-json\/wp\/v2\/users\/10"}],"replies":[{"embeddable":true,"href":"https:\/\/pembrokediocese.com\/fr\/wp-json\/wp\/v2\/comments?post=15101"}],"version-history":[{"count":1,"href":"https:\/\/pembrokediocese.com\/fr\/wp-json\/wp\/v2\/posts\/15101\/revisions"}],"predecessor-version":[{"id":15102,"href":"https:\/\/pembrokediocese.com\/fr\/wp-json\/wp\/v2\/posts\/15101\/revisions\/15102"}],"wp:featuredmedia":[{"embeddable":true,"href":"https:\/\/pembrokediocese.com\/fr\/wp-json\/wp\/v2\/media\/3815"}],"wp:attachment":[{"href":"https:\/\/pembrokediocese.com\/fr\/wp-json\/wp\/v2\/media?parent=15101"}],"wp:term":[{"taxonomy":"category","embeddable":true,"href":"https:\/\/pembrokediocese.com\/fr\/wp-json\/wp\/v2\/categories?post=15101"},{"taxonomy":"post_tag","embeddable":true,"href":"https:\/\/pembrokediocese.com\/fr\/wp-json\/wp\/v2\/tags?post=15101"}],"curies":[{"name":"wp","href":"https:\/\/api.w.org\/{rel}","templated":true}]}}