{"id":15143,"date":"2024-08-27T11:47:57","date_gmt":"2024-08-27T15:47:57","guid":{"rendered":"https:\/\/pembrokediocese.com\/?p=15143"},"modified":"2024-08-27T11:51:14","modified_gmt":"2024-08-27T15:51:14","slug":"bulletin-hebdomadaire-le-27-aout-2024-ste-monique","status":"publish","type":"post","link":"https:\/\/pembrokediocese.com\/fr\/article\/bulletin-hebdomadaire-le-27-aout-2024-ste-monique\/","title":{"rendered":"BULLETIN HEBDOMADAIRE  &#8211; le 27 ao\u00fbt 2024 (Ste Monique)"},"content":{"rendered":"<hr class=\"wp-block-separator has-alpha-channel-opacity\" \/>\r\n\r\n\r\n<h4 class=\"wp-block-heading\"><strong><i><a href=\"mailto:reception@pembrokediocese.com?subject=Abonnez-vous au bulletin hebdomadaire&amp;amp;body=Bonjour, je souhaite m'abonner au Bulletin Hebdomadaire s'il vous plait. Merci.\"><img loading=\"lazy\" decoding=\"async\" class=\"alignright wp-image-8004\" src=\"https:\/\/pembrokediocese.com\/wp-content\/uploads\/subscribe-banner-fr-200x205.png\" alt=\"\" width=\"124\" height=\"127\" srcset=\"https:\/\/pembrokediocese.com\/wp-content\/uploads\/subscribe-banner-fr-200x205.png 200w, https:\/\/pembrokediocese.com\/wp-content\/uploads\/subscribe-banner-fr-768x785.png 768w, https:\/\/pembrokediocese.com\/wp-content\/uploads\/subscribe-banner-fr.png 840w\" sizes=\"(max-width: 124px) 100vw, 124px\" \/><\/a><\/i><\/strong><\/h4>\r\n\r\n\r\n\r\n<h1 class=\"wp-block-heading\"><strong><em>Voil\u00e0 ce qu&rsquo;il fallait pratiquer sans n\u00e9gliger le reste.<\/em><\/strong><\/h1>\r\n\r\n\r\n\r\n<h3 class=\"wp-block-heading\"><strong>(Mt. 23, 23-26)<\/strong><\/h3>\r\n\r\n\r\n<hr class=\"wp-block-separator has-alpha-channel-opacity\" \/>\r\n\r\n\r\n\r\n\r\n\r\n\r\n\r\n\r\n<h2 class=\"wp-block-heading\"><strong>DU DIOC\u00c8SE<\/strong><\/h2>\r\n<h3><strong>Jour du travail\u00a0<\/strong><\/h3>\r\n<p>Les bureaux dioc\u00e9sains seront <strong>ferm\u00e9s le lundi 2 septembre<\/strong> et rouvriront le mardi 3 septembre \u00e0 8 h 30.<\/p>\r\n<h3><strong>Rentr\u00e9e scolaire 2024\u00a0<\/strong><\/h3>\r\n<p>Regardez cette vid\u00e9o YouTube du dioc\u00e8se de Pembroke sur la rentr\u00e9e scolaire 2024\u00a0: <a href=\"https:\/\/www.youtube.com\/watch?v=PcPoJ1hEfP4\">Rentr\u00e9e scolaire 2024 (youtube.com)<\/a>.<\/p>\r\n<h3><strong>Heures d&rsquo;ouverture des bureaux de la chancellerie\u00a0<\/strong><\/h3>\r\n<p><strong>\u00c0 partir du mardi 3 septembre<\/strong>, les bureaux de la Chancellerie reprendront leurs horaires normaux de 8h30 \u00e0 16h30 du lundi au vendredi.<\/p>\r\n<h3><strong>Ordination \u00e9piscopale et installation\u00a0<\/strong><\/h3>\r\n<p>L&rsquo;ordination \u00e9piscopale de Mgr Michael Brehl comme 10e \u00e9v\u00eaque de Pembroke, qui a eu lieu \u00e0 la cath\u00e9drale St. Columbkille le jeudi 15 ao\u00fbt 2024, est maintenant disponible sur YouTube\u00a0:\u00a0<a href=\"https:\/\/www.youtube.com\/watch?v=-J-4ACuFF3k\">https:\/\/www.youtube.com\/watch?v=-J-4ACuFF3k<\/a>.<\/p>\r\n\r\n\r\n<hr class=\"wp-block-separator has-alpha-channel-opacity\" \/>\r\n\r\n\r\n\r\n\r\n<p>\r\n\r\n<\/p>\r\n<h2><strong>DE LA CECC<\/strong><\/h2>\r\n<h3><strong>Mgr John Boissonneau nomm\u00e9 Directeur des <em>Pontifical Mission Societies<\/em> pour le Canada anglais \u2013 vendredi, ao\u00fbt 23, 2024\u00a0<\/strong><\/h3>\r\n<p>Le Cardinal Luis Antonio G. Tagle, pro-pr\u00e9fet de la Section pour la premi\u00e8re \u00e9vang\u00e9lisation et les nouvelles \u00c9glises particuli\u00e8res du Dicast\u00e8re pour l\u2019\u00e9vang\u00e9lisation, a nomm\u00e9 Mgr John A. Boissonneau, \u00e9v\u00eaque auxiliaire \u00e0 Toronto, comme Directeur\u00a0pro tempore\u00a0des\u00a0Pontifical Mission Societies\u00a0(\u00ab\u00a0\u0152uvres pontificales missionnaires\u00a0\u00bb) pour le Canada anglais. <a href=\"https:\/\/www.cecc.ca\/annonce\/mgr-john-boissonneau-nomme-directeur-des-pontifical-mission-societies-pour-le-canada-anglais\/\">(Lire la suite\u2026)<\/a><\/p>\r\n<h3><strong>La CECC invite tous les fid\u00e8les \u00e0 participer \u00e0 la Journ\u00e9e mondiale de pri\u00e8re pour la sauvegarde de la cr\u00e9ation le 1<sup>er<\/sup> septembre 2024 \u2013 <\/strong><strong>lundi le 26 ao\u00fbt 2024\u00a0<\/strong><\/h3>\r\n<p><strong>OTTAWA, le 26 ao\u00fbt 2024<\/strong>\u00a0\u2013 La Conf\u00e9rence des \u00e9v\u00eaques catholiques du Canada (CECC) invite tous les fid\u00e8les catholiques \u00e0 se joindre \u00e0 la c\u00e9l\u00e9bration mondiale de la Journ\u00e9e mondiale de pri\u00e8re pour la sauvegarde de la cr\u00e9ation qui aura lieu le 1<sup>er<\/sup>\u00a0septembre 2024. Cette journ\u00e9e nous invite tous et toutes \u00e0 nous unir dans la pri\u00e8re, la r\u00e9flexion et l\u2019action pour la protection et la pr\u00e9servation de notre maison commune. <a href=\"https:\/\/www.cecc.ca\/communique-de-presse\/la-cecc-invite-tous-les-fideles-a-participer-a-la-journee-mondiale-de-priere-pour-la-sauvegarde-de-creation-le-1er-septembre-2024\/\">(Lire la suite\u2026)<\/a><\/p>\r\n<hr class=\"wp-block-separator has-alpha-channel-opacity\" \/>\r\n<p>\r\n\r\n\r\n\r\n<\/p>\r\n<p>\r\n\r\n\r\n\r\n\r\n\r\n<\/p>\r\n<p>\r\n\r\n\r\n\r\n<\/p>\r\n<p>\r\n\r\n<\/p>\r\n<p>\r\n\r\n<\/p>\r\n<p>\r\n\r\n<\/p>\r\n<p>\r\n\r\n<\/p>\r\n<p>\r\n\r\n<\/p>\r\n<h2><strong>LE SAINT-SI\u00c8GE<\/strong><\/h2>\r\n<h3><strong>Intention de pri\u00e8re du Saint-P\u00e8re pour le mois de septembre 2024\u00a0<\/strong><\/h3>\r\n<p><strong>Pour le cri de la Terre<\/strong> \u2013 Prions pour que chacun et chacune d\u2019entre nous \u00e9coute avec son c\u0153ur le cri de la Terre et les victimes des catastrophes naturelles et du changement climatique, en s\u2019engageant personnellement \u00e0 prendre soin du monde qu\u2019il habite.<\/p>\r\n<hr class=\"wp-block-separator has-alpha-channel-opacity\" \/>\r\n<p>\r\n\r\n<\/p>\r\n<h2 class=\"wp-block-heading\"><strong>V\u00c9RIT\u00c9 ET R\u00c9CONCILIATION<\/strong><\/h2>\r\n<h3><strong>Dix faits sur la d\u00e9claration de l&rsquo;ONU\u00a0:<\/strong><\/h3>\r\n<ol start=\"2\">\r\n<li>Les quatre seuls \u00c9tats qui ont vot\u00e9 contre la D\u00e9claration sont tous revenus sur leur position et l&rsquo;ont approuv\u00e9e.<\/li>\r\n<\/ol>\r\n<p>\r\n\r\n<\/p>\r\n<p>\r\n\r\n<\/p>\r\n<hr class=\"wp-block-separator has-alpha-channel-opacity\" \/>\r\n<p>\r\n\r\n<\/p>\r\n<p>\r\n\r\n\r\n\r\n<\/p>\r\n<p>\r\n\r\n<\/p>\r\n<p>\r\n\r\n<\/p>\r\n<p>\r\n\r\n<\/p>\r\n<p>\r\n\r\n<\/p>\r\n<p>\r\n\r\n<\/p>\r\n<p>\r\n\r\n\r\n\r\n\r\n\r\n<\/p>\r\n<p>\r\n\r\n<\/p>\r\n<p>\r\n\r\n<\/p>\r\n<p>\r\n\r\n\r\n\r\n<\/p>\r\n<p>\r\n\r\n<\/p>\r\n<p>\r\n\r\n<\/p>\r\n<p>\r\n\r\n<\/p>\r\n<p>\r\n\r\n<\/p>\r\n<p>\r\n\r\n<\/p>\r\n<h2 class=\"wp-block-heading\"><strong>L\u2019\u00c9QUIPE D\u2019\u00c9VANG\u00c9LISATION<\/strong><\/h2>\r\n<h3><strong>L\u2019Eucharistie\u00a0: Source et sommet de toute l\u2019\u00e9vang\u00e9lisation <\/strong><\/h3>\r\n<p><em>Par Pierre-Alain Giffard, directeur de la pastorale dioc\u00e9saine<\/em><\/p>\r\n<p>L\u2019\u00c9glise d\u00e9signe l\u2019Eucharistie comme \u00ab\u00a0source et sommet de toute vie chr\u00e9tienne et de toute \u00e9vang\u00e9lisation\u00a0\u00bb, une d\u00e9finition que l\u2019Eucharistie incarne v\u00e9ritablement (Lumen Gentium, 11 ; Sacrosanctum Concilium, 10 ; Presbyterorum Ordinis, 5). Ce myst\u00e8re alimente l\u2019apostolat de l\u2019\u00c9glise, insufflant aux fid\u00e8les une vigueur et une authenticit\u00e9 pour partager la Bonne Nouvelle. <a href=\"https:\/\/pembrokediocese.com\/fr\/textes-a-lire\/article-leucharistie-source-et-sommet-de-toute-evangelisation\/\">(Lire la suite\u2026)<\/a><\/p>\r\n<hr class=\"wp-block-separator has-alpha-channel-opacity\" \/>\r\n<p>\r\n\r\n<\/p>\r\n<p>\r\n\r\n<\/p>\r\n<h2><strong>\u00c9V\u00c9NEMENTS PAROISSIAUX<\/strong><\/h2>\r\n<h3><strong>6 septembre \u2013 Pri\u00e8res de gu\u00e9rison (c\u00e9l\u00e9bration bilingue)<\/strong><\/h3>\r\n<p>\u00c0 l\u2019\u00e9glise St-Pierre de Fort-Coulonge, \u00e0 19h. Bienvenue \u00e0 tous et \u00e0 toutes, quel que soit votre \u00ab background \u00bb religieux ! Format : chants de louange, br\u00e8ve m\u00e9ditation sur la Parole de Dieu, procession \u00e0 l\u2019int\u00e9rieur de l\u2019\u00e9glise avec le Saint-Sacrement pour la gu\u00e9rison, suivie de l\u2019adoration du Saint-Sacrement. Il y aura un couple de personnes pour prier avec vous individuellement pour la gu\u00e9rison, si vous le souhaitez.<\/p>\r\n<hr class=\"wp-block-separator has-alpha-channel-opacity\" \/>\r\n<p><\/p>\r\n<h2><strong>AUTRES \u00c9V\u00c9NEMENTS CATHOLIQUES<\/strong><\/h2>\r\n<h3><strong>Chemin de Croix de Marie\u00a0<\/strong><\/h3>\r\n<p>Venez nous rejoindre pour une soir\u00e9e sp\u00e9ciale de d\u00e9votion et d&rsquo;unit\u00e9 au Chemin de Croix de Marie <strong>le vendredi 6 septembre<\/strong>. Nous commencerons \u00e0 18 h 50 par des hymnes \\en fran\u00e7ais et en anglais. C&rsquo;est l&rsquo;occasion id\u00e9ale d&rsquo;approfondir votre cheminement spirituel et d&rsquo;entrer en contact avec d&rsquo;autres croyants.<\/p>\r\n<p><strong>LIEN ZOOM<\/strong><\/p>\r\n<p><a href=\"https:\/\/us02web.zoom.us\/j\/84333430106?pwd=I7gfM7J1buTGebtMgB5bKlX5hrO\"><strong>https:\/\/us02web.zoom.us\/j\/84333430106?pwd=I7gfM7J1buTGebtMgB5bKlX5hrO<\/strong><\/a><\/p>\r\n<p><strong>Identifiant de la r\u00e9union : <\/strong><strong>843 3343 0106<\/strong><\/p>\r\n<p><strong>Code d&rsquo;acc\u00e8s : <\/strong><strong>150284<\/strong><\/p>\r\n<p><!-- \/wp:post-content --><\/p>","protected":false},"excerpt":{"rendered":"<p>Voil\u00e0 ce qu&rsquo;il fallait pratiquer sans n\u00e9gliger le reste. (Mt. 23, 23-26) DU DIOC\u00c8SE Jour du travail\u00a0 Les bureaux dioc\u00e9sains seront ferm\u00e9s le lundi 2 septembre et rouvriront le mardi 3 septembre \u00e0 8 h 30. Rentr\u00e9e scolaire 2024\u00a0 Regardez cette vid\u00e9o YouTube du dioc\u00e8se de Pembroke sur la rentr\u00e9e scolaire 2024\u00a0: Rentr\u00e9e scolaire 2024 (youtube.com). Heures d&rsquo;ouverture des bureaux de la chancellerie\u00a0 \u00c0 partir du mardi 3 septembre, les bureaux de la Chancellerie reprendront leurs horaires normaux de 8h30 \u00e0 16h30 du lundi au vendredi. Ordination \u00e9piscopale et installation\u00a0 L&rsquo;ordination \u00e9piscopale de Mgr Michael Brehl comme 10e \u00e9v\u00eaque de Pembroke, qui a eu lieu \u00e0 la cath\u00e9drale St. Columbkille le jeudi 15 ao\u00fbt 2024, est maintenant disponible sur YouTube\u00a0:\u00a0https:\/\/www.youtube.com\/watch?v=-J-4ACuFF3k. V\u00c9RIT\u00c9 ET R\u00c9CONCILIATION Dix faits sur la d\u00e9claration de l&rsquo;ONU\u00a0: Les quatre seuls \u00c9tats qui ont vot\u00e9 contre la D\u00e9claration sont tous revenus sur leur position et l&rsquo;ont approuv\u00e9e. AUTRES \u00c9V\u00c9NEMENTS CATHOLIQUES Chemin de Croix de Marie\u00a0 Venez nous rejoindre pour une soir\u00e9e sp\u00e9ciale de d\u00e9votion et d&rsquo;unit\u00e9 au Chemin de Croix de Marie le vendredi 6 septembre. Nous commencerons \u00e0 18 h 50 par des hymnes \\en fran\u00e7ais et en anglais. C&rsquo;est l&rsquo;occasion id\u00e9ale d&rsquo;approfondir votre cheminement spirituel et d&rsquo;entrer en contact avec d&rsquo;autres croyants. LIEN ZOOM https:\/\/us02web.zoom.us\/j\/84333430106?pwd=I7gfM7J1buTGebtMgB5bKlX5hrO Identifiant de la r\u00e9union : 843 3343 0106 Code d&rsquo;acc\u00e8s : 150284<\/p>\n","protected":false},"author":10,"featured_media":3815,"comment_status":"closed","ping_status":"closed","sticky":false,"template":"","format":"standard","meta":{"_monsterinsights_skip_tracking":false,"_monsterinsights_sitenote_active":false,"_monsterinsights_sitenote_note":"","_monsterinsights_sitenote_category":0,"footnotes":"","_links_to":"","_links_to_target":""},"categories":[114,84],"tags":[],"class_list":["post-15143","post","type-post","status-publish","format-standard","has-post-thumbnail","hentry","category-bulletin","category-article"],"post_mailing_queue_ids":[],"_links":{"self":[{"href":"https:\/\/pembrokediocese.com\/fr\/wp-json\/wp\/v2\/posts\/15143","targetHints":{"allow":["GET"]}}],"collection":[{"href":"https:\/\/pembrokediocese.com\/fr\/wp-json\/wp\/v2\/posts"}],"about":[{"href":"https:\/\/pembrokediocese.com\/fr\/wp-json\/wp\/v2\/types\/post"}],"author":[{"embeddable":true,"href":"https:\/\/pembrokediocese.com\/fr\/wp-json\/wp\/v2\/users\/10"}],"replies":[{"embeddable":true,"href":"https:\/\/pembrokediocese.com\/fr\/wp-json\/wp\/v2\/comments?post=15143"}],"version-history":[{"count":4,"href":"https:\/\/pembrokediocese.com\/fr\/wp-json\/wp\/v2\/posts\/15143\/revisions"}],"predecessor-version":[{"id":15147,"href":"https:\/\/pembrokediocese.com\/fr\/wp-json\/wp\/v2\/posts\/15143\/revisions\/15147"}],"wp:featuredmedia":[{"embeddable":true,"href":"https:\/\/pembrokediocese.com\/fr\/wp-json\/wp\/v2\/media\/3815"}],"wp:attachment":[{"href":"https:\/\/pembrokediocese.com\/fr\/wp-json\/wp\/v2\/media?parent=15143"}],"wp:term":[{"taxonomy":"category","embeddable":true,"href":"https:\/\/pembrokediocese.com\/fr\/wp-json\/wp\/v2\/categories?post=15143"},{"taxonomy":"post_tag","embeddable":true,"href":"https:\/\/pembrokediocese.com\/fr\/wp-json\/wp\/v2\/tags?post=15143"}],"curies":[{"name":"wp","href":"https:\/\/api.w.org\/{rel}","templated":true}]}}