{"id":15212,"date":"2024-09-04T10:53:11","date_gmt":"2024-09-04T14:53:11","guid":{"rendered":"https:\/\/pembrokediocese.com\/?p=15212"},"modified":"2024-09-04T10:57:22","modified_gmt":"2024-09-04T14:57:22","slug":"bulletin-hebdomadaire-le-4-septembre-2024-ferie","status":"publish","type":"post","link":"https:\/\/pembrokediocese.com\/fr\/article\/bulletin-hebdomadaire-le-4-septembre-2024-ferie\/","title":{"rendered":"BULLETIN HEBDOMADAIRE  &#8211; le 4 septembre 2024 (F\u00e9rie)"},"content":{"rendered":"<hr class=\"wp-block-separator has-alpha-channel-opacity\" \/>\r\n\r\n\r\n<h4 class=\"wp-block-heading\"><strong><i><a href=\"mailto:reception@pembrokediocese.com?subject=Abonnez-vous au bulletin hebdomadaire&amp;amp;body=Bonjour, je souhaite m'abonner au Bulletin Hebdomadaire s'il vous plait. Merci.\"><img loading=\"lazy\" decoding=\"async\" class=\"alignright wp-image-8004\" src=\"https:\/\/pembrokediocese.com\/wp-content\/uploads\/subscribe-banner-fr-200x205.png\" alt=\"\" width=\"124\" height=\"127\" srcset=\"https:\/\/pembrokediocese.com\/wp-content\/uploads\/subscribe-banner-fr-200x205.png 200w, https:\/\/pembrokediocese.com\/wp-content\/uploads\/subscribe-banner-fr-768x785.png 768w, https:\/\/pembrokediocese.com\/wp-content\/uploads\/subscribe-banner-fr.png 840w\" sizes=\"(max-width: 124px) 100vw, 124px\" \/><\/a><\/i><\/strong><\/h4>\r\n\r\n\r\n\r\n<h1 class=\"wp-block-heading\"><strong><em>Aux autres villes aussi, il faut que j&rsquo;annonce la Bonne Nouvelle, car c&rsquo;est pour cela que j&rsquo;ai \u00e9t\u00e9 envoy\u00e9.<\/em><\/strong><\/h1>\r\n\r\n\r\n\r\n<h3 class=\"wp-block-heading\"><strong>(Luc 4, 38-44)<\/strong><\/h3>\r\n\r\n\r\n<hr class=\"wp-block-separator has-alpha-channel-opacity\" \/>\r\n\r\n\r\n\r\n\r\n\r\n\r\n\r\n\r\n<h2 class=\"wp-block-heading\"><strong>DU DIOC\u00c8SE<\/strong><\/h2>\r\n<h3><strong>Rentr\u00e9e scolaire 2024\u00a0<\/strong><\/h3>\r\n<p>Regardez cette vid\u00e9o YouTube du dioc\u00e8se de Pembroke sur la rentr\u00e9e scolaire 2024\u00a0: <a href=\"https:\/\/www.youtube.com\/watch?v=PcPoJ1hEfP4\">Rentr\u00e9e scolaire 2024 (youtube.com)<\/a>.<\/p>\r\n<h3><strong>Heures d&rsquo;ouverture des bureaux de la chancellerie\u00a0<\/strong><\/h3>\r\n<p><strong>\u00c0 partir du mardi 3 septembre<\/strong>, les bureaux de la Chancellerie reprendront leurs horaires normaux de 8h30 \u00e0 16h30 du lundi au vendredi.<\/p>\r\n<h3><strong>Ordination \u00e9piscopale et installation\u00a0<\/strong><\/h3>\r\n<p>L&rsquo;ordination \u00e9piscopale de Mgr Michael Brehl comme 10e \u00e9v\u00eaque de Pembroke, qui a eu lieu \u00e0 la cath\u00e9drale St. Columbkille le jeudi 15 ao\u00fbt 2024, est maintenant disponible sur YouTube\u00a0:\u00a0<a href=\"https:\/\/www.youtube.com\/watch?v=-J-4ACuFF3k\">https:\/\/www.youtube.com\/watch?v=-J-4ACuFF3k<\/a>.<\/p>\r\n\r\n\r\n<hr class=\"wp-block-separator has-alpha-channel-opacity\" \/>\r\n\r\n\r\n\r\n\r\n<p>\r\n\r\n<\/p>\r\n<h2><strong>DE LA CECC<\/strong><\/h2>\r\n<h3><strong>Collecte pour les besoins de l\u2019\u00c9glise au Canada 2024 \u2013 mardi, ao\u00fbt 27, 2024\u00a0<\/strong><\/h3>\r\n<p>La Collecte pour les besoins de l\u2019\u00c9glise au Canada aura lieu les\u00a0<strong>28 et 29 septembre 2024<\/strong>. Cette initiative annuelle aide les \u00e9v\u00eaques dans leur minist\u00e8re d\u2019accompagner, d\u2019enseigner, de guider, de sanctifier et de prendre soin de l\u2019\u00c9glise au Canada.<\/p>\r\n<p>Dans le cadre de leur minist\u00e8re \u00e9piscopal, les \u00e9v\u00eaques continueront \u00e0 travailler ensemble sur des questions doctrinales et \u00e9thiques; des initiatives \u0153cum\u00e9niques et des dialogues interreligieux; les relations internationales; l\u2019\u00e9vang\u00e9lisation, l\u2019\u00e9ducation de la foi et la cat\u00e9ch\u00e8se; des questions de justice sociale; le minist\u00e8re responsable, le d\u00e9veloppement d\u2019une culture de la vie et de la famille, ainsi que les relations avec les Autochtones.<\/p>\r\n<p>Dans le but de promouvoir la Collecte et le travail collectif des \u00e9v\u00eaques par l\u2019entremise de leur Conf\u00e9rence \u00e9piscopale et de leurs assembl\u00e9es \u00e9piscopales r\u00e9gionales, la CECC a affich\u00e9 le mat\u00e9riel promotionnel sur son site web :<\/p>\r\n<ul>\r\n<li><a href=\"https:\/\/www.cecc.ca\/wp-content\/uploads\/2024\/08\/Collecte-2024-Lettre-aux-cures_septembre-FR.pdf\"><strong>Message du Pr\u00e9sident de la CECC aux cur\u00e9s et aux collaborateurs et collaboratrices dans le minist\u00e8re pastoral;<\/strong><\/a><br \/>\u2022\u00a0<a href=\"https:\/\/www.cecc.ca\/wp-content\/uploads\/2024\/08\/Feuillet-paroissial.pdf\"><strong>Deux courts textes qui peuvent \u00eatre adapt\u00e9s ou imprim\u00e9s dans les feuillets paroissiaux les 22 et 29 septembre, ou distribu\u00e9s par d\u2019autres moyens de communication comme les sites web et la messagerie courriel;<\/strong><\/a><br \/>\u2022\u00a0<a href=\"https:\/\/www.cecc.ca\/wp-content\/uploads\/2024\/08\/Priere-Universelle-pour-la-collecte-annuelle-pour-les-be-soins-de-l_Eglise-au-Canada.pdf\"><strong>Des suggestions de pri\u00e8res des fid\u00e8les pour les fins de semaine du 22 et du 29 septembre<\/strong><\/a><\/li>\r\n<\/ul>\r\n<hr class=\"wp-block-separator has-alpha-channel-opacity\" \/>\r\n<p>\r\n\r\n\r\n\r\n<\/p>\r\n<p>\r\n\r\n\r\n\r\n\r\n\r\n<\/p>\r\n<p>\r\n\r\n\r\n\r\n<\/p>\r\n<p>\r\n\r\n<\/p>\r\n<p>\r\n\r\n<\/p>\r\n<p>\r\n\r\n<\/p>\r\n<p>\r\n\r\n<\/p>\r\n<p>\r\n\r\n<\/p>\r\n<h2><strong>LE SAINT-SI\u00c8GE<\/strong><\/h2>\r\n<h3><strong>Intention de pri\u00e8re du Saint-P\u00e8re pour le mois de septembre 2024\u00a0<\/strong><\/h3>\r\n<p><strong>Pour le cri de la Terre<\/strong> \u2013 Prions pour que chacun et chacune d\u2019entre nous \u00e9coute avec son c\u0153ur le cri de la Terre et les victimes des catastrophes naturelles et du changement climatique, en s\u2019engageant personnellement \u00e0 prendre soin du monde qu\u2019il habite.<\/p>\r\n<hr class=\"wp-block-separator has-alpha-channel-opacity\" \/>\r\n<p>\r\n\r\n<\/p>\r\n<h2 class=\"wp-block-heading\"><strong>V\u00c9RIT\u00c9 ET R\u00c9CONCILIATION<\/strong><\/h2>\r\n<h3><strong>Dix faits sur la d\u00e9claration de l&rsquo;ONU\u00a0:<\/strong><\/h3>\r\n<ol start=\"3\">\r\n<li>La d\u00e9claration affirme les droits collectifs des nations ou des peuples autochtones et les droits individuels des personnes autochtones.<\/li>\r\n<\/ol>\r\n<p>\r\n\r\n<\/p>\r\n<p>\r\n\r\n<\/p>\r\n<hr class=\"wp-block-separator has-alpha-channel-opacity\" \/>\r\n<p>\r\n\r\n<\/p>\r\n<p>\r\n\r\n\r\n\r\n<\/p>\r\n<p>\r\n\r\n<\/p>\r\n<p>\r\n\r\n<\/p>\r\n<p>\r\n\r\n<\/p>\r\n<p>\r\n\r\n<\/p>\r\n<p>\r\n\r\n<\/p>\r\n<p>\r\n\r\n\r\n\r\n\r\n\r\n<\/p>\r\n<p>\r\n\r\n<\/p>\r\n<p>\r\n\r\n<\/p>\r\n<p>\r\n\r\n\r\n\r\n<\/p>\r\n<p>\r\n\r\n<\/p>\r\n<p>\r\n\r\n<\/p>\r\n<p>\r\n\r\n<\/p>\r\n<p>\r\n\r\n<\/p>\r\n<p>\r\n\r\n<\/p>\r\n<h2 class=\"wp-block-heading\"><strong>L\u2019\u00c9QUIPE D\u2019\u00c9VANG\u00c9LISATION<\/strong><\/h2>\r\n<h3><strong>L\u2019\u00c9vang\u00e9lisation\u00a0: Trouver la Vie et Partager la Vie<\/strong><\/h3>\r\n<p><em>Par Pierre-Alain Giffard, directeur de la pastorale dioc\u00e9saine<\/em><\/p>\r\n<p>Dans le Nouveau Testament, le concept de la vie est central au message chr\u00e9tien, et il est intimement li\u00e9 \u00e0 la mission d\u2019\u00e9vang\u00e9lisation. L\u2019\u00e9vang\u00e9lisation, au fond, ne se r\u00e9sume pas \u00e0 la diffusion d\u2019un ensemble de croyances ou de doctrines\u202f; il s\u2019agit d\u2019offrir la vie que le Christ Lui-m\u00eame donne, la vie divine. Cette vie, souvent d\u00e9sign\u00e9e par le terme grec \u00ab\u202fzoe\u202f\u00bb, signifie bien plus que la simple existence biologique (\u00ab\u202fbios\u202f\u00bb). C\u2019est une pl\u00e9nitude de vie qui d\u00e9coule d\u2019une relation profonde et constante avec Dieu. L\u2019\u00e9vang\u00e9lisation peut donc \u00eatre vue comme un processus consistant \u00e0 trouver cette vie divine et \u00e0 la partager avec les autres. <a href=\"https:\/\/pembrokediocese.com\/fr\/article\/levangelisation-trouver-la-vie-et-partager-la-vie\/\">(Lire la suite\u2026)<\/a><\/p>\r\n<hr class=\"wp-block-separator has-alpha-channel-opacity\" \/>\r\n<p>\r\n\r\n<\/p>\r\n<p>\r\n\r\n<\/p>\r\n<h2><strong>\u00c9V\u00c9NEMENTS PAROISSIAUX<\/strong><\/h2>\r\n<h3><strong>6 septembre \u2013 Pri\u00e8res de gu\u00e9rison (c\u00e9l\u00e9bration bilingue)<\/strong><\/h3>\r\n<p>\u00c0 l\u2019\u00e9glise St-Pierre de Fort-Coulonge, \u00e0 19h. Bienvenue \u00e0 tous et \u00e0 toutes, quel que soit votre \u00ab background \u00bb religieux ! Format : chants de louange, br\u00e8ve m\u00e9ditation sur la Parole de Dieu, procession \u00e0 l\u2019int\u00e9rieur de l\u2019\u00e9glise avec le Saint-Sacrement pour la gu\u00e9rison, suivie de l\u2019adoration du Saint-Sacrement. Il y aura un couple de personnes pour prier avec vous individuellement pour la gu\u00e9rison, si vous le souhaitez.<\/p>\r\n<h3><strong>15 septembre \u2013 C\u00e9l\u00e9bration du centenaire de l&rsquo;\u00e9glise St-Pierre de Fort-Coulonge\u00a0<\/strong><\/h3>\r\n<p>Messe \u00e0 10 h 30, suivie d&rsquo;un go\u00fbter \u00e0 la salle des Chevaliers de Colomb. S&rsquo;il vous pla\u00eet, faites passer le message \u00e0 vos parents et ami-e-s, y compris \u00e0 ceux et celles de l&rsquo;ext\u00e9rieur du village qui aimeraient venir.<\/p>\r\n<hr class=\"wp-block-separator has-alpha-channel-opacity\" \/>\r\n<p><\/p>\r\n<h2><strong>AUTRES \u00c9V\u00c9NEMENTS CATHOLIQUES<\/strong><\/h2>\r\n<h3><strong>Chemin de Croix de Marie\u00a0<\/strong><\/h3>\r\n<p>Venez nous rejoindre pour une soir\u00e9e sp\u00e9ciale de d\u00e9votion et d&rsquo;unit\u00e9 au Chemin de Croix de Marie <strong>le vendredi 6 septembre<\/strong>. Nous commencerons \u00e0 18 h 50 par des hymnes en fran\u00e7ais et en anglais. C&rsquo;est l&rsquo;occasion id\u00e9ale d&rsquo;approfondir votre cheminement spirituel et d&rsquo;entrer en contact avec d&rsquo;autres croyants.<\/p>\r\n<p><strong>LIEN ZOOM<\/strong><\/p>\r\n<p><a href=\"https:\/\/us02web.zoom.us\/j\/84333430106?pwd=I7gfM7J1buTGebtMgB5bKlX5hrO\"><strong>https:\/\/us02web.zoom.us\/j\/84333430106?pwd=I7gfM7J1buTGebtMgB5bKlX5hrO<\/strong><\/a><\/p>\r\n<p><strong>Identifiant de la r\u00e9union : <\/strong><strong>843 3343 0106<\/strong><\/p>\r\n<p><strong>Code d&rsquo;acc\u00e8s : <\/strong><strong>150284<\/strong><\/p>\r\n<p><!-- \/wp:post-content --><\/p>","protected":false},"excerpt":{"rendered":"<p>Aux autres villes aussi, il faut que j&rsquo;annonce la Bonne Nouvelle, car c&rsquo;est pour cela que j&rsquo;ai \u00e9t\u00e9 envoy\u00e9. (Luc 4, 38-44) DU DIOC\u00c8SE Rentr\u00e9e scolaire 2024\u00a0 Regardez cette vid\u00e9o YouTube du dioc\u00e8se de Pembroke sur la rentr\u00e9e scolaire 2024\u00a0: Rentr\u00e9e scolaire 2024 (youtube.com). Heures d&rsquo;ouverture des bureaux de la chancellerie\u00a0 \u00c0 partir du mardi 3 septembre, les bureaux de la Chancellerie reprendront leurs horaires normaux de 8h30 \u00e0 16h30 du lundi au vendredi. Ordination \u00e9piscopale et installation\u00a0 L&rsquo;ordination \u00e9piscopale de Mgr Michael Brehl comme 10e \u00e9v\u00eaque de Pembroke, qui a eu lieu \u00e0 la cath\u00e9drale St. Columbkille le jeudi 15 ao\u00fbt 2024, est maintenant disponible sur YouTube\u00a0:\u00a0https:\/\/www.youtube.com\/watch?v=-J-4ACuFF3k. V\u00c9RIT\u00c9 ET R\u00c9CONCILIATION Dix faits sur la d\u00e9claration de l&rsquo;ONU\u00a0: La d\u00e9claration affirme les droits collectifs des nations ou des peuples autochtones et les droits individuels des personnes autochtones. AUTRES \u00c9V\u00c9NEMENTS CATHOLIQUES Chemin de Croix de Marie\u00a0 Venez nous rejoindre pour une soir\u00e9e sp\u00e9ciale de d\u00e9votion et d&rsquo;unit\u00e9 au Chemin de Croix de Marie le vendredi 6 septembre. Nous commencerons \u00e0 18 h 50 par des hymnes en fran\u00e7ais et en anglais. C&rsquo;est l&rsquo;occasion id\u00e9ale d&rsquo;approfondir votre cheminement spirituel et d&rsquo;entrer en contact avec d&rsquo;autres croyants. LIEN ZOOM https:\/\/us02web.zoom.us\/j\/84333430106?pwd=I7gfM7J1buTGebtMgB5bKlX5hrO Identifiant de la r\u00e9union : 843 3343 0106 Code d&rsquo;acc\u00e8s : 150284<\/p>\n","protected":false},"author":10,"featured_media":3815,"comment_status":"closed","ping_status":"closed","sticky":false,"template":"","format":"standard","meta":{"_monsterinsights_skip_tracking":false,"_monsterinsights_sitenote_active":false,"_monsterinsights_sitenote_note":"","_monsterinsights_sitenote_category":0,"footnotes":"","_links_to":"","_links_to_target":""},"categories":[114,84],"tags":[],"class_list":["post-15212","post","type-post","status-publish","format-standard","has-post-thumbnail","hentry","category-bulletin","category-article"],"post_mailing_queue_ids":[],"_links":{"self":[{"href":"https:\/\/pembrokediocese.com\/fr\/wp-json\/wp\/v2\/posts\/15212","targetHints":{"allow":["GET"]}}],"collection":[{"href":"https:\/\/pembrokediocese.com\/fr\/wp-json\/wp\/v2\/posts"}],"about":[{"href":"https:\/\/pembrokediocese.com\/fr\/wp-json\/wp\/v2\/types\/post"}],"author":[{"embeddable":true,"href":"https:\/\/pembrokediocese.com\/fr\/wp-json\/wp\/v2\/users\/10"}],"replies":[{"embeddable":true,"href":"https:\/\/pembrokediocese.com\/fr\/wp-json\/wp\/v2\/comments?post=15212"}],"version-history":[{"count":1,"href":"https:\/\/pembrokediocese.com\/fr\/wp-json\/wp\/v2\/posts\/15212\/revisions"}],"predecessor-version":[{"id":15213,"href":"https:\/\/pembrokediocese.com\/fr\/wp-json\/wp\/v2\/posts\/15212\/revisions\/15213"}],"wp:featuredmedia":[{"embeddable":true,"href":"https:\/\/pembrokediocese.com\/fr\/wp-json\/wp\/v2\/media\/3815"}],"wp:attachment":[{"href":"https:\/\/pembrokediocese.com\/fr\/wp-json\/wp\/v2\/media?parent=15212"}],"wp:term":[{"taxonomy":"category","embeddable":true,"href":"https:\/\/pembrokediocese.com\/fr\/wp-json\/wp\/v2\/categories?post=15212"},{"taxonomy":"post_tag","embeddable":true,"href":"https:\/\/pembrokediocese.com\/fr\/wp-json\/wp\/v2\/tags?post=15212"}],"curies":[{"name":"wp","href":"https:\/\/api.w.org\/{rel}","templated":true}]}}