{"id":15219,"date":"2024-09-10T11:26:33","date_gmt":"2024-09-10T15:26:33","guid":{"rendered":"https:\/\/pembrokediocese.com\/?p=15219"},"modified":"2024-09-10T11:26:57","modified_gmt":"2024-09-10T15:26:57","slug":"bulletin-hebdomadaire-le-10-septembre-2024-ferie","status":"publish","type":"post","link":"https:\/\/pembrokediocese.com\/fr\/article\/bulletin-hebdomadaire-le-10-septembre-2024-ferie\/","title":{"rendered":"BULLETIN HEBDOMADAIRE  &#8211; le 10 septembre 2024 (F\u00e9rie)"},"content":{"rendered":"<hr class=\"wp-block-separator has-alpha-channel-opacity\" \/>\r\n\r\n\r\n<h4 class=\"wp-block-heading\"><strong><i><a href=\"mailto:reception@pembrokediocese.com?subject=Abonnez-vous au bulletin hebdomadaire&amp;amp;body=Bonjour, je souhaite m'abonner au Bulletin Hebdomadaire s'il vous plait. Merci.\"><img loading=\"lazy\" decoding=\"async\" class=\"alignright wp-image-8004\" src=\"https:\/\/pembrokediocese.com\/wp-content\/uploads\/subscribe-banner-fr-200x205.png\" alt=\"\" width=\"124\" height=\"127\" srcset=\"https:\/\/pembrokediocese.com\/wp-content\/uploads\/subscribe-banner-fr-200x205.png 200w, https:\/\/pembrokediocese.com\/wp-content\/uploads\/subscribe-banner-fr-768x785.png 768w, https:\/\/pembrokediocese.com\/wp-content\/uploads\/subscribe-banner-fr.png 840w\" sizes=\"(max-width: 124px) 100vw, 124px\" \/><\/a><\/i><\/strong><\/h4>\r\n\r\n\r\n\r\n<h1 class=\"wp-block-heading\"><strong><em>J\u00e9sus appela ses disciples et en choisit douze auquels il donna le nom d&rsquo;Ap\u00f4tres.<\/em><\/strong><\/h1>\r\n\r\n\r\n\r\n<h3 class=\"wp-block-heading\"><strong>(Luc 6, 12-19)<\/strong><\/h3>\r\n\r\n\r\n<hr class=\"wp-block-separator has-alpha-channel-opacity\" \/>\r\n\r\n\r\n\r\n\r\n\r\n\r\n\r\n\r\n<h2 class=\"wp-block-heading\"><strong>DU DIOC\u00c8SE<\/strong><\/h2>\r\n<h3><strong>Tribunal du mariage \u2013 Nouvelles heures d&rsquo;ouverture\u00a0<\/strong><\/h3>\r\n<p>Le bureau du tribunal des mariages sera d\u00e9sormais ouvert du mardi au jeudi de 8h30 \u00e0 14h30.<\/p>\r\n<h3><strong>Heures d&rsquo;ouverture des bureaux de la chancellerie\u00a0<\/strong><\/h3>\r\n<p><strong>\u00c0 partir du mardi 3 septembre<\/strong>, les bureaux de la Chancellerie reprendront leurs horaires normaux de 8h30 \u00e0 16h30 du lundi au vendredi.<\/p>\r\n<h3><strong>Pri\u00e8res<\/strong><\/h3>\r\n<p>Pour le repos de l&rsquo;\u00e2me du R\u00e9v\u00e9rend Joseph Hattie, O.M.I., d\u00e9c\u00e9d\u00e9 le dimanche 8 septembre \u00e0 la R\u00e9sidence oblate de Springhurst \u00e0 Ottawa. Le P\u00e8re Hattie a servi pendant de nombreuses ann\u00e9es au coll\u00e8ge Our Lady Seat of Wisdom et a aid\u00e9 la paroisse St. Hedwig \u00e0 Barry&rsquo;s Bay.<\/p>\r\n\r\n\r\n<hr class=\"wp-block-separator has-alpha-channel-opacity\" \/>\r\n\r\n\r\n\r\n\r\n<p>\r\n\r\n<\/p>\r\n<h2><strong>DE LA CECC<\/strong><\/h2>\r\n<h3><strong>Collecte pour les besoins de l\u2019\u00c9glise au Canada 2024\u00a0<\/strong><\/h3>\r\n<p>La Collecte pour les besoins de l\u2019\u00c9glise au Canada aura lieu les\u00a0<strong>28 et 29 septembre 2024<\/strong>. Cette initiative annuelle aide les \u00e9v\u00eaques dans leur minist\u00e8re d\u2019accompagner, d\u2019enseigner, de guider, de sanctifier et de prendre soin de l\u2019\u00c9glise au Canada.<\/p>\r\n<p>Dans le cadre de leur minist\u00e8re \u00e9piscopal, les \u00e9v\u00eaques continueront \u00e0 travailler ensemble sur des questions doctrinales et \u00e9thiques; des initiatives \u0153cum\u00e9niques et des dialogues interreligieux; les relations internationales; l\u2019\u00e9vang\u00e9lisation, l\u2019\u00e9ducation de la foi et la cat\u00e9ch\u00e8se; des questions de justice sociale; le minist\u00e8re responsable, le d\u00e9veloppement d\u2019une culture de la vie et de la famille, ainsi que les relations avec les Autochtones.<\/p>\r\n<p>Dans le but de promouvoir la Collecte et le travail collectif des \u00e9v\u00eaques par l\u2019entremise de leur Conf\u00e9rence \u00e9piscopale et de leurs assembl\u00e9es \u00e9piscopales r\u00e9gionales, la CECC a affich\u00e9 le mat\u00e9riel promotionnel sur son site web :<\/p>\r\n<ul>\r\n<li><a href=\"https:\/\/www.cecc.ca\/wp-content\/uploads\/2024\/08\/Collecte-2024-Lettre-aux-cures_septembre-FR.pdf\"><strong>Message du Pr\u00e9sident de la CECC aux cur\u00e9s et aux collaborateurs et collaboratrices dans le minist\u00e8re pastoral;<\/strong><\/a><br \/>\u2022\u00a0<a href=\"https:\/\/www.cecc.ca\/wp-content\/uploads\/2024\/08\/Feuillet-paroissial.pdf\"><strong>Deux courts textes qui peuvent \u00eatre adapt\u00e9s ou imprim\u00e9s dans les feuillets paroissiaux les 22 et 29 septembre, ou distribu\u00e9s par d\u2019autres moyens de communication comme les sites web et la messagerie courriel;<\/strong><\/a><br \/>\u2022\u00a0<a href=\"https:\/\/www.cecc.ca\/wp-content\/uploads\/2024\/08\/Priere-Universelle-pour-la-collecte-annuelle-pour-les-be-soins-de-l_Eglise-au-Canada.pdf\"><strong>Des suggestions de pri\u00e8res des fid\u00e8les pour les fins de semaine du 22 et du 29 septembre<\/strong><\/a><\/li>\r\n<\/ul>\r\n<hr class=\"wp-block-separator has-alpha-channel-opacity\" \/>\r\n<p>\r\n\r\n\r\n\r\n<\/p>\r\n<p>\r\n\r\n\r\n\r\n\r\n\r\n<\/p>\r\n<p>\r\n\r\n\r\n\r\n<\/p>\r\n<p>\r\n\r\n<\/p>\r\n<p>\r\n\r\n<\/p>\r\n<p>\r\n\r\n<\/p>\r\n<p>\r\n\r\n<\/p>\r\n<p>\r\n\r\n<\/p>\r\n<p>\r\n\r\n<\/p>\r\n<h2 class=\"wp-block-heading\"><strong>V\u00c9RIT\u00c9 ET R\u00c9CONCILIATION<\/strong><\/h2>\r\n<h3><strong>Dix faits sur la d\u00e9claration de l&rsquo;ONU\u00a0:<\/strong><\/h3>\r\n<ol start=\"4\">\r\n<li>Tous les droits \u00e9nonc\u00e9s dans la D\u00e9claration sont inh\u00e9rents\u00a0: les gouvernements ne peuvent ni les accorder ni les retirer.<\/li>\r\n<\/ol>\r\n<p>\r\n\r\n<\/p>\r\n<p>\r\n\r\n<\/p>\r\n<hr class=\"wp-block-separator has-alpha-channel-opacity\" \/>\r\n<p>\r\n\r\n<\/p>\r\n<p>\r\n\r\n\r\n\r\n<\/p>\r\n<p>\r\n\r\n<\/p>\r\n<p>\r\n\r\n<\/p>\r\n<p>\r\n\r\n<\/p>\r\n<p>\r\n\r\n<\/p>\r\n<p>\r\n\r\n<\/p>\r\n<p>\r\n\r\n\r\n\r\n\r\n\r\n<\/p>\r\n<p>\r\n\r\n<\/p>\r\n<p>\r\n\r\n<\/p>\r\n<p>\r\n\r\n\r\n\r\n<\/p>\r\n<p>\r\n\r\n<\/p>\r\n<p>\r\n\r\n<\/p>\r\n<p>\r\n\r\n<\/p>\r\n<p>\r\n\r\n<\/p>\r\n<p>\r\n\r\n<\/p>\r\n<h2 class=\"wp-block-heading\"><strong>L\u2019\u00c9QUIPE D\u2019\u00c9VANG\u00c9LISATION<\/strong><\/h2>\r\n<h3><strong>Ce qui a prouv\u00e9 attirer les gens vers le Christ <\/strong><\/h3>\r\n<p><em>Par Pierre-Alain Giffard, directeur de la pastorale dioc\u00e9saine<\/em><\/p>\r\n<p>Ce qui a prouv\u00e9 attirer les gens vers le Christ et les faire grandir en Lui\u00a0: <a href=\"https:\/\/pembrokediocese.com\/fr\/article\/ce-qui-a-prouve-attirer-les-gens-vers-le-christ\/\">(Lire la suite\u2026)<\/a><\/p>\r\n<hr class=\"wp-block-separator has-alpha-channel-opacity\" \/>\r\n<p>\r\n\r\n<\/p>\r\n<p>\r\n\r\n<\/p>\r\n<h2><strong>\u00c9V\u00c9NEMENTS PAROISSIAUX<\/strong><\/h2>\r\n<h3><strong>15 septembre \u2013 C\u00e9l\u00e9bration du centenaire de l&rsquo;\u00e9glise St-Pierre de Fort-Coulonge\u00a0<\/strong><\/h3>\r\n<p>Messe \u00e0 10 h 30, suivie d&rsquo;un go\u00fbter \u00e0 la salle des Chevaliers de Colomb. S&rsquo;il vous pla\u00eet, faites passer le message \u00e0 vos parents et ami-e-s, y compris \u00e0 ceux et celles de l&rsquo;ext\u00e9rieur du village qui aimeraient venir.<\/p>\r\n<hr class=\"wp-block-separator has-alpha-channel-opacity\" \/>\r\n<p><\/p>\r\n<h2><strong>AUTRES \u00c9V\u00c9NEMENTS CATHOLIQUES<\/strong><\/h2>\r\n<h3><strong>14<sup>e<\/sup> p\u00e8lerinage d&rsquo;automne \u2013 Oratoire St-Joseph<em>\u00a0<\/em><\/strong><\/h3>\r\n<p>Parrain\u00e9 par le dioc\u00e8se de Pembroke, l&rsquo;archidioc\u00e8se d&rsquo;Ottawa-Cornwall, l&rsquo;archidioc\u00e8se de Gatineau, le dioc\u00e8se de St-J\u00e9r\u00f4me-Mont-Laurier et l&rsquo;archidioc\u00e8se de Kingston, le dimanche 20 octobre. <strong>Inscrivez-vous d&rsquo;ici le 4 octobre pour \u00e9conomiser 20 $ !<\/strong> Appelez Jacob au 613 720-3747 ou Mike au 613 224-8110 pour plus d&rsquo;information.<\/p>\r\n<p><!-- \/wp:post-content --><\/p>","protected":false},"excerpt":{"rendered":"<p>J\u00e9sus appela ses disciples et en choisit douze auquels il donna le nom d&rsquo;Ap\u00f4tres. (Luc 6, 12-19) DU DIOC\u00c8SE Tribunal du mariage \u2013 Nouvelles heures d&rsquo;ouverture\u00a0 Le bureau du tribunal des mariages sera d\u00e9sormais ouvert du mardi au jeudi de 8h30 \u00e0 14h30. Heures d&rsquo;ouverture des bureaux de la chancellerie\u00a0 \u00c0 partir du mardi 3 septembre, les bureaux de la Chancellerie reprendront leurs horaires normaux de 8h30 \u00e0 16h30 du lundi au vendredi. Pri\u00e8res Pour le repos de l&rsquo;\u00e2me du R\u00e9v\u00e9rend Joseph Hattie, O.M.I., d\u00e9c\u00e9d\u00e9 le dimanche 8 septembre \u00e0 la R\u00e9sidence oblate de Springhurst \u00e0 Ottawa. Le P\u00e8re Hattie a servi pendant de nombreuses ann\u00e9es au coll\u00e8ge Our Lady Seat of Wisdom et a aid\u00e9 la paroisse St. Hedwig \u00e0 Barry&rsquo;s Bay. V\u00c9RIT\u00c9 ET R\u00c9CONCILIATION Dix faits sur la d\u00e9claration de l&rsquo;ONU\u00a0: Tous les droits \u00e9nonc\u00e9s dans la D\u00e9claration sont inh\u00e9rents\u00a0: les gouvernements ne peuvent ni les accorder ni les retirer. AUTRES \u00c9V\u00c9NEMENTS CATHOLIQUES 14e p\u00e8lerinage d&rsquo;automne \u2013 Oratoire St-Joseph\u00a0 Parrain\u00e9 par le dioc\u00e8se de Pembroke, l&rsquo;archidioc\u00e8se d&rsquo;Ottawa-Cornwall, l&rsquo;archidioc\u00e8se de Gatineau, le dioc\u00e8se de St-J\u00e9r\u00f4me-Mont-Laurier et l&rsquo;archidioc\u00e8se de Kingston, le dimanche 20 octobre. Inscrivez-vous d&rsquo;ici le 4 octobre pour \u00e9conomiser 20 $ ! Appelez Jacob au 613 720-3747 ou Mike au 613 224-8110 pour plus d&rsquo;information.<\/p>\n","protected":false},"author":10,"featured_media":3815,"comment_status":"closed","ping_status":"closed","sticky":false,"template":"","format":"standard","meta":{"_monsterinsights_skip_tracking":false,"_monsterinsights_sitenote_active":false,"_monsterinsights_sitenote_note":"","_monsterinsights_sitenote_category":0,"footnotes":"","_links_to":"","_links_to_target":""},"categories":[114,84],"tags":[],"class_list":["post-15219","post","type-post","status-publish","format-standard","has-post-thumbnail","hentry","category-bulletin","category-article"],"post_mailing_queue_ids":[],"_links":{"self":[{"href":"https:\/\/pembrokediocese.com\/fr\/wp-json\/wp\/v2\/posts\/15219","targetHints":{"allow":["GET"]}}],"collection":[{"href":"https:\/\/pembrokediocese.com\/fr\/wp-json\/wp\/v2\/posts"}],"about":[{"href":"https:\/\/pembrokediocese.com\/fr\/wp-json\/wp\/v2\/types\/post"}],"author":[{"embeddable":true,"href":"https:\/\/pembrokediocese.com\/fr\/wp-json\/wp\/v2\/users\/10"}],"replies":[{"embeddable":true,"href":"https:\/\/pembrokediocese.com\/fr\/wp-json\/wp\/v2\/comments?post=15219"}],"version-history":[{"count":2,"href":"https:\/\/pembrokediocese.com\/fr\/wp-json\/wp\/v2\/posts\/15219\/revisions"}],"predecessor-version":[{"id":15221,"href":"https:\/\/pembrokediocese.com\/fr\/wp-json\/wp\/v2\/posts\/15219\/revisions\/15221"}],"wp:featuredmedia":[{"embeddable":true,"href":"https:\/\/pembrokediocese.com\/fr\/wp-json\/wp\/v2\/media\/3815"}],"wp:attachment":[{"href":"https:\/\/pembrokediocese.com\/fr\/wp-json\/wp\/v2\/media?parent=15219"}],"wp:term":[{"taxonomy":"category","embeddable":true,"href":"https:\/\/pembrokediocese.com\/fr\/wp-json\/wp\/v2\/categories?post=15219"},{"taxonomy":"post_tag","embeddable":true,"href":"https:\/\/pembrokediocese.com\/fr\/wp-json\/wp\/v2\/tags?post=15219"}],"curies":[{"name":"wp","href":"https:\/\/api.w.org\/{rel}","templated":true}]}}