{"id":15476,"date":"2024-10-08T10:39:28","date_gmt":"2024-10-08T14:39:28","guid":{"rendered":"https:\/\/pembrokediocese.com\/?p=15476"},"modified":"2024-10-08T13:50:38","modified_gmt":"2024-10-08T17:50:38","slug":"bulletin-hebdomadaire-le-8-octobre-2024-ferie","status":"publish","type":"post","link":"https:\/\/pembrokediocese.com\/fr\/article\/bulletin-hebdomadaire-le-8-octobre-2024-ferie\/","title":{"rendered":"BULLETIN HEBDOMADAIRE  &#8211; le 8 octobre 2024 (F\u00e9rie)"},"content":{"rendered":"<hr class=\"wp-block-separator has-alpha-channel-opacity\" \/>\r\n\r\n\r\n<h4 class=\"wp-block-heading\"><strong><i><a href=\"mailto:reception@pembrokediocese.com?subject=Abonnez-vous au bulletin hebdomadaire&amp;amp;body=Bonjour, je souhaite m'abonner au Bulletin Hebdomadaire s'il vous plait. Merci.\"><img loading=\"lazy\" decoding=\"async\" class=\"alignright wp-image-8004\" src=\"https:\/\/pembrokediocese.com\/wp-content\/uploads\/subscribe-banner-fr-200x205.png\" alt=\"\" width=\"124\" height=\"127\" srcset=\"https:\/\/pembrokediocese.com\/wp-content\/uploads\/subscribe-banner-fr-200x205.png 200w, https:\/\/pembrokediocese.com\/wp-content\/uploads\/subscribe-banner-fr-768x785.png 768w, https:\/\/pembrokediocese.com\/wp-content\/uploads\/subscribe-banner-fr.png 840w\" sizes=\"(max-width: 124px) 100vw, 124px\" \/><\/a><\/i><\/strong><\/h4>\r\n\r\n\r\n\r\n<h1 class=\"wp-block-heading\"><strong><em>Une femme nomm\u00e9e Marthe le re\u00e7ut. Marie a choisi la meilleure part.<\/em><\/strong><\/h1>\r\n\r\n\r\n\r\n<h3 class=\"wp-block-heading\"><strong>(Luc 10, 38-42)<\/strong><\/h3>\r\n\r\n\r\n<hr class=\"wp-block-separator has-alpha-channel-opacity\" \/>\r\n\r\n\r\n\r\n\r\n\r\n\r\n\r\n\r\n<h2 class=\"wp-block-heading\"><strong>DU DIOC\u00c8SE<\/strong><\/h2>\r\n<h3><strong>Action de gr\u00e2ce<\/strong><\/h3>\r\n<p>Les bureaux du dioc\u00e8se seront ferm\u00e9s le lundi 14 octobre et rouvriront le mardi 15 octobre \u00e0 8h30.<\/p>\r\n<h3><strong>Messe d\u2019action de gr\u00e2ce\u00a0<\/strong><\/h3>\r\n<p>Une messe d&rsquo;action de gr\u00e2ce en l&rsquo;honneur de la canonisation de Sainte Marie-L\u00e9onie Paradis sera offerte par le Mgr Michael Brehl, cssr, \u00e0 la cath\u00e9drale St. Columbkille, \u00e0 Pembroke, <strong>le lundi 4 novembre \u00e0 12 h 10,<\/strong> \u00e0 l&rsquo;occasion du 122e anniversaire de la visite de Sainte Marie-L\u00e9onie Paradis \u00e0 Pembroke. Tous sont invit\u00e9s \u00e0 y assister.\u00a0<\/p>\r\n<h3><strong>Hom\u00e9lie pour le 350<sup>e<\/sup> anniversaire de la fondation du dioc\u00e8se de Qu\u00e9bec<\/strong><\/h3>\r\n<p>L&rsquo;hom\u00e9lie prononc\u00e9e \u00e0 la Basilique cath\u00e9drale Notre-Dame de Qu\u00e9bec par le Cardinal Jean-Marc Aveline, Archev\u00eaque de Marseille et Envoy\u00e9 sp\u00e9cial du Saint-P\u00e8re, \u00e0 l&rsquo;occasion du 350<sup>e<\/sup> anniversaire de la fondation du dioc\u00e8se de Qu\u00e9bec est <a href=\"https:\/\/www.ecdq.org\/wp-content\/uploads\/2024\/09\/Homelie-350e-anniversaire-Quebec.pdf\">disponible ici.<\/a><\/p>\r\n\r\n\r\n<hr class=\"wp-block-separator has-alpha-channel-opacity\" \/>\r\n\r\n\r\n\r\n\r\n<p>\r\n\r\n<\/p>\r\n<h2><strong>DE <\/strong><strong>LA CECC<\/strong><\/h2>\r\n<h3><strong>R\u00e9union de l\u2019Assembl\u00e9e pl\u00e9ni\u00e8re 2024 de la CECC \u2013 Vid\u00e9oth\u00e8que de Sel+Lumi\u00e8re M\u00e9dia\u00a0<\/strong><\/h3>\r\n<p><strong>Le 3 octobre 2024, Ottawa\u00a0\u2013 <\/strong>La Conf\u00e9rence des \u00e9v\u00eaques catholiques du Canada (CECC) a tenu sa r\u00e9union annuelle de l\u2019Assembl\u00e9e pl\u00e9ni\u00e8re<strong> du 23 au 27 septembre 2024,\u00a0\u00e0 l\u2019h\u00f4tel Delta Mont Sainte-Anne, \u00e0 Qu\u00e9bec.<\/strong> <a href=\"https:\/\/www.cecc.ca\/communique-de-presse\/reunion-de-lassemblee-pleniere-2024-de-la-cecc-videotheque-de-sel-lumiere-media\/\">(Lire la suite\u2026)<\/a><\/p>\r\n<h3><strong>L&rsquo;archev\u00eaque de Toronto \u00e9lev\u00e9 au Coll\u00e8ge des cardinaux\u00a0<\/strong><\/h3>\r\n<p><strong>OTTAWA, 6 octobre 2024 \u2013<\/strong><strong>\u00a0<\/strong>Le pape Fran\u00e7ois a annonc\u00e9 un Consistoire pour la cr\u00e9ation de 21 nouveaux cardinaux du monde entier, qui se tiendra \u00e0 la Cit\u00e9 du Vatican le 8 d\u00e9cembre 2024 (f\u00eate de l\u2019Immacul\u00e9e Conception). Son Excellence Mgr Francis Leo, archev\u00eaque de Toronto, figure parmi ceux qui seront \u00e9lev\u00e9s au Coll\u00e8ge des cardinaux; il deviendra ainsi\u2019 le 18<sup>e<\/sup> Cardinal dans l\u2019histoire de l\u2019\u00c9glise catholique au Canada. <a href=\"https:\/\/www.cecc.ca\/communique-de-presse\/larcheveque-de-toronto-eleve-au-college-des-cardinaux\/\">(Lire la suite\u2026)<\/a><\/p>\r\n<h3><strong>D\u00e9claration du Mgr William T. McGrattan, \u00e9v\u00eaque de Calgary et pr\u00e9sident de la CECC, aux fid\u00e8les catholiques du Canada, les invitant \u00e0 prier et \u00e0 je\u00fbner pour la paix \u2013 lundi le 07 octobre 2024\u00a0<\/strong><\/h3>\r\n<p>En ce mois d\u2019octobre consacr\u00e9 \u00e0 Marie, et plus particuli\u00e8rement aujourd\u2019hui en la f\u00eate de Notre-Dame du Rosaire, \u00e0 l\u2019heure o\u00f9 la violence entre les peuples et les nations se poursuit au Moyen-Orient (et ailleurs), j\u2019invite tous les catholiques du Canada \u00e0 r\u00e9pondre \u00e0 l\u2019invitation du pape Fran\u00e7ois \u00e0 prier et \u00e0 je\u00fbner pour la paix. <a href=\"https:\/\/www.cecc.ca\/communique-de-presse\/declaration-de-mgr-william-t-mcgrattan-eveque-de-calgary-et-president-de-la-cecc-aux-fideles-catholiques-du-canada-les-invitant-a-prier-et-a-jeuner-pour-la-paix\/\">(Lire la suite\u2026)<\/a><\/p>\r\n<hr class=\"wp-block-separator has-alpha-channel-opacity\" \/>\r\n<p>\r\n\r\n\r\n\r\n<\/p>\r\n<p>\r\n\r\n\r\n\r\n\r\n\r\n<\/p>\r\n<p>\r\n\r\n\r\n\r\n<\/p>\r\n<p>\r\n\r\n<\/p>\r\n<p>\r\n\r\n<\/p>\r\n<p>\r\n\r\n<\/p>\r\n<p>\r\n\r\n<\/p>\r\n<p>\r\n\r\n<\/p>\r\n<p>\r\n\r\n<\/p>\r\n<h2 class=\"wp-block-heading\"><strong>SYNODE SUR LA SYNODALIT\u00c9<\/strong><\/h2>\r\n<h3><strong>Glossaire essentiel pour le Synode sur la synodalit\u00e9 2024<\/strong><\/h3>\r\n<p>Le Synode sur la synodalit\u00e9 de 2024 marque un tournant dans la vie de l&rsquo;\u00c9glise. Alors que les \u00e9v\u00eaques et les fid\u00e8les se rassemblent, ils s&rsquo;engagent dans une d\u00e9marche de discernement communautaire, cherchant \u00e0 approfondir leur compr\u00e9hension de la synodalit\u00e9 &#8211; un concept enracin\u00e9 dans le mot grec signifiant \u00ab\u00a0se r\u00e9unir\u00a0\u00bb ou \u00ab\u00a0cheminer ensemble\u00a0\u00bb. Ce synode vise \u00e0 encourager la coresponsabilit\u00e9, \u00e0 renforcer le consensus et \u00e0 promouvoir la responsabilit\u00e9 au sein de l&rsquo;\u00c9glise. Explorons les termes cl\u00e9s et les th\u00e8mes qui fa\u00e7onnent ce parcours. (<a href=\"https:\/\/pembrokediocese.com\/fr\/synode\/\">Lire la suite<\/a>)<\/p>\r\n<p>\r\n\r\n<\/p>\r\n<hr class=\"wp-block-separator has-alpha-channel-opacity\" \/>\r\n<p>\r\n\r\n<\/p>\r\n<p>\r\n\r\n<\/p>\r\n<h2 class=\"wp-block-heading\"><strong>V\u00c9RIT\u00c9 ET R\u00c9CONCILIATION<\/strong><\/h2>\r\n<h3><strong>Dix faits sur la d\u00e9claration de l&rsquo;ONU\u00a0<\/strong><\/h3>\r\n<ol start=\"7\">\r\n<li>Les d\u00e9clarations internationales sur les droits de l&rsquo;homme ont des effets juridiques divers.<\/li>\r\n<\/ol>\r\n<hr class=\"wp-block-separator has-alpha-channel-opacity\" \/>\r\n<p>\r\n\r\n<\/p>\r\n<p>\r\n\r\n\r\n\r\n<\/p>\r\n<p>\r\n\r\n<\/p>\r\n<p>\r\n\r\n<\/p>\r\n<p>\r\n\r\n<\/p>\r\n<p>\r\n\r\n<\/p>\r\n<p>\r\n\r\n<\/p>\r\n<p>\r\n\r\n\r\n\r\n\r\n\r\n<\/p>\r\n<p>\r\n\r\n<\/p>\r\n<p>\r\n\r\n<\/p>\r\n<p>\r\n\r\n\r\n\r\n<\/p>\r\n<p>\r\n\r\n<\/p>\r\n<p>\r\n\r\n<\/p>\r\n<p>\r\n\r\n<\/p>\r\n<p>\r\n\r\n<\/p>\r\n<p>\r\n\r\n<\/p>\r\n<h2 class=\"wp-block-heading\"><strong>L\u2019\u00c9QUIPE D\u2019\u00c9VANG\u00c9LISATION<\/strong><\/h2>\r\n<h3><strong>Chaque acte d\u2019amour est \u00e9vang\u00e9lisation <\/strong><\/h3>\r\n<p><em>Par Pierre-Alain Giffard, directeur de la pastorale dioc\u00e9saine<\/em><\/p>\r\n<p>Au c\u0153ur de l\u2019\u00e9vang\u00e9lisation et de la vie chr\u00e9tienne, il doit y avoir une intention principale: aimer et aider les autres. Ce principe est l\u2019appel du Christ \u00e0 ses disciples. Aimer comme le Christ nous aime signifie nous d\u00e9vouer au service des autres, avec compassion et mis\u00e9ricorde, en les rapprochant de l\u2019\u00c9vangile \u00e0 travers nos actions et nos paroles. Aider les autres n\u2019est pas simplement un conseil, mais un commandement du Christ, qu\u2019il a exemplifi\u00e9 tout au long de son minist\u00e8re, et que l\u2019\u00c9glise ne cesse de r\u00e9affirmer \u00e0 travers ses enseignements. <a href=\"https:\/\/pembrokediocese.com\/fr\/article\/chaque-acte-damour-est-evangelisation\/\">(Lire la suite\u2026)<\/a><\/p>\r\n<hr class=\"wp-block-separator has-alpha-channel-opacity\" \/>\r\n<p>\r\n\r\n<\/p>\r\n<p>\r\n\r\n<\/p>\r\n<p><\/p>\r\n<h2><strong>AUTRES \u00c9V\u00c9NEMENTS CATHOLIQUES<\/strong><\/h2>\r\n<h3><strong>14<sup>e<\/sup> p\u00e8lerinage d&rsquo;automne \u2013 Oratoire St-Joseph<em>\u00a0<\/em><\/strong><\/h3>\r\n<p>Le dimanche 20 octobre 2024 des dioc\u00e8ses d&rsquo;Ottawa-Cornwall, Gatineau, Pembroke, St-J\u00e9r\u00f4me-Mont Laurier et Kingston.\u00a0 Le nombre de places est limit\u00e9. Pour plus d&rsquo;information : Mike Budge 613 224-8110 ou par courriel : <a href=\"mailto:mikebudge2021@gmail.com\">mikebudge2021@gmail.com<\/a><\/p>\r\n<p><!-- \/wp:post-content --><\/p>\r\n<p><!-- wp:paragraph --><\/p>\r\n<p><!-- \/wp:paragraph --><\/p>","protected":false},"excerpt":{"rendered":"<p>Une femme nomm\u00e9e Marthe le re\u00e7ut. Marie a choisi la meilleure part. (Luc 10, 38-42) DU DIOC\u00c8SE Action de gr\u00e2ce Les bureaux du dioc\u00e8se seront ferm\u00e9s le lundi 14 octobre et rouvriront le mardi 15 octobre \u00e0 8h30. Messe d\u2019action de gr\u00e2ce\u00a0 Une messe d&rsquo;action de gr\u00e2ce en l&rsquo;honneur de la canonisation de Sainte Marie-L\u00e9onie Paradis sera offerte par le Mgr Michael Brehl, cssr, \u00e0 la cath\u00e9drale St. Columbkille, \u00e0 Pembroke, le lundi 4 novembre \u00e0 12 h 10, \u00e0 l&rsquo;occasion du 122e anniversaire de la visite de Sainte Marie-L\u00e9onie Paradis \u00e0 Pembroke. Tous sont invit\u00e9s \u00e0 y assister.\u00a0 Hom\u00e9lie pour le 350e anniversaire de la fondation du dioc\u00e8se de Qu\u00e9bec L&rsquo;hom\u00e9lie prononc\u00e9e \u00e0 la Basilique cath\u00e9drale Notre-Dame de Qu\u00e9bec par le Cardinal Jean-Marc Aveline, Archev\u00eaque de Marseille et Envoy\u00e9 sp\u00e9cial du Saint-P\u00e8re, \u00e0 l&rsquo;occasion du 350e anniversaire de la fondation du dioc\u00e8se de Qu\u00e9bec est disponible ici. SYNODE SUR LA SYNODALIT\u00c9 Glossaire essentiel pour le Synode sur la synodalit\u00e9 2024 Le Synode sur la synodalit\u00e9 de 2024 marque un tournant dans la vie de l&rsquo;\u00c9glise. Alors que les \u00e9v\u00eaques et les fid\u00e8les se rassemblent, ils s&rsquo;engagent dans une d\u00e9marche de discernement communautaire, cherchant \u00e0 approfondir leur compr\u00e9hension de la synodalit\u00e9 &#8211; un concept enracin\u00e9 dans le mot grec signifiant \u00ab\u00a0se r\u00e9unir\u00a0\u00bb ou \u00ab\u00a0cheminer ensemble\u00a0\u00bb. Ce synode vise \u00e0 encourager la coresponsabilit\u00e9, \u00e0 renforcer le consensus et \u00e0 promouvoir la responsabilit\u00e9 au sein de l&rsquo;\u00c9glise. Explorons les termes cl\u00e9s et les th\u00e8mes qui fa\u00e7onnent ce parcours. (Lire la suite) AUTRES \u00c9V\u00c9NEMENTS CATHOLIQUES 14e p\u00e8lerinage d&rsquo;automne \u2013 Oratoire St-Joseph\u00a0 Le dimanche 20 octobre 2024 des dioc\u00e8ses d&rsquo;Ottawa-Cornwall, Gatineau, Pembroke, St-J\u00e9r\u00f4me-Mont Laurier et Kingston.\u00a0 Le nombre de places est limit\u00e9. Pour plus d&rsquo;information : Mike Budge 613 224-8110 ou par courriel : mikebudge2021@gmail.com<\/p>\n","protected":false},"author":10,"featured_media":3815,"comment_status":"closed","ping_status":"closed","sticky":false,"template":"","format":"standard","meta":{"_monsterinsights_skip_tracking":false,"_monsterinsights_sitenote_active":false,"_monsterinsights_sitenote_note":"","_monsterinsights_sitenote_category":0,"footnotes":"","_links_to":"","_links_to_target":""},"categories":[114,84],"tags":[],"class_list":["post-15476","post","type-post","status-publish","format-standard","has-post-thumbnail","hentry","category-bulletin","category-article"],"post_mailing_queue_ids":[],"_links":{"self":[{"href":"https:\/\/pembrokediocese.com\/fr\/wp-json\/wp\/v2\/posts\/15476","targetHints":{"allow":["GET"]}}],"collection":[{"href":"https:\/\/pembrokediocese.com\/fr\/wp-json\/wp\/v2\/posts"}],"about":[{"href":"https:\/\/pembrokediocese.com\/fr\/wp-json\/wp\/v2\/types\/post"}],"author":[{"embeddable":true,"href":"https:\/\/pembrokediocese.com\/fr\/wp-json\/wp\/v2\/users\/10"}],"replies":[{"embeddable":true,"href":"https:\/\/pembrokediocese.com\/fr\/wp-json\/wp\/v2\/comments?post=15476"}],"version-history":[{"count":3,"href":"https:\/\/pembrokediocese.com\/fr\/wp-json\/wp\/v2\/posts\/15476\/revisions"}],"predecessor-version":[{"id":15493,"href":"https:\/\/pembrokediocese.com\/fr\/wp-json\/wp\/v2\/posts\/15476\/revisions\/15493"}],"wp:featuredmedia":[{"embeddable":true,"href":"https:\/\/pembrokediocese.com\/fr\/wp-json\/wp\/v2\/media\/3815"}],"wp:attachment":[{"href":"https:\/\/pembrokediocese.com\/fr\/wp-json\/wp\/v2\/media?parent=15476"}],"wp:term":[{"taxonomy":"category","embeddable":true,"href":"https:\/\/pembrokediocese.com\/fr\/wp-json\/wp\/v2\/categories?post=15476"},{"taxonomy":"post_tag","embeddable":true,"href":"https:\/\/pembrokediocese.com\/fr\/wp-json\/wp\/v2\/tags?post=15476"}],"curies":[{"name":"wp","href":"https:\/\/api.w.org\/{rel}","templated":true}]}}