{"id":15542,"date":"2024-10-22T10:42:45","date_gmt":"2024-10-22T14:42:45","guid":{"rendered":"https:\/\/pembrokediocese.com\/?p=15542"},"modified":"2026-04-09T09:47:31","modified_gmt":"2026-04-09T13:47:31","slug":"bulletin-hebdomadaire-le-22-octobre-2024-ferie","status":"publish","type":"post","link":"https:\/\/pembrokediocese.com\/fr\/article\/bulletin-hebdomadaire-le-22-octobre-2024-ferie\/","title":{"rendered":"BULLETIN HEBDOMADAIRE  &#8211; le 22 octobre 2024 (F\u00e9rie )"},"content":{"rendered":"<hr class=\"wp-block-separator has-alpha-channel-opacity\" \/>\r\n\r\n\r\n<h4 class=\"wp-block-heading\"><strong><i><a href=\"mailto:reception@pembrokediocese.com?subject=Abonnez-vous au bulletin hebdomadaire&amp;amp;body=Bonjour, je souhaite m'abonner au Bulletin Hebdomadaire s'il vous plait. Merci.\"><img loading=\"lazy\" decoding=\"async\" class=\"alignright wp-image-8004\" src=\"https:\/\/pembrokediocese.com\/wp-content\/uploads\/subscribe-banner-fr-200x205.png\" alt=\"\" width=\"124\" height=\"127\" srcset=\"https:\/\/pembrokediocese.com\/wp-content\/uploads\/subscribe-banner-fr-200x205.png 200w, https:\/\/pembrokediocese.com\/wp-content\/uploads\/subscribe-banner-fr-768x785.png 768w, https:\/\/pembrokediocese.com\/wp-content\/uploads\/subscribe-banner-fr.png 840w\" sizes=\"(max-width: 124px) 100vw, 124px\" \/><\/a><\/i><\/strong><\/h4>\r\n\r\n\r\n\r\n<h1 class=\"wp-block-heading\"><em><strong>Heureux les serviteurs que le ma\u00eetre, \u00e0 son arriv\u00e9e, trouvera en train de veiller.<\/strong><\/em><\/h1>\r\n\r\n\r\n\r\n<h3 class=\"wp-block-heading\"><strong>(Luc 12, 35-38)<\/strong><\/h3>\r\n\r\n\r\n<hr class=\"wp-block-separator has-alpha-channel-opacity\" \/>\r\n\r\n\r\n\r\n\r\n\r\n\r\n\r\n\r\n<h2 class=\"wp-block-heading\"><strong>DU DIOC\u00c8SE<\/strong><\/h2>\r\n<h3><strong>Entrevue de l&rsquo;\u00e9v\u00eaque Michael Brehl\u00a0<\/strong><\/h3>\r\n<p>Regardez la <a href=\"https:\/\/www.youtube.com\/watch?v=_dTq6tL5Ix4\">vid\u00e9o YouTube de l&rsquo;entrevue de Mgr Michael Brehl, c.ss.r,<\/a> 10<sup>e<\/sup> \u00e9v\u00eaque de Pembroke, interview\u00e9 par P\u00e8re R\u00e9al Ouellette.<\/p>\r\n<h3><strong>Eccl\u00e9sia<\/strong><\/h3>\r\n<p>L&rsquo;\u00e9dition d&rsquo;Eccl\u00e9sia Automne 2024 est maintenant disponible dans les paroisses. Il peut \u00e9galement \u00eatre lu sur notre site web <a href=\"https:\/\/pembrokediocese.com\/wp-content\/uploads\/Ecclesia-Fall-2024-FR.pdf\">ici.<\/a><\/p>\r\n<h3><strong>Messe d\u2019action de gr\u00e2ce\u00a0<\/strong><\/h3>\r\n<p>Une messe d&rsquo;action de gr\u00e2ce en l&rsquo;honneur de la canonisation de Sainte Marie-L\u00e9onie Paradis sera offerte par le Mgr Michael Brehl, cssr, \u00e0 la cath\u00e9drale St. Columbkille, \u00e0 Pembroke, <strong>le lundi 4 novembre \u00e0 12 h 10,<\/strong> \u00e0 l&rsquo;occasion du 122e anniversaire de la visite de Sainte Marie-L\u00e9onie Paradis \u00e0 Pembroke. Tous sont invit\u00e9s \u00e0 y assister.\u00a0<\/p>\r\n<p>&nbsp;<\/p>\r\n\r\n\r\n<hr class=\"wp-block-separator has-alpha-channel-opacity\" \/>\r\n\r\n\r\n\r\n\r\n<p>\r\n\r\n<\/p>\r\n<h2><strong>DE <\/strong><strong>LA CECC<\/strong><\/h2>\r\n<h3><strong>Appel \u00e0 soutenir au Liban \u2013 Appel conjoint \u00e0 aider et prier\u00a0<\/strong><\/h3>\r\n<p><strong>Montr\u00e9al, 15 octobre \u2014\u00a0<\/strong>Avec le soutien de la Conf\u00e9rence des \u00e9v\u00eaques catholiques du Canada (CECC), Aide \u00e0 l\u2019\u00c9glise en D\u00e9tresse Canada (AED), CNEWA Canada (l\u2019Association catholique d\u2019aide \u00e0 l\u2019Orient) et D\u00e9veloppement et Paix \u2013\u00a0Caritas\u00a0Canada (DPCC) lancent un appel \u00e0 la g\u00e9n\u00e9rosit\u00e9 afin de soutenir les besoins de plus en plus urgents au Liban, \u00e0 la suite des bombardements dans le pays qui ont d\u00e9j\u00e0 fait des centaines de victimes innocentes. <a href=\"https:\/\/www.cecc.ca\/communique-de-presse\/appel-a-soutenir-au-liban-appel-conjoint-a-aider-et-prier\/\">(Lire la suite\u2026)<\/a><\/p>\r\n<h3><strong>Une jeune canadienne nomm\u00e9e au Conseil consultatif international de la jeunesse\u00a0<\/strong><\/h3>\r\n<p><strong>OTTAWA, 16 octobre 2024 \u2013<\/strong>\u00a0Le 7 octobre 2024, le Dicast\u00e8re pour les la\u00efcs, la famille et la vie du Vatican a annonc\u00e9 la nomination des nouveaux membres du Conseil consultatif international de la jeunesse (IYAB), compos\u00e9 de 20 jeunes de diff\u00e9rentes r\u00e9gions du monde et de plusieurs mouvements, associations et communaut\u00e9s internationales. <a href=\"https:\/\/www.cecc.ca\/communique-de-presse\/une-jeune-canadienne-nommee-au-conseil-consultatif-international-de-la-jeunesse\/\">(Lire la suite\u2026)<\/a><\/p>\r\n<hr class=\"wp-block-separator has-alpha-channel-opacity\" \/>\r\n<p>\r\n\r\n\r\n\r\n<\/p>\r\n<p>\r\n\r\n\r\n\r\n\r\n\r\n<\/p>\r\n<p>\r\n\r\n\r\n\r\n<\/p>\r\n<p>\r\n\r\n<\/p>\r\n<p>\r\n\r\n<\/p>\r\n<p>\r\n\r\n<\/p>\r\n<p>\r\n\r\n<\/p>\r\n<p>\r\n\r\n<\/p>\r\n<p>\r\n\r\n<\/p>\r\n<h2 class=\"wp-block-heading\"><strong>SYNODE SUR LA SYNODALIT\u00c9<\/strong><\/h2>\r\n<h3><strong>Glossaire essentiel pour le Synode sur la synodalit\u00e9 2024<\/strong><\/h3>\r\n<p>Le Synode sur la synodalit\u00e9 de 2024 marque un tournant dans la vie de l&rsquo;\u00c9glise. Alors que les \u00e9v\u00eaques et les fid\u00e8les se rassemblent, ils s&rsquo;engagent dans une d\u00e9marche de discernement communautaire, cherchant \u00e0 approfondir leur compr\u00e9hension de la synodalit\u00e9 &#8211; un concept enracin\u00e9 dans le mot grec signifiant \u00ab\u00a0se r\u00e9unir\u00a0\u00bb ou \u00ab\u00a0cheminer ensemble\u00a0\u00bb. Ce synode vise \u00e0 encourager la coresponsabilit\u00e9, \u00e0 renforcer le consensus et \u00e0 promouvoir la responsabilit\u00e9 au sein de l&rsquo;\u00c9glise. Explorons les termes cl\u00e9s et les th\u00e8mes qui fa\u00e7onnent ce parcours. (<a href=\"https:\/\/pembrokediocese.com\/fr\/synode\/\">Lire la suite<\/a>)<\/p>\r\n<p>\r\n\r\n<\/p>\r\n<hr class=\"wp-block-separator has-alpha-channel-opacity\" \/>\r\n<p>\r\n\r\n<\/p>\r\n<p>\r\n\r\n<\/p>\r\n<h2 class=\"wp-block-heading\"><strong>V\u00c9RIT\u00c9 ET R\u00c9CONCILIATION<\/strong><\/h2>\r\n<h3><strong>Dix faits sur la d\u00e9claration de l&rsquo;ONU\u00a0<\/strong><\/h3>\r\n<ol start=\"9\">\r\n<li>Les repr\u00e9sentants des peuples autochtones ont travaill\u00e9 pendant plus de vingt ans \u00e0 l&rsquo;\u00e9laboration de la d\u00e9claration. Il s&rsquo;agit du premier instrument international pour lequel les d\u00e9tenteurs de droits eux-m\u00eames ont particip\u00e9 \u00e0 la r\u00e9daction sur un pied d&rsquo;\u00e9galit\u00e9 avec les \u00c9tats.<\/li>\r\n<\/ol>\r\n<hr class=\"wp-block-separator has-alpha-channel-opacity\" \/>\r\n<p>\r\n\r\n<\/p>\r\n<p>\r\n\r\n\r\n\r\n<\/p>\r\n<p>\r\n\r\n<\/p>\r\n<p>\r\n\r\n<\/p>\r\n<p>\r\n\r\n<\/p>\r\n<p>\r\n\r\n<\/p>\r\n<p>\r\n\r\n<\/p>\r\n<p>\r\n\r\n\r\n\r\n\r\n\r\n<\/p>\r\n<p>\r\n\r\n<\/p>\r\n<p>\r\n\r\n<\/p>\r\n<p>\r\n\r\n\r\n\r\n<\/p>\r\n<p>\r\n\r\n<\/p>\r\n<p>\r\n\r\n<\/p>\r\n<p>\r\n\r\n<\/p>\r\n<p>\r\n\r\n<\/p>\r\n<p>\r\n\r\n<\/p>\r\n<h2 class=\"wp-block-heading\"><strong>L\u2019\u00c9QUIPE D\u2019\u00c9VANG\u00c9LISATION<\/strong><\/h2>\r\n<h3><strong>La puissance surnaturelle de la pri\u00e8re et de l\u2019amour envers Dieu <\/strong><\/h3>\r\n<p><em>Par Pierre-Alain Giffard, directeur de la pastorale dioc\u00e9saine<\/em><\/p>\r\n<p>Dans la tradition mystique catholique, les saints et les mystiques ont souvent \u00e9voqu\u00e9 le pouvoir surnaturel qui r\u00e9side dans la pri\u00e8re et notre amour pour Dieu. Ce pouvoir ne touche pas seulement celui qui prie, mais rapproche myst\u00e9rieusement les autres de Dieu. L\u2019une des voix les plus \u00e9loquentes \u00e0 ce sujet est celle de Sainte Marguerite-Marie Alacoque, religieuse visitandine fran\u00e7aise, qui re\u00e7ut des visions mystiques du Sacr\u00e9-C\u0153ur de J\u00e9sus. Ses \u00e9crits r\u00e9v\u00e8lent que la pri\u00e8re, surtout lorsqu\u2019elle est inspir\u00e9e par l\u2019amour, rec\u00e8le une force divine qui transcende le visible, agissant en silence mais avec efficacit\u00e9 en vue du salut des \u00e2mes. <a href=\"https:\/\/pembrokediocese.com\/fr\/article\/la-puissance-surnaturelle-de-la-priere-et-de-lamour-envers-dieu\/\">(Lire la suite\u2026)<\/a><\/p>\r\n<hr class=\"wp-block-separator has-alpha-channel-opacity\" \/>\r\n<p>\r\n\r\n<\/p>\r\n<p>\r\n\r\n<\/p>\r\n<p>&nbsp;<\/p>\r\n<p>\r\n\r\n<\/p>\r\n<p><\/p>\r\n<p>&nbsp;<\/p>\r\n<p><!-- \/wp:post-content --><\/p>\r\n<p><!-- wp:paragraph --><\/p>\r\n<p><!-- \/wp:paragraph --><\/p>","protected":false},"excerpt":{"rendered":"<p>Heureux les serviteurs que le ma\u00eetre, \u00e0 son arriv\u00e9e, trouvera en train de veiller. (Luc 12, 35-38) DU DIOC\u00c8SE Entrevue de l&rsquo;\u00e9v\u00eaque Michael Brehl\u00a0 Regardez la vid\u00e9o YouTube de l&rsquo;entrevue de Mgr Michael Brehl, c.ss.r, 10e \u00e9v\u00eaque de Pembroke, interview\u00e9 par P\u00e8re R\u00e9al Ouellette. Eccl\u00e9sia L&rsquo;\u00e9dition d&rsquo;Eccl\u00e9sia Automne 2024 est maintenant disponible dans les paroisses. Il peut \u00e9galement \u00eatre lu sur notre site web ici. Messe d\u2019action de gr\u00e2ce\u00a0 Une messe d&rsquo;action de gr\u00e2ce en l&rsquo;honneur de la canonisation de Sainte Marie-L\u00e9onie Paradis sera offerte par le Mgr Michael Brehl, cssr, \u00e0 la cath\u00e9drale St. Columbkille, \u00e0 Pembroke, le lundi 4 novembre \u00e0 12 h 10, \u00e0 l&rsquo;occasion du 122e anniversaire de la visite de Sainte Marie-L\u00e9onie Paradis \u00e0 Pembroke. Tous sont invit\u00e9s \u00e0 y assister.\u00a0 &nbsp; SYNODE SUR LA SYNODALIT\u00c9 Glossaire essentiel pour le Synode sur la synodalit\u00e9 2024 Le Synode sur la synodalit\u00e9 de 2024 marque un tournant dans la vie de l&rsquo;\u00c9glise. Alors que les \u00e9v\u00eaques et les fid\u00e8les se rassemblent, ils s&rsquo;engagent dans une d\u00e9marche de discernement communautaire, cherchant \u00e0 approfondir leur compr\u00e9hension de la synodalit\u00e9 &#8211; un concept enracin\u00e9 dans le mot grec signifiant \u00ab\u00a0se r\u00e9unir\u00a0\u00bb ou \u00ab\u00a0cheminer ensemble\u00a0\u00bb. Ce synode vise \u00e0 encourager la coresponsabilit\u00e9, \u00e0 renforcer le consensus et \u00e0 promouvoir la responsabilit\u00e9 au sein de l&rsquo;\u00c9glise. Explorons les termes cl\u00e9s et les th\u00e8mes qui fa\u00e7onnent ce parcours. (Lire la suite) &nbsp;<\/p>\n","protected":false},"author":10,"featured_media":3815,"comment_status":"closed","ping_status":"closed","sticky":false,"template":"","format":"standard","meta":{"_monsterinsights_skip_tracking":false,"_monsterinsights_sitenote_active":false,"_monsterinsights_sitenote_note":"","_monsterinsights_sitenote_category":0,"footnotes":"","_links_to":"","_links_to_target":""},"categories":[114,84],"tags":[],"class_list":["post-15542","post","type-post","status-publish","format-standard","has-post-thumbnail","hentry","category-bulletin","category-article"],"post_mailing_queue_ids":[],"_links":{"self":[{"href":"https:\/\/pembrokediocese.com\/fr\/wp-json\/wp\/v2\/posts\/15542","targetHints":{"allow":["GET"]}}],"collection":[{"href":"https:\/\/pembrokediocese.com\/fr\/wp-json\/wp\/v2\/posts"}],"about":[{"href":"https:\/\/pembrokediocese.com\/fr\/wp-json\/wp\/v2\/types\/post"}],"author":[{"embeddable":true,"href":"https:\/\/pembrokediocese.com\/fr\/wp-json\/wp\/v2\/users\/10"}],"replies":[{"embeddable":true,"href":"https:\/\/pembrokediocese.com\/fr\/wp-json\/wp\/v2\/comments?post=15542"}],"version-history":[{"count":5,"href":"https:\/\/pembrokediocese.com\/fr\/wp-json\/wp\/v2\/posts\/15542\/revisions"}],"predecessor-version":[{"id":18779,"href":"https:\/\/pembrokediocese.com\/fr\/wp-json\/wp\/v2\/posts\/15542\/revisions\/18779"}],"wp:featuredmedia":[{"embeddable":true,"href":"https:\/\/pembrokediocese.com\/fr\/wp-json\/wp\/v2\/media\/3815"}],"wp:attachment":[{"href":"https:\/\/pembrokediocese.com\/fr\/wp-json\/wp\/v2\/media?parent=15542"}],"wp:term":[{"taxonomy":"category","embeddable":true,"href":"https:\/\/pembrokediocese.com\/fr\/wp-json\/wp\/v2\/categories?post=15542"},{"taxonomy":"post_tag","embeddable":true,"href":"https:\/\/pembrokediocese.com\/fr\/wp-json\/wp\/v2\/tags?post=15542"}],"curies":[{"name":"wp","href":"https:\/\/api.w.org\/{rel}","templated":true}]}}