{"id":16188,"date":"2025-01-14T10:27:15","date_gmt":"2025-01-14T15:27:15","guid":{"rendered":"https:\/\/pembrokediocese.com\/?p=16188"},"modified":"2025-01-14T10:37:03","modified_gmt":"2025-01-14T15:37:03","slug":"bulletin-hebdomadaire-le-14-janvier-2025-ferie","status":"publish","type":"post","link":"https:\/\/pembrokediocese.com\/fr\/article\/bulletin-hebdomadaire-le-14-janvier-2025-ferie\/","title":{"rendered":"BULLETIN HEBDOMADAIRE  &#8211; le 14 janvier 2025 (F\u00e9rie)"},"content":{"rendered":"<hr class=\"wp-block-separator has-alpha-channel-opacity\" \/>\r\n\r\n\r\n<h4 class=\"wp-block-heading\"><strong><i><a href=\"mailto:reception@pembrokediocese.com?subject=Abonnez-vous au bulletin hebdomadaire&amp;amp;body=Bonjour, je souhaite m'abonner au Bulletin Hebdomadaire s'il vous plait. Merci.\"><img loading=\"lazy\" decoding=\"async\" class=\"alignright wp-image-8004\" src=\"https:\/\/pembrokediocese.com\/wp-content\/uploads\/subscribe-banner-fr-200x205.png\" alt=\"\" width=\"124\" height=\"127\" srcset=\"https:\/\/pembrokediocese.com\/wp-content\/uploads\/subscribe-banner-fr-200x205.png 200w, https:\/\/pembrokediocese.com\/wp-content\/uploads\/subscribe-banner-fr-768x785.png 768w, https:\/\/pembrokediocese.com\/wp-content\/uploads\/subscribe-banner-fr.png 840w\" sizes=\"(max-width: 124px) 100vw, 124px\" \/><\/a><\/i><\/strong><\/h4>\r\n\r\n\r\n\r\n<h1 class=\"wp-block-heading\"><em><strong>Il enseignait en homme qui a autorit\u00e9.<\/strong><\/em><\/h1>\r\n\r\n\r\n\r\n<h3 class=\"wp-block-heading\"><strong>(Marc 1, 21-28)<\/strong><\/h3>\r\n\r\n\r\n<hr class=\"wp-block-separator has-alpha-channel-opacity\" \/>\r\n\r\n\r\n\r\n\r\n\r\n\r\n\r\n\r\n<h2 class=\"wp-block-heading\"><strong>DU DIOC\u00c8SE<\/strong><\/h2>\r\n<h3><strong>Planification pastorale dioc\u00e9saine \u2013 lettre de l\u2019\u00e9v\u00eaque \u2013 14 janvier 2025<\/strong><\/h3>\r\n<p>Lettre de Mgr Michael Brehl, c.ss.r. et version PDF disponibles ici: <a href=\"https:\/\/pembrokediocese.com\/fr\/planification-pastorale-diocesaine\/\">Planification pastorale dioc\u00e9saine \u2013 Diocese of Pembroke<\/a><\/p>\r\n\r\n\r\n<hr class=\"wp-block-separator has-alpha-channel-opacity\" \/>\r\n\r\n\r\n\r\n\r\n<p>\r\n\r\n<\/p>\r\n<h2><strong>DE LA CECC<\/strong><\/h2>\r\n<h3><strong>Nomination \u00e9piscopale pour le dioc\u00e8se de Thunder Bay\u00a0<\/strong><\/h3>\r\n<p><strong>10 janvier 2025, Ottawa\u00a0\u2013 <\/strong>Sa Saintet\u00e9 le pape Fran\u00e7ois a nomm\u00e9 l\u2019Abb\u00e9 Alan Campeau comme \u00e9v\u00eaque du dioc\u00e8se de Thunder Bay. Au moment de sa nomination, Mgr\u00a0Campeau \u00e9tait cur\u00e9 de la paroisse\u00a0Saint-Joseph\u00a0\u00e0 Dryden (Ontario), depuis 2008. <a href=\"https:\/\/www.cecc.ca\/communique-de-presse\/nomination-episcopale-pour-le-diocese-de-thunder-bay\/\">(Lire la suite\u2026)<\/a><\/p>\r\n<hr class=\"wp-block-separator has-alpha-channel-opacity\" \/>\r\n<p>\r\n\r\n<\/p>\r\n<h2><strong>LE SAINT-SI\u00c8GE<\/strong><\/h2>\r\n<h3><strong>Intention de pri\u00e8re du Saint-P\u00e8re pour le mois de janvier 2025\u00a0<\/strong><\/h3>\r\n<p><strong>Pour le droit \u00e0 l\u2019\u00e9ducation des migrants<\/strong> \u2013 Prions pour que le droit \u00e0 l\u2019\u00e9ducation des migrants, des r\u00e9fugi\u00e9s et des personnes touch\u00e9es par la guerre soit toujours respect\u00e9 et garantisse ainsi la construction d\u2019un monde meilleur.<\/p>\r\n<hr class=\"wp-block-separator has-alpha-channel-opacity\" \/>\r\n<p>\r\n\r\n\r\n\r\n<\/p>\r\n<p>\r\n\r\n\r\n\r\n\r\n\r\n<\/p>\r\n<p>\r\n\r\n\r\n\r\n<\/p>\r\n<p>\r\n\r\n<\/p>\r\n<p>\r\n\r\n<\/p>\r\n<p>\r\n\r\n<\/p>\r\n<p>\r\n\r\n<\/p>\r\n<p>\r\n\r\n<\/p>\r\n<p>\r\n\r\n<\/p>\r\n<p>\r\n\r\n<\/p>\r\n<p>\r\n\r\n<\/p>\r\n<p>\r\n\r\n<\/p>\r\n<h2 class=\"wp-block-heading\"><strong>JUBIL\u00c9 2025<\/strong><\/h2>\r\n<h3><strong>Calendrier des Grands \u00c9v\u00e8nements pour le Jubil\u00e9 2025\u00a0<\/strong><\/h3>\r\n<p><a href=\"https:\/\/pembrokediocese.com\/fr\/jubile-2025\/\">Jubil\u00e9 2025 \u2013 Diocese of Pembroke<\/a><\/p>\r\n<hr class=\"wp-block-separator has-alpha-channel-opacity\" \/>\r\n<p>\r\n\r\n<\/p>\r\n<p>\r\n\r\n\r\n\r\n<\/p>\r\n<p>\r\n\r\n<\/p>\r\n<p>\r\n\r\n<\/p>\r\n<p>\r\n\r\n<\/p>\r\n<p>\r\n\r\n<\/p>\r\n<p>\r\n\r\n<\/p>\r\n<p>\r\n\r\n\r\n\r\n\r\n\r\n<\/p>\r\n<p>\r\n\r\n<\/p>\r\n<p>\r\n\r\n<\/p>\r\n<p>\r\n\r\n\r\n\r\n<\/p>\r\n<p>\r\n\r\n<\/p>\r\n<p>\r\n\r\n<\/p>\r\n<p>\r\n\r\n<\/p>\r\n<p>\r\n\r\n<\/p>\r\n<p>\r\n\r\n<\/p>\r\n<p>\r\n\r\n<\/p>\r\n<p>\r\n\r\n<\/p>\r\n<h2 class=\"wp-block-heading\"><strong>\u00c9VANG\u00c9LISATION<\/strong><\/h2>\r\n<h3><strong>La paroisse comme expression de l\u2019amour de Dieu pour le monde <\/strong><\/h3>\r\n<p><em>Par Pierre-Alain Giffard, directeur de la pastorale dioc\u00e9saine<\/em><\/p>\r\n<p>Face \u00e0 la baisse de la fr\u00e9quentation des \u00e9glises et \u00e0 une s\u00e9cularisation croissante, l\u2019\u00c9glise catholique est invit\u00e9e \u00e0 repenser le r\u00f4le de la paroisse comme un avant-poste missionnaire, reflet de l\u2019amour infini de Dieu pour tous (cf.\u00a0Evangelii Gaudium, 28). Les statistiques sont alarmantes : la participation r\u00e9guli\u00e8re \u00e0 la messe s\u2019effondre. Pourtant, cette crise offre \u00e0 l\u2019\u00c9glise une occasion unique de revenir \u00e0 ses racines \u00e9vang\u00e9lisatrices et de devenir une communaut\u00e9 vibrante, attirant tous les hommes et les femmes vers l\u2019amour transformateur de J\u00e9sus-Christ. <a href=\"https:\/\/pembrokediocese.com\/fr\/article\/la-paroisse-comme-expression-de-lamour-de-dieu-pour-le-monde-2\/\">(Lire la suite\u2026)<\/a><\/p>\r\n<hr class=\"wp-block-separator has-alpha-channel-opacity\" \/>\r\n<p>\r\n\r\n<\/p>\r\n<p>&nbsp;<\/p>\r\n<p>\r\n\r\n<\/p>\r\n<p>&nbsp;<\/p>\r\n<p>\r\n\r\n<\/p>\r\n<p><\/p>","protected":false},"excerpt":{"rendered":"<p>Il enseignait en homme qui a autorit\u00e9. (Marc 1, 21-28) DU DIOC\u00c8SE Planification pastorale dioc\u00e9saine \u2013 lettre de l\u2019\u00e9v\u00eaque \u2013 14 janvier 2025 Lettre de Mgr Michael Brehl, c.ss.r. et version PDF disponibles ici: Planification pastorale dioc\u00e9saine \u2013 Diocese of Pembroke<\/p>\n","protected":false},"author":10,"featured_media":3815,"comment_status":"closed","ping_status":"closed","sticky":false,"template":"","format":"standard","meta":{"_monsterinsights_skip_tracking":false,"_monsterinsights_sitenote_active":false,"_monsterinsights_sitenote_note":"","_monsterinsights_sitenote_category":0,"footnotes":"","_links_to":"","_links_to_target":""},"categories":[114,84],"tags":[],"class_list":["post-16188","post","type-post","status-publish","format-standard","has-post-thumbnail","hentry","category-bulletin","category-article"],"post_mailing_queue_ids":[],"_links":{"self":[{"href":"https:\/\/pembrokediocese.com\/fr\/wp-json\/wp\/v2\/posts\/16188","targetHints":{"allow":["GET"]}}],"collection":[{"href":"https:\/\/pembrokediocese.com\/fr\/wp-json\/wp\/v2\/posts"}],"about":[{"href":"https:\/\/pembrokediocese.com\/fr\/wp-json\/wp\/v2\/types\/post"}],"author":[{"embeddable":true,"href":"https:\/\/pembrokediocese.com\/fr\/wp-json\/wp\/v2\/users\/10"}],"replies":[{"embeddable":true,"href":"https:\/\/pembrokediocese.com\/fr\/wp-json\/wp\/v2\/comments?post=16188"}],"version-history":[{"count":4,"href":"https:\/\/pembrokediocese.com\/fr\/wp-json\/wp\/v2\/posts\/16188\/revisions"}],"predecessor-version":[{"id":16192,"href":"https:\/\/pembrokediocese.com\/fr\/wp-json\/wp\/v2\/posts\/16188\/revisions\/16192"}],"wp:featuredmedia":[{"embeddable":true,"href":"https:\/\/pembrokediocese.com\/fr\/wp-json\/wp\/v2\/media\/3815"}],"wp:attachment":[{"href":"https:\/\/pembrokediocese.com\/fr\/wp-json\/wp\/v2\/media?parent=16188"}],"wp:term":[{"taxonomy":"category","embeddable":true,"href":"https:\/\/pembrokediocese.com\/fr\/wp-json\/wp\/v2\/categories?post=16188"},{"taxonomy":"post_tag","embeddable":true,"href":"https:\/\/pembrokediocese.com\/fr\/wp-json\/wp\/v2\/tags?post=16188"}],"curies":[{"name":"wp","href":"https:\/\/api.w.org\/{rel}","templated":true}]}}