{"id":16895,"date":"2025-04-19T23:14:28","date_gmt":"2025-04-20T03:14:28","guid":{"rendered":"https:\/\/pembrokediocese.com\/?p=16895"},"modified":"2025-04-19T23:14:28","modified_gmt":"2025-04-20T03:14:28","slug":"paques-2025-message-de-mgr-michael-brehl-c-ss-r","status":"publish","type":"post","link":"https:\/\/pembrokediocese.com\/fr\/message-de-leveque\/paques-2025-message-de-mgr-michael-brehl-c-ss-r\/","title":{"rendered":"P\u00e2ques 2025 &#8211; Message de Mgr Michael Brehl, C.Ss.R."},"content":{"rendered":"<p>P\u00e2ques 2025 &#8211; Message de Mgr Michael Brehl, C.Ss.R.<\/p>\n<p>Lien YouTube : <a href=\"https:\/\/youtu.be\/1HGvi6Ww7Wc\">https:\/\/youtu.be\/1HGvi6Ww7Wc<\/a><\/p>\n<p>Chers fr\u00e8res et s\u0153urs,<\/p>\n<p>Le Christ est ressuscit\u00e9 ! All\u00e9luia ! Il est vraiment ressuscit\u00e9 ! All\u00e9luia !<\/p>\n<p>Apr\u00e8s avoir march\u00e9 avec J\u00e9sus pendant les quarante jours du Car\u00eame, nous l&rsquo;avons accompagn\u00e9 \u00e0 J\u00e9rusalem o\u00f9 nous avons particip\u00e9 une fois de plus \u00e0 sa derni\u00e8re C\u00e8ne. Nous avons pri\u00e9 avec J\u00e9sus lors de son agonie dans le jardin. Nous l&rsquo;avons suivi jusqu&rsquo;au Calvaire o\u00f9 nous nous sommes tenus avec Marie, sa m\u00e8re, sous la Croix. Nous avons veille et pri\u00e9 en silence lorsqu&rsquo;il a \u00e9t\u00e9 mis au tombeau.<\/p>\n<p>Puis, dans l&rsquo;obscurit\u00e9 de la veill\u00e9e pascale et \u00e0 la lumi\u00e8re naissante du dimanche de P\u00e2ques, la vie jaillit \u00e0 nouveau de ce sombre tombeau. J\u00e9sus est vivant ! Il est pr\u00e9sent parmi nous ! Le message de P\u00e2ques renouvelle notre esp\u00e9rance et nous remplit de joie ! Nos all\u00e9luias sinc\u00e8res font \u00e9cho aux cris de joie de ce premier matin de P\u00e2ques.<\/p>\n<p>Tout au long des quarante jours de Car\u00eame, Dieu nous a renouvel\u00e9s personnellement et en tant que communaut\u00e9. Nous avons march\u00e9 avec J\u00e9sus comme des p\u00e8lerins d&rsquo;esp\u00e9rance. Il nous a appel\u00e9s \u00e0 la conversion du c\u0153ur, et J\u00e9sus continue \u00e0 nous former en tant qu&rsquo;\u00c9glise aujourd&rsquo;hui.<\/p>\n<p>Maintenant, notre voyage continue, guid\u00e9 par la pr\u00e9sence du Seigneur ressuscit\u00e9. Pendant les cinquante jours du temps pascal, J\u00e9sus a pr\u00e9par\u00e9 ses disciples \u00e0 accueillir le don de l&rsquo;Esprit Saint et \u00e0 poursuivre sa mission dans le monde. Aujourd&rsquo;hui, il nous pr\u00e9pare \u00e9galement. Ensemble, nous pouvons embrasser l&rsquo;avenir avec esp\u00e9rance, guid\u00e9s par son Esprit Saint.<\/p>\n<p>Tout au long de cette p\u00e9riode de P\u00e2ques, marchons avec J\u00e9sus ressuscit\u00e9 ! Qu&rsquo;il nous pr\u00e9pare, personnellement et en tant que communaut\u00e9, \u00e0 poursuivre sa mission dans le monde !<\/p>\n<p>Tout d&rsquo;abord, il est important de reconna\u00eetre les signes de vie nouvelle dans nos communaut\u00e9s. En visitant plusieurs de nos paroisses au cours de ce Car\u00eame, j&rsquo;ai \u00e9t\u00e9 frapp\u00e9 par le nombre de personnes qui participent aux missions et aux retraites, aux ateliers et \u00e0 la messe quotidienne. Le peuple de Dieu a de plus en plus soif de spiritualit\u00e9 et de sens \u00e0 donner \u00e0 sa vie.<\/p>\n<p>Dans de nombreuses parties du dioc\u00e8se, nous avons accueilli de nouveaux membres par le bapt\u00eame et la confirmation. Beaucoup d&rsquo;entre vous se sont engag\u00e9s activement dans la r\u00e9flexion sur l&rsquo;avenir de vos communaut\u00e9s et de vos paroisses. Vous continuez \u00e0 servir les sans-abris pauvres, \u00e0 offrir une cat\u00e9ch\u00e8se \u00e0 nos jeunes et \u00e0 travailler ensemble pour la justice, le d\u00e9veloppement et la paix, Caritas.<\/p>\n<p>Ce sont l\u00e0 autant de signes d&rsquo;espoir et de vie nouvelle pour notre dioc\u00e8se. Face aux d\u00e9fis qui nous attendent, nous savons que J\u00e9sus ressuscit\u00e9 marche \u00e0 nos c\u00f4t\u00e9s. C&rsquo;est lui la source de notre esp\u00e9rance et de notre joie. Le Christ est ressuscit\u00e9 ! All\u00e9luia !<\/p>\n<p>Puissiez-vous c\u00e9l\u00e9brer une P\u00e2ques tr\u00e8s b\u00e9nie, remplie de joie et d&rsquo;esp\u00e9rance ! Que Marie, M\u00e8re de l&rsquo;\u00c9glise, nous unisse plus \u00e9troitement \u00e0 son Fils J\u00e9sus et fasse de nous d&rsquo;authentiques missionnaires et p\u00e8lerins de l&rsquo;esp\u00e9rance !<\/p>\n<p>Et que Dieu nous b\u00e9nisse tous + au nom du P\u00e8re et + du Fils et + du Saint-Esprit. Amen.<\/p>\n<p>Joyeuses P\u00e2ques !<\/p>\n<p>&nbsp;<\/p>\n","protected":false},"excerpt":{"rendered":"<p>P\u00e2ques 2025 &#8211; Message de Mgr Michael Brehl, C.Ss.R. Lien YouTube : https:\/\/youtu.be\/1HGvi6Ww7Wc Chers fr\u00e8res et s\u0153urs, Le Christ est ressuscit\u00e9 ! All\u00e9luia ! Il est vraiment ressuscit\u00e9 ! All\u00e9luia ! Apr\u00e8s avoir march\u00e9 avec J\u00e9sus pendant les quarante jours du Car\u00eame, nous l&rsquo;avons accompagn\u00e9 \u00e0 J\u00e9rusalem o\u00f9 nous avons particip\u00e9 une fois de plus \u00e0 sa derni\u00e8re C\u00e8ne. Nous avons pri\u00e9 avec J\u00e9sus lors de son agonie dans le jardin. Nous l&rsquo;avons suivi jusqu&rsquo;au Calvaire o\u00f9 nous nous sommes tenus avec Marie, sa m\u00e8re, sous la Croix. Nous avons veille et pri\u00e9 en silence lorsqu&rsquo;il a \u00e9t\u00e9 mis au tombeau. Puis, dans l&rsquo;obscurit\u00e9 de la veill\u00e9e pascale et \u00e0 la lumi\u00e8re naissante du dimanche de P\u00e2ques, la vie jaillit \u00e0 nouveau de ce sombre tombeau. J\u00e9sus est vivant ! Il est pr\u00e9sent parmi nous ! Le message de P\u00e2ques renouvelle notre esp\u00e9rance et nous remplit de joie ! Nos all\u00e9luias sinc\u00e8res font \u00e9cho aux cris de joie de ce premier matin de P\u00e2ques. Tout au long des quarante jours de Car\u00eame, Dieu nous a renouvel\u00e9s personnellement et en tant que communaut\u00e9. Nous avons march\u00e9 avec J\u00e9sus comme des p\u00e8lerins d&rsquo;esp\u00e9rance. Il nous a appel\u00e9s \u00e0 la conversion du c\u0153ur, et J\u00e9sus continue \u00e0 nous former en tant qu&rsquo;\u00c9glise aujourd&rsquo;hui. Maintenant, notre voyage continue, guid\u00e9 par la pr\u00e9sence du Seigneur ressuscit\u00e9. Pendant les cinquante jours du temps pascal, J\u00e9sus a pr\u00e9par\u00e9 ses disciples \u00e0 accueillir le don de l&rsquo;Esprit Saint et \u00e0 poursuivre sa mission dans le monde. Aujourd&rsquo;hui, il nous pr\u00e9pare \u00e9galement. Ensemble, nous pouvons embrasser l&rsquo;avenir avec esp\u00e9rance, guid\u00e9s par son Esprit Saint. Tout au long de cette p\u00e9riode de P\u00e2ques, marchons avec J\u00e9sus ressuscit\u00e9 ! Qu&rsquo;il nous pr\u00e9pare, personnellement et en tant que communaut\u00e9, \u00e0 poursuivre sa mission dans le monde ! Tout d&rsquo;abord, il est important de reconna\u00eetre les signes de vie nouvelle dans nos communaut\u00e9s. En visitant plusieurs de nos paroisses au cours de ce Car\u00eame, j&rsquo;ai \u00e9t\u00e9 frapp\u00e9 par le nombre de personnes qui participent aux missions et aux retraites, aux ateliers et \u00e0 la messe quotidienne. Le peuple de Dieu a de plus en plus soif de spiritualit\u00e9 et de sens \u00e0 donner \u00e0 sa vie. Dans de nombreuses parties du dioc\u00e8se, nous avons accueilli de nouveaux membres par le bapt\u00eame et la confirmation. Beaucoup d&rsquo;entre vous se sont engag\u00e9s activement dans la r\u00e9flexion sur l&rsquo;avenir de vos communaut\u00e9s et de vos paroisses. Vous continuez \u00e0 servir les sans-abris pauvres, \u00e0 offrir une cat\u00e9ch\u00e8se \u00e0 nos jeunes et \u00e0 travailler ensemble pour la justice, le d\u00e9veloppement et la paix, Caritas. Ce sont l\u00e0 autant de signes d&rsquo;espoir et de vie nouvelle pour notre dioc\u00e8se. Face aux d\u00e9fis qui nous attendent, nous savons que J\u00e9sus ressuscit\u00e9 marche \u00e0 nos c\u00f4t\u00e9s. C&rsquo;est lui la source de notre esp\u00e9rance et de notre joie. Le Christ est ressuscit\u00e9 ! All\u00e9luia ! Puissiez-vous c\u00e9l\u00e9brer une P\u00e2ques tr\u00e8s b\u00e9nie, remplie de joie et d&rsquo;esp\u00e9rance ! Que Marie, M\u00e8re de l&rsquo;\u00c9glise, nous unisse plus \u00e9troitement \u00e0 son Fils J\u00e9sus et fasse de nous d&rsquo;authentiques missionnaires et p\u00e8lerins de l&rsquo;esp\u00e9rance ! Et que Dieu nous b\u00e9nisse tous + au nom du [&hellip;]<\/p>\n","protected":false},"author":5,"featured_media":0,"comment_status":"closed","ping_status":"open","sticky":false,"template":"","format":"standard","meta":{"_monsterinsights_skip_tracking":false,"_monsterinsights_sitenote_active":false,"_monsterinsights_sitenote_note":"","_monsterinsights_sitenote_category":0,"footnotes":"","_links_to":"","_links_to_target":""},"categories":[162],"tags":[],"class_list":["post-16895","post","type-post","status-publish","format-standard","hentry","category-message-de-leveque"],"post_mailing_queue_ids":[],"_links":{"self":[{"href":"https:\/\/pembrokediocese.com\/fr\/wp-json\/wp\/v2\/posts\/16895","targetHints":{"allow":["GET"]}}],"collection":[{"href":"https:\/\/pembrokediocese.com\/fr\/wp-json\/wp\/v2\/posts"}],"about":[{"href":"https:\/\/pembrokediocese.com\/fr\/wp-json\/wp\/v2\/types\/post"}],"author":[{"embeddable":true,"href":"https:\/\/pembrokediocese.com\/fr\/wp-json\/wp\/v2\/users\/5"}],"replies":[{"embeddable":true,"href":"https:\/\/pembrokediocese.com\/fr\/wp-json\/wp\/v2\/comments?post=16895"}],"version-history":[{"count":1,"href":"https:\/\/pembrokediocese.com\/fr\/wp-json\/wp\/v2\/posts\/16895\/revisions"}],"predecessor-version":[{"id":16896,"href":"https:\/\/pembrokediocese.com\/fr\/wp-json\/wp\/v2\/posts\/16895\/revisions\/16896"}],"wp:attachment":[{"href":"https:\/\/pembrokediocese.com\/fr\/wp-json\/wp\/v2\/media?parent=16895"}],"wp:term":[{"taxonomy":"category","embeddable":true,"href":"https:\/\/pembrokediocese.com\/fr\/wp-json\/wp\/v2\/categories?post=16895"},{"taxonomy":"post_tag","embeddable":true,"href":"https:\/\/pembrokediocese.com\/fr\/wp-json\/wp\/v2\/tags?post=16895"}],"curies":[{"name":"wp","href":"https:\/\/api.w.org\/{rel}","templated":true}]}}