{"id":16899,"date":"2025-04-21T15:38:05","date_gmt":"2025-04-21T19:38:05","guid":{"rendered":"https:\/\/pembrokediocese.com\/?p=16899"},"modified":"2025-04-21T15:38:05","modified_gmt":"2025-04-21T19:38:05","slug":"message-de-mgr-brehl-a-loccasion-du-deces-du-pape-francois","status":"publish","type":"post","link":"https:\/\/pembrokediocese.com\/fr\/article\/message-de-mgr-brehl-a-loccasion-du-deces-du-pape-francois\/","title":{"rendered":"Message de Mgr Brehl \u00e0 l&rsquo;occasion du d\u00e9c\u00e8s du Pape Fran\u00e7ois"},"content":{"rendered":"<p>21 avril 2025<\/p>\n<p>Lundi de P\u00e2ques<\/p>\n<p>Chers fr\u00e8res et s\u0153urs dans le Christ,<\/p>\n<p>C&rsquo;est avec une profonde tristesse que nous avons appris ce matin que le Saint-P\u00e8re, le pape Fran\u00e7ois, est d\u00e9c\u00e9d\u00e9 aujourd&rsquo;hui \u00e0 Rome. En communion avec les fid\u00e8les catholiques de tout le dioc\u00e8se, ainsi qu&rsquo;avec les catholiques et les personnes de bonne volont\u00e9 du monde entier, nous confions le pape Fran\u00e7ois \u00e0 la mis\u00e9ricorde et \u00e0 l&rsquo;amour de Dieu, qu&rsquo;il a servi si fid\u00e8lement pendant de nombreuses ann\u00e9es. Je vous demande \u00e0 tous de prier avec moi pour notre Saint-P\u00e8re, en particulier en ces jours de deuil.<\/p>\n<p>\u00ab Accorde-lui, Seigneur, le repos \u00e9ternel et fais briller sur lui la lumi\u00e8re perp\u00e9tuelle. \u00bb<\/p>\n<p>Au cours des prochains jours et des prochaines semaines, je suis s\u00fbr que de nombreux commentaires parleront de l&rsquo;h\u00e9ritage du pape Fran\u00e7ois : ses \u00e9crits et ses visites apostoliques ; son amour pour les pauvres et les marginalis\u00e9s et son travail pour la paix et la r\u00e9conciliation dans le monde ; les Journ\u00e9es mondiales de la jeunesse et l&rsquo;Ann\u00e9e jubilaire de la mis\u00e9ricorde (2015) et des p\u00e8lerins de l&rsquo;espoir (2025) ; les synodes et les audiences g\u00e9n\u00e9rales ; ses interviews et son leadership pendant la pand\u00e9mie ; et tant d&rsquo;autres choses encore.<\/p>\n<p>Ensemble, nous remercions Dieu pour le don du pape Fran\u00e7ois, pour les douze ann\u00e9es de son minist\u00e8re parmi nous en tant que Saint-P\u00e8re, et pour les fa\u00e7ons dont il nous a touch\u00e9s personnellement et a fait une diff\u00e9rence dans nos vies. Personnellement, je n&rsquo;oublierai jamais sa joie, enracin\u00e9e dans son amiti\u00e9 avec J\u00e9sus Christ, qui transparaissait dans son sourire et ses paroles, et qu&rsquo;il partageait avec toutes les personnes qu&rsquo;il rencontrait &#8211; en particulier les pauvres et les marginaux.<\/p>\n<p>J&rsquo;aimerais conclure ce bref message par ces mots tir\u00e9s de la derni\u00e8re hom\u00e9lie pr\u00e9par\u00e9e par le pape Fran\u00e7ois et proclam\u00e9e lors de la messe de P\u00e2ques hier dans la basilique Saint-Pierre :<br \/>\n\u00ab Le Christ est ressuscit\u00e9, il est vivant ! Il n&rsquo;est plus prisonnier de la mort&#8230; Fr\u00e8res et s\u0153urs, c&rsquo;est la plus grande esp\u00e9rance de notre vie : nous pouvons vivre cette existence pauvre, fragile et bless\u00e9e en nous accrochant au Christ, parce qu&rsquo;il a vaincu la mort, il a vaincu nos t\u00e9n\u00e8bres et il vaincra les ombres du monde, pour nous faire vivre avec lui dans la joie, pour toujours. &#8230; Courons vers J\u00e9sus, red\u00e9couvrons la gr\u00e2ce inestimable d&rsquo;\u00eatre ses amis. Laissons briller dans notre vie sa Parole de vie et de v\u00e9rit\u00e9. \u00bb<\/p>\n<p>Le Pape Fran\u00e7ois a couru vers J\u00e9sus pour red\u00e9couvrir la gr\u00e2ce inestimable d&rsquo;\u00eatre son ami ! Qu&rsquo;il vive avec lui dans la joie pour toujours !<\/p>\n<p>Que Marie, M\u00e8re de la Mis\u00e9ricorde, l&rsquo;accueille dans la pr\u00e9sence \u00e9ternelle de son Fils !<\/p>\n<p>Que Dieu vous b\u00e9nisse tous et toutes dans le Christ notre R\u00e9dempteur,<\/p>\n<p>+Michael Brehl, C.Ss.R.<\/p>\n<p>\u00c9v\u00eaque de Pembroke<\/p>\n","protected":false},"excerpt":{"rendered":"<p>21 avril 2025 Lundi de P\u00e2ques Chers fr\u00e8res et s\u0153urs dans le Christ, C&rsquo;est avec une profonde tristesse que nous avons appris ce matin que le Saint-P\u00e8re, le pape Fran\u00e7ois, est d\u00e9c\u00e9d\u00e9 aujourd&rsquo;hui \u00e0 Rome. En communion avec les fid\u00e8les catholiques de tout le dioc\u00e8se, ainsi qu&rsquo;avec les catholiques et les personnes de bonne volont\u00e9 du monde entier, nous confions le pape Fran\u00e7ois \u00e0 la mis\u00e9ricorde et \u00e0 l&rsquo;amour de Dieu, qu&rsquo;il a servi si fid\u00e8lement pendant de nombreuses ann\u00e9es. Je vous demande \u00e0 tous de prier avec moi pour notre Saint-P\u00e8re, en particulier en ces jours de deuil. \u00ab Accorde-lui, Seigneur, le repos \u00e9ternel et fais briller sur lui la lumi\u00e8re perp\u00e9tuelle. \u00bb Au cours des prochains jours et des prochaines semaines, je suis s\u00fbr que de nombreux commentaires parleront de l&rsquo;h\u00e9ritage du pape Fran\u00e7ois : ses \u00e9crits et ses visites apostoliques ; son amour pour les pauvres et les marginalis\u00e9s et son travail pour la paix et la r\u00e9conciliation dans le monde ; les Journ\u00e9es mondiales de la jeunesse et l&rsquo;Ann\u00e9e jubilaire de la mis\u00e9ricorde (2015) et des p\u00e8lerins de l&rsquo;espoir (2025) ; les synodes et les audiences g\u00e9n\u00e9rales ; ses interviews et son leadership pendant la pand\u00e9mie ; et tant d&rsquo;autres choses encore. Ensemble, nous remercions Dieu pour le don du pape Fran\u00e7ois, pour les douze ann\u00e9es de son minist\u00e8re parmi nous en tant que Saint-P\u00e8re, et pour les fa\u00e7ons dont il nous a touch\u00e9s personnellement et a fait une diff\u00e9rence dans nos vies. Personnellement, je n&rsquo;oublierai jamais sa joie, enracin\u00e9e dans son amiti\u00e9 avec J\u00e9sus Christ, qui transparaissait dans son sourire et ses paroles, et qu&rsquo;il partageait avec toutes les personnes qu&rsquo;il rencontrait &#8211; en particulier les pauvres et les marginaux. J&rsquo;aimerais conclure ce bref message par ces mots tir\u00e9s de la derni\u00e8re hom\u00e9lie pr\u00e9par\u00e9e par le pape Fran\u00e7ois et proclam\u00e9e lors de la messe de P\u00e2ques hier dans la basilique Saint-Pierre : \u00ab Le Christ est ressuscit\u00e9, il est vivant ! Il n&rsquo;est plus prisonnier de la mort&#8230; Fr\u00e8res et s\u0153urs, c&rsquo;est la plus grande esp\u00e9rance de notre vie : nous pouvons vivre cette existence pauvre, fragile et bless\u00e9e en nous accrochant au Christ, parce qu&rsquo;il a vaincu la mort, il a vaincu nos t\u00e9n\u00e8bres et il vaincra les ombres du monde, pour nous faire vivre avec lui dans la joie, pour toujours. &#8230; Courons vers J\u00e9sus, red\u00e9couvrons la gr\u00e2ce inestimable d&rsquo;\u00eatre ses amis. Laissons briller dans notre vie sa Parole de vie et de v\u00e9rit\u00e9. \u00bb Le Pape Fran\u00e7ois a couru vers J\u00e9sus pour red\u00e9couvrir la gr\u00e2ce inestimable d&rsquo;\u00eatre son ami ! Qu&rsquo;il vive avec lui dans la joie pour toujours ! Que Marie, M\u00e8re de la Mis\u00e9ricorde, l&rsquo;accueille dans la pr\u00e9sence \u00e9ternelle de son Fils ! Que Dieu vous b\u00e9nisse tous et toutes dans le Christ notre R\u00e9dempteur, +Michael Brehl, C.Ss.R. \u00c9v\u00eaque de Pembroke<\/p>\n","protected":false},"author":5,"featured_media":0,"comment_status":"closed","ping_status":"open","sticky":false,"template":"","format":"standard","meta":{"_monsterinsights_skip_tracking":false,"_monsterinsights_sitenote_active":false,"_monsterinsights_sitenote_note":"","_monsterinsights_sitenote_category":0,"footnotes":"","_links_to":"","_links_to_target":""},"categories":[162,84],"tags":[],"class_list":["post-16899","post","type-post","status-publish","format-standard","hentry","category-message-de-leveque","category-article"],"post_mailing_queue_ids":[],"_links":{"self":[{"href":"https:\/\/pembrokediocese.com\/fr\/wp-json\/wp\/v2\/posts\/16899","targetHints":{"allow":["GET"]}}],"collection":[{"href":"https:\/\/pembrokediocese.com\/fr\/wp-json\/wp\/v2\/posts"}],"about":[{"href":"https:\/\/pembrokediocese.com\/fr\/wp-json\/wp\/v2\/types\/post"}],"author":[{"embeddable":true,"href":"https:\/\/pembrokediocese.com\/fr\/wp-json\/wp\/v2\/users\/5"}],"replies":[{"embeddable":true,"href":"https:\/\/pembrokediocese.com\/fr\/wp-json\/wp\/v2\/comments?post=16899"}],"version-history":[{"count":1,"href":"https:\/\/pembrokediocese.com\/fr\/wp-json\/wp\/v2\/posts\/16899\/revisions"}],"predecessor-version":[{"id":16900,"href":"https:\/\/pembrokediocese.com\/fr\/wp-json\/wp\/v2\/posts\/16899\/revisions\/16900"}],"wp:attachment":[{"href":"https:\/\/pembrokediocese.com\/fr\/wp-json\/wp\/v2\/media?parent=16899"}],"wp:term":[{"taxonomy":"category","embeddable":true,"href":"https:\/\/pembrokediocese.com\/fr\/wp-json\/wp\/v2\/categories?post=16899"},{"taxonomy":"post_tag","embeddable":true,"href":"https:\/\/pembrokediocese.com\/fr\/wp-json\/wp\/v2\/tags?post=16899"}],"curies":[{"name":"wp","href":"https:\/\/api.w.org\/{rel}","templated":true}]}}