{"id":17184,"date":"2025-06-03T09:31:47","date_gmt":"2025-06-03T13:31:47","guid":{"rendered":"https:\/\/pembrokediocese.com\/?p=17184"},"modified":"2025-06-07T10:51:45","modified_gmt":"2025-06-07T14:51:45","slug":"message-de-leveque-pour-la-pentecote-2025","status":"publish","type":"post","link":"https:\/\/pembrokediocese.com\/fr\/article\/message-de-leveque-pour-la-pentecote-2025\/","title":{"rendered":"Message de l&rsquo;\u00e9v\u00eaque pour la Pentec\u00f4te 2025"},"content":{"rendered":"<p>Vid\u00e9o YouTube : <a href=\"https:\/\/www.youtube.com\/watch?v=kvY3xRpNyLE\">https:\/\/www.youtube.com\/watch?v=kvY3xRpNyLE<\/a><\/p>\n<a href=\"https:\/\/pembrokediocese.com\/wp-content\/uploads\/Message-de-leveque-pour-la-Pentecote-2025.pdf\" class=\"pdfemb-viewer\" style=\"\" data-width=\"max\" data-height=\"max\" data-toolbar=\"bottom\" data-toolbar-fixed=\"off\">Message de l\u2019\u00e9v\u00eaque pour la Pentec\u00f4te 2025<\/a>\n","protected":false},"excerpt":{"rendered":"<p>Vid\u00e9o YouTube : https:\/\/www.youtube.com\/watch?v=kvY3xRpNyLE<\/p>\n","protected":false},"author":5,"featured_media":0,"comment_status":"closed","ping_status":"closed","sticky":false,"template":"","format":"standard","meta":{"_monsterinsights_skip_tracking":false,"_monsterinsights_sitenote_active":false,"_monsterinsights_sitenote_note":"","_monsterinsights_sitenote_category":0,"footnotes":"","_links_to":"","_links_to_target":""},"categories":[84],"tags":[],"class_list":["post-17184","post","type-post","status-publish","format-standard","hentry","category-article"],"post_mailing_queue_ids":[],"_links":{"self":[{"href":"https:\/\/pembrokediocese.com\/fr\/wp-json\/wp\/v2\/posts\/17184","targetHints":{"allow":["GET"]}}],"collection":[{"href":"https:\/\/pembrokediocese.com\/fr\/wp-json\/wp\/v2\/posts"}],"about":[{"href":"https:\/\/pembrokediocese.com\/fr\/wp-json\/wp\/v2\/types\/post"}],"author":[{"embeddable":true,"href":"https:\/\/pembrokediocese.com\/fr\/wp-json\/wp\/v2\/users\/5"}],"replies":[{"embeddable":true,"href":"https:\/\/pembrokediocese.com\/fr\/wp-json\/wp\/v2\/comments?post=17184"}],"version-history":[{"count":2,"href":"https:\/\/pembrokediocese.com\/fr\/wp-json\/wp\/v2\/posts\/17184\/revisions"}],"predecessor-version":[{"id":17224,"href":"https:\/\/pembrokediocese.com\/fr\/wp-json\/wp\/v2\/posts\/17184\/revisions\/17224"}],"wp:attachment":[{"href":"https:\/\/pembrokediocese.com\/fr\/wp-json\/wp\/v2\/media?parent=17184"}],"wp:term":[{"taxonomy":"category","embeddable":true,"href":"https:\/\/pembrokediocese.com\/fr\/wp-json\/wp\/v2\/categories?post=17184"},{"taxonomy":"post_tag","embeddable":true,"href":"https:\/\/pembrokediocese.com\/fr\/wp-json\/wp\/v2\/tags?post=17184"}],"curies":[{"name":"wp","href":"https:\/\/api.w.org\/{rel}","templated":true}]}}