{"id":18162,"date":"2025-12-02T11:36:08","date_gmt":"2025-12-02T16:36:08","guid":{"rendered":"https:\/\/pembrokediocese.com\/?p=18162"},"modified":"2025-12-02T11:38:34","modified_gmt":"2025-12-02T16:38:34","slug":"bulletin-hebdomadaire-le-2-decembre-2025-ferie","status":"publish","type":"post","link":"https:\/\/pembrokediocese.com\/fr\/article\/bulletin-hebdomadaire-le-2-decembre-2025-ferie\/","title":{"rendered":"BULLETIN HEBDOMADAIRE  &#8211; le 2 d\u00e9cembre 2025 (F\u00e9rie)"},"content":{"rendered":"<hr class=\"wp-block-separator has-alpha-channel-opacity\" \/>\r\n\r\n\r\n<h4 class=\"wp-block-heading\"><strong><i><a href=\"mailto:reception@pembrokediocese.com?subject=Abonnez-vous au bulletin hebdomadaire&amp;amp;body=Bonjour, je souhaite m'abonner au Bulletin Hebdomadaire s'il vous plait. Merci.\"><img loading=\"lazy\" decoding=\"async\" class=\"alignright wp-image-8004\" src=\"https:\/\/pembrokediocese.com\/wp-content\/uploads\/subscribe-banner-fr-200x205.png\" alt=\"\" width=\"124\" height=\"127\" srcset=\"https:\/\/pembrokediocese.com\/wp-content\/uploads\/subscribe-banner-fr-200x205.png 200w, https:\/\/pembrokediocese.com\/wp-content\/uploads\/subscribe-banner-fr-768x785.png 768w, https:\/\/pembrokediocese.com\/wp-content\/uploads\/subscribe-banner-fr.png 840w\" sizes=\"(max-width: 124px) 100vw, 124px\" \/><\/a><\/i><\/strong><\/h4>\r\n\r\n\r\n\r\n<h1 class=\"wp-block-heading\"><em><strong>J\u00e9sus exulta de joie sous l&rsquo;action de l&rsquo;Esprit Saint.<\/strong><\/em><\/h1>\r\n\r\n\r\n\r\n<h3 class=\"wp-block-heading\"><strong>(Luc 10, 21-24)<\/strong><\/h3>\r\n\r\n\r\n<hr class=\"wp-block-separator has-alpha-channel-opacity\" \/>\r\n\r\n\r\n\r\n\r\n\r\n\r\n\r\n\r\n\r\n\r\n\r\n\r\n<p>\r\n\r\n<\/p>\r\n<p>\r\n\r\n<\/p>\r\n<p>\r\n\r\n<\/p>\r\n<h2><strong>DU DIOC\u00c8SE<\/strong><\/h2>\r\n<h3><strong>Un message pour l&rsquo;Avent 2025\u00a0<\/strong><\/h3>\r\n<p>Le dioc\u00e8se de Pembroke pr\u00e9sente une vid\u00e9o YouTube intitul\u00e9e \u00ab Un message pour l&rsquo;Avent 2025 \u00bb avec le p\u00e8re R\u00e9al Ouellette\u00a0: <a href=\"https:\/\/www.youtube.com\/watch?v=X9VUXsGGpes\">https:\/\/www.youtube.com\/watch?v=X9VUXsGGpes<\/a>.<\/p>\r\n<h3><strong>Eccl\u00e9sia<\/strong><\/h3>\r\n<p>L&rsquo;\u00e9dition d&rsquo;Eccl\u00e9sia Automne 2025 est maintenant disponible dans les paroisses et ici\u00a0: <a href=\"https:\/\/pembrokediocese.com\/wp-content\/uploads\/Ecclesia-Fall-2025-final.pdf\">https:\/\/pembrokediocese.com\/wp-content\/uploads\/Ecclesia-Fall-2025-final.pdf<\/a>.<\/p>\r\n<h3><em><strong>Misa en espa\u00f1ol en la Catedral de San Columbkille<\/strong><\/em><\/h3>\r\n<p><em>El obispo Brehl celebrar\u00e1 una misa en espa\u00f1ol en la Catedral de San Columbkille el viernes <strong>12 de diciembre, festividad de Nuestra Se\u00f1ora de Guadalupe, patrona de las Am\u00e9ricas, a las 7:00 p. m.<\/strong> \u00a1Todos son bienvenidos, incluso si no hablan espa\u00f1ol!<\/em><\/p>\r\n<hr class=\"wp-block-separator has-alpha-channel-opacity\" \/>\r\n<p>\r\n\r\n\r\n\r\n<\/p>\r\n<h2><strong>LE SAINT-SI\u00c8GE<\/strong><\/h2>\r\n<h3><strong>Intention de pri\u00e8re du Saint-P\u00e8re pour le mois de d\u00e9cembre 2025<\/strong><\/h3>\r\n<p><strong>Pour les chr\u00e9tiens qui vivent dans des contextes de conflit<\/strong>\u00a0\u2013 Prions pour que les chr\u00e9tiens qui vivent dans des contextes de guerre ou de conflit, en particulier au Moyen-Orient, soient des semences de paix, de r\u00e9conciliation et d\u2019espoir.<\/p>\r\n<hr class=\"wp-block-separator has-alpha-channel-opacity\" \/>\r\n<p>\r\n\r\n<\/p>\r\n<h2><strong>DE LA CECC<\/strong><\/h2>\r\n<h3><strong>Cheminer ensemble durant le temps de l\u2019Avent \u2013 Une s\u00e9rie de vid\u00e9os pour entrer dans le temps de l\u2019Avent et m\u00e9diter\u00a0\u00a0<\/strong><\/h3>\r\n<p>Le Secr\u00e9tariat g\u00e9n\u00e9ral de la Conf\u00e9rence des \u00e9v\u00eaques catholiques du Canada (CECC) annonce la mise en ligne de la s\u00e9rie de vid\u00e9os hebdomadaires pour la p\u00e9riode de l\u2019Avent. Con\u00e7ues pour aider les fid\u00e8les \u00e0 se pr\u00e9parer \u00e0 la comm\u00e9moration de la naissance de Notre Seigneur c\u00e9l\u00e9br\u00e9e \u00e0 No\u00ebl, ces vid\u00e9os offrent des ressources pr\u00e9cieuses et des occasions de formation \u00e0 la foi. Intitul\u00e9e\u00a0<a href=\"https:\/\/www.cecc.ca\/evangelisation-catechese-et-education\/ressources-video\/cheminer-ensemble-durant-lavent\/\">Cheminer ensemble<\/a>\u00a0<a href=\"https:\/\/www.cecc.ca\/evangelisation-catechese-et-education\/ressources-video\/cheminer-ensemble-durant-lavent\/\">durant l\u2019Avent<\/a>, la s\u00e9rie est une initiative conjointe de l\u2019Office for Evangelization and Catechesis, de l\u2019Office national de liturgie et du\u00a0National Liturgy Office. <a href=\"https:\/\/www.cecc.ca\/annonce\/cheminer-ensemble-durant-le-temps-de-lavent-une-serie-de-videos-pour-entrer-dans-le-temps-de-lavent-et-mediter-2\/\">(Lire la suite\u2026)<\/a><\/p>\r\n<h3><strong>Lancement de la strat\u00e9gie \u0153cum\u00e9nique nationale\u00a0<\/strong><\/h3>\r\n<p>La Conf\u00e9rence des \u00e9v\u00eaques catholiques du Canada (CECC) est heureuse d\u2019annoncer la publication de la\u00a0<a href=\"https:\/\/www.cecc.ca\/wp-content\/uploads\/2025\/11\/Strategie-nationale-pour-loecumenisme.pdf\">Strat\u00e9gie \u0153cum\u00e9nique nationale<\/a>\u00a0(SON), une \u00e9tape majeure dans son engagement constant \u00e0 promouvoir l\u2019unit\u00e9 chr\u00e9tienne et \u00e0 renforcer les relations interconfessionnelles au Canada. <a href=\"https:\/\/www.cecc.ca\/communique-de-presse\/lancement-de-la-strategie-oecumenique-nationale\/\">(Lire la suite\u2026)<\/a><\/p>\r\n<hr class=\"wp-block-separator has-alpha-channel-opacity\" \/>\r\n<p>\r\n\r\n<\/p>\r\n<p>\r\n\r\n<\/p>\r\n<p>\r\n\r\n<\/p>\r\n<p>\r\n\r\n\r\n\r\n\r\n\r\n<\/p>\r\n<p>\r\n\r\n\r\n\r\n<\/p>\r\n<p>\r\n\r\n<\/p>\r\n<p>\r\n\r\n<\/p>\r\n<p>\r\n\r\n<\/p>\r\n<p>\r\n\r\n<\/p>\r\n<p>\r\n\r\n<\/p>\r\n<p>\r\n\r\n<\/p>\r\n<p>\r\n\r\n<\/p>\r\n<p>\r\n\r\n<\/p>\r\n<p>\r\n\r\n<\/p>\r\n<p>\r\n\r\n<\/p>\r\n<h2 class=\"wp-block-heading\"><strong>JUBIL\u00c9 2025<\/strong><\/h2>\r\n<h3><strong>Indulgence jubilaire \u00e0 l&rsquo;\u00e9glise <em>Our Lady of Lourdes<\/em>, \u00e0 Pembroke\u00a0<\/strong><\/h3>\r\n<p><em>Our Lady of\u00a0 Lourdes<\/em> est l&rsquo;\u00e9glise d\u00e9sign\u00e9e pour l&rsquo;indulgence jubilaire <strong>le<\/strong> <strong>lundi 8 d\u00e9cembre, solennit\u00e9 de l&rsquo;Immacul\u00e9e Conception.<\/strong> La messe sera c\u00e9l\u00e9br\u00e9e \u00e0 10 h, suivie de l&rsquo;exposition du Saint-Sacrement, puis du rosaire \u00e0 14 h 30 et de la b\u00e9n\u00e9diction \u00e0 15 h. Les confessions auront lieu de 11 h \u00e0 12 h et de 14 h \u00e0 15 h. Veuillez consulter <a href=\"https:\/\/pembrokediocese.com\/fr\/article\/jubile-2025-indulgence-fr\/\">Jubil\u00e9 2025 \u2013 Indulgence \u2013 Diocese of Pembroke<\/a> pour plus d&rsquo;informations sur les gr\u00e2ces de l&rsquo;indulgence jubilaire.<\/p>\r\n<h3><strong>Cale<\/strong><strong>ndrier des Grands \u00c9v\u00e8nements pour le Jubil\u00e9 2025\u00a0<\/strong><\/h3>\r\n<p><a href=\"https:\/\/pembrokediocese.com\/fr\/jubile-2025\/\">Jubil\u00e9 2025 \u2013 Diocese of Pembroke<\/a><\/p>\r\n<hr class=\"wp-block-separator has-alpha-channel-opacity\" \/>\r\n<p>\r\n\r\n<\/p>\r\n<p>\r\n\r\n<\/p>\r\n<p>\r\n\r\n\r\n\r\n<\/p>\r\n<p>\r\n\r\n<\/p>\r\n<p>\r\n\r\n<\/p>\r\n<p>\r\n\r\n<\/p>\r\n<p>\r\n\r\n<\/p>\r\n<p>\r\n\r\n<\/p>\r\n<p>\r\n\r\n\r\n\r\n\r\n\r\n<\/p>\r\n<p>\r\n\r\n<\/p>\r\n<p>\r\n\r\n<\/p>\r\n<p>\r\n\r\n\r\n\r\n<\/p>\r\n<p>\r\n\r\n<\/p>\r\n<p>\r\n\r\n<\/p>\r\n<p>\r\n\r\n<\/p>\r\n<p>\r\n\r\n<\/p>\r\n<p>\r\n\r\n<\/p>\r\n<p>\r\n\r\n<\/p>\r\n<p>\r\n\r\n<\/p>\r\n<p>\r\n\r\n<\/p>\r\n<p>\r\n\r\n<\/p>\r\n<h2 class=\"wp-block-heading\"><strong>V\u00c9RIT\u00c9 ET R\u00c9CONCILIATION<\/strong><\/h2>\r\n<h3><strong>Journ\u00e9e nationale de pri\u00e8re en solidarit\u00e9 avec les peuples autochtones\u00a0<\/strong><\/h3>\r\n<p><strong>12 D\u00c9CEMBRE 2025<\/strong> \u2013 Conseil autochtone catholique du Canada (CACC)<\/p>\r\n<p>En tant que catholiques, nous continuons \u00e0 r\u00e9fl\u00e9chir \u00e0 la vie et \u00e0 l\u2019h\u00e9ritage du pape Fran\u00e7ois, en nous souvenant de son appel \u00e0 \u00eatre des \u00ab\u00a0p\u00e8lerins de l\u2019esp\u00e9rance\u00a0\u00bb en cette ann\u00e9e jubilaire. Ce fut un temps de r\u00e9conciliation, de p\u00e8lerinage et de \u00ab\u00a0retour \u00e0 la maison\u00a0\u00bb. Pour les chr\u00e9tiens et chr\u00e9tiennes, cette \u00ab\u00a0r\u00e9conciliation\u00a0\u00bb est l\u2019accomplissement de J\u00e9sus-Christ, dont la mort et la r\u00e9surrection r\u00e9concilient l\u2019humanit\u00e9 avec Dieu. R\u00e9pondant \u00e0 l\u2019appel du Seigneur \u00e0 se r\u00e9concilier les uns avec les autres dans la charit\u00e9, les Canadiens et Canadiennes catholiques se sont engag\u00e9s sur le chemin de la r\u00e9conciliation avec les Premi\u00e8res Nations, les M\u00e9tis et les Inuits, un chemin n\u00e9 d\u2019une histoire douloureuse et difficile. Cette histoire comprend les pensionnats indiens, administr\u00e9s par les \u00c9glises catholique et chr\u00e9tiennes. Les r\u00e9cits de pr\u00e9jug\u00e9s, de discriminations et d\u2019abus ont \u00e9t\u00e9 rapport\u00e9s par la Commission de v\u00e9rit\u00e9 et r\u00e9conciliation, dont les travaux se sont achev\u00e9s il y a dix ans. Pour de nombreuses personnes touch\u00e9es par cette histoire, la gu\u00e9rison pourrait bien prendre des g\u00e9n\u00e9rations. <a href=\"https:\/\/www.cecc.ca\/document\/journee-nationale-de-priere-en-solidarite-avec-les-peuples-autochtones-2025\/\">(Lire la suite\u2026)<\/a><\/p>\r\n<hr class=\"wp-block-separator has-alpha-channel-opacity\" \/>\r\n<p>\r\n\r\n<\/p>\r\n<p>\r\n\r\n<\/p>\r\n<p>\r\n\r\n<\/p>\r\n<h2><strong>AVENT<\/strong><\/h2>\r\n<h3><strong>CECC \u2013 Cheminer ensemble durant l\u2019Avent 2025\u00a0<\/strong><\/h3>\r\n<p>La Conf\u00e9rence des \u00e9v\u00eaques catholiques du Canada pr\u00e9sente \u00ab\u00a0Cheminer ensemble durant l\u2019Avent\u00a0\u00bb. Approfondissons ensemble, avec Mgr Guy Desrochers, C.Ss.R., Archev\u00eaque de Moncton, la Parole de Dieu du premier dimanche de l\u2019Avent 2025.<\/p>\r\n<p>Une initiative conjointe de l\u2019Office national de liturgie, du\u00a0National Liturgy Office\u00a0et de l\u2019Office for Evangelization and Catechesis.<\/p>\r\n<p><strong>Regarder la vid\u00e9o YouTube \u00ab\u00a0Cheminer ensemble durant l\u2019Avent \u2013 Deuxi\u00e8me Dimanche de l\u2019Avent 2025\u00a0\u00bb\u00a0: <\/strong><\/p>\r\n<p><a href=\"https:\/\/www.youtube.com\/watch?v=YOFHL5cQe1k\"><strong>https:\/\/www.youtube.com\/watch?v=YOFHL5cQe1k<\/strong><\/a><strong>. <\/strong><\/p>\r\n<p><strong>Premier dimanche de l\u2019Avent 2025\u00a0:<\/strong><\/p>\r\n<p><a href=\"https:\/\/www.youtube.com\/watch?v=-svYZF0O-xI&amp;t=7s\"><strong>https:\/\/www.youtube.com\/watch?v=-svYZF0O-xI&amp;t=7s<\/strong><\/a><strong>.<\/strong><\/p>\r\n<h3><strong>No\u00ebl est arriv\u00e9 !<\/strong><\/h3>\r\n<p>Rejoignez-nous pour une soir\u00e9e sp\u00e9ciale le premier vendredi du mois : \u00ab Le chemin de croix de Marie \u00bb, le vendredi 5 d\u00e9cembre 2025 \u00e0 partir de 18h30.<\/p>\r\n<p>Zoom\u00a0: <a href=\"https:\/\/us02web.zoom.us\/j\/82173284163?pwd=eRvSTLhLGkeaS6wRCpfbOAYHQ5E4iR.1\">https:\/\/us02web.zoom.us\/j\/82173284163?pwd=eRvSTLhLGkeaS6wRCpfbOAYHQ5E4iR.1.<\/a><\/p>\r\n<p>\r\n\r\n<\/p>\r\n<p><\/p>","protected":false},"excerpt":{"rendered":"<p>J\u00e9sus exulta de joie sous l&rsquo;action de l&rsquo;Esprit Saint. (Luc 10, 21-24)<\/p>\n","protected":false},"author":10,"featured_media":18023,"comment_status":"closed","ping_status":"closed","sticky":false,"template":"","format":"standard","meta":{"_monsterinsights_skip_tracking":false,"_monsterinsights_sitenote_active":false,"_monsterinsights_sitenote_note":"","_monsterinsights_sitenote_category":0,"footnotes":"","_links_to":"","_links_to_target":""},"categories":[114,84],"tags":[],"class_list":["post-18162","post","type-post","status-publish","format-standard","has-post-thumbnail","hentry","category-bulletin","category-article"],"post_mailing_queue_ids":[],"_links":{"self":[{"href":"https:\/\/pembrokediocese.com\/fr\/wp-json\/wp\/v2\/posts\/18162","targetHints":{"allow":["GET"]}}],"collection":[{"href":"https:\/\/pembrokediocese.com\/fr\/wp-json\/wp\/v2\/posts"}],"about":[{"href":"https:\/\/pembrokediocese.com\/fr\/wp-json\/wp\/v2\/types\/post"}],"author":[{"embeddable":true,"href":"https:\/\/pembrokediocese.com\/fr\/wp-json\/wp\/v2\/users\/10"}],"replies":[{"embeddable":true,"href":"https:\/\/pembrokediocese.com\/fr\/wp-json\/wp\/v2\/comments?post=18162"}],"version-history":[{"count":3,"href":"https:\/\/pembrokediocese.com\/fr\/wp-json\/wp\/v2\/posts\/18162\/revisions"}],"predecessor-version":[{"id":18165,"href":"https:\/\/pembrokediocese.com\/fr\/wp-json\/wp\/v2\/posts\/18162\/revisions\/18165"}],"wp:featuredmedia":[{"embeddable":true,"href":"https:\/\/pembrokediocese.com\/fr\/wp-json\/wp\/v2\/media\/18023"}],"wp:attachment":[{"href":"https:\/\/pembrokediocese.com\/fr\/wp-json\/wp\/v2\/media?parent=18162"}],"wp:term":[{"taxonomy":"category","embeddable":true,"href":"https:\/\/pembrokediocese.com\/fr\/wp-json\/wp\/v2\/categories?post=18162"},{"taxonomy":"post_tag","embeddable":true,"href":"https:\/\/pembrokediocese.com\/fr\/wp-json\/wp\/v2\/tags?post=18162"}],"curies":[{"name":"wp","href":"https:\/\/api.w.org\/{rel}","templated":true}]}}