{"id":18818,"date":"2026-04-28T11:39:02","date_gmt":"2026-04-28T15:39:02","guid":{"rendered":"https:\/\/pembrokediocese.com\/?p=18818"},"modified":"2026-04-28T11:44:52","modified_gmt":"2026-04-28T15:44:52","slug":"bulletin-hebdomadaire-le-28-avril-2026-ferie","status":"publish","type":"post","link":"https:\/\/pembrokediocese.com\/fr\/article\/bulletin-hebdomadaire-le-28-avril-2026-ferie\/","title":{"rendered":"BULLETIN HEBDOMADAIRE  &#8211; le 28 avril 2026 (F\u00e9rie)"},"content":{"rendered":"<hr class=\"wp-block-separator has-alpha-channel-opacity\" \/>\r\n\r\n\r\n<h4 class=\"wp-block-heading\"><strong><i><a href=\"mailto:reception@pembrokediocese.com?subject=Abonnez-vous au bulletin hebdomadaire&amp;amp;body=Bonjour, je souhaite m'abonner au Bulletin Hebdomadaire s'il vous plait. Merci.\"><img loading=\"lazy\" decoding=\"async\" class=\"alignright wp-image-8004\" src=\"https:\/\/pembrokediocese.com\/wp-content\/uploads\/subscribe-banner-fr-200x205.png\" alt=\"\" width=\"124\" height=\"127\" srcset=\"https:\/\/pembrokediocese.com\/wp-content\/uploads\/subscribe-banner-fr-200x205.png 200w, https:\/\/pembrokediocese.com\/wp-content\/uploads\/subscribe-banner-fr-768x785.png 768w, https:\/\/pembrokediocese.com\/wp-content\/uploads\/subscribe-banner-fr.png 840w\" sizes=\"(max-width: 124px) 100vw, 124px\" \/><\/a><\/i><\/strong><\/h4>\r\n\r\n\r\n\r\n<h1 class=\"wp-block-heading\"><strong><em>Le P\u00e8re et moi, nous sommes UN.<\/em><\/strong><\/h1>\r\n\r\n\r\n\r\n<h3 class=\"wp-block-heading\"><strong>(Jean 10, 22-30)<\/strong><\/h3>\r\n\r\n\r\n<hr class=\"wp-block-separator has-alpha-channel-opacity\" \/>\r\n\r\n\r\n\r\n\r\n\r\n\r\n\r\n\r\n\r\n\r\n\r\n\r\n<p>\r\n\r\n<\/p>\r\n<p>\r\n\r\n<\/p>\r\n<p>\r\n\r\n<\/p>\r\n<h2><strong>DU DIOC\u00c8SE<\/strong><\/h2>\r\n<h3><strong>M\u00e9daille Benemerenti\u00a0<\/strong><\/h3>\r\n<p>Le nonce apostolique a inform\u00e9 Mgr Brehl que le pape L\u00e9on XIV, a d\u00e9cern\u00e9 la distinction papale de la m\u00e9daille Benemerenti \u00e0 Mme Lucile Tourigny, de la paroisse Saint-Jean-Baptiste, \u00e0 Pembroke. Mgr Brehl remettra la m\u00e9daille \u00e0 Mme Tourigny lors de la messe dominicale \u00e0 la paroisse Saint-Jean-Baptiste, <strong>le dimanche 10 mai 2026, jour de la f\u00eate des m\u00e8res.<\/strong> Toutes f\u00e9licitations \u00e0 Mme Tourigny pour ce grand honneur !<\/p>\r\n<h3><strong>Informations sur la planification pastorale\u00a0<\/strong><\/h3>\r\n<p>Vous trouverez toutes les informations concernant la planification pastorale sure notre site web \u00e0 l\u2019adresse <a href=\"https:\/\/pembrokediocese.com\/fr\/planification-pastorale-diocesaine\/\">https:\/\/pembrokediocese.com\/fr\/planification-pastorale-diocesaine\/<\/a>.<\/p>\r\n<hr class=\"wp-block-separator has-alpha-channel-opacity\" \/>\r\n<p>\r\n\r\n\r\n\r\n<\/p>\r\n<h2><strong>LE SAINT-SI\u00c8GE<\/strong><\/h2>\r\n<h3><strong>Intention de pri\u00e8re du Saint-P\u00e8re pour le mois de mai 2026\u00a0<\/strong><\/h3>\r\n<p><strong>Pour une alimentation pour tous<\/strong> \u2013 Prions pour que chacun, des grands consommateurs aux petits consommateurs, s\u2019engage \u00e0 \u00e9viter le gaspillage alimentaire et pour que tous aient acc\u00e8s \u00e0 une alimentation de qualit\u00e9.<\/p>\r\n<hr class=\"wp-block-separator has-alpha-channel-opacity\" \/>\r\n<p>\r\n\r\n<\/p>\r\n<h2><strong>DE LA CECC<\/strong><\/h2>\r\n<h3><strong>R\u00e9flexion sur l\u2019appel du Saint-P\u00e8re \u00e0 la paix, \u00e0 la dignit\u00e9 humaine et a la responsabilit\u00e9 morale dans la vie publique\u00a0<\/strong><\/h3>\r\n<p><strong>Ottawa<\/strong> \u2014\u00a0Pour donner suite aux r\u00e9cents commentaires publics concernant les appels du Saint-P\u00e8re pour la paix, le Service des communications de la Conf\u00e9rence des \u00e9v\u00eaques catholiques du Canada (CECC) souhaite r\u00e9it\u00e9rer plusieurs principes de l\u2019enseignement catholique qui demeurent particuli\u00e8rement pertinents en temps de guerre et de tensions internationales. <a href=\"https:\/\/www.cecc.ca\/communique-de-presse\/reflexion-sur-lappel-du-saint-pere-a-la-paix-a-la-dignite-humaine-et-a-la-responsabilite-morale-dans-la-vie-publique\/\">(Lire la suite\u2026)<\/a><\/p>\r\n<h3><strong>D\u00e9claration du Conseil permanent : Appel \u00e0 la pri\u00e8re pour la paix au Moyen-Orient\u00a0<\/strong><\/h3>\r\n<p>Le Conseil permanent de la Conf\u00e9rence des \u00e9v\u00eaques catholiques du Canada (CECC) exprime son inqui\u00e9tude profonde \u00e0 propos de la guerre qui secoue actuellement l\u2019Iran et plusieurs pays du Moyen-Orient. Nous ne pouvons \u00eatre indiff\u00e9rents \u00e0 ce conflit arm\u00e9 qui risque de d\u00e9g\u00e9n\u00e9rer en une guerre prolong\u00e9e. Lors de l\u2019Ang\u00e9lus du dimanche 1<sup>er<\/sup>\u00a0mars 2026, le Pape L\u00e9on XIV affirmait : \u00ab La stabilit\u00e9 et la paix ne se construisent pas par des menaces r\u00e9ciproques, ni par les armes, qui s\u00e8ment la destruction, la douleur et la mort, mais uniquement par un dialogue raisonnable, authentique et responsable. \u00bb <a href=\"https:\/\/www.cecc.ca\/letter\/declaration-du-conseil-permanent-appel-a-la-priere-pour-la-paix-au-moyen-orient\/\">(Lire la suite\u2026)<\/a><\/p>\r\n<h3><strong>Ressources pour la Semaine nationale pour la famille et la vie 2026\u00a0<\/strong><\/h3>\r\n<p><strong>Ottawa (Ontario)<\/strong> \u2014\u00a0La Conf\u00e9rence des \u00e9v\u00eaques catholiques du Canada (CECC) a le plaisir d\u2019annoncer la disponibilit\u00e9 de ressources en pr\u00e9paration de la\u00a0<a href=\"https:\/\/www.cecc.ca\/snfv\">Semaine nationale pour la famille et la vie\u00a02026<\/a>\u00a0<strong>(#SNFV2026),<\/strong> qui se d\u00e9roulera du<strong>\u00a0dimanche\u00a010\u00a0mai au dimanche\u00a017\u00a0mai 2026. <\/strong><a href=\"https:\/\/www.cecc.ca\/communique-de-presse\/ressources-pour-la-semaine-nationale-pour-la-famille-et-la-vie-2026\/\">(Lire la suite\u2026)<\/a><\/p>\r\n<hr class=\"wp-block-separator has-alpha-channel-opacity\" \/>\r\n<p>\r\n\r\n<\/p>\r\n<p>\r\n\r\n<\/p>\r\n<p>\r\n\r\n<\/p>\r\n<p>\r\n\r\n\r\n\r\n\r\n\r\n<\/p>\r\n<p>\r\n\r\n\r\n\r\n<\/p>\r\n<p>\r\n\r\n<\/p>\r\n<p>\r\n\r\n<\/p>\r\n<p>\r\n\r\n<\/p>\r\n<p>\r\n\r\n<\/p>\r\n<p>\r\n\r\n<\/p>\r\n<p>\r\n\r\n<\/p>\r\n<p>\r\n\r\n<\/p>\r\n<p>\r\n\r\n<\/p>\r\n<p>\r\n\r\n<\/p>\r\n<p>\r\n\r\n<\/p>\r\n<h2><strong>L\u2019ASSEMBL\u00c9E DES \u00c9V\u00caQUES CATHOLIQUES DU QU\u00c9BEC<\/strong><\/h2>\r\n<h3><strong>Les \u00e9v\u00eaques catholiques du Qu\u00e9bec expriment leur soutien au pape L\u00e9on XIV\u00a0<\/strong><\/h3>\r\n<p><strong>Laval, le 17 avril 2026<\/strong> \u2013 L\u2019Assembl\u00e9e des \u00e9v\u00eaques catholiques du Qu\u00e9bec souhaite exprimer son soutien au pape L\u00e9on XIV, qui est un v\u00e9ritable artisan de paix. En droite ligne avec ses pr\u00e9d\u00e9cesseurs, et suivant l\u2019exemple du Christ J\u00e9sus, le pape L\u00e9on XIV appelle toutes les parties impliqu\u00e9es dans les conflits arm\u00e9s \u00e0 trouver des solutions pacifiques, afin que cessent le bruit des armes et les cris des victimes innocentes.<\/p>\r\n<p>Nous vivons dans un monde o\u00f9, aux yeux de certains, la violence semble \u00eatre une solution raisonnable aux conflits. Or, la force n\u2019est pas un chemin de paix et de justice.<\/p>\r\n<p>Dans toute sa vuln\u00e9rabilit\u00e9 et sa fragilit\u00e9, le Christ sur la croix nous rappelle que la violence ne fait jamais partie de la solution. Seule l\u2019amour peut soutenir, par le dialogue et le respect, la recherche de compromis qui respectent la vie, la dignit\u00e9 et le bien-\u00eatre de chaque \u00eatre humain.<\/p>\r\n<p>C\u2019est \u00e0 ce chemin de fragilit\u00e9, de dialogue et de paix que le pape L\u00e9on XIV appelle l\u2019humanit\u00e9 enti\u00e8re et, plus particuli\u00e8rement, les dirigeants politiques des pays en guerre.<\/p>\r\n<p>En ces jours difficiles o\u00f9 les conflits arm\u00e9s s\u2019intensifient, les \u00e9v\u00eaques du Qu\u00e9bec appuient sans r\u00e9serve le Saint-P\u00e8re dans son service de l\u2019\u00c9vangile et appellent toutes les personnes de bonne volont\u00e9 \u00e0 prier pour la paix.<\/p>\r\n<hr class=\"wp-block-separator has-alpha-channel-opacity\" \/>\r\n<p>\r\n\r\n<\/p>\r\n<h2><strong>\u00c9DUCATION DE LA FOI<\/strong><\/h2>\r\n<h3><strong>La Messe expliqu\u00e9e\u00a0<\/strong><\/h3>\r\n<p>Le Bureau de la formation \u00e0 la foi du dioc\u00e8se de Pembroke vous invite \u00e0 une soir\u00e9e organis\u00e9e pr\u00e8s de chez vous sur le th\u00e8me \u00ab LA MESSE EXPLIQU\u00c9E \u00bb. Pr\u00e9sentateur : le p\u00e8re Michael Smith, cur\u00e9 de Fort-Coulonge et vicaire g\u00e9n\u00e9ral du dioc\u00e8se de Pembroke.<\/p>\r\n<p>Dates des conf\u00e9rences :<\/p>\r\n<ul>\r\n<li><strong>Jeudi 7 mai \u00e0 18 h 30<\/strong>\u00a0\u00e0 la paroisse St-Pierre de Fort-Coulonge ;<\/li>\r\n<li><strong>Jeudi 14 mai \u00e0 18 h 30<\/strong>\u00a0\u00e0 la paroisse Ste-Anne de Mattawa;<\/li>\r\n<li><strong>Jeudi 21 mai \u00e0 18 h 30<\/strong>\u00a0\u00e0 la paroisse Ste-Th\u00e9r\u00e8se de T\u00e9miscaming ;<\/li>\r\n<li><strong>Jeudi 28 mai \u00e0 18 h 30<\/strong>\u00a0\u00e0 la paroisse Saint-Jean-Baptiste de Pembroke.<\/li>\r\n<\/ul>\r\n<p>Pour plus d\u2019informations, veuillez contacter le diacre Adrien Chaput au 613 732-7933, poste 206, ou \u00e0 l\u2019adresse\u00a0<a href=\"mailto:dcadrienchaput@pembrokediocese.com\">dcadrienchaput@pembrokediocese.com<\/a>.<\/p>\r\n<p>\r\n\r\n<\/p>\r\n<hr class=\"wp-block-separator has-alpha-channel-opacity\" \/>\r\n<p><\/p>","protected":false},"excerpt":{"rendered":"<p>Le P\u00e8re et moi, nous sommes UN. (Jean 10, 22-30)<\/p>\n","protected":false},"author":10,"featured_media":18023,"comment_status":"closed","ping_status":"closed","sticky":false,"template":"","format":"standard","meta":{"_monsterinsights_skip_tracking":false,"_monsterinsights_sitenote_active":false,"_monsterinsights_sitenote_note":"","_monsterinsights_sitenote_category":0,"footnotes":"","_links_to":"","_links_to_target":""},"categories":[114,84],"tags":[],"class_list":["post-18818","post","type-post","status-publish","format-standard","has-post-thumbnail","hentry","category-bulletin","category-article"],"post_mailing_queue_ids":[],"_links":{"self":[{"href":"https:\/\/pembrokediocese.com\/fr\/wp-json\/wp\/v2\/posts\/18818","targetHints":{"allow":["GET"]}}],"collection":[{"href":"https:\/\/pembrokediocese.com\/fr\/wp-json\/wp\/v2\/posts"}],"about":[{"href":"https:\/\/pembrokediocese.com\/fr\/wp-json\/wp\/v2\/types\/post"}],"author":[{"embeddable":true,"href":"https:\/\/pembrokediocese.com\/fr\/wp-json\/wp\/v2\/users\/10"}],"replies":[{"embeddable":true,"href":"https:\/\/pembrokediocese.com\/fr\/wp-json\/wp\/v2\/comments?post=18818"}],"version-history":[{"count":3,"href":"https:\/\/pembrokediocese.com\/fr\/wp-json\/wp\/v2\/posts\/18818\/revisions"}],"predecessor-version":[{"id":18821,"href":"https:\/\/pembrokediocese.com\/fr\/wp-json\/wp\/v2\/posts\/18818\/revisions\/18821"}],"wp:featuredmedia":[{"embeddable":true,"href":"https:\/\/pembrokediocese.com\/fr\/wp-json\/wp\/v2\/media\/18023"}],"wp:attachment":[{"href":"https:\/\/pembrokediocese.com\/fr\/wp-json\/wp\/v2\/media?parent=18818"}],"wp:term":[{"taxonomy":"category","embeddable":true,"href":"https:\/\/pembrokediocese.com\/fr\/wp-json\/wp\/v2\/categories?post=18818"},{"taxonomy":"post_tag","embeddable":true,"href":"https:\/\/pembrokediocese.com\/fr\/wp-json\/wp\/v2\/tags?post=18818"}],"curies":[{"name":"wp","href":"https:\/\/api.w.org\/{rel}","templated":true}]}}