{"id":18826,"date":"2026-05-01T08:22:06","date_gmt":"2026-05-01T12:22:06","guid":{"rendered":"https:\/\/pembrokediocese.com\/?p=18826"},"modified":"2026-05-01T08:22:06","modified_gmt":"2026-05-01T12:22:06","slug":"nominations-pastorales-1er-mai-2026","status":"publish","type":"post","link":"https:\/\/pembrokediocese.com\/fr\/article\/nominations-pastorales-1er-mai-2026\/","title":{"rendered":"Nominations pastorales &#8211; 1er mai 2026"},"content":{"rendered":"<div class=\"yiv5367911419elementToProof\">Monseigneur Michael Brehl, C.Ss.R., annonce ce qui suit :<\/div>\n<div class=\"yiv5367911419elementToProof\"><\/div>\n<div class=\"yiv5367911419elementToProof\"><b><i>D\u00e9parts \u00e0 la retraite<\/i><\/b><\/div>\n<div class=\"yiv5367911419elementToProof\"><\/div>\n<div class=\"yiv5367911419elementToProof\"><b>Le P. Kerry Brennan<\/b>\u00a0se retire du minist\u00e8re paroissial \u00e0 temps plein avec le statut de pr\u00eatre \u00e0 la retraite.<\/div>\n<div class=\"yiv5367911419elementToProof\"><\/div>\n<div class=\"yiv5367911419elementToProof\"><b>Le P. Patrick Dobec\u00a0<\/b>se retire du minist\u00e8re paroissial \u00e0 temps plein avec le statut de pr\u00eatre \u00e0 la retraite.<\/div>\n<div class=\"yiv5367911419elementToProof\"><\/div>\n<div class=\"yiv5367911419elementToProof\"><b>Le P. John Lacey\u00a0<\/b>se retire du minist\u00e8re paroissial \u00e0 temps plein avec le statut de pr\u00eatre retrait\u00e9.<\/div>\n<div class=\"yiv5367911419elementToProof\"><\/div>\n<div class=\"yiv5367911419elementToProof\"><b><i>\u00a0<\/i><\/b><\/div>\n<div class=\"yiv5367911419elementToProof\"><b><i>Cur\u00e9<\/i><\/b><\/div>\n<div class=\"yiv5367911419elementToProof\"><\/div>\n<div class=\"yiv5367911419elementToProof\"><b>Le P. Michael Coyne\u00a0<\/b>est nomm\u00e9 cur\u00e9 de la paroisse St. Michael, \u00e0 Douglas ; de la paroisse St. Pius V, \u00e0 Osceola ; de la mission Sacred Heart, \u00e0 Cobden et de la paroisse St. Patrick, \u00e0 Mount St. Patrick.<\/div>\n<div class=\"yiv5367911419elementToProof\"><\/div>\n<div class=\"yiv5367911419elementToProof\"><b>Le P. R\u00e9al Ouellette<\/b>\u00a0est nomm\u00e9 cur\u00e9 de la paroisse Most Holy Name of Jesus, \u00e0 Pembroke, tout en conservant son poste de cur\u00e9 de la paroisse St-Jean-Baptiste, \u00e0 Pembroke.<\/div>\n<div class=\"yiv5367911419elementToProof\"><\/div>\n<div class=\"yiv5367911419elementToProof\"><b><i>\u00a0<\/i><\/b><\/div>\n<div class=\"yiv5367911419elementToProof\"><b><i>Administrateurs<\/i><\/b><\/div>\n<div class=\"yiv5367911419elementToProof\"><\/div>\n<div class=\"yiv5367911419elementToProof\"><b>Le P. Peter Do\u00a0<\/b>est nomm\u00e9 administrateur de la paroisse Our Lady of Sorrows, \u00e0 Petawawa.<\/div>\n<div class=\"yiv5367911419elementToProof\"><\/div>\n<div class=\"yiv5367911419elementToProof\"><b>Le P. David Butler<\/b>, pr\u00eatre du dioc\u00e8se de London pr\u00eat\u00e9 au dioc\u00e8se de Pembroke, est nomm\u00e9 administrateur de la paroisse Our Lady of Fatima, \u00e0 Renfrew, de la paroisse St. Francis Xavier, \u00e0 Renfrew et de la paroisse Most Precious Blood, \u00e0 Calabogie.<\/div>\n<div class=\"yiv5367911419elementToProof\"><\/div>\n<div class=\"yiv5367911419elementToProof\">Une annonce concernant la nomination d\u2019un vicaire paroissial pour la paroisse Our Lady of Fatima, \u00e0 Renfrew, la paroisse St. Francis Xavier, \u00e0 Renfrew, et la paroisse Most Precious Blood, \u00e0 Calabogie, sera faite prochainement.<\/div>\n<div class=\"yiv5367911419elementToProof\"><\/div>\n<div class=\"yiv5367911419elementToProof\"><b><i>\u00a0<\/i><\/b><\/div>\n<div class=\"yiv5367911419elementToProof\"><b><i>S\u00e9minariste<\/i><\/b><\/div>\n<div class=\"yiv5367911419elementToProof\"><\/div>\n<div class=\"yiv5367911419elementToProof\"><b>M. Felix Ujo<\/b>\u00a0a \u00e9t\u00e9 affect\u00e9 \u00e0 la paroisse de la cath\u00e9drale St. Columbkille, \u00e0 Pembroke, pour son ann\u00e9e pastorale.<\/div>\n<div class=\"yiv5367911419elementToProof\"><\/div>\n<div class=\"yiv5367911419elementToProof\">Toutes ces nominations prennent effet le 2 juillet 2026.<\/div>\n<div class=\"yiv5367911419elementToProof\"><\/div>\n<div class=\"yiv5367911419elementToProof\">Mgr Brehl exprime sa profonde gratitude aux pr\u00eatres qui se retirent du minist\u00e8re paroissial \u00e0 plein temps et rend gr\u00e2ce au Seigneur pour leurs nombreuses ann\u00e9es de service presbyt\u00e9ral au sein de l\u2019\u00c9glise.<\/div>\n<div class=\"yiv5367911419elementToProof\"><\/div>\n<div class=\"yiv5367911419elementToProof\">Veuillez prier pour ceux qui ont g\u00e9n\u00e9reusement accept\u00e9 de nouvelles missions pastorales.<\/div>\n<div class=\"yiv5367911419elementToProof\"><\/div>\n<div class=\"yiv5367911419elementToProof\">1er mai 2026<\/div>\n<div class=\"yiv5367911419elementToProof\">F\u00eate de saint Joseph travailleur<\/div>\n","protected":false},"excerpt":{"rendered":"<p>Monseigneur Michael Brehl, C.Ss.R., annonce ce qui suit : D\u00e9parts \u00e0 la retraite Le P. Kerry Brennan\u00a0se retire du minist\u00e8re paroissial \u00e0 temps plein avec le statut de pr\u00eatre \u00e0 la retraite. Le P. Patrick Dobec\u00a0se retire du minist\u00e8re paroissial \u00e0 temps plein avec le statut de pr\u00eatre \u00e0 la retraite. Le P. John Lacey\u00a0se retire du minist\u00e8re paroissial \u00e0 temps plein avec le statut de pr\u00eatre retrait\u00e9. \u00a0 Cur\u00e9 Le P. Michael Coyne\u00a0est nomm\u00e9 cur\u00e9 de la paroisse St. Michael, \u00e0 Douglas ; de la paroisse St. Pius V, \u00e0 Osceola ; de la mission Sacred Heart, \u00e0 Cobden et de la paroisse St. Patrick, \u00e0 Mount St. Patrick. Le P. R\u00e9al Ouellette\u00a0est nomm\u00e9 cur\u00e9 de la paroisse Most Holy Name of Jesus, \u00e0 Pembroke, tout en conservant son poste de cur\u00e9 de la paroisse St-Jean-Baptiste, \u00e0 Pembroke. \u00a0 Administrateurs Le P. Peter Do\u00a0est nomm\u00e9 administrateur de la paroisse Our Lady of Sorrows, \u00e0 Petawawa. Le P. David Butler, pr\u00eatre du dioc\u00e8se de London pr\u00eat\u00e9 au dioc\u00e8se de Pembroke, est nomm\u00e9 administrateur de la paroisse Our Lady of Fatima, \u00e0 Renfrew, de la paroisse St. Francis Xavier, \u00e0 Renfrew et de la paroisse Most Precious Blood, \u00e0 Calabogie. Une annonce concernant la nomination d\u2019un vicaire paroissial pour la paroisse Our Lady of Fatima, \u00e0 Renfrew, la paroisse St. Francis Xavier, \u00e0 Renfrew, et la paroisse Most Precious Blood, \u00e0 Calabogie, sera faite prochainement. \u00a0 S\u00e9minariste M. Felix Ujo\u00a0a \u00e9t\u00e9 affect\u00e9 \u00e0 la paroisse de la cath\u00e9drale St. Columbkille, \u00e0 Pembroke, pour son ann\u00e9e pastorale. Toutes ces nominations prennent effet le 2 juillet 2026. Mgr Brehl exprime sa profonde gratitude aux pr\u00eatres qui se retirent du minist\u00e8re paroissial \u00e0 plein temps et rend gr\u00e2ce au Seigneur pour leurs nombreuses ann\u00e9es de service presbyt\u00e9ral au sein de l\u2019\u00c9glise. Veuillez prier pour ceux qui ont g\u00e9n\u00e9reusement accept\u00e9 de nouvelles missions pastorales. 1er mai 2026 F\u00eate de saint Joseph travailleur<\/p>\n","protected":false},"author":5,"featured_media":0,"comment_status":"closed","ping_status":"open","sticky":false,"template":"","format":"standard","meta":{"_monsterinsights_skip_tracking":false,"_monsterinsights_sitenote_active":false,"_monsterinsights_sitenote_note":"","_monsterinsights_sitenote_category":0,"footnotes":"","_links_to":"","_links_to_target":""},"categories":[84],"tags":[],"class_list":["post-18826","post","type-post","status-publish","format-standard","hentry","category-article"],"post_mailing_queue_ids":[],"_links":{"self":[{"href":"https:\/\/pembrokediocese.com\/fr\/wp-json\/wp\/v2\/posts\/18826","targetHints":{"allow":["GET"]}}],"collection":[{"href":"https:\/\/pembrokediocese.com\/fr\/wp-json\/wp\/v2\/posts"}],"about":[{"href":"https:\/\/pembrokediocese.com\/fr\/wp-json\/wp\/v2\/types\/post"}],"author":[{"embeddable":true,"href":"https:\/\/pembrokediocese.com\/fr\/wp-json\/wp\/v2\/users\/5"}],"replies":[{"embeddable":true,"href":"https:\/\/pembrokediocese.com\/fr\/wp-json\/wp\/v2\/comments?post=18826"}],"version-history":[{"count":1,"href":"https:\/\/pembrokediocese.com\/fr\/wp-json\/wp\/v2\/posts\/18826\/revisions"}],"predecessor-version":[{"id":18827,"href":"https:\/\/pembrokediocese.com\/fr\/wp-json\/wp\/v2\/posts\/18826\/revisions\/18827"}],"wp:attachment":[{"href":"https:\/\/pembrokediocese.com\/fr\/wp-json\/wp\/v2\/media?parent=18826"}],"wp:term":[{"taxonomy":"category","embeddable":true,"href":"https:\/\/pembrokediocese.com\/fr\/wp-json\/wp\/v2\/categories?post=18826"},{"taxonomy":"post_tag","embeddable":true,"href":"https:\/\/pembrokediocese.com\/fr\/wp-json\/wp\/v2\/tags?post=18826"}],"curies":[{"name":"wp","href":"https:\/\/api.w.org\/{rel}","templated":true}]}}