{"id":20272,"date":"2026-08-11T12:21:24","date_gmt":"2026-08-11T16:21:24","guid":{"rendered":"https:\/\/pembrokediocese.com\/?p=20272"},"modified":"2026-08-11T12:22:02","modified_gmt":"2026-08-11T16:22:02","slug":"bulletin-hebdomadaire-le-11-aout-2026-ste-claire-vierge","status":"publish","type":"post","link":"https:\/\/pembrokediocese.com\/fr\/article\/bulletin-hebdomadaire-le-11-aout-2026-ste-claire-vierge\/","title":{"rendered":"BULLETIN HEBDOMADAIRE  &#8211; le 11 ao\u00fbt 2026 (Ste Claire, Vierge)"},"content":{"rendered":"<hr class=\"wp-block-separator has-alpha-channel-opacity\" \/>\r\n\r\n\r\n<h4 class=\"wp-block-heading\"><strong><i><a href=\"mailto:reception@pembrokediocese.com?subject=Abonnez-vous au bulletin hebdomadaire&amp;amp;body=Bonjour, je souhaite m'abonner au Bulletin Hebdomadaire s'il vous plait. Merci.\"><img loading=\"lazy\" decoding=\"async\" class=\"alignright wp-image-8004\" src=\"https:\/\/pembrokediocese.com\/wp-content\/uploads\/subscribe-banner-fr-200x205.png\" alt=\"\" width=\"124\" height=\"127\" srcset=\"https:\/\/pembrokediocese.com\/wp-content\/uploads\/subscribe-banner-fr-200x205.png 200w, https:\/\/pembrokediocese.com\/wp-content\/uploads\/subscribe-banner-fr-768x785.png 768w, https:\/\/pembrokediocese.com\/wp-content\/uploads\/subscribe-banner-fr.png 840w\" sizes=\"(max-width: 124px) 100vw, 124px\" \/><\/a><\/i><\/strong><\/h4>\r\n\r\n\r\n\r\n<h1 class=\"wp-block-heading\"><strong><em>Gardez-vous de m\u00e9priser un seul de ces petits<\/em><\/strong><\/h1>\r\n<h1 class=\"wp-block-heading\"><strong style=\"font-size: 16px;\">(Matthieu 18, 1-5.10.12-14)<\/strong><\/h1>\r\n\r\n\r\n<hr class=\"wp-block-separator has-alpha-channel-opacity\" \/>\r\n\r\n\r\n\r\n\r\n\r\n\r\n\r\n\r\n\r\n\r\n\r\n\r\n<p class=\"wp-block-paragraph\">\r\n\r\n<\/p>\r\n<p>\r\n\r\n<\/p>\r\n<p>\r\n\r\n<\/p>\r\n<h2><strong>DU DIOC\u00c8SE<\/strong><\/h2>\r\n<h3><strong>Planification pastorale dioc\u00e9saine \u2013 Lettre de l\u2019\u00e9v\u00eaque, 6 ao\u00fbt 2026<\/strong><\/h3>\r\n<p><a href=\"https:\/\/pembrokediocese.com\/fr\/lettres-pastorale\/planification-pastorale-diocesaine-lettre-de-leveque-6-aout-2026-2\/\">Planification pastorale dioc\u00e9saine \u2013 lettre de l\u2019\u00e9v\u00eaque \u2013 6 ao\u00fbt 2026 \u2013 Diocese of Pembroke<\/a><\/p>\r\n<h3><strong>Monseigneur Michael Brehl,\u00a0C.Ss.R., annonce les nominations pastorales suivantes\u00a0:<\/strong><\/h3>\r\n<ul>\r\n<li><strong>Le P. Scott Murray<\/strong>est nomm\u00e9 administrateur de la paroisse\u00a0Saint-Jean-l\u2019\u00c9vang\u00e9liste, \u00e0\u00a0Campbell\u2019s\u00a0Bay; de la paroisse Saint\u00a0James the\u00a0Greater, \u00e0 Portage-du-Fort; de la paroisse Sainte-Anne, \u00e0\u00a0l&#8217;\u00cele-du-Grand-Calumet; de la paroisse de l\u2019Immacul\u00e9e-Conception, \u00e0 Bryson; de la paroisse Saint-Nom-de-Marie, \u00e0\u00a0Quyon; la paroisse Saint-\u00c9douard, \u00e0 Bristol; et la paroisse\u00a0Saint-Fran\u00e7ois-d\u2019Assise, \u00e0 Lac-des-Loups. Cette nomination pastorale prendra effet le 1er septembre 2026.\u00a0<\/li>\r\n<li><strong>Le P. R\u00e9al Ouellette<\/strong>, tout en conservant ses fonctions de cur\u00e9 de la paroisse Saint-Jean-Baptiste, \u00e0 Pembroke, et de la paroisse\u00a0Most Holy Name of Jesus, \u00e0 Pembroke, est \u00e9galement nomm\u00e9 administrateur de la paroisse Saint-Alphonse, \u00e0 Chapeau; de la paroisse\u00a0Saint Paul the Hermit, \u00e0 Sheenboro, et de la paroisse Saint-Joseph, \u00e0 St.\u00a0Joseph\u2019s. Cette nomination pastorale prendra effet le 1er septembre 2026.\u00a0<\/li>\r\n<li><strong>Le P. Michael Smith<\/strong>demeurera cur\u00e9 de Fort-Coulonge, de Waltham, de Vinton et d\u2019Otter Lake.\u00a0<\/li>\r\n<\/ul>\r\n<p>\u00c0 compter du 5 septembre 2026, la messe dominicale ne sera c\u00e9l\u00e9br\u00e9e que dans les \u00e9glises suivantes du doyenn\u00e9 du\u00a0Pontiac\u00a0:\u00a0<\/p>\r\n<ul>\r\n<li>\u00c9glise Saint-Alphonse, \u00e0 Chapeau\u00a0<\/li>\r\n<li>\u00c9glise Saint-Pierre, \u00e0 Fort-Coulonge\u00a0<\/li>\r\n<li>\u00c9glise\u00a0Saint-Jean-l\u2019\u00c9vang\u00e9liste, \u00e0\u00a0Campbell\u2019s\u00a0Bay\u00a0<\/li>\r\n<li>\u00c9glise du Saint-Nom-de-Marie, \u00e0\u00a0Quyon\u00a0<\/li>\r\n<\/ul>\r\n<p><em>6 ao\u00fbt 2026\u00a0<\/em><\/p>\r\n<p><em>F\u00eate de la Transfiguration du Seigneur\u00a0<\/em><\/p>\r\n<h3><strong>Pri\u00e8res<\/strong><\/h3>\r\n<p>Pour le repos de l&#8217;\u00e2me du diacre Robert C. McDonald, d\u00e9c\u00e9d\u00e9 le dimanche 9 ao\u00fbt \u00e0 Ottawa. Le diacre McDonald avait \u00e9t\u00e9 ordonn\u00e9 pour le dioc\u00e8se de Pembroke le 22 ao\u00fbt 1992. Merci de prier pour sa ch\u00e8re \u00e9pouse, Rita, et pour leur famille en cette p\u00e9riode de deuil.<\/p>\r\n<h3><strong>Heures du bureau durant l\u2019\u00e9t\u00e9\u00a0<\/strong><\/h3>\r\n<p>Horaires d&#8217;\u00e9t\u00e9 de la Chancellerie, <strong>du jeudi 2 juillet au mardi 8 septembre<\/strong>\u00a0:<\/p>\r\n<p>Du lundi au jeudi\u00a0: de 9 h \u00e0 16 h<\/p>\r\n<p>Vendredi\u00a0: de 9 h \u00e0 12 h<\/p>\r\n<p><em>Ferm\u00e9 pour le repas de midi de 12 h \u00e0 13 h.<\/em><\/p>\r\n<h3><strong>Nomination pastorale\u00a0<\/strong><\/h3>\r\n<p>Mgr Michael Brehl, C.Ss.R., annonce la nomination suivante :<\/p>\r\n<p>Le P. Pawe\u0142 Ratajczak, O.M.I. (Province de l\u2019Assomption) est nomm\u00e9 cur\u00e9 de la paroisse St-Mary, \u00e0 Wilno, <strong>\u00e0 compter du 1<sup>er<\/sup> septembre 2026.<\/strong>\u00a0<\/p>\r\n<hr class=\"wp-block-separator has-alpha-channel-opacity\" \/>\r\n<p>\r\n\r\n\r\n\r\n<\/p>\r\n<h2><strong>\u00a0LE SAINT-SI\u00c8GE<\/strong><\/h2>\r\n<h3><strong>Intention de pri\u00e8re du Saint-P\u00e8re pour le mois d\u2019ao\u00fbt 2026\u00a0<\/strong><\/h3>\r\n<p><strong>Pour l\u2019\u00e9vang\u00e9lisation des villes<\/strong> \u2013 Prions pour que, dans les grandes villes souvent marqu\u00e9es par l\u2019anonymat et la solitude, nous puissions trouver de nouvelles fa\u00e7ons de proclamer l\u2019\u00c9vangile, en recherchant les moyens cr\u00e9atifs pour construire la communaut\u00e9.<\/p>\r\n<hr class=\"wp-block-separator has-alpha-channel-opacity\" \/>\r\n<p>\r\n\r\n<\/p>\r\n<p>\r\n\r\n<\/p>\r\n<p>\r\n\r\n<\/p>\r\n<p>\r\n\r\n<\/p>\r\n<p>\r\n\r\n\r\n\r\n\r\n\r\n<\/p>\r\n<p class=\"wp-block-paragraph\">\r\n\r\n\r\n\r\n<\/p>\r\n<p class=\"wp-block-paragraph\">\r\n\r\n<\/p>\r\n<p>\r\n\r\n<\/p>\r\n<p>\r\n\r\n<\/p>\r\n<p>\r\n\r\n<\/p>\r\n<p>\r\n\r\n<\/p>\r\n<p>\r\n\r\n<\/p>\r\n<p>\r\n\r\n<\/p>\r\n<p>\r\n\r\n<\/p>\r\n<p>\r\n\r\n<\/p>\r\n<p>\r\n\r\n<\/p>\r\n<p>\r\n\r\n<\/p>\r\n<p>\r\n\r\n<\/p>\r\n<p>\r\n\r\n<\/p>\r\n<h2><strong>AUTRES \u00c9V\u00c9NEMENTS CATHOLIQUES<\/strong><\/h2>\r\n<h3><strong>69<sup>e<\/sup> p\u00e8lerinage \u00e0 Notre-Dame de Knock \u00e0 Mayo, au Qu\u00e9bec<\/strong><\/h3>\r\n<p>Le p\u00e8lerinage de cette ann\u00e9e en l&#8217;honneur de Notre-Dame de Knock aura lieu <strong>le dimanche 23 ao\u00fbt 2026<\/strong>. La messe sera c\u00e9l\u00e9br\u00e9e \u00e0 11 h en anglais par Mgr Paul-Andr\u00e9 Durocher, assist\u00e9 du p\u00e8re John Braganza de la paroisse Saint-Malachy. Pour plus d\u2019informations, veuillez contacter Mme Ellen Butler au 819 986-3860, Mme Joann Kearnan au 819 986-7827 ou envoyer un courriel \u00e0 <a href=\"mailto:mayopilgrimage@gmail.com\">mayopilgrimage@gmail.com<\/a>. \u00a0<\/p>\r\n<hr class=\"wp-block-separator has-alpha-channel-opacity\" \/>\r\n<p>\r\n\r\n<\/p>\r\n<p>&nbsp;<\/p>\r\n<p><\/p>","protected":false},"excerpt":{"rendered":"<p>Gardez-vous de m\u00e9priser un seul de ces petits (Matthieu 18, 1-5.10.12-14)<\/p>\n","protected":false},"author":15,"featured_media":18023,"comment_status":"closed","ping_status":"closed","sticky":false,"template":"","format":"standard","meta":{"_monsterinsights_skip_tracking":false,"footnotes":"","_links_to":"","_links_to_target":""},"categories":[114,84],"tags":[],"class_list":["post-20272","post","type-post","status-publish","format-standard","has-post-thumbnail","hentry","category-bulletin","category-article"],"post_mailing_queue_ids":[],"_links":{"self":[{"href":"https:\/\/pembrokediocese.com\/fr\/wp-json\/wp\/v2\/posts\/20272","targetHints":{"allow":["GET"]}}],"collection":[{"href":"https:\/\/pembrokediocese.com\/fr\/wp-json\/wp\/v2\/posts"}],"about":[{"href":"https:\/\/pembrokediocese.com\/fr\/wp-json\/wp\/v2\/types\/post"}],"author":[{"embeddable":true,"href":"https:\/\/pembrokediocese.com\/fr\/wp-json\/wp\/v2\/users\/15"}],"replies":[{"embeddable":true,"href":"https:\/\/pembrokediocese.com\/fr\/wp-json\/wp\/v2\/comments?post=20272"}],"version-history":[{"count":1,"href":"https:\/\/pembrokediocese.com\/fr\/wp-json\/wp\/v2\/posts\/20272\/revisions"}],"predecessor-version":[{"id":20273,"href":"https:\/\/pembrokediocese.com\/fr\/wp-json\/wp\/v2\/posts\/20272\/revisions\/20273"}],"wp:featuredmedia":[{"embeddable":true,"href":"https:\/\/pembrokediocese.com\/fr\/wp-json\/wp\/v2\/media\/18023"}],"wp:attachment":[{"href":"https:\/\/pembrokediocese.com\/fr\/wp-json\/wp\/v2\/media?parent=20272"}],"wp:term":[{"taxonomy":"category","embeddable":true,"href":"https:\/\/pembrokediocese.com\/fr\/wp-json\/wp\/v2\/categories?post=20272"},{"taxonomy":"post_tag","embeddable":true,"href":"https:\/\/pembrokediocese.com\/fr\/wp-json\/wp\/v2\/tags?post=20272"}],"curies":[{"name":"wp","href":"https:\/\/api.w.org\/{rel}","templated":true}]}}