{"id":20308,"date":"2026-09-01T11:00:30","date_gmt":"2026-09-01T15:00:30","guid":{"rendered":"https:\/\/pembrokediocese.com\/?p=20308"},"modified":"2026-09-01T11:02:53","modified_gmt":"2026-09-01T15:02:53","slug":"bulletin-hebdomadaire-le-1er-septembre-2026-ferie","status":"publish","type":"post","link":"https:\/\/pembrokediocese.com\/fr\/article\/bulletin-hebdomadaire-le-1er-septembre-2026-ferie\/","title":{"rendered":"BULLETIN HEBDOMADAIRE  &#8211; le 1er septembre 2026 (F\u00e9rie)"},"content":{"rendered":"<hr class=\"wp-block-separator has-alpha-channel-opacity\" \/>\r\n\r\n\r\n<h4 class=\"wp-block-heading\"><strong><i><a href=\"mailto:reception@pembrokediocese.com?subject=Abonnez-vous au bulletin hebdomadaire&amp;amp;body=Bonjour, je souhaite m'abonner au Bulletin Hebdomadaire s'il vous plait. Merci.\"><img loading=\"lazy\" decoding=\"async\" class=\"alignright wp-image-8004\" src=\"https:\/\/pembrokediocese.com\/wp-content\/uploads\/subscribe-banner-fr-200x205.png\" alt=\"\" width=\"124\" height=\"127\" srcset=\"https:\/\/pembrokediocese.com\/wp-content\/uploads\/subscribe-banner-fr-200x205.png 200w, https:\/\/pembrokediocese.com\/wp-content\/uploads\/subscribe-banner-fr-768x785.png 768w, https:\/\/pembrokediocese.com\/wp-content\/uploads\/subscribe-banner-fr.png 840w\" sizes=\"(max-width: 124px) 100vw, 124px\" \/><\/a><\/i><\/strong><\/h4>\r\n\r\n\r\n\r\n<h1 class=\"wp-block-heading\"><strong><em>Je sais qui tu es : tu es le Saint de Dieu.<\/em><\/strong><\/h1>\r\n<h1 class=\"wp-block-heading\"><strong style=\"font-size: 16px;\">(Luc 4, 31-37)<\/strong><\/h1>\r\n\r\n\r\n<hr class=\"wp-block-separator has-alpha-channel-opacity\" \/>\r\n\r\n\r\n\r\n\r\n\r\n\r\n\r\n\r\n\r\n\r\n\r\n\r\n<p class=\"wp-block-paragraph\">\r\n\r\n<\/p>\r\n<p>\r\n\r\n<\/p>\r\n<p>\r\n\r\n<\/p>\r\n<h2><strong>DU DIOC\u00c8SE<\/strong><\/h2>\r\n<h3><strong>Heures d&#8217;ouverture des bureaux de la chancellerie\u00a0<\/strong><\/h3>\r\n<p><strong>\u00c0 partir du mardi 8 septembre<\/strong>, les bureaux de la Chancellerie reprendront leurs horaires normaux de 8h30 \u00e0 16h30 du lundi au vendredi.<\/p>\r\n<h3><strong>Monseigneur Michael Brehl,\u00a0C.Ss.R., annonce les nominations pastorales suivantes\u00a0:<\/strong><\/h3>\r\n<ul>\r\n<li><strong>Le P. Scott Murray <\/strong>est nomm\u00e9 administrateur de la paroisse\u00a0Saint-Jean-l\u2019\u00c9vang\u00e9liste, \u00e0\u00a0Campbell\u2019s\u00a0Bay; de la paroisse Saint\u00a0James the\u00a0Greater, \u00e0 Portage-du-Fort; de la paroisse Sainte-Anne, \u00e0\u00a0l&#8217;\u00cele-du-Grand-Calumet; de la paroisse de l\u2019Immacul\u00e9e-Conception, \u00e0 Bryson; de la paroisse Saint-Nom-de-Marie, \u00e0\u00a0Quyon; la paroisse Saint-\u00c9douard, \u00e0 Bristol; et la paroisse\u00a0Saint-Fran\u00e7ois-d\u2019Assise, \u00e0 Lac-des-Loups. Cette nomination pastorale prendra effet le 1er septembre 2026.\u00a0<\/li>\r\n<li><strong>Le P. R\u00e9al Ouellette<\/strong>, tout en conservant ses fonctions de cur\u00e9 de la paroisse Saint-Jean-Baptiste, \u00e0 Pembroke, et de la paroisse\u00a0Most Holy Name of Jesus, \u00e0 Pembroke, est \u00e9galement nomm\u00e9 administrateur de la paroisse Saint-Alphonse, \u00e0 Chapeau; de la paroisse\u00a0Saint Paul the Hermit, \u00e0 Sheenboro, et de la paroisse Saint-Joseph, \u00e0 St.\u00a0Joseph\u2019s. Cette nomination pastorale prendra effet le 1er septembre 2026.\u00a0<\/li>\r\n<li><strong>Le P. Michael Smith <\/strong>demeurera cur\u00e9 de Fort-Coulonge, de Waltham, de Vinton et d\u2019Otter Lake.\u00a0<\/li>\r\n<\/ul>\r\n<p>\u00c0 compter du 5 septembre 2026, la messe dominicale ne sera c\u00e9l\u00e9br\u00e9e que dans les \u00e9glises suivantes du doyenn\u00e9 du\u00a0Pontiac\u00a0:\u00a0<\/p>\r\n<ul>\r\n<li>\u00c9glise Saint-Alphonse, \u00e0 Chapeau\u00a0<\/li>\r\n<li>\u00c9glise Saint-Pierre, \u00e0 Fort-Coulonge\u00a0<\/li>\r\n<li>\u00c9glise\u00a0Saint-Jean-l\u2019\u00c9vang\u00e9liste, \u00e0\u00a0Campbell\u2019s\u00a0Bay\u00a0<\/li>\r\n<li>\u00c9glise du Saint-Nom-de-Marie, \u00e0\u00a0Quyon\u00a0<\/li>\r\n<\/ul>\r\n<p><em>6 ao\u00fbt 2026\u00a0<\/em><\/p>\r\n<p><em>F\u00eate de la Transfiguration du Seigneur\u00a0<\/em><\/p>\r\n<h3><strong>Nomination pastorale\u00a0<\/strong><\/h3>\r\n<p>Mgr Michael Brehl, C.Ss.R., annonce la nomination suivante :<\/p>\r\n<p>Le P. Pawe\u0142 Ratajczak, O.M.I. (Province de l\u2019Assomption) est nomm\u00e9 cur\u00e9 de la paroisse St-Mary, \u00e0 Wilno, <strong>\u00e0 compter du 1<sup>er<\/sup> septembre 2026.<\/strong>\u00a0<\/p>\r\n<hr class=\"wp-block-separator has-alpha-channel-opacity\" \/>\r\n<p>\r\n\r\n\r\n\r\n<\/p>\r\n<h2><strong> LE SAINT-SI\u00c8GE<\/strong><\/h2>\r\n<h3><strong>Intention de pri\u00e8re du Saint-P\u00e8re pour le mois de septembre 2026\u00a0<\/strong><\/h3>\r\n<p><strong>Pour la protection de l\u2019eau<\/strong> \u2013 Prions pour une gestion juste et durable de l\u2019eau, ressource vitale pour nous, afin que tous puissent y acc\u00e9der de fa\u00e7on \u00e9quitable.<\/p>\r\n<p>\r\n\r\n<\/p>\r\n<p>\r\n\r\n<\/p>\r\n<p>\r\n\r\n<\/p>\r\n<p>\r\n\r\n<\/p>\r\n<p>\r\n\r\n\r\n\r\n\r\n\r\n<\/p>\r\n<p class=\"wp-block-paragraph\">\r\n\r\n\r\n\r\n<\/p>\r\n<p class=\"wp-block-paragraph\">\r\n\r\n<\/p>\r\n<p>\r\n\r\n<\/p>\r\n<p>\r\n\r\n<\/p>\r\n<p>\r\n\r\n<\/p>\r\n<p>\r\n\r\n<\/p>\r\n<p>\r\n\r\n<\/p>\r\n<p>\r\n\r\n<\/p>\r\n<p>\r\n\r\n<\/p>\r\n<p>\r\n\r\n<\/p>\r\n<p>\r\n\r\n<\/p>\r\n<p>\r\n\r\n<\/p>\r\n<p>\r\n\r\n<\/p>\r\n<p>\r\n\r\n<\/p>\r\n<hr class=\"wp-block-separator has-alpha-channel-opacity\" \/>\r\n<p>\r\n\r\n<\/p>\r\n<h2><strong>DE LA CECC<\/strong><\/h2>\r\n<h3><strong>D\u00e9claration de l\u2019ordinaire militaire du Canada sur les r\u00e9flexions spirituelles dans les contextes militaires<\/strong><\/h3>\r\n<p><strong>(Ottawa)\u2013\u00a0<\/strong>Mgr Scott McCaig, C.C., \u00e9v\u00eaque de l\u2019Ordinariat militaire du Canada,\u00a0<a href=\"https:\/\/files.ecatholic.com\/24851\/documents\/2026\/8\/D%C3%A9claration%20de%20lOrdinaire%202026%20-%2010%20Ao%C3%BBt%2026-1.pdf?t=1786976721000\">a publi\u00e9 une d\u00e9claration<\/a>\u00a0concernant les\u00a0<a href=\"https:\/\/www.canada.ca\/fr\/ministere-defense-nationale\/organisation\/politiques-normes\/instructions-du-personnel-militaire-des-forces-canadiennes\/reflexions-spirituelles-dans-des-contextes-militaires.html\">Instructions du personnel militaire des Forces arm\u00e9es canadiennes \u2013 R\u00e9flexions spirituelles dans les contextes militaires<\/a>, publi\u00e9es le 29\u00a0juillet 2026. <a href=\"https:\/\/www.cecc.ca\/communique-de-presse\/declaration-de-lordinaire-militaire-du-canada-sur-les-reflexions-spirituelles-dans-les-contextes-militaires\/\">(Lire la suite\u2026)<\/a><\/p>\r\n<hr class=\"wp-block-separator has-alpha-channel-opacity\" \/>\r\n<p>\r\n\r\n<\/p>\r\n<h2><strong>AUTRES \u00c9V\u00c9NEMENTS CATHOLIQUES<\/strong><\/h2>\r\n<h3><strong>Chemin de Croix de Marie \u2013 Premier vendredi\u00a0<\/strong><\/h3>\r\n<p>D\u00e9butera \u00e0 18 h 40 <strong>le vendredi 4 septembre<\/strong> par les Myst\u00e8res douloureux du Rosaire, suivis imm\u00e9diatement du Chemin de Croix de Marie. Rejoignez-nous pour commencer ensemble le mois de septembre dans la pri\u00e8re, la foi et la d\u00e9votion \u00e0 Notre Sainte M\u00e8re, en comm\u00e9morant la naissance de Notre M\u00e8re le 8 septembre.<\/p>\r\n<p><strong>ZOOM :<\/strong><\/p>\r\n<p><strong><a href=\"https:\/\/us02web.zoom.us\/j\/89970437522?pwd=uLahdd7r3Nqkg3rokGeWzCwekanNig.1\">https:\/\/us02web.zoom.us\/j\/89970437522?pwd=uLahdd7r3Nqkg3rokGeWzCwekanNig.1<\/a><\/strong><\/p>\r\n<p><strong>Meeting ID: 899 7043 7522<\/strong><\/p>\r\n<p><strong>Passcode: 269503<\/strong><\/p>\r\n<h3><strong>16<sup>e<\/sup> p\u00e8lerinage d&#8217;automne annuel \u00e0 l&#8217;Oratoire Saint-Joseph\u00a0<\/strong><\/h3>\r\n<p>Le p\u00e8lerinage comprendra, apr\u00e8s le d\u00e9part de l&#8217;Oratoire, une visite sp\u00e9ciale au sanctuaire de sainte Kateri Tekakwitha \u00e0 Kahnawake, o\u00f9 les p\u00e8lerins auront la chance de prier sur le lieu de sa s\u00e9pulture le <strong>dimanche 18 octobre 2026.<\/strong> Des d\u00e9parts sont pr\u00e9vus depuis diff\u00e9rents lieux dans les dioc\u00e8ses d\u2019Ottawa-Cornwall, de Gatineau, de Pembroke et de Kingston.<\/p>\r\n<p>Pour plus d\u2019informations ou pour r\u00e9server, veuillez envoyer un courriel \u00e0 Mike Budge : <a href=\"mailto:mikebudge2021@gmail.com\">mikebudge2021@gmail.com<\/a> ou appeler le 613 224-8110. Les places sont limit\u00e9es. Veuillez r\u00e9server d\u00e8s que possible !<\/p>\r\n<hr class=\"wp-block-separator has-alpha-channel-opacity\" \/>\r\n<p>\r\n\r\n<\/p>\r\n<h2><strong>D\u00c9VELOPPEMENT ET PAIX<\/strong><\/h2>\r\n<h3><strong>D\u00e9veloppement et Paix \u2015 Caritas Canada (N\u00e9pal)<\/strong><\/h3>\r\n<p>D\u00e9veloppement et Paix \u2015 Caritas Canada appelle les Canadiens <a href=\"https:\/\/devp.org\/fr\/faire-un-don\/\">\u00e0 faire preuve de g\u00e9n\u00e9rosit\u00e9 pour soutenir les op\u00e9rations d\u2019aide d\u2019urgence men\u00e9es par Caritas N\u00e9pal suite aux inondations.<\/a> Les besoins au N\u00e9pal sont urgents, et les animateurs de D&amp;P ont re\u00e7u de nombreuses demandes de personnes souhaitant faire un don. Il est \u00e9galement possible de faire un don en appelant le num\u00e9ro gratuit 1 888-234-8533. Consultez la page\u00a0: <a href=\"https:\/\/devp.org\/fr\/faire-un-don\/\">\u00ab Les inondations au N\u00e9pal n\u00e9cessitent un d\u00e9luge de solidarit\u00e9 \u00bb.<\/a><\/p>\r\n<p><\/p>","protected":false},"excerpt":{"rendered":"<p>Je sais qui tu es : tu es le Saint de Dieu. (Luc 4, 31-37)<\/p>\n","protected":false},"author":15,"featured_media":18023,"comment_status":"closed","ping_status":"closed","sticky":false,"template":"","format":"standard","meta":{"_monsterinsights_skip_tracking":false,"footnotes":"","_links_to":"","_links_to_target":""},"categories":[114,84],"tags":[],"class_list":["post-20308","post","type-post","status-publish","format-standard","has-post-thumbnail","hentry","category-bulletin","category-article"],"post_mailing_queue_ids":[],"_links":{"self":[{"href":"https:\/\/pembrokediocese.com\/fr\/wp-json\/wp\/v2\/posts\/20308","targetHints":{"allow":["GET"]}}],"collection":[{"href":"https:\/\/pembrokediocese.com\/fr\/wp-json\/wp\/v2\/posts"}],"about":[{"href":"https:\/\/pembrokediocese.com\/fr\/wp-json\/wp\/v2\/types\/post"}],"author":[{"embeddable":true,"href":"https:\/\/pembrokediocese.com\/fr\/wp-json\/wp\/v2\/users\/15"}],"replies":[{"embeddable":true,"href":"https:\/\/pembrokediocese.com\/fr\/wp-json\/wp\/v2\/comments?post=20308"}],"version-history":[{"count":3,"href":"https:\/\/pembrokediocese.com\/fr\/wp-json\/wp\/v2\/posts\/20308\/revisions"}],"predecessor-version":[{"id":20311,"href":"https:\/\/pembrokediocese.com\/fr\/wp-json\/wp\/v2\/posts\/20308\/revisions\/20311"}],"wp:featuredmedia":[{"embeddable":true,"href":"https:\/\/pembrokediocese.com\/fr\/wp-json\/wp\/v2\/media\/18023"}],"wp:attachment":[{"href":"https:\/\/pembrokediocese.com\/fr\/wp-json\/wp\/v2\/media?parent=20308"}],"wp:term":[{"taxonomy":"category","embeddable":true,"href":"https:\/\/pembrokediocese.com\/fr\/wp-json\/wp\/v2\/categories?post=20308"},{"taxonomy":"post_tag","embeddable":true,"href":"https:\/\/pembrokediocese.com\/fr\/wp-json\/wp\/v2\/tags?post=20308"}],"curies":[{"name":"wp","href":"https:\/\/api.w.org\/{rel}","templated":true}]}}