{"id":3761,"date":"2020-05-06T11:27:02","date_gmt":"2020-05-06T15:27:02","guid":{"rendered":"https:\/\/pembrokediocese.com\/?p=3761"},"modified":"2020-05-06T11:57:15","modified_gmt":"2020-05-06T15:57:15","slug":"nomination-dun-nouvel-eveque-a-pembroke-2020","status":"publish","type":"post","link":"https:\/\/pembrokediocese.com\/fr\/lettres-pastorale\/nomination-dun-nouvel-eveque-a-pembroke-2020\/","title":{"rendered":"Nomination d\u2019un nouvel \u00e9v\u00eaque \u00e0 Pembroke"},"content":{"rendered":"<p style=\"text-align: center;\"><img loading=\"lazy\" decoding=\"async\" class=\"alignnone wp-image-1135 size-thumbnail\" src=\"https:\/\/pembrokediocese.com\/wp-content\/uploads\/2020\/03\/Diocese-of-Pembroke-Coat-of-Arms-Outline-200-150x150.png\" alt=\"\" width=\"150\" height=\"150\" srcset=\"https:\/\/pembrokediocese.com\/wp-content\/uploads\/2020\/03\/Diocese-of-Pembroke-Coat-of-Arms-Outline-200-150x150.png 150w, https:\/\/pembrokediocese.com\/wp-content\/uploads\/2020\/03\/Diocese-of-Pembroke-Coat-of-Arms-Outline-200-100x100.png 100w, https:\/\/pembrokediocese.com\/wp-content\/uploads\/2020\/03\/Diocese-of-Pembroke-Coat-of-Arms-Outline-200.png 200w\" sizes=\"(max-width: 150px) 100vw, 150px\" \/><br \/>\n\u00c9v\u00each\u00e9 de Pembroke<br \/>\nLe 6 mai, 2020<\/p>\n<hr \/>\n<h4>Mes chers fid\u00e8les du dioc\u00e8se de Pembroke,<\/h4>\n<p><span lang=\"FR-CA\">C&rsquo;est avec une grande joie que je souhaite une chaleureuse bienvenue \u00e0 <strong>Son Excellence Monseigneur Guy Desrochers, c.ss.r.<\/strong>, en tant que nouvel \u00e9v\u00eaque de Pembroke. Mgr Desrochers, pr\u00eatre de la province r\u00e9demptoriste de Sainte-Anne-de-Beaupr\u00e9, a \u00e9t\u00e9 \u00e9v\u00eaque auxiliaire <a href=\"https:\/\/fr.alexandria-cornwall.ca\/\" target=\"_blank\" rel=\"noopener noreferrer\">d&rsquo;Alexandrie-Cornwall<\/a>. Il est bien connu de nombreux p\u00e8lerins qui ont b\u00e9n\u00e9fici\u00e9 de son minist\u00e8re au Sanctuaire de Sainte-Anne-de-Beaupr\u00e9.<\/span><\/p>\n<p><span lang=\"FR-CA\">Le dioc\u00e8se de Pembroke est b\u00e9ni de ce don d&rsquo;un nouveau pasteur. Je remercie Mgr Desrochers d\u2019avoir accept\u00e9 avec g\u00e9n\u00e9rosit\u00e9 cette mission \u00e9piscopale. Je vous demande de prier en remerciement le Seigneur de sa bont\u00e9 et de commencer \u00e0 prier pour les intentions de votre nouveau pasteur et \u00e9v\u00eaque.<\/span><\/p>\n<p><span lang=\"FR-CA\">Que le Seigneur continue de b\u00e9nir l&rsquo;\u00c9glise de Pembroke en cette p\u00e9riode de P\u00e2ques.<\/span><\/p>\n<p><span lang=\"FR-CA\">Veuillez agr\u00e9er, cher peuple du dioc\u00e8se de Pembroke, mes pri\u00e8res pour vous ainsi que pour votre nouvel \u00e9v\u00eaque.<\/span><\/p>\n<p class=\"p2\"><img loading=\"lazy\" decoding=\"async\" class=\"alignnone wp-image-1091 size-full\" src=\"https:\/\/pembrokediocese.com\/wp-content\/uploads\/2019\/07\/Bishop-Mulhall-sign-grey.png\" alt=\"\" width=\"200\" height=\"89\" \/><br \/>\n\u2020Michael Mulhall<br \/>\n<span lang=\"FR-CA\">Archev\u00eaque de Kingston<br \/>\n<\/span><span lang=\"EN-CA\">Administrateur apostolique de Pembroke<\/span><\/p>\n","protected":false},"excerpt":{"rendered":"<p>\u00c9v\u00each\u00e9 de Pembroke Le 6 mai, 2020 Mes chers fid\u00e8les du dioc\u00e8se de Pembroke, C&rsquo;est avec une grande joie que je souhaite une chaleureuse bienvenue \u00e0 Son Excellence Monseigneur Guy Desrochers, c.ss.r., en tant que nouvel \u00e9v\u00eaque de Pembroke. Mgr Desrochers, pr\u00eatre de la province r\u00e9demptoriste de Sainte-Anne-de-Beaupr\u00e9, a \u00e9t\u00e9 \u00e9v\u00eaque auxiliaire d&rsquo;Alexandrie-Cornwall. Il est bien connu de nombreux p\u00e8lerins qui ont b\u00e9n\u00e9fici\u00e9 de son minist\u00e8re au Sanctuaire de Sainte-Anne-de-Beaupr\u00e9. Le dioc\u00e8se de Pembroke est b\u00e9ni de ce don d&rsquo;un nouveau pasteur. Je remercie Mgr Desrochers d\u2019avoir accept\u00e9 avec g\u00e9n\u00e9rosit\u00e9 cette mission \u00e9piscopale. Je vous demande de prier en remerciement le Seigneur de sa bont\u00e9 et de commencer \u00e0 prier pour les intentions de votre nouveau pasteur et \u00e9v\u00eaque. Que le Seigneur continue de b\u00e9nir l&rsquo;\u00c9glise de Pembroke en cette p\u00e9riode de P\u00e2ques. Veuillez agr\u00e9er, cher peuple du dioc\u00e8se de Pembroke, mes pri\u00e8res pour vous ainsi que pour votre nouvel \u00e9v\u00eaque. \u2020Michael Mulhall Archev\u00eaque de Kingston Administrateur apostolique de Pembroke<\/p>\n","protected":false},"author":1,"featured_media":1309,"comment_status":"closed","ping_status":"closed","sticky":false,"template":"","format":"standard","meta":{"_monsterinsights_skip_tracking":false,"_monsterinsights_sitenote_active":false,"_monsterinsights_sitenote_note":"","_monsterinsights_sitenote_category":0,"footnotes":"","_links_to":"","_links_to_target":""},"categories":[80,84],"tags":[],"class_list":["post-3761","post","type-post","status-publish","format-standard","has-post-thumbnail","hentry","category-lettres-pastorale","category-article"],"post_mailing_queue_ids":[],"_links":{"self":[{"href":"https:\/\/pembrokediocese.com\/fr\/wp-json\/wp\/v2\/posts\/3761","targetHints":{"allow":["GET"]}}],"collection":[{"href":"https:\/\/pembrokediocese.com\/fr\/wp-json\/wp\/v2\/posts"}],"about":[{"href":"https:\/\/pembrokediocese.com\/fr\/wp-json\/wp\/v2\/types\/post"}],"author":[{"embeddable":true,"href":"https:\/\/pembrokediocese.com\/fr\/wp-json\/wp\/v2\/users\/1"}],"replies":[{"embeddable":true,"href":"https:\/\/pembrokediocese.com\/fr\/wp-json\/wp\/v2\/comments?post=3761"}],"version-history":[{"count":0,"href":"https:\/\/pembrokediocese.com\/fr\/wp-json\/wp\/v2\/posts\/3761\/revisions"}],"wp:featuredmedia":[{"embeddable":true,"href":"https:\/\/pembrokediocese.com\/fr\/wp-json\/wp\/v2\/media\/1309"}],"wp:attachment":[{"href":"https:\/\/pembrokediocese.com\/fr\/wp-json\/wp\/v2\/media?parent=3761"}],"wp:term":[{"taxonomy":"category","embeddable":true,"href":"https:\/\/pembrokediocese.com\/fr\/wp-json\/wp\/v2\/categories?post=3761"},{"taxonomy":"post_tag","embeddable":true,"href":"https:\/\/pembrokediocese.com\/fr\/wp-json\/wp\/v2\/tags?post=3761"}],"curies":[{"name":"wp","href":"https:\/\/api.w.org\/{rel}","templated":true}]}}