{"id":3772,"date":"2020-05-06T11:54:01","date_gmt":"2020-05-06T15:54:01","guid":{"rendered":"https:\/\/pembrokediocese.com\/pastoral-letters\/message-to-the-catholic-faithful-of-pembroke-bishop-designate-desrochers-copy\/"},"modified":"2020-05-09T08:37:04","modified_gmt":"2020-05-09T12:37:04","slug":"message-aux-fideles-catholiques-de-pembroke-desrochers","status":"publish","type":"post","link":"https:\/\/pembrokediocese.com\/fr\/lettres-pastorale\/message-aux-fideles-catholiques-de-pembroke-desrochers\/","title":{"rendered":"Message aux fid\u00e8les catholiques de Pembroke de l\u2019\u00c9v\u00eaque d\u00e9sign\u00e9 Desrochers"},"content":{"rendered":"<p style=\"text-align: center;\"><img loading=\"lazy\" decoding=\"async\" class=\"aligncenter wp-image-3870\" src=\"https:\/\/pembrokediocese.com\/wp-content\/uploads\/DesrochersGuy_Arms-small-262x300.png\" alt=\"\" width=\"175\" height=\"200\" srcset=\"https:\/\/pembrokediocese.com\/wp-content\/uploads\/DesrochersGuy_Arms-small-262x300.png 262w, https:\/\/pembrokediocese.com\/wp-content\/uploads\/DesrochersGuy_Arms-small.png 500w\" sizes=\"(max-width: 175px) 100vw, 175px\" \/><br \/>\nLe 6 mai, 2020<\/p>\n<hr \/>\n<div id=\"attachment_3779\" style=\"width: 210px\" class=\"wp-caption alignright\"><img loading=\"lazy\" decoding=\"async\" aria-describedby=\"caption-attachment-3779\" class=\"wp-image-3779\" src=\"https:\/\/pembrokediocese.com\/wp-content\/uploads\/Bishop-Desrochers-Blue-Background-with-Choir-Dress-e1588782523962-274x300.jpg\" alt=\"\" width=\"200\" height=\"219\" srcset=\"https:\/\/pembrokediocese.com\/wp-content\/uploads\/Bishop-Desrochers-Blue-Background-with-Choir-Dress-e1588782523962-274x300.jpg 274w, https:\/\/pembrokediocese.com\/wp-content\/uploads\/Bishop-Desrochers-Blue-Background-with-Choir-Dress-e1588782523962.jpg 320w\" sizes=\"(max-width: 200px) 100vw, 200px\" \/><p id=\"caption-attachment-3779\" class=\"wp-caption-text\"><a href=\"https:\/\/pembrokediocese.com\/fr\/eveque\/\">Biographie<\/a><\/p><\/div>\n<p>En ce jour de la f\u00eate de Saint Fran\u00e7ois de Laval, patron des \u00e9v\u00eaques du Canada, le Pape Fran\u00e7ois a rendu publique sa d\u00e9cision de me nommer \u00e9v\u00eaque de Pembroke.<\/p>\n<p>J\u2019ai donn\u00e9 mon \u00ab\u00a0oui\u00a0\u00bb sans h\u00e9siter et avec joie lorsque M. le Nonce m\u2019a inform\u00e9 de la d\u00e9cision prise par le Saint Si\u00e8ge. Ayant v\u00e9cu plus de trente ans dans la communaut\u00e9 des r\u00e9demptoristes, j\u2019ai appris \u00e0 faire confiance aux d\u00e9cisions de mes sup\u00e9rieurs lorsqu\u2019on me demandait de d\u00e9m\u00e9nager ou de relever de nouveaux d\u00e9fis.<\/p>\n<p>J\u2019ai eu la chance de sillonner plusieurs fois les routes de votre belle r\u00e9gion lorsque j\u2019exer\u00e7ais mon minist\u00e8re de pr\u00e9dicateur ou lorsque je c\u00e9l\u00e9brais des \u00ab\u00a0Soir\u00e9es de sainte Anne\u00a0\u00bb dans plusieurs \u00e9glises pour la faire conna\u00eetre et aimer. Et ces voyages m\u2019ont permis d\u00e9j\u00e0 de conna\u00eetre quelques pr\u00eatres, religieux, religieuses et la\u00efcs habitant dans ce dioc\u00e8se dont je viens de recevoir la charge.<\/p>\n<p>Chers fr\u00e8res et s\u0153urs en J\u00e9sus et Marie, je sais tr\u00e8s bien que vous attendiez depuis longtemps l\u2019annonce de la nomination de votre nouvel \u00e9v\u00eaque. \u00c9tant originaire de la r\u00e9gion de Gatineau, je peux au moins vous rassurer que je ne me sentirai pas comme un \u00e9tranger au milieu de vous. J\u2019ai h\u00e2te de faire votre connaissance et d\u2019avoir l\u2019occasion de fraterniser avec vous au fil du temps. Mais j\u2019ai surtout h\u00e2te de travailler avec vous, main dans la main malgr\u00e9 la COVID-19, \u00e0 la grande \u0153uvre d\u2019\u00e9vang\u00e9lisation que le Seigneur nous confie, chacun selon la vocation qui lui est propre et selon les talents et richesses qu\u2019il a d\u00e9pos\u00e9s en chacun de nous pour b\u00e2tir son \u00c9glise.<\/p>\n<p>Les prochaines semaines serviront \u00e0 pr\u00e9parer mon insertion dans mon nouveau dioc\u00e8se. Je vous donnerai bient\u00f4t plus de d\u00e9tails sur le jour de mon installation officielle. D\u2019ici-l\u00e0, au plaisir de nous rencontrer bient\u00f4t et de c\u00e9l\u00e9brer ensemble, de fa\u00e7on modeste sans doute, cet \u00e9v\u00e9nement joyeux et familial. Recevez ma b\u00e9n\u00e9diction\u2020<\/p>\n<p class=\"p2\"><img loading=\"lazy\" decoding=\"async\" class=\"alignnone wp-image-3767 \" src=\"https:\/\/pembrokediocese.com\/wp-content\/uploads\/Bishop-Desrochers-HandSig.png\" alt=\"\" width=\"289\" height=\"70\" srcset=\"https:\/\/pembrokediocese.com\/wp-content\/uploads\/Bishop-Desrochers-HandSig.png 620w, https:\/\/pembrokediocese.com\/wp-content\/uploads\/Bishop-Desrochers-HandSig-300x73.png 300w\" sizes=\"(max-width: 289px) 100vw, 289px\" \/><br \/>\n\u2020 Guy Desrochers, C.Ss.R.<br \/>\n\u00c9v\u00eaque d\u00e9sign\u00e9 du dioc\u00e8se de Pembroke<\/p>\n","protected":false},"excerpt":{"rendered":"<p>Le 6 mai, 2020 En ce jour de la f\u00eate de Saint Fran\u00e7ois de Laval, patron des \u00e9v\u00eaques du Canada, le Pape Fran\u00e7ois a rendu publique sa d\u00e9cision de me nommer \u00e9v\u00eaque de Pembroke. J\u2019ai donn\u00e9 mon \u00ab\u00a0oui\u00a0\u00bb sans h\u00e9siter et avec joie lorsque M. le Nonce m\u2019a inform\u00e9 de la d\u00e9cision prise par le Saint Si\u00e8ge. Ayant v\u00e9cu plus de trente ans dans la communaut\u00e9 des r\u00e9demptoristes, j\u2019ai appris \u00e0 faire confiance aux d\u00e9cisions de mes sup\u00e9rieurs lorsqu\u2019on me demandait de d\u00e9m\u00e9nager ou de relever de nouveaux d\u00e9fis. J\u2019ai eu la chance de sillonner plusieurs fois les routes de votre belle r\u00e9gion lorsque j\u2019exer\u00e7ais mon minist\u00e8re de pr\u00e9dicateur ou lorsque je c\u00e9l\u00e9brais des \u00ab\u00a0Soir\u00e9es de sainte Anne\u00a0\u00bb dans plusieurs \u00e9glises pour la faire conna\u00eetre et aimer. Et ces voyages m\u2019ont permis d\u00e9j\u00e0 de conna\u00eetre quelques pr\u00eatres, religieux, religieuses et la\u00efcs habitant dans ce dioc\u00e8se dont je viens de recevoir la charge. Chers fr\u00e8res et s\u0153urs en J\u00e9sus et Marie, je sais tr\u00e8s bien que vous attendiez depuis longtemps l\u2019annonce de la nomination de votre nouvel \u00e9v\u00eaque. \u00c9tant originaire de la r\u00e9gion de Gatineau, je peux au moins vous rassurer que je ne me sentirai pas comme un \u00e9tranger au milieu de vous. J\u2019ai h\u00e2te de faire votre connaissance et d\u2019avoir l\u2019occasion de fraterniser avec vous au fil du temps. Mais j\u2019ai surtout h\u00e2te de travailler avec vous, main dans la main malgr\u00e9 la COVID-19, \u00e0 la grande \u0153uvre d\u2019\u00e9vang\u00e9lisation que le Seigneur nous confie, chacun selon la vocation qui lui est propre et selon les talents et richesses qu\u2019il a d\u00e9pos\u00e9s en chacun de nous pour b\u00e2tir son \u00c9glise. Les prochaines semaines serviront \u00e0 pr\u00e9parer mon insertion dans mon nouveau dioc\u00e8se. Je vous donnerai bient\u00f4t plus de d\u00e9tails sur le jour de mon installation officielle. D\u2019ici-l\u00e0, au plaisir de nous rencontrer bient\u00f4t et de c\u00e9l\u00e9brer ensemble, de fa\u00e7on modeste sans doute, cet \u00e9v\u00e9nement joyeux et familial. Recevez ma b\u00e9n\u00e9diction\u2020 \u2020 Guy Desrochers, C.Ss.R. \u00c9v\u00eaque d\u00e9sign\u00e9 du dioc\u00e8se de Pembroke<\/p>\n","protected":false},"author":1,"featured_media":3886,"comment_status":"closed","ping_status":"closed","sticky":false,"template":"","format":"standard","meta":{"_monsterinsights_skip_tracking":false,"_monsterinsights_sitenote_active":false,"_monsterinsights_sitenote_note":"","_monsterinsights_sitenote_category":0,"footnotes":"","_links_to":"","_links_to_target":""},"categories":[80,84],"tags":[],"class_list":["post-3772","post","type-post","status-publish","format-standard","has-post-thumbnail","hentry","category-lettres-pastorale","category-article"],"post_mailing_queue_ids":[],"_links":{"self":[{"href":"https:\/\/pembrokediocese.com\/fr\/wp-json\/wp\/v2\/posts\/3772","targetHints":{"allow":["GET"]}}],"collection":[{"href":"https:\/\/pembrokediocese.com\/fr\/wp-json\/wp\/v2\/posts"}],"about":[{"href":"https:\/\/pembrokediocese.com\/fr\/wp-json\/wp\/v2\/types\/post"}],"author":[{"embeddable":true,"href":"https:\/\/pembrokediocese.com\/fr\/wp-json\/wp\/v2\/users\/1"}],"replies":[{"embeddable":true,"href":"https:\/\/pembrokediocese.com\/fr\/wp-json\/wp\/v2\/comments?post=3772"}],"version-history":[{"count":0,"href":"https:\/\/pembrokediocese.com\/fr\/wp-json\/wp\/v2\/posts\/3772\/revisions"}],"wp:featuredmedia":[{"embeddable":true,"href":"https:\/\/pembrokediocese.com\/fr\/wp-json\/wp\/v2\/media\/3886"}],"wp:attachment":[{"href":"https:\/\/pembrokediocese.com\/fr\/wp-json\/wp\/v2\/media?parent=3772"}],"wp:term":[{"taxonomy":"category","embeddable":true,"href":"https:\/\/pembrokediocese.com\/fr\/wp-json\/wp\/v2\/categories?post=3772"},{"taxonomy":"post_tag","embeddable":true,"href":"https:\/\/pembrokediocese.com\/fr\/wp-json\/wp\/v2\/tags?post=3772"}],"curies":[{"name":"wp","href":"https:\/\/api.w.org\/{rel}","templated":true}]}}