{"id":3934,"date":"2020-05-11T15:33:16","date_gmt":"2020-05-11T19:33:16","guid":{"rendered":"https:\/\/pembrokediocese.com\/?p=3934"},"modified":"2020-05-11T15:33:16","modified_gmt":"2020-05-11T19:33:16","slug":"journee-de-priere-pour-lhumanite-le-14-mai-2020","status":"publish","type":"post","link":"https:\/\/pembrokediocese.com\/fr\/vatican-fr\/journee-de-priere-pour-lhumanite-le-14-mai-2020\/","title":{"rendered":"Journ\u00e9e de pri\u00e8re pour l\u2019humanit\u00e9 \u2013 le 14 mai 2020"},"content":{"rendered":"<p class=\"p2\">Cher amis croyants et chers fr\u00e8res et soeurs en humanit\u00e9,<\/p>\n<p class=\"p2\">Notre monde est actuellement confront\u00e9 \u00e0 un grand danger qui menace partout la vie de millions de personnes en raison de la propagation croissante de la pand\u00e9mie de coronavirus (COVID-19). Si nous r\u00e9affirmons le r\u00f4le de la m\u00e9decine et de la recherche scientifique dans la lutte contre cette pand\u00e9mie, nous ne devons pas oublier de chercher refuge en Dieu alors que nous faisons face \u00e0 cette grave crise. C\u2019est pourquoi nous appelons tous les peuples \u00e0 prier selon leurs convictions religieuses respectives, \u00e0 observer le je\u00fbne et \u00e0 r\u00e9aliser de bonnes actions pour contribuer \u00e0 la fin de cette pand\u00e9mie. Puisse chacun de nous, o\u00f9 que nous soyons, et selon les enseignements de nos traditions et philosophies religieuses respectives, rechercher le secours divin pour soutenir le monde entier dans cette adversit\u00e9 afin d\u2019inspirer les scientifiques \u00e0 trouver un rem\u00e8de contre le virus et afin d\u2019\u00e9pargner les hommes et les femmes des crises sanitaires, \u00e9conomiques et humaines.<\/p>\n<p class=\"p2\">Dans le cadre des efforts pour r\u00e9affirmer les voeux du <i>Document sur la Fraternit\u00e9 Humaine<\/i>, le Haut Comit\u00e9 pour la Fraternit\u00e9 Humaine propose, le jeudi 14 mai 2020, une journ\u00e9e de pri\u00e8re, de je\u00fbne et d&rsquo;oeuvres de charit\u00e9 pour le bien de toute l&rsquo;humanit\u00e9. \u00c0 cet \u00e9gard, le Comit\u00e9 invite tous les chefs religieux et tous les peuples de la terre \u00e0 r\u00e9pondre ensemble \u00e0 cette invitation : implorer Dieu le Tout-Puissant de pr\u00e9server le monde, de nous aider \u00e0 surmonter cette pand\u00e9mie, de restaurer la s\u00e9curit\u00e9, la stabilit\u00e9, la sant\u00e9 et la prosp\u00e9rit\u00e9 afin qu\u2019une fois cette pand\u00e9mie termin\u00e9e l\u2019humanit\u00e9 sache reconna\u00eetre la place plus grande qui revient \u00e0 la fraternit\u00e9 humaine.<\/p>\n\n\t\t<style type=\"text\/css\">\n\t\t\t#gallery-1 {\n\t\t\t\tmargin: auto;\n\t\t\t}\n\t\t\t#gallery-1 .gallery-item {\n\t\t\t\tfloat: left;\n\t\t\t\tmargin-top: 10px;\n\t\t\t\ttext-align: center;\n\t\t\t\twidth: 50%;\n\t\t\t}\n\t\t\t#gallery-1 img {\n\t\t\t\tborder: 2px solid #cfcfcf;\n\t\t\t}\n\t\t\t#gallery-1 .gallery-caption {\n\t\t\t\tmargin-left: 0;\n\t\t\t}\n\t\t\t\/* see gallery_shortcode() in wp-includes\/media.php *\/\n\t\t<\/style>\n\t\t<div id='gallery-1' class='gallery galleryid-3934 gallery-columns-2 gallery-size-large'><dl class='gallery-item'>\n\t\t\t<dt class='gallery-icon portrait'>\n\t\t\t\t<a href='https:\/\/pembrokediocese.com\/wp-content\/uploads\/en-letter-Pontifical-Council-for-Interreligious-Dialogue-scaled.jpg'><img loading=\"lazy\" decoding=\"async\" width=\"680\" height=\"880\" src=\"https:\/\/pembrokediocese.com\/wp-content\/uploads\/en-letter-Pontifical-Council-for-Interreligious-Dialogue-791x1024.jpg\" class=\"attachment-large size-large\" alt=\"\" aria-describedby=\"gallery-1-3928\" srcset=\"https:\/\/pembrokediocese.com\/wp-content\/uploads\/en-letter-Pontifical-Council-for-Interreligious-Dialogue-791x1024.jpg 791w, https:\/\/pembrokediocese.com\/wp-content\/uploads\/en-letter-Pontifical-Council-for-Interreligious-Dialogue-200x259.jpg 200w, https:\/\/pembrokediocese.com\/wp-content\/uploads\/en-letter-Pontifical-Council-for-Interreligious-Dialogue-768x994.jpg 768w, https:\/\/pembrokediocese.com\/wp-content\/uploads\/en-letter-Pontifical-Council-for-Interreligious-Dialogue-1187x1536.jpg 1187w, https:\/\/pembrokediocese.com\/wp-content\/uploads\/en-letter-Pontifical-Council-for-Interreligious-Dialogue-1583x2048.jpg 1583w, https:\/\/pembrokediocese.com\/wp-content\/uploads\/en-letter-Pontifical-Council-for-Interreligious-Dialogue-958x1240.jpg 958w, https:\/\/pembrokediocese.com\/wp-content\/uploads\/en-letter-Pontifical-Council-for-Interreligious-Dialogue-scaled.jpg 1978w\" sizes=\"(max-width: 680px) 100vw, 680px\" \/><\/a>\n\t\t\t<\/dt>\n\t\t\t\t<dd class='wp-caption-text gallery-caption' id='gallery-1-3928'>\n\t\t\t\tEnglish\n\t\t\t\t<\/dd><\/dl><dl class='gallery-item'>\n\t\t\t<dt class='gallery-icon portrait'>\n\t\t\t\t<a href='https:\/\/pembrokediocese.com\/wp-content\/uploads\/fr-letter-Pontifical-Council-for-Interreligious-Dialogue-scaled.jpg'><img loading=\"lazy\" decoding=\"async\" width=\"680\" height=\"880\" src=\"https:\/\/pembrokediocese.com\/wp-content\/uploads\/fr-letter-Pontifical-Council-for-Interreligious-Dialogue-791x1024.jpg\" class=\"attachment-large size-large\" alt=\"\" aria-describedby=\"gallery-1-3930\" srcset=\"https:\/\/pembrokediocese.com\/wp-content\/uploads\/fr-letter-Pontifical-Council-for-Interreligious-Dialogue-791x1024.jpg 791w, https:\/\/pembrokediocese.com\/wp-content\/uploads\/fr-letter-Pontifical-Council-for-Interreligious-Dialogue-200x259.jpg 200w, https:\/\/pembrokediocese.com\/wp-content\/uploads\/fr-letter-Pontifical-Council-for-Interreligious-Dialogue-768x994.jpg 768w, https:\/\/pembrokediocese.com\/wp-content\/uploads\/fr-letter-Pontifical-Council-for-Interreligious-Dialogue-1187x1536.jpg 1187w, https:\/\/pembrokediocese.com\/wp-content\/uploads\/fr-letter-Pontifical-Council-for-Interreligious-Dialogue-1583x2048.jpg 1583w, https:\/\/pembrokediocese.com\/wp-content\/uploads\/fr-letter-Pontifical-Council-for-Interreligious-Dialogue-958x1240.jpg 958w, https:\/\/pembrokediocese.com\/wp-content\/uploads\/fr-letter-Pontifical-Council-for-Interreligious-Dialogue-scaled.jpg 1978w\" sizes=\"(max-width: 680px) 100vw, 680px\" \/><\/a>\n\t\t\t<\/dt>\n\t\t\t\t<dd class='wp-caption-text gallery-caption' id='gallery-1-3930'>\n\t\t\t\tFran\u00e7ais\n\t\t\t\t<\/dd><\/dl><br style=\"clear: both\" \/>\n\t\t<\/div>\n\n","protected":false},"excerpt":{"rendered":"<p>Cher amis croyants et chers fr\u00e8res et soeurs en humanit\u00e9, Notre monde est actuellement confront\u00e9 \u00e0 un grand danger qui menace partout la vie de millions de personnes en raison de la propagation croissante de la pand\u00e9mie de coronavirus (COVID-19). Si nous r\u00e9affirmons le r\u00f4le de la m\u00e9decine et de la recherche scientifique dans la lutte contre cette pand\u00e9mie, nous ne devons pas oublier de chercher refuge en Dieu alors que nous faisons face \u00e0 cette grave crise. C\u2019est pourquoi nous appelons tous les peuples \u00e0 prier selon leurs convictions religieuses respectives, \u00e0 observer le je\u00fbne et \u00e0 r\u00e9aliser de bonnes actions pour contribuer \u00e0 la fin de cette pand\u00e9mie. Puisse chacun de nous, o\u00f9 que nous soyons, et selon les enseignements de nos traditions et philosophies religieuses respectives, rechercher le secours divin pour soutenir le monde entier dans cette adversit\u00e9 afin d\u2019inspirer les scientifiques \u00e0 trouver un rem\u00e8de contre le virus et afin d\u2019\u00e9pargner les hommes et les femmes des crises sanitaires, \u00e9conomiques et humaines. Dans le cadre des efforts pour r\u00e9affirmer les voeux du Document sur la Fraternit\u00e9 Humaine, le Haut Comit\u00e9 pour la Fraternit\u00e9 Humaine propose, le jeudi 14 mai 2020, une journ\u00e9e de pri\u00e8re, de je\u00fbne et d&rsquo;oeuvres de charit\u00e9 pour le bien de toute l&rsquo;humanit\u00e9. \u00c0 cet \u00e9gard, le Comit\u00e9 invite tous les chefs religieux et tous les peuples de la terre \u00e0 r\u00e9pondre ensemble \u00e0 cette invitation : implorer Dieu le Tout-Puissant de pr\u00e9server le monde, de nous aider \u00e0 surmonter cette pand\u00e9mie, de restaurer la s\u00e9curit\u00e9, la stabilit\u00e9, la sant\u00e9 et la prosp\u00e9rit\u00e9 afin qu\u2019une fois cette pand\u00e9mie termin\u00e9e l\u2019humanit\u00e9 sache reconna\u00eetre la place plus grande qui revient \u00e0 la fraternit\u00e9 humaine.<\/p>\n","protected":false},"author":1,"featured_media":3926,"comment_status":"closed","ping_status":"open","sticky":false,"template":"","format":"standard","meta":{"_monsterinsights_skip_tracking":false,"_monsterinsights_sitenote_active":false,"_monsterinsights_sitenote_note":"","_monsterinsights_sitenote_category":0,"footnotes":"","_links_to":"","_links_to_target":""},"categories":[116],"tags":[],"class_list":["post-3934","post","type-post","status-publish","format-standard","has-post-thumbnail","hentry","category-vatican-fr"],"post_mailing_queue_ids":[],"_links":{"self":[{"href":"https:\/\/pembrokediocese.com\/fr\/wp-json\/wp\/v2\/posts\/3934","targetHints":{"allow":["GET"]}}],"collection":[{"href":"https:\/\/pembrokediocese.com\/fr\/wp-json\/wp\/v2\/posts"}],"about":[{"href":"https:\/\/pembrokediocese.com\/fr\/wp-json\/wp\/v2\/types\/post"}],"author":[{"embeddable":true,"href":"https:\/\/pembrokediocese.com\/fr\/wp-json\/wp\/v2\/users\/1"}],"replies":[{"embeddable":true,"href":"https:\/\/pembrokediocese.com\/fr\/wp-json\/wp\/v2\/comments?post=3934"}],"version-history":[{"count":0,"href":"https:\/\/pembrokediocese.com\/fr\/wp-json\/wp\/v2\/posts\/3934\/revisions"}],"wp:featuredmedia":[{"embeddable":true,"href":"https:\/\/pembrokediocese.com\/fr\/wp-json\/wp\/v2\/media\/3926"}],"wp:attachment":[{"href":"https:\/\/pembrokediocese.com\/fr\/wp-json\/wp\/v2\/media?parent=3934"}],"wp:term":[{"taxonomy":"category","embeddable":true,"href":"https:\/\/pembrokediocese.com\/fr\/wp-json\/wp\/v2\/categories?post=3934"},{"taxonomy":"post_tag","embeddable":true,"href":"https:\/\/pembrokediocese.com\/fr\/wp-json\/wp\/v2\/tags?post=3934"}],"curies":[{"name":"wp","href":"https:\/\/api.w.org\/{rel}","templated":true}]}}