{"id":4121,"date":"2021-01-14T07:41:40","date_gmt":"2021-01-14T12:41:40","guid":{"rendered":"https:\/\/pembrokediocese.com\/nouvelles-blog\/masks-mandatory-in-renfrew-county-beginning-the-week-of-june-13"},"modified":"2021-01-14T11:20:48","modified_gmt":"2021-01-14T16:20:48","slug":"confinements-en-ontario-et-au-quebec","status":"publish","type":"post","link":"https:\/\/pembrokediocese.com\/fr\/article\/confinements-en-ontario-et-au-quebec\/","title":{"rendered":"Confinements en Ontario et au Qu\u00e9bec"},"content":{"rendered":"<p style=\"text-align: left;\">Les paroisses font face \u00e0 ces confinements de mani\u00e8re diff\u00e9rente en fonction des circonstances locales. Pour plus d&rsquo;informations, veuillez contacter votre paroisse.<\/p>\n","protected":false},"excerpt":{"rendered":"<p>Les paroisses font face \u00e0 ces confinements de mani\u00e8re diff\u00e9rente en fonction des circonstances locales. Pour plus d&rsquo;informations, veuillez contacter votre paroisse.<\/p>\n","protected":false},"author":1,"featured_media":2826,"comment_status":"closed","ping_status":"closed","sticky":false,"template":"","format":"standard","meta":{"_monsterinsights_skip_tracking":false,"_monsterinsights_sitenote_active":false,"_monsterinsights_sitenote_note":"","_monsterinsights_sitenote_category":0,"footnotes":"","_links_to":"","_links_to_target":""},"categories":[106,84],"tags":[],"class_list":["post-4121","post","type-post","status-publish","format-standard","has-post-thumbnail","hentry","category-covid-19-fr","category-article"],"post_mailing_queue_ids":[],"_links":{"self":[{"href":"https:\/\/pembrokediocese.com\/fr\/wp-json\/wp\/v2\/posts\/4121","targetHints":{"allow":["GET"]}}],"collection":[{"href":"https:\/\/pembrokediocese.com\/fr\/wp-json\/wp\/v2\/posts"}],"about":[{"href":"https:\/\/pembrokediocese.com\/fr\/wp-json\/wp\/v2\/types\/post"}],"author":[{"embeddable":true,"href":"https:\/\/pembrokediocese.com\/fr\/wp-json\/wp\/v2\/users\/1"}],"replies":[{"embeddable":true,"href":"https:\/\/pembrokediocese.com\/fr\/wp-json\/wp\/v2\/comments?post=4121"}],"version-history":[{"count":0,"href":"https:\/\/pembrokediocese.com\/fr\/wp-json\/wp\/v2\/posts\/4121\/revisions"}],"wp:featuredmedia":[{"embeddable":true,"href":"https:\/\/pembrokediocese.com\/fr\/wp-json\/wp\/v2\/media\/2826"}],"wp:attachment":[{"href":"https:\/\/pembrokediocese.com\/fr\/wp-json\/wp\/v2\/media?parent=4121"}],"wp:term":[{"taxonomy":"category","embeddable":true,"href":"https:\/\/pembrokediocese.com\/fr\/wp-json\/wp\/v2\/categories?post=4121"},{"taxonomy":"post_tag","embeddable":true,"href":"https:\/\/pembrokediocese.com\/fr\/wp-json\/wp\/v2\/tags?post=4121"}],"curies":[{"name":"wp","href":"https:\/\/api.w.org\/{rel}","templated":true}]}}