{"id":4163,"date":"2020-07-09T11:39:05","date_gmt":"2020-07-09T15:39:05","guid":{"rendered":"https:\/\/pembrokediocese.com\/?p=4163"},"modified":"2020-08-24T16:42:14","modified_gmt":"2020-08-24T20:42:14","slug":"guy-desrochers-inaugure-son-ministere-comme-eveque-de-pembroke","status":"publish","type":"post","link":"https:\/\/pembrokediocese.com\/fr\/article\/guy-desrochers-inaugure-son-ministere-comme-eveque-de-pembroke\/","title":{"rendered":"Guy Desrochers, c.ss.r. inaugure son minist\u00e8re comme \u00e9v\u00eaque de Pembroke"},"content":{"rendered":"<p><iframe loading=\"lazy\" title=\"Installation Mass of the 9th Bishop of Pembroke \/ Messe d&#039;installation du 9e \u00e9v\u00eaque de Pembroke\" width=\"680\" height=\"383\" src=\"https:\/\/www.youtube.com\/embed\/9ZEOe6RfpXo?feature=oembed\" frameborder=\"0\" allow=\"accelerometer; autoplay; encrypted-media; gyroscope; picture-in-picture\" allowfullscreen><\/iframe><\/p>\n<p>Le 3 juillet 2020, Mgr Guy Desrochers, de la Congr\u00e9gation du Tr\u00e8s Saint R\u00e9dempteur (R\u00e9demptoristes), est devenu le neuvi\u00e8me \u00e9v\u00eaque de Pembroke.<\/p>\n<p>Mgr Desrochers a \u00e9t\u00e9 nomm\u00e9 le 6 mai 2020, suite \u00e0 la vacance laiss\u00e9e par la nomination de Mgr Michael Mulhall comme archev\u00eaque de Kingston.<\/p>\n<p>L\u2019inauguration de son minist\u00e8re \u00e9piscopal a eu lieu apr\u00e8s que le nouvel \u00e9v\u00eaque ait fait sa Profession de Foi et pr\u00eat\u00e9 le Serment de Fid\u00e9lit\u00e9. La messe a eu lieu en la cath\u00e9drale St-Columbkille de Pembroke. Une fois la lettre de nomination du pape Fran\u00e7ois lue \u00e0 l&rsquo;assembl\u00e9e et montr\u00e9e au Coll\u00e8ge des consulteurs, Mgr Terrence Prendergast, s.j., archev\u00eaque d&rsquo;Ottawa-Cornwall, a accompagn\u00e9 Mgr Desrochers \u00e0 la cath\u00e8dre, ou si\u00e8ge \u00e9piscopal. Mgr Desrochers a ensuite pr\u00e9sid\u00e9 le reste de la messe.<\/p>\n<p>\u00c9taient \u00e9galement pr\u00e9sents Mgr Luigi Bonazzi, nonce apostolique au Canada, et Mgr Michael Mulhall, archev\u00eaque de Kingston.<\/p>\n<p>En raison de la pand\u00e9mie COVID-19, seuls les pr\u00eatres, les diacres et les \u00e9pouses des diacres pouvaient \u00eatre pr\u00e9sents. Ils ont pris place dans toute la cath\u00e9drale afin de respecter la distanciation physique.<\/p>\n<hr \/>\n\n\t\t<style type=\"text\/css\">\n\t\t\t#gallery-1 {\n\t\t\t\tmargin: auto;\n\t\t\t}\n\t\t\t#gallery-1 .gallery-item {\n\t\t\t\tfloat: left;\n\t\t\t\tmargin-top: 10px;\n\t\t\t\ttext-align: center;\n\t\t\t\twidth: 16%;\n\t\t\t}\n\t\t\t#gallery-1 img {\n\t\t\t\tborder: 2px solid #cfcfcf;\n\t\t\t}\n\t\t\t#gallery-1 .gallery-caption {\n\t\t\t\tmargin-left: 0;\n\t\t\t}\n\t\t\t\/* see gallery_shortcode() in wp-includes\/media.php *\/\n\t\t<\/style>\n\t\t<div id='gallery-1' class='gallery galleryid-4163 gallery-columns-6 gallery-size-thumbnail'><dl class='gallery-item'>\n\t\t\t<dt class='gallery-icon landscape'>\n\t\t\t\t<a href='https:\/\/pembrokediocese.com\/wp-content\/uploads\/106455303_2933684936729584_244808939508948807_o.jpg'><img loading=\"lazy\" decoding=\"async\" width=\"150\" height=\"150\" src=\"https:\/\/pembrokediocese.com\/wp-content\/uploads\/106455303_2933684936729584_244808939508948807_o-150x150.jpg\" class=\"attachment-thumbnail size-thumbnail\" alt=\"\" srcset=\"https:\/\/pembrokediocese.com\/wp-content\/uploads\/106455303_2933684936729584_244808939508948807_o-150x150.jpg 150w, https:\/\/pembrokediocese.com\/wp-content\/uploads\/106455303_2933684936729584_244808939508948807_o-100x100.jpg 100w, https:\/\/pembrokediocese.com\/wp-content\/uploads\/106455303_2933684936729584_244808939508948807_o-400x400.jpg 400w, https:\/\/pembrokediocese.com\/wp-content\/uploads\/106455303_2933684936729584_244808939508948807_o-210x210.jpg 210w\" sizes=\"(max-width: 150px) 100vw, 150px\" \/><\/a>\n\t\t\t<\/dt><\/dl><dl class='gallery-item'>\n\t\t\t<dt class='gallery-icon landscape'>\n\t\t\t\t<a href='https:\/\/pembrokediocese.com\/wp-content\/uploads\/IMG_9081-scaled.jpg'><img loading=\"lazy\" decoding=\"async\" width=\"150\" height=\"150\" src=\"https:\/\/pembrokediocese.com\/wp-content\/uploads\/IMG_9081-150x150.jpg\" class=\"attachment-thumbnail size-thumbnail\" alt=\"\" srcset=\"https:\/\/pembrokediocese.com\/wp-content\/uploads\/IMG_9081-150x150.jpg 150w, https:\/\/pembrokediocese.com\/wp-content\/uploads\/IMG_9081-100x100.jpg 100w, https:\/\/pembrokediocese.com\/wp-content\/uploads\/IMG_9081-400x400.jpg 400w, https:\/\/pembrokediocese.com\/wp-content\/uploads\/IMG_9081-210x210.jpg 210w\" sizes=\"(max-width: 150px) 100vw, 150px\" \/><\/a>\n\t\t\t<\/dt><\/dl><dl class='gallery-item'>\n\t\t\t<dt class='gallery-icon landscape'>\n\t\t\t\t<a href='https:\/\/pembrokediocese.com\/wp-content\/uploads\/IMG_9104-scaled.jpg'><img loading=\"lazy\" decoding=\"async\" width=\"150\" height=\"150\" src=\"https:\/\/pembrokediocese.com\/wp-content\/uploads\/IMG_9104-150x150.jpg\" class=\"attachment-thumbnail size-thumbnail\" alt=\"\" srcset=\"https:\/\/pembrokediocese.com\/wp-content\/uploads\/IMG_9104-150x150.jpg 150w, https:\/\/pembrokediocese.com\/wp-content\/uploads\/IMG_9104-100x100.jpg 100w, https:\/\/pembrokediocese.com\/wp-content\/uploads\/IMG_9104-400x400.jpg 400w, https:\/\/pembrokediocese.com\/wp-content\/uploads\/IMG_9104-210x210.jpg 210w\" sizes=\"(max-width: 150px) 100vw, 150px\" \/><\/a>\n\t\t\t<\/dt><\/dl><dl class='gallery-item'>\n\t\t\t<dt class='gallery-icon landscape'>\n\t\t\t\t<a href='https:\/\/pembrokediocese.com\/wp-content\/uploads\/IMG_9144-scaled.jpg'><img loading=\"lazy\" decoding=\"async\" width=\"150\" height=\"150\" src=\"https:\/\/pembrokediocese.com\/wp-content\/uploads\/IMG_9144-150x150.jpg\" class=\"attachment-thumbnail size-thumbnail\" alt=\"\" srcset=\"https:\/\/pembrokediocese.com\/wp-content\/uploads\/IMG_9144-150x150.jpg 150w, https:\/\/pembrokediocese.com\/wp-content\/uploads\/IMG_9144-100x100.jpg 100w, https:\/\/pembrokediocese.com\/wp-content\/uploads\/IMG_9144-400x400.jpg 400w, https:\/\/pembrokediocese.com\/wp-content\/uploads\/IMG_9144-210x210.jpg 210w\" sizes=\"(max-width: 150px) 100vw, 150px\" \/><\/a>\n\t\t\t<\/dt><\/dl><dl class='gallery-item'>\n\t\t\t<dt class='gallery-icon landscape'>\n\t\t\t\t<a href='https:\/\/pembrokediocese.com\/wp-content\/uploads\/BishopDesroches_Homily_20200703-scaled.jpg'><img loading=\"lazy\" decoding=\"async\" width=\"150\" height=\"150\" src=\"https:\/\/pembrokediocese.com\/wp-content\/uploads\/BishopDesroches_Homily_20200703-150x150.jpg\" class=\"attachment-thumbnail size-thumbnail\" alt=\"\" srcset=\"https:\/\/pembrokediocese.com\/wp-content\/uploads\/BishopDesroches_Homily_20200703-150x150.jpg 150w, https:\/\/pembrokediocese.com\/wp-content\/uploads\/BishopDesroches_Homily_20200703-100x100.jpg 100w, https:\/\/pembrokediocese.com\/wp-content\/uploads\/BishopDesroches_Homily_20200703-400x400.jpg 400w, https:\/\/pembrokediocese.com\/wp-content\/uploads\/BishopDesroches_Homily_20200703-210x210.jpg 210w\" sizes=\"(max-width: 150px) 100vw, 150px\" \/><\/a>\n\t\t\t<\/dt><\/dl><dl class='gallery-item'>\n\t\t\t<dt class='gallery-icon portrait'>\n\t\t\t\t<a href='https:\/\/pembrokediocese.com\/wp-content\/uploads\/DSC4128-scaled.jpg'><img loading=\"lazy\" decoding=\"async\" width=\"150\" height=\"150\" src=\"https:\/\/pembrokediocese.com\/wp-content\/uploads\/DSC4128-150x150.jpg\" class=\"attachment-thumbnail size-thumbnail\" alt=\"\" srcset=\"https:\/\/pembrokediocese.com\/wp-content\/uploads\/DSC4128-150x150.jpg 150w, https:\/\/pembrokediocese.com\/wp-content\/uploads\/DSC4128-100x100.jpg 100w, https:\/\/pembrokediocese.com\/wp-content\/uploads\/DSC4128-400x400.jpg 400w, https:\/\/pembrokediocese.com\/wp-content\/uploads\/DSC4128-210x210.jpg 210w\" sizes=\"(max-width: 150px) 100vw, 150px\" \/><\/a>\n\t\t\t<\/dt><\/dl><br style=\"clear: both\" \/>\n\t\t<\/div>\n\n<p><em><strong>Cliquez sur une image pour la visualiser. Premi\u00e8re image :<\/strong><\/em> Dans l\u2019ordre habituel : Mgr Michael Mulhall, Mgr Terrence Prendergast, s.j., le diacre Adrien Chaput, Mgr Guy Desrochers, c.ss.r., le diacre Michael Coyne, Mgr Luigi Bonazzi. <em><strong>Deuxi\u00e8me image<\/strong><strong> : <\/strong><\/em>Mgr Desrochers tient la lettre de nomination du pape Fran\u00e7ois. Il est accompagn\u00e9 de Mgr Terrence Prendergast, s.j. <em><strong>Troisi\u00e8me image : <\/strong><\/em>Mgr Desrochers tient la lettre de nomination du pape Fran\u00e7ois. Il est accompagn\u00e9 de Mgr Luigi Bonazzi, Nonce apostolique au Canada et du P. Michael Smith, chancelier. <em><strong>Quatri\u00e8me image : <\/strong><\/em>Les pr\u00eatres, les diacres et les \u00e9pouses des diacres en pri\u00e8re pendant la liturgie. L\u2019organiste est L\u00e9o Rochon et le chantre Bentley Horne. <em><strong>Cinqui\u00e8me image : <\/strong><\/em>Mgr Desrochers pr\u00eache l\u2019hom\u00e9lie lors de l\u2019inauguration de son minist\u00e8re \u00e9piscopal. <em><strong>Sixi\u00e8me image : <\/strong><\/em>Mgr Desrochers salue les gens apr\u00e8s la c\u00e9l\u00e9bration.<\/p>\n<p><strong>Cr\u00e9dits photo<\/strong>: Armando Prini, St. Francis Studio<\/p>\n","protected":false},"excerpt":{"rendered":"<p>Le 3 juillet 2020, Mgr Guy Desrochers, de la Congr\u00e9gation du Tr\u00e8s Saint R\u00e9dempteur (R\u00e9demptoristes), est devenu le neuvi\u00e8me \u00e9v\u00eaque de Pembroke. Mgr Desrochers a \u00e9t\u00e9 nomm\u00e9 le 6 mai 2020, suite \u00e0 la vacance laiss\u00e9e par la nomination de Mgr Michael Mulhall comme archev\u00eaque de Kingston. L\u2019inauguration de son minist\u00e8re \u00e9piscopal a eu lieu apr\u00e8s que le nouvel \u00e9v\u00eaque ait fait sa Profession de Foi et pr\u00eat\u00e9 le Serment de Fid\u00e9lit\u00e9. La messe a eu lieu en la cath\u00e9drale St-Columbkille de Pembroke. Une fois la lettre de nomination du pape Fran\u00e7ois lue \u00e0 l&rsquo;assembl\u00e9e et montr\u00e9e au Coll\u00e8ge des consulteurs, Mgr Terrence Prendergast, s.j., archev\u00eaque d&rsquo;Ottawa-Cornwall, a accompagn\u00e9 Mgr Desrochers \u00e0 la cath\u00e8dre, ou si\u00e8ge \u00e9piscopal. Mgr Desrochers a ensuite pr\u00e9sid\u00e9 le reste de la messe. \u00c9taient \u00e9galement pr\u00e9sents Mgr Luigi Bonazzi, nonce apostolique au Canada, et Mgr Michael Mulhall, archev\u00eaque de Kingston. En raison de la pand\u00e9mie COVID-19, seuls les pr\u00eatres, les diacres et les \u00e9pouses des diacres pouvaient \u00eatre pr\u00e9sents. Ils ont pris place dans toute la cath\u00e9drale afin de respecter la distanciation physique. Cliquez sur une image pour la visualiser. Premi\u00e8re image : Dans l\u2019ordre habituel : Mgr Michael Mulhall, Mgr Terrence Prendergast, s.j., le diacre Adrien Chaput, Mgr Guy Desrochers, c.ss.r., le diacre Michael Coyne, Mgr Luigi Bonazzi. Deuxi\u00e8me image : Mgr Desrochers tient la lettre de nomination du pape Fran\u00e7ois. Il est accompagn\u00e9 de Mgr Terrence Prendergast, s.j. Troisi\u00e8me image : Mgr Desrochers tient la lettre de nomination du pape Fran\u00e7ois. Il est accompagn\u00e9 de Mgr Luigi Bonazzi, Nonce apostolique au Canada et du P. Michael Smith, chancelier. Quatri\u00e8me image : Les pr\u00eatres, les diacres et les \u00e9pouses des diacres en pri\u00e8re pendant la liturgie. L\u2019organiste est L\u00e9o Rochon et le chantre Bentley Horne. Cinqui\u00e8me image : Mgr Desrochers pr\u00eache l\u2019hom\u00e9lie lors de l\u2019inauguration de son minist\u00e8re \u00e9piscopal. Sixi\u00e8me image : Mgr Desrochers salue les gens apr\u00e8s la c\u00e9l\u00e9bration. Cr\u00e9dits photo: Armando Prini, St. Francis Studio<\/p>\n","protected":false},"author":1,"featured_media":4138,"comment_status":"closed","ping_status":"closed","sticky":false,"template":"","format":"standard","meta":{"_monsterinsights_skip_tracking":false,"_monsterinsights_sitenote_active":false,"_monsterinsights_sitenote_note":"","_monsterinsights_sitenote_category":0,"footnotes":"","_links_to":"","_links_to_target":""},"categories":[84],"tags":[],"class_list":["post-4163","post","type-post","status-publish","format-standard","has-post-thumbnail","hentry","category-article"],"post_mailing_queue_ids":[],"_links":{"self":[{"href":"https:\/\/pembrokediocese.com\/fr\/wp-json\/wp\/v2\/posts\/4163","targetHints":{"allow":["GET"]}}],"collection":[{"href":"https:\/\/pembrokediocese.com\/fr\/wp-json\/wp\/v2\/posts"}],"about":[{"href":"https:\/\/pembrokediocese.com\/fr\/wp-json\/wp\/v2\/types\/post"}],"author":[{"embeddable":true,"href":"https:\/\/pembrokediocese.com\/fr\/wp-json\/wp\/v2\/users\/1"}],"replies":[{"embeddable":true,"href":"https:\/\/pembrokediocese.com\/fr\/wp-json\/wp\/v2\/comments?post=4163"}],"version-history":[{"count":0,"href":"https:\/\/pembrokediocese.com\/fr\/wp-json\/wp\/v2\/posts\/4163\/revisions"}],"wp:featuredmedia":[{"embeddable":true,"href":"https:\/\/pembrokediocese.com\/fr\/wp-json\/wp\/v2\/media\/4138"}],"wp:attachment":[{"href":"https:\/\/pembrokediocese.com\/fr\/wp-json\/wp\/v2\/media?parent=4163"}],"wp:term":[{"taxonomy":"category","embeddable":true,"href":"https:\/\/pembrokediocese.com\/fr\/wp-json\/wp\/v2\/categories?post=4163"},{"taxonomy":"post_tag","embeddable":true,"href":"https:\/\/pembrokediocese.com\/fr\/wp-json\/wp\/v2\/tags?post=4163"}],"curies":[{"name":"wp","href":"https:\/\/api.w.org\/{rel}","templated":true}]}}