{"id":4420,"date":"2020-09-18T18:02:46","date_gmt":"2020-09-18T22:02:46","guid":{"rendered":"https:\/\/pembrokediocese.com\/article\/pembroke-diocese-welcomes-its-newest-priest-father-michael-coyne\/"},"modified":"2020-09-21T11:43:36","modified_gmt":"2020-09-21T15:43:36","slug":"le-diocese-de-pembroke-accueille-un-nouveau-pretre-le-pere-michael-coyne","status":"publish","type":"post","link":"https:\/\/pembrokediocese.com\/fr\/article\/le-diocese-de-pembroke-accueille-un-nouveau-pretre-le-pere-michael-coyne\/","title":{"rendered":"Le dioc\u00e8se de Pembroke accueille un nouveau pr\u00eatre, le p\u00e8re Michael Coyne"},"content":{"rendered":"<p><a href=\"https:\/\/pembrokediocese.com\/wp-content\/uploads\/Ordination-Mass-2-scaled.jpg\"><img loading=\"lazy\" decoding=\"async\" class=\"alignleft wp-image-4410\" src=\"https:\/\/pembrokediocese.com\/wp-content\/uploads\/Ordination-Mass-2-1024x683.jpg\" alt=\"\" width=\"454\" height=\"303\" srcset=\"https:\/\/pembrokediocese.com\/wp-content\/uploads\/Ordination-Mass-2-1024x683.jpg 1024w, https:\/\/pembrokediocese.com\/wp-content\/uploads\/Ordination-Mass-2-200x133.jpg 200w, https:\/\/pembrokediocese.com\/wp-content\/uploads\/Ordination-Mass-2-768x512.jpg 768w, https:\/\/pembrokediocese.com\/wp-content\/uploads\/Ordination-Mass-2-1536x1024.jpg 1536w, https:\/\/pembrokediocese.com\/wp-content\/uploads\/Ordination-Mass-2-2048x1365.jpg 2048w, https:\/\/pembrokediocese.com\/wp-content\/uploads\/Ordination-Mass-2-958x639.jpg 958w, https:\/\/pembrokediocese.com\/wp-content\/uploads\/Ordination-Mass-2-600x400.jpg 600w, https:\/\/pembrokediocese.com\/wp-content\/uploads\/Ordination-Mass-2-272x182.jpg 272w\" sizes=\"(max-width: 454px) 100vw, 454px\" \/><\/a> Le 8 septembre dernier, les gens du dioc\u00e8se de Pembroke ont eu le bonheur d&rsquo;accueillir un autre membre dans le presbyt\u00e8rat, le p\u00e8re Michael Coyne ayant \u00e9t\u00e9 ordonn\u00e9 pr\u00eatre \u00e0 la paroisse St. Francis Xavier de Renfrew.<\/p>\n<p>En pr\u00e9sence de la famille et des amis du p\u00e8re Coyne, Mgr Guy Desrochers, c.ss.r., a eu l&rsquo;honneur de pr\u00e9sider sa toute premi\u00e8re messe d&rsquo;ordination en la f\u00eate de la Nativit\u00e9 de la Sainte Vierge Marie. Des membres du clerg\u00e9 de tout le dioc\u00e8se de Pembroke \u00e9taient \u00e9galement pr\u00e9sents.<\/p>\n<p>\u00ab\u00a0M&rsquo;aimes-tu, Michel (Coyne), J\u00e9sus te dit aujourd&rsquo;hui\u00a0\u00bb, a d\u00e9clar\u00e9 Mgr Desrochers au cours de son hom\u00e9lie, en r\u00e9fl\u00e9chissant \u00e0 la lecture de Jean 21, 15-17.<\/p>\n<p><strong><em>Surveillez l&rsquo;\u00e9dition d&rsquo;hiver d&rsquo;Ecclesia pour conna\u00eetre l&rsquo;histoire compl\u00e8te&#8230;<\/em><\/strong><\/p>\n","protected":false},"excerpt":{"rendered":"<p>Le 8 septembre dernier, les gens du dioc\u00e8se de Pembroke ont eu le bonheur d&rsquo;accueillir un autre membre dans le presbyt\u00e8rat, le p\u00e8re Michael Coyne ayant \u00e9t\u00e9 ordonn\u00e9 pr\u00eatre \u00e0 la paroisse St. Francis Xavier de Renfrew. En pr\u00e9sence de la famille et des amis du p\u00e8re Coyne, Mgr Guy Desrochers, c.ss.r., a eu l&rsquo;honneur de pr\u00e9sider sa toute premi\u00e8re messe d&rsquo;ordination en la f\u00eate de la Nativit\u00e9 de la Sainte Vierge Marie. Des membres du clerg\u00e9 de tout le dioc\u00e8se de Pembroke \u00e9taient \u00e9galement pr\u00e9sents. \u00ab\u00a0M&rsquo;aimes-tu, Michel (Coyne), J\u00e9sus te dit aujourd&rsquo;hui\u00a0\u00bb, a d\u00e9clar\u00e9 Mgr Desrochers au cours de son hom\u00e9lie, en r\u00e9fl\u00e9chissant \u00e0 la lecture de Jean 21, 15-17. Surveillez l&rsquo;\u00e9dition d&rsquo;hiver d&rsquo;Ecclesia pour conna\u00eetre l&rsquo;histoire compl\u00e8te&#8230;<\/p>\n","protected":false},"author":1,"featured_media":4411,"comment_status":"closed","ping_status":"closed","sticky":false,"template":"","format":"standard","meta":{"_monsterinsights_skip_tracking":false,"_monsterinsights_sitenote_active":false,"_monsterinsights_sitenote_note":"","_monsterinsights_sitenote_category":0,"footnotes":"","_links_to":"","_links_to_target":""},"categories":[84],"tags":[],"class_list":["post-4420","post","type-post","status-publish","format-standard","has-post-thumbnail","hentry","category-article"],"post_mailing_queue_ids":[],"_links":{"self":[{"href":"https:\/\/pembrokediocese.com\/fr\/wp-json\/wp\/v2\/posts\/4420","targetHints":{"allow":["GET"]}}],"collection":[{"href":"https:\/\/pembrokediocese.com\/fr\/wp-json\/wp\/v2\/posts"}],"about":[{"href":"https:\/\/pembrokediocese.com\/fr\/wp-json\/wp\/v2\/types\/post"}],"author":[{"embeddable":true,"href":"https:\/\/pembrokediocese.com\/fr\/wp-json\/wp\/v2\/users\/1"}],"replies":[{"embeddable":true,"href":"https:\/\/pembrokediocese.com\/fr\/wp-json\/wp\/v2\/comments?post=4420"}],"version-history":[{"count":0,"href":"https:\/\/pembrokediocese.com\/fr\/wp-json\/wp\/v2\/posts\/4420\/revisions"}],"wp:featuredmedia":[{"embeddable":true,"href":"https:\/\/pembrokediocese.com\/fr\/wp-json\/wp\/v2\/media\/4411"}],"wp:attachment":[{"href":"https:\/\/pembrokediocese.com\/fr\/wp-json\/wp\/v2\/media?parent=4420"}],"wp:term":[{"taxonomy":"category","embeddable":true,"href":"https:\/\/pembrokediocese.com\/fr\/wp-json\/wp\/v2\/categories?post=4420"},{"taxonomy":"post_tag","embeddable":true,"href":"https:\/\/pembrokediocese.com\/fr\/wp-json\/wp\/v2\/tags?post=4420"}],"curies":[{"name":"wp","href":"https:\/\/api.w.org\/{rel}","templated":true}]}}