{"id":6039,"date":"2021-01-26T09:24:59","date_gmt":"2021-01-26T14:24:59","guid":{"rendered":"https:\/\/pembrokediocese.com\/chronique\/tes-peches-tes-nombreux-peches-sont-pardonnes-copy\/"},"modified":"2021-01-26T09:27:08","modified_gmt":"2021-01-26T14:27:08","slug":"le-pape-francois-cree-une-nouvelle-entite-ecclesiale-appelee-charis","status":"publish","type":"post","link":"https:\/\/pembrokediocese.com\/fr\/chronique\/le-pape-francois-cree-une-nouvelle-entite-ecclesiale-appelee-charis\/","title":{"rendered":"Le Pape Fran\u00e7ois cr\u00e9e une nouvelle entit\u00e9 eccl\u00e9siale appel\u00e9e CHARIS"},"content":{"rendered":"<p><img loading=\"lazy\" decoding=\"async\" class=\"alignleft wp-image-4434 \" src=\"https:\/\/pembrokediocese.com\/wp-content\/uploads\/Chronique-de-Mgr-Guy_Ente\u0302te-1.jpg\" alt=\"\" width=\"400\" height=\"297\" srcset=\"https:\/\/pembrokediocese.com\/wp-content\/uploads\/Chronique-de-Mgr-Guy_Ente\u0302te-1.jpg 634w, https:\/\/pembrokediocese.com\/wp-content\/uploads\/Chronique-de-Mgr-Guy_Ente\u0302te-1-200x149.jpg 200w\" sizes=\"(max-width: 400px) 100vw, 400px\" \/><\/p>\n<p>ICCRS, FCCCA, CHARIS, \u00e7a vous dit quelque chose ? Probablement pas ! Et pourtant, cela vaut la peine d\u2019en \u00eatre bien inform\u00e9, car une nouvelle entit\u00e9 cr\u00e9\u00e9e par le Pape Fran\u00e7ois vient de voir le jour il y a quelques ann\u00e9es de cela, et se propose de vivifier et de stimuler en profondeur la dimension spirituelle et \u00e9vang\u00e9lisatrice de toute l\u2019\u00c9glise catholique. Ai-je r\u00e9ussi \u00e0 capter votre attention ?<\/p>\n<p>Le 8 juin 2019, le Pape Fran\u00e7ois adressa un discours \u00e0 de nombreux repr\u00e9sentants du Renouveau charismatique r\u00e9unis \u00e0 Rome du 6 au 8 juin. Reprenant l\u2019id\u00e9e que le Pape saint Paul VI avait partag\u00e9 aux participants du III\u00e8me Congr\u00e8s International du Renouveau charismatique catholique en 1975, il leur d\u00e9clara que le Renouveau charismatique est \u00ab\u00a0une chance pour l\u2019\u00c9glise.\u00a0\u00bb<\/p>\n<p>En effet, saint Paul VI avait affirm\u00e9 en 1975, que \u00ab\u00a0l\u2019\u00c9glise et le monde ont besoin plus que jamais que le prodige de la Pentec\u00f4te se poursuive dans l\u2019histoire (\u2026) Rien n\u2019est plus n\u00e9cessaire \u00e0 un tel monde, de plus en plus s\u00e9cularis\u00e9, que le t\u00e9moignage de ce \u00ab renouveau spirituel \u00bb, que Nous voyons le Saint-Esprit susciter aujourd\u2019hui dans les r\u00e9gions et les milieux les plus divers.\u00a0\u00bb (Discours du Pape Paul VI aux participants au III\u00e8me Congr\u00e8s International du Renouveau Charismatique Catholique, Vendredi 19 mai 1975).<\/p>\n<p>Lors de la rencontre qui s\u2019est tenue \u00e0 Rome le 8 juin 2019, le Pape Fran\u00e7ois remerciait \u00e9galement le ICCRS (Service international du Renouveau charismatique catholique) et la Fraternit\u00e9 catholique pour avoir \u00ab\u00a0trac\u00e9 la voie\u00a0\u00bb et pour avoir \u00ab\u00a0permis \u00e0 CHARIS (\u2026) d\u2019\u00eatre aujourd\u2019hui une r\u00e9alit\u00e9.\u00a0\u00bb Mais, quel est le but de cette nouvelle entit\u00e9 appel\u00e9e\u00a0CHARIS, et pourquoi le Saint P\u00e8re Fran\u00e7ois la juge-t-elle essentielle pour la vitalit\u00e9 de l\u2019\u00c9glise catholique? Voici des extraits d\u2019une entrevue r\u00e9alis\u00e9e par le Vatican News avec le P. Awi et M. Jean-Luc Moens en 2018, et qui nous permet de comprendre le but et le r\u00f4le de la nouvelle entit\u00e9 :<\/p>\n<blockquote><p><strong>VN &#8211; Le 8 d\u00e9cembre 2018, le Dicast\u00e8re pour les la\u00efcs, la famille et la vie a \u00e9rig\u00e9 un nouveau service pour le courant de gr\u00e2ce qu\u2019est le Renouveau charismatique catholique. Ce service s\u2019appelle CHARIS, acronyme des International Catholic Charismatic Renewal Services.\u00a0<\/strong>(VN = Vatican News)<\/p><\/blockquote>\n<p>Awi &#8211; CHARIS est appel\u00e9 \u00e0 servir toutes les expressions du courant de gr\u00e2ce qu\u2019est le Renouveau charismatique. Ses statuts entreront en vigueur le 9 juin 2019, Solennit\u00e9 de la Pentec\u00f4te. Le m\u00eame jour, la Fraternit\u00e9 catholique des communaut\u00e9s charismatiques de l\u2019Alliance (encore appel\u00e9e Fraternit\u00e9 catholique) et l\u2019ICCRS (International Catholic Charismatic Renewal Services) cesseront d\u00e9finitivement leurs activit\u00e9s. Il est important de noter que CHARIS n\u2019est pas le fruit de la fusion de ces deux organismes, mais un tout nouveau service qui inaugure une nouvelle \u00e9tape dans la vie du Renouveau charismatique catholique international. Je crois qu\u2019apr\u00e8s la Pentec\u00f4te, la nouveaut\u00e9 se manifestera de plus en plus clairement. Il convient aussi de relever que CHARIS n\u2019est pas un organisme de gouvernement mais un service de communion, selon la volont\u00e9 expresse du Saint-P\u00e8re.<\/p>\n<h3><strong>VN &#8211; Comment est structur\u00e9 ce nouveau service ?<\/strong><\/h3>\n<p>Awi &#8211; CHARIS est plac\u00e9 sous la responsabilit\u00e9 d\u2019un Mod\u00e9rateur, assist\u00e9 d\u2019un Conseil appel\u00e9\u00a0Service international de communion, compos\u00e9 de 18 personnes provenant du monde entier. Certaines d\u2019entre elles sont l\u2019expression des diff\u00e9rents continents tandis que d\u2019autres repr\u00e9sentent les diff\u00e9rentes r\u00e9alit\u00e9s du Renouveau charismatique. Pour ce premier mandat, tous les membres ont \u00e9t\u00e9 nomm\u00e9s par le Dicast\u00e8re pour les la\u00efcs, la famille et la vie.<\/p>\n<p>Le premier mod\u00e9rateur est Jean-Luc Moens, la\u00efc mari\u00e9, p\u00e8re de famille, engag\u00e9 dans le Renouveau charismatique depuis plus de 45 ans. Le p\u00e8re Raniero Cantalamessa, OFM Cap [aujourd\u2019hui cardinal], Pr\u00e9dicateur de la Maison pontificale, en est le premier Assistant eccl\u00e9siastique selon le d\u00e9sir du Saint-P\u00e8re.<\/p>\n<p>Le Pape a fortement voulu que le Saint-Si\u00e8ge cr\u00e9e CHARIS afin que le Renouveau charismatique et toute l\u2019\u00c9glise sachent que le Renouveau charismatique appartient pleinement \u00e0 l\u2019\u00c9glise universelle.<\/p>\n<p>L\u2019un des aspects essentiels que le Saint-P\u00e8re a voulu mettre en \u00e9vidence est sans aucun doute l\u2019importance de la communion, c\u2019est-\u00e0-dire de l\u2019unit\u00e9 dans la diversit\u00e9. CHARIS est au service de toutes les r\u00e9alit\u00e9s charismatiques du monde, et aucune d\u2019elles n\u2019est prioritaire par rapport aux autres. Dans aucun pays, une communaut\u00e9, un groupe, une organisation ou un mouvement ne peut pr\u00e9tendre diriger le Renouveau charismatique catholique.<\/p>\n<h3><strong>VN &#8211; CHARIS est un nouveau service. Pouvez-vous nous expliquer ce qu\u2019il a de nouveau ?<\/strong><\/h3>\n<p>Jean-Luc Moens \u2013 (\u2026) Les Statuts de CHARIS mettent l\u2019accent sur trois dimensions : <strong>la diffusion du bapt\u00eame dans l\u2019Esprit Saint, l\u2019unit\u00e9 des chr\u00e9tiens, le service des pauvres.<\/strong> Ces dimensions sont au service de l\u2019\u00e9vang\u00e9lisation, \u00e0 laquelle le Saint-P\u00e8re appelle le Renouveau \u00e0 participer et \u00e0 laquelle il est engag\u00e9.<\/p>\n<p>La diffusion du bapt\u00eame dans l\u2019Esprit peut ne pas sembler un fait nouveau. C\u2019est ce que fait le Renouveau charismatique depuis sa naissance. Ce qu\u2019il y a de vraiment nouveau aujourd\u2019hui c\u2019est que le Pape lui-m\u00eame demande que le bapt\u00eame dans l\u2019Esprit soit connu dans toute l\u2019\u00c9glise. Il l\u2019a fait \u00e0 plusieurs reprises de fa\u00e7on tr\u00e8s claire. C\u2019est un nouveau pas pour le Renouveau charismatique, un d\u00e9fi qui doit \u00eatre relev\u00e9 au service de l\u2019\u00c9glise universelle.<\/p>\n<p>Le Pape Fran\u00e7ois exhorte aussi le Renouveau charismatique \u00e0 revenir \u00e0 ses racines \u0153cum\u00e9niques, c\u2019est-\u00e0-dire \u00e0 \u0153uvrer avec dynamisme \u00e0 l\u2019unit\u00e9 des chr\u00e9tiens. C\u2019est quelque chose qui \u00e9tait tr\u00e8s pr\u00e9sent \u00e0 la naissance du Renouveau charismatique et qui, en de nombreux endroits, a \u00e9t\u00e9 progressivement mis de c\u00f4t\u00e9. Le Pape nous demande de le remettre au premier plan.<\/p>\n<p>Le service des pauvres n\u2019est pas non plus une nouveaut\u00e9. Ce qui est nouveau, cependant, c\u2019est d\u2019encourager explicitement les \u00ab\u00a0charismatiques\u00a0\u00bb \u00e0 servir les pauvres et les n\u00e9cessiteux. Cela ne doit pas nous surprendre : l\u2019Esprit Saint est amour. Il est donc normal que ceux qui veulent d\u00e9pendre totalement de Lui soient des t\u00e9moins de l\u2019amour. C\u2019est pourquoi le service des pauvres est au c\u0153ur du Renouveau.<\/p>\n<p>Les trois dimensions que je viens de souligner sont naturellement incluses dans l\u2019appel \u00e0 l\u2019\u00e9vang\u00e9lisation qui est adress\u00e9 \u00e0 tout le Renouveau charismatique. Le bapt\u00eame dans l\u2019Esprit est l\u2019exp\u00e9rience de la Pentec\u00f4te qui met les ap\u00f4tres en mission. La compassion et la charit\u00e9 donnent une force nouvelle \u00e0 l\u2019\u00e9vang\u00e9lisation parce qu\u2019 \u201c\u00e0 ceci tous conna\u00eetront que vous \u00eates mes disciples, si vous avez de l\u2019amour les uns pour les autres\u201d (Jn\u00a013,35). L\u2019unit\u00e9 des chr\u00e9tiens fait aussi partie du d\u00e9fi de la mission, parce que J\u00e9sus nous y appelle : \u201cQu\u2019ils soient un afin que le monde croie\u201d (Jn\u00a017,21).<\/p>\n<p>Pour la premi\u00e8re fois \u00e9galement, on a une jeune femme de moins de 30 ans dans l\u2019\u00e9quipe du Service de communion internationale de CHARIS. Elle repr\u00e9sente les jeunes du monde entier car les jeunes sont aussi protagonistes du Renouveau charismatique international. Et ils sont une priorit\u00e9 pour CHARIS.<\/p>\n<h3><strong>Bapt\u00eame dans l\u2019Esprit Saint; Unit\u00e9 des chr\u00e9tiens; service des pauvres. <\/strong><\/h3>\n<p>Ces trois dimensions, comme vous l\u2019imaginez maintenant, affecteront tous les mouvements d\u2019\u00c9glise, toutes les communaut\u00e9s religieuses, les associations ou organismes eccl\u00e9siaux. Elles sont tous appel\u00e9s \u00e0 travailler en ce sens, selon le d\u00e9sir du Saint-P\u00e8re. Par \u00e9tapes, bien s\u00fbr ! En posant d\u2019abord un regard lucide sur notre r\u00e9alit\u00e9 contemporaine pour mieux discerner et planifier ensuite nos interventions pastorales et \u00e9vang\u00e9lisatrices (Voir , Juger, Agir)!<\/p>\n<p>Et puisque nous allons bient\u00f4t entamer un grand projet d&rsquo;\u00e9vang\u00e9lisation dans notre dioc\u00e8se de Pembroke, pourquoi ne pas le commencer en int\u00e9grant ces trois r\u00e9alit\u00e9s d\u00e8s nos premiers balbutiements ? Allons-nous tous devoir nous conformer et devenir des \u00ab\u00a0charismatiques\u00a0\u00bb selon les bonnes ou fausses interpr\u00e9tations que nous nous faisons du terme, afin de r\u00e9aliser les d\u00e9sirs du Saint-P\u00e8re ? \u00c0 cette question, je r\u00e9ponds par oui et non.<\/p>\n<p>\u00ab\u00a0Oui\u00a0\u00bb, parce que nous devons \u00eatre form\u00e9s davantage sur les fa\u00e7ons d\u2019accueillir la venue de l\u2019Esprit Saint dans notre vie quotidienne. Comment ? En cultivant la charit\u00e9, la fid\u00e9lit\u00e9, la puret\u00e9, la pri\u00e8re et l\u2019humilit\u00e9. Ces vertus doivent former un tout, sans quoi l\u2019Esprit sera absent de nos plus beaux apostolats ou projets. Ces fa\u00e7ons d\u2019inviter la venue de l\u2018Esprit en nos c\u0153urs nous permettront d\u2019accueillir ensuite les divers dons que l\u2019Esprit voudra bien nous communiquer pour b\u00e2tir son \u00c9glise ; pour mieux \u00e9vang\u00e9liser ; pour entrer davantage en communion avec nos fr\u00e8res et s\u0153urs de diverses d\u00e9nominations chr\u00e9tiennes ; et enfin pour rejoindre les plus d\u00e9munis de nos fr\u00e8res et s\u0153urs (au niveaux mat\u00e9riel et\/ou spirituel) et de venir en aide concr\u00e8tement aux plus n\u00e9cessiteux.<\/p>\n<p>Mais je dis aussi \u00ab\u00a0non\u00a0\u00bb, parce qu\u2019il ne s\u2019agit pas de d\u00e9sirer uniquement \u00ab\u00a0recevoir ou poss\u00e9der des dons\u00a0\u00bb soi-disant \u00ab\u00a0charismatiques\u00a0\u00bb ou encore de chercher \u00e0 se conformer par ob\u00e9issance servile au d\u00e9sir du Saint-P\u00e8re, en apprenant par exemple \u00e0 r\u00e9p\u00e9ter m\u00e9caniquement ou intellectuellement des formules de pri\u00e8res ou en r\u00e9citant des actes de foi appris par c\u0153ur, ou en posant des actions sans v\u00e9ritable int\u00e9riorit\u00e9. L\u2019important n\u2019est pas de dire\u00a0: \u00ab\u00a0Moi je suis charismatique parce que j\u2019ai tel ou tel don,\u00a0\u00bb mais plut\u00f4t de dire\u00a0: \u00ab\u00a0Moi, je suis baptis\u00e9 dans l\u2019Esprit Saint, parce que j\u2019entretiens une relation d\u2019amour quotidienne avec J\u00e9sus par mes moments de pri\u00e8re et de solitude, et parce que j\u2019essaie de vivre les vertus de charit\u00e9, de fid\u00e9lit\u00e9, de puret\u00e9 et d\u2019humilit\u00e9.\u00a0Toutes ces dispositions me permettent d\u2019accueillir les dons que l\u2019Esprit voudra bien me communiquer afin d\u2019accomplir ma mission de chr\u00e9tien(ne) ; voil\u00e0 pourquoi je d\u00e9sire aussi nouer des relations \u0153cum\u00e9niques avec mes fr\u00e8res et s\u0153urs chr\u00e9tiens(nes), sans oublier de m\u2019engager \u00e0 servir les plus pauvres dans mon milieu. \u00bb<\/p>\n<p>Je termine ma r\u00e9flexion en nous invitant tous \u00e0 contempler Marie, M\u00e8re de J\u00e9sus et notre M\u00e8re, en tant que mod\u00e8le de femme baptis\u00e9e dans l\u2019Esprit Saint. En elle, l\u2019esprit de recueillement \u00e9tait intense ; tr\u00e8s intense. Elle savait se recueillir en Dieu m\u00eame dans ses occupations ordinaires. Et sa grande joie \u00e9tait sans doute de pouvoir s\u2019isoler dans la contemplation, le silence et la solitude, mais jamais au d\u00e9triment de la charit\u00e9 qui l\u2019amenait souvent, j\u2019imagine, (et comme il nous arrive \u00e0 chacun de nous) \u00e0 quitter sa solitude pour faire indulgence ou faire preuve de patience \u00e0 quiconque pouvait se pr\u00e9senter \u00e0 elle. Ne doutons pas que la \u00ab\u00a0pleine de gr\u00e2ces\u00a0\u00bb tenait toujours l\u2019amour du prochain comme la plus grande priorit\u00e9 de sa vie spirituelle, au point de quitter sans h\u00e9sitation ses plus belles m\u00e9ditations lorsqu\u2019une occasion de faire la charit\u00e9 se pr\u00e9sentait. \u00ab\u00a0Laisser Dieu pour Dieu\u00a0\u00bb, disait une grande spirituelle, \u00e0 l\u2019exemple de M\u00e8re T\u00e9r\u00e9sa de Calcutta qui voyait toujours Dieu dans son prochain. Que Marie soit notre mod\u00e8le d\u2019\u00e9coute et d\u2019accueil de l\u2019Esprit Saint dans notre quotidien. Qu\u2019elle nous accorde, par sa puissante intercession, de pers\u00e9v\u00e9rer et de rester fid\u00e8les jusqu\u2019\u00e0 la fin. Voil\u00e0 la preuve qui habite le c\u0153ur, l\u2019esprit et l\u2019\u00e2me de la personne qui est v\u00e9ritablement \u00ab\u00a0baptis\u00e9e dans l\u2019Esprit Saint.\u00a0\u00bb<\/p>\n","protected":false},"excerpt":{"rendered":"<p>ICCRS, FCCCA, CHARIS, \u00e7a vous dit quelque chose ? Probablement pas ! Et pourtant, cela vaut la peine d\u2019en \u00eatre bien inform\u00e9, car une nouvelle entit\u00e9 cr\u00e9\u00e9e par le Pape Fran\u00e7ois vient de voir le jour il y a quelques ann\u00e9es de cela, et se propose de vivifier et de stimuler en profondeur la dimension spirituelle et \u00e9vang\u00e9lisatrice de toute l\u2019\u00c9glise catholique. Ai-je r\u00e9ussi \u00e0 capter votre attention ? Le 8 juin 2019, le Pape Fran\u00e7ois adressa un discours \u00e0 de nombreux repr\u00e9sentants du Renouveau charismatique r\u00e9unis \u00e0 Rome du 6 au 8 juin. Reprenant l\u2019id\u00e9e que le Pape saint Paul VI avait partag\u00e9 aux participants du III\u00e8me Congr\u00e8s International du Renouveau charismatique catholique en 1975, il leur d\u00e9clara que le Renouveau charismatique est \u00ab\u00a0une chance pour l\u2019\u00c9glise.\u00a0\u00bb En effet, saint Paul VI avait affirm\u00e9 en 1975, que \u00ab\u00a0l\u2019\u00c9glise et le monde ont besoin plus que jamais que le prodige de la Pentec\u00f4te se poursuive dans l\u2019histoire (\u2026) Rien n\u2019est plus n\u00e9cessaire \u00e0 un tel monde, de plus en plus s\u00e9cularis\u00e9, que le t\u00e9moignage de ce \u00ab renouveau spirituel \u00bb, que Nous voyons le Saint-Esprit susciter aujourd\u2019hui dans les r\u00e9gions et les milieux les plus divers.\u00a0\u00bb (Discours du Pape Paul VI aux participants au III\u00e8me Congr\u00e8s International du Renouveau Charismatique Catholique, Vendredi 19 mai 1975). Lors de la rencontre qui s\u2019est tenue \u00e0 Rome le 8 juin 2019, le Pape Fran\u00e7ois remerciait \u00e9galement le ICCRS (Service international du Renouveau charismatique catholique) et la Fraternit\u00e9 catholique pour avoir \u00ab\u00a0trac\u00e9 la voie\u00a0\u00bb et pour avoir \u00ab\u00a0permis \u00e0 CHARIS (\u2026) d\u2019\u00eatre aujourd\u2019hui une r\u00e9alit\u00e9.\u00a0\u00bb Mais, quel est le but de cette nouvelle entit\u00e9 appel\u00e9e\u00a0CHARIS, et pourquoi le Saint P\u00e8re Fran\u00e7ois la juge-t-elle essentielle pour la vitalit\u00e9 de l\u2019\u00c9glise catholique? Voici des extraits d\u2019une entrevue r\u00e9alis\u00e9e par le Vatican News avec le P. Awi et M. Jean-Luc Moens en 2018, et qui nous permet de comprendre le but et le r\u00f4le de la nouvelle entit\u00e9 : VN &#8211; Le 8 d\u00e9cembre 2018, le Dicast\u00e8re pour les la\u00efcs, la famille et la vie a \u00e9rig\u00e9 un nouveau service pour le courant de gr\u00e2ce qu\u2019est le Renouveau charismatique catholique. Ce service s\u2019appelle CHARIS, acronyme des International Catholic Charismatic Renewal Services.\u00a0(VN = Vatican News) Awi &#8211; CHARIS est appel\u00e9 \u00e0 servir toutes les expressions du courant de gr\u00e2ce qu\u2019est le Renouveau charismatique. Ses statuts entreront en vigueur le 9 juin 2019, Solennit\u00e9 de la Pentec\u00f4te. Le m\u00eame jour, la Fraternit\u00e9 catholique des communaut\u00e9s charismatiques de l\u2019Alliance (encore appel\u00e9e Fraternit\u00e9 catholique) et l\u2019ICCRS (International Catholic Charismatic Renewal Services) cesseront d\u00e9finitivement leurs activit\u00e9s. Il est important de noter que CHARIS n\u2019est pas le fruit de la fusion de ces deux organismes, mais un tout nouveau service qui inaugure une nouvelle \u00e9tape dans la vie du Renouveau charismatique catholique international. Je crois qu\u2019apr\u00e8s la Pentec\u00f4te, la nouveaut\u00e9 se manifestera de plus en plus clairement. Il convient aussi de relever que CHARIS n\u2019est pas un organisme de gouvernement mais un service de communion, selon la volont\u00e9 expresse du Saint-P\u00e8re. VN &#8211; Comment est structur\u00e9 ce nouveau service ? Awi &#8211; CHARIS est plac\u00e9 sous la responsabilit\u00e9 d\u2019un Mod\u00e9rateur, assist\u00e9 d\u2019un Conseil [&hellip;]<\/p>\n","protected":false},"author":1,"featured_media":4434,"comment_status":"closed","ping_status":"closed","sticky":false,"template":"","format":"standard","meta":{"_monsterinsights_skip_tracking":false,"_monsterinsights_sitenote_active":false,"_monsterinsights_sitenote_note":"","_monsterinsights_sitenote_category":0,"footnotes":"","_links_to":"","_links_to_target":""},"categories":[120],"tags":[],"class_list":["post-6039","post","type-post","status-publish","format-standard","has-post-thumbnail","hentry","category-chronique"],"post_mailing_queue_ids":[],"_links":{"self":[{"href":"https:\/\/pembrokediocese.com\/fr\/wp-json\/wp\/v2\/posts\/6039","targetHints":{"allow":["GET"]}}],"collection":[{"href":"https:\/\/pembrokediocese.com\/fr\/wp-json\/wp\/v2\/posts"}],"about":[{"href":"https:\/\/pembrokediocese.com\/fr\/wp-json\/wp\/v2\/types\/post"}],"author":[{"embeddable":true,"href":"https:\/\/pembrokediocese.com\/fr\/wp-json\/wp\/v2\/users\/1"}],"replies":[{"embeddable":true,"href":"https:\/\/pembrokediocese.com\/fr\/wp-json\/wp\/v2\/comments?post=6039"}],"version-history":[{"count":0,"href":"https:\/\/pembrokediocese.com\/fr\/wp-json\/wp\/v2\/posts\/6039\/revisions"}],"wp:featuredmedia":[{"embeddable":true,"href":"https:\/\/pembrokediocese.com\/fr\/wp-json\/wp\/v2\/media\/4434"}],"wp:attachment":[{"href":"https:\/\/pembrokediocese.com\/fr\/wp-json\/wp\/v2\/media?parent=6039"}],"wp:term":[{"taxonomy":"category","embeddable":true,"href":"https:\/\/pembrokediocese.com\/fr\/wp-json\/wp\/v2\/categories?post=6039"},{"taxonomy":"post_tag","embeddable":true,"href":"https:\/\/pembrokediocese.com\/fr\/wp-json\/wp\/v2\/tags?post=6039"}],"curies":[{"name":"wp","href":"https:\/\/api.w.org\/{rel}","templated":true}]}}