{"id":6486,"date":"2000-02-19T10:59:03","date_gmt":"2000-02-19T15:59:03","guid":{"rendered":"https:\/\/pembrokediocese.com\/article\/la-vie-montante\/"},"modified":"2021-02-22T17:28:55","modified_gmt":"2021-02-22T22:28:55","slug":"la-vie-montante","status":"publish","type":"post","link":"https:\/\/pembrokediocese.com\/fr\/communaute-catholique\/la-vie-montante\/","title":{"rendered":"La Vie Montante"},"content":{"rendered":"<p><b>La Vie Montante<\/b>, groupe catholique pour les 55 ans et plus. Le groupe se rencontre le troisi\u00e8me jeudi de chaque mois \u00e0 13h30 au Centre culturel francophone de Pembroke, au 303, rue James. Personne contact: Fran\u00e7oise Dagenais, 613-732-2235.<\/p>\n","protected":false},"excerpt":{"rendered":"<p> &nbsp;<\/p>\n","protected":false},"author":1,"featured_media":3369,"comment_status":"closed","ping_status":"closed","sticky":false,"template":"","format":"standard","meta":{"_monsterinsights_skip_tracking":false,"_monsterinsights_sitenote_active":false,"_monsterinsights_sitenote_note":"","_monsterinsights_sitenote_category":0,"footnotes":"","_links_to":"","_links_to_target":""},"categories":[140,141],"tags":[],"class_list":["post-6486","post","type-post","status-publish","format-standard","has-post-thumbnail","hentry","category-communaute-catholique","category-education-et-associations"],"post_mailing_queue_ids":[],"_links":{"self":[{"href":"https:\/\/pembrokediocese.com\/fr\/wp-json\/wp\/v2\/posts\/6486","targetHints":{"allow":["GET"]}}],"collection":[{"href":"https:\/\/pembrokediocese.com\/fr\/wp-json\/wp\/v2\/posts"}],"about":[{"href":"https:\/\/pembrokediocese.com\/fr\/wp-json\/wp\/v2\/types\/post"}],"author":[{"embeddable":true,"href":"https:\/\/pembrokediocese.com\/fr\/wp-json\/wp\/v2\/users\/1"}],"replies":[{"embeddable":true,"href":"https:\/\/pembrokediocese.com\/fr\/wp-json\/wp\/v2\/comments?post=6486"}],"version-history":[{"count":0,"href":"https:\/\/pembrokediocese.com\/fr\/wp-json\/wp\/v2\/posts\/6486\/revisions"}],"wp:featuredmedia":[{"embeddable":true,"href":"https:\/\/pembrokediocese.com\/fr\/wp-json\/wp\/v2\/media\/3369"}],"wp:attachment":[{"href":"https:\/\/pembrokediocese.com\/fr\/wp-json\/wp\/v2\/media?parent=6486"}],"wp:term":[{"taxonomy":"category","embeddable":true,"href":"https:\/\/pembrokediocese.com\/fr\/wp-json\/wp\/v2\/categories?post=6486"},{"taxonomy":"post_tag","embeddable":true,"href":"https:\/\/pembrokediocese.com\/fr\/wp-json\/wp\/v2\/tags?post=6486"}],"curies":[{"name":"wp","href":"https:\/\/api.w.org\/{rel}","templated":true}]}}